{"id":115169,"date":"2026-04-26T14:54:51","date_gmt":"2026-04-26T14:54:51","guid":{"rendered":"https:\/\/www.africa-press.net\/cotedivoire\/politique\/ibrahiman-berte-prend-la-tete-dageroute"},"modified":"2026-04-26T15:13:51","modified_gmt":"2026-04-26T15:13:51","slug":"ibrahiman-berte-prend-la-tete-dageroute","status":"publish","type":"post","link":"https:\/\/www.africa-press.net\/cotedivoire\/politique\/ibrahiman-berte-prend-la-tete-dageroute","title":{"rendered":"Ibrahiman Bert\u00e9 Prend la T\u00eate d&rsquo;AGEROUTE"},"content":{"rendered":"<p><span style=\"color: #ff6600\"><strong>Africa-Press &#8211; C\u00f4te d&rsquo;Ivoire. <\/strong><\/span>L\u2019Agence de Gestion des Routes (AGEROUTE) a un nouveau Pre\u0301sident du Conseil d\u2019Administration (PCA).<\/p>\n<p>Il s\u2019agit de Monsieur Ibrahiman Berte\u0301. Il e\u0301tait auparavant, le Directeur Ge\u0301ne\u0301ral de l&rsquo;office national de l&rsquo;eau potable (ONEP).<\/p>\n<p>Les missions assigne\u0301es a\u0300 l\u2019AGEROUTE s\u2019inscrivent dans la nouvelle strate\u0301gie de de\u0301veloppement et d\u2019entretien du re\u0301seau routier alliant la transparence et la rapidite\u0301 des proce\u0301dures d\u2019attribution des marche\u0301s, l\u2019efficacite\u0301 du contro\u0302le et la rapidite\u0301 des paiements des travaux exe\u0301cute\u0301s, la parfaite distinction des fonctions de mai\u0302trise d\u2019ouvrage, de mai\u0302tre d\u2019\u0153uvre et de re\u0301alisation des travaux.<\/p>\n<p>Ces missions se de\u0301clinent en 5 points essentiels: la surveillance du re\u0301seau routier ; la programmation des travaux d\u2019entretien routier ; la gestion des projets (identification, pre\u0301paration, contractualisation, coordination et supervision) d\u2019investissement et d\u2019entretien ; l\u2019assistance et le conseil aux mai\u0302tres d\u2019ouvrage ; la gestion de la Banque de Donne\u0301es Routie\u0300res (BDR).<\/p>\n<p>L&rsquo;AGEROUTE se charge aussi des projets d&rsquo;ame\u0301nagement, de la recherche routie\u0300re et initie e\u0301galement des e\u0301tudes sur l&rsquo;impact environnemental aboutissant a\u0300 des mesures de sauvegarde de l&rsquo;environnement en rapport avec les travaux effectue\u0301s.<\/p>\n<p><strong>Pour plus d&rsquo;informations et d&rsquo;analyses sur la <span style=\"color: #ff6600\">C\u00f4te d&rsquo;Ivoire<\/span>, suivez <span style=\"color: #ff6600\">Africa-Press<\/span><\/strong><\/p>\n","protected":false},"excerpt":{"rendered":"<p>Africa-Press &#8211; C\u00f4te d&rsquo;Ivoire. L\u2019Agence de Gestion des Routes (AGEROUTE) a un nouveau Pre\u0301sident du Conseil d\u2019Administration (PCA). Il s\u2019agit de Monsieur Ibrahiman Berte\u0301. Il e\u0301tait auparavant, le Directeur Ge\u0301ne\u0301ral de l&rsquo;office national de l&rsquo;eau potable (ONEP). Les missions assigne\u0301es a\u0300 l\u2019AGEROUTE s\u2019inscrivent dans la nouvelle strate\u0301gie de de\u0301veloppement et d\u2019entretien du re\u0301seau routier alliant [&hellip;]<\/p>\n","protected":false},"author":82,"featured_media":115168,"comment_status":"open","ping_status":"closed","sticky":false,"template":"","format":"standard","meta":{"footnotes":""},"categories":[2,20,10],"tags":[1729,29,20837,532],"class_list":["post-115169","post","type-post","status-publish","format-standard","has-post-thumbnail","hentry","category-politique","category-top-nouvelles","category-toutes-les-actualites","tag-ageroute","tag-cote-divoire","tag-ibrahiman-berte","tag-pca"],"yoast_head":"<!-- This site is optimized with the Yoast SEO Premium plugin v26.1 (Yoast SEO v27.0) - https:\/\/yoast.com\/product\/yoast-seo-premium-wordpress\/ -->\n<title>Ibrahiman Bert\u00e9 Prend la T\u00eate d&#039;AGEROUTE - C\u00f4te d&#039;Ivoire<\/title>\n<meta name=\"description\" content=\"L\u2019Agence de Gestion des Routes (AGEROUTE) a un nouveau Pre\u0301sident du Conseil d\u2019Administration (PCA). Il s\u2019agit de Monsi ...\" \/>\n<meta name=\"robots\" content=\"index, follow, max-snippet:-1, max-image-preview:large, max-video-preview:-1\" \/>\n<link rel=\"canonical\" href=\"https:\/\/www.africa-press.net\/cotedivoire\/politique\/ibrahiman-berte-prend-la-tete-dageroute\" \/>\n<meta property=\"og:locale\" content=\"fr_FR\" \/>\n<meta property=\"og:type\" content=\"article\" \/>\n<meta property=\"og:title\" content=\"Ibrahiman Bert\u00e9 Prend la T\u00eate d&#039;AGEROUTE\" \/>\n<meta property=\"og:description\" content=\"L\u2019Agence de Gestion des Routes (AGEROUTE) a un nouveau Pre\u0301sident du Conseil d\u2019Administration (PCA). Il s\u2019agit de Monsi ...\" \/>\n<meta property=\"og:url\" content=\"https:\/\/www.africa-press.net\/cotedivoire\/politique\/ibrahiman-berte-prend-la-tete-dageroute\" \/>\n<meta property=\"og:site_name\" content=\"C\u00f4te d&#039;Ivoire\" \/>\n<meta property=\"article:published_time\" content=\"2026-04-26T14:54:51+00:00\" \/>\n<meta property=\"article:modified_time\" content=\"2026-04-26T15:13:51+00:00\" \/>\n<meta property=\"og:image\" content=\"https:\/\/static.africa-press.net\/cote\/sites\/43\/2026\/04\/sm_1777203777.554014.jpg\" \/>\n\t<meta property=\"og:image:width\" content=\"720\" \/>\n\t<meta property=\"og:image:height\" content=\"478\" \/>\n\t<meta property=\"og:image:type\" content=\"image\/jpeg\" \/>\n<meta name=\"author\" content=\"cfeditorfr\" \/>\n<meta name=\"twitter:card\" content=\"summary_large_image\" \/>\n<meta name=\"twitter:label1\" content=\"\u00c9crit par\" \/>\n\t<meta name=\"twitter:data1\" content=\"cfeditorfr\" \/>\n\t<meta name=\"twitter:label2\" content=\"Dur\u00e9e de lecture estim\u00e9e\" \/>\n\t<meta name=\"twitter:data2\" content=\"2 minutes\" \/>\n<script type=\"application\/ld+json\" class=\"yoast-schema-graph\">{\"@context\":\"https:\/\/schema.org\",\"@graph\":[{\"@type\":\"Article\",\"@id\":\"https:\/\/www.africa-press.net\/cotedivoire\/politique\/ibrahiman-berte-prend-la-tete-dageroute#article\",\"isPartOf\":{\"@id\":\"https:\/\/www.africa-press.net\/cotedivoire\/politique\/ibrahiman-berte-prend-la-tete-dageroute\"},\"author\":{\"name\":\"cfeditorfr\",\"@id\":\"https:\/\/www.africa-press.net\/cotedivoire\/#\/schema\/person\/2b1cf3cd81a31e3cd26889ca66d677f1\"},\"headline\":\"Ibrahiman Bert\u00e9 Prend la T\u00eate d&rsquo;AGEROUTE\",\"datePublished\":\"2026-04-26T14:54:51+00:00\",\"dateModified\":\"2026-04-26T15:13:51+00:00\",\"mainEntityOfPage\":{\"@id\":\"https:\/\/www.africa-press.net\/cotedivoire\/politique\/ibrahiman-berte-prend-la-tete-dageroute\"},\"wordCount\":245,\"commentCount\":0,\"image\":{\"@id\":\"https:\/\/www.africa-press.net\/cotedivoire\/politique\/ibrahiman-berte-prend-la-tete-dageroute#primaryimage\"},\"thumbnailUrl\":\"https:\/\/static.africa-press.net\/cote\/sites\/43\/2026\/04\/sm_1777203777.554014.jpg\",\"keywords\":[\"AGEROUTE\",\"C\u00d4TE D'IVOIRE\",\"Ibrahiman Bert\u00e9\",\"PCA\"],\"articleSection\":[\"Politique\",\"Top Nouvelles\",\"Toutes les actualit\u00e9s\"],\"inLanguage\":\"fr-FR\",\"potentialAction\":[{\"@type\":\"CommentAction\",\"name\":\"Comment\",\"target\":[\"https:\/\/www.africa-press.net\/cotedivoire\/politique\/ibrahiman-berte-prend-la-tete-dageroute#respond\"]}]},{\"@type\":\"WebPage\",\"@id\":\"https:\/\/www.africa-press.net\/cotedivoire\/politique\/ibrahiman-berte-prend-la-tete-dageroute\",\"url\":\"https:\/\/www.africa-press.net\/cotedivoire\/politique\/ibrahiman-berte-prend-la-tete-dageroute\",\"name\":\"Ibrahiman Bert\u00e9 Prend la T\u00eate d'AGEROUTE - C\u00f4te d&#039;Ivoire\",\"isPartOf\":{\"@id\":\"https:\/\/www.africa-press.net\/cotedivoire\/#website\"},\"primaryImageOfPage\":{\"@id\":\"https:\/\/www.africa-press.net\/cotedivoire\/politique\/ibrahiman-berte-prend-la-tete-dageroute#primaryimage\"},\"image\":{\"@id\":\"https:\/\/www.africa-press.net\/cotedivoire\/politique\/ibrahiman-berte-prend-la-tete-dageroute#primaryimage\"},\"thumbnailUrl\":\"https:\/\/static.africa-press.net\/cote\/sites\/43\/2026\/04\/sm_1777203777.554014.jpg\",\"datePublished\":\"2026-04-26T14:54:51+00:00\",\"dateModified\":\"2026-04-26T15:13:51+00:00\",\"author\":{\"@id\":\"https:\/\/www.africa-press.net\/cotedivoire\/#\/schema\/person\/2b1cf3cd81a31e3cd26889ca66d677f1\"},\"description\":\"L\u2019Agence de Gestion des Routes (AGEROUTE) a un nouveau Pre\u0301sident du Conseil d\u2019Administration (PCA). Il s\u2019agit de Monsi ...\",\"breadcrumb\":{\"@id\":\"https:\/\/www.africa-press.net\/cotedivoire\/politique\/ibrahiman-berte-prend-la-tete-dageroute#breadcrumb\"},\"inLanguage\":\"fr-FR\",\"potentialAction\":[{\"@type\":\"ReadAction\",\"target\":[\"https:\/\/www.africa-press.net\/cotedivoire\/politique\/ibrahiman-berte-prend-la-tete-dageroute\"]}]},{\"@type\":\"ImageObject\",\"inLanguage\":\"fr-FR\",\"@id\":\"https:\/\/www.africa-press.net\/cotedivoire\/politique\/ibrahiman-berte-prend-la-tete-dageroute#primaryimage\",\"url\":\"https:\/\/static.africa-press.net\/cote\/sites\/43\/2026\/04\/sm_1777203777.554014.jpg\",\"contentUrl\":\"https:\/\/static.africa-press.net\/cote\/sites\/43\/2026\/04\/sm_1777203777.554014.jpg\",\"width\":720,\"height\":478,\"caption\":\"Ibrahiman Bert\u00e9 Prend la T\u00eate d'AGEROUTE\"},{\"@type\":\"BreadcrumbList\",\"@id\":\"https:\/\/www.africa-press.net\/cotedivoire\/politique\/ibrahiman-berte-prend-la-tete-dageroute#breadcrumb\",\"itemListElement\":[{\"@type\":\"ListItem\",\"position\":1,\"name\":\"Accueil\",\"item\":\"https:\/\/www.africa-press.net\/cotedivoire\/\"},{\"@type\":\"ListItem\",\"position\":2,\"name\":\"Ibrahiman Bert\u00e9 Prend la T\u00eate d&#8217;AGEROUTE\"}]},{\"@type\":\"WebSite\",\"@id\":\"https:\/\/www.africa-press.net\/cotedivoire\/#website\",\"url\":\"https:\/\/www.africa-press.net\/cotedivoire\/\",\"name\":\"C\u00f4te d&#039;Ivoire\",\"description\":\"Just another Africa News Agency Sites site\",\"potentialAction\":[{\"@type\":\"SearchAction\",\"target\":{\"@type\":\"EntryPoint\",\"urlTemplate\":\"https:\/\/www.africa-press.net\/cotedivoire\/?s={search_term_string}\"},\"query-input\":{\"@type\":\"PropertyValueSpecification\",\"valueRequired\":true,\"valueName\":\"search_term_string\"}}],\"inLanguage\":\"fr-FR\"},{\"@type\":\"Person\",\"@id\":\"https:\/\/www.africa-press.net\/cotedivoire\/#\/schema\/person\/2b1cf3cd81a31e3cd26889ca66d677f1\",\"name\":\"cfeditorfr\"}]}<\/script>\n<!-- \/ Yoast SEO Premium plugin. -->","yoast_head_json":{"title":"Ibrahiman Bert\u00e9 Prend la T\u00eate d'AGEROUTE - C\u00f4te d&#039;Ivoire","description":"L\u2019Agence de Gestion des Routes (AGEROUTE) a un nouveau Pre\u0301sident du Conseil d\u2019Administration (PCA). Il s\u2019agit de Monsi ...","robots":{"index":"index","follow":"follow","max-snippet":"max-snippet:-1","max-image-preview":"max-image-preview:large","max-video-preview":"max-video-preview:-1"},"canonical":"https:\/\/www.africa-press.net\/cotedivoire\/politique\/ibrahiman-berte-prend-la-tete-dageroute","og_locale":"fr_FR","og_type":"article","og_title":"Ibrahiman Bert\u00e9 Prend la T\u00eate d'AGEROUTE","og_description":"L\u2019Agence de Gestion des Routes (AGEROUTE) a un nouveau Pre\u0301sident du Conseil d\u2019Administration (PCA). Il s\u2019agit de Monsi ...","og_url":"https:\/\/www.africa-press.net\/cotedivoire\/politique\/ibrahiman-berte-prend-la-tete-dageroute","og_site_name":"C\u00f4te d&#039;Ivoire","article_published_time":"2026-04-26T14:54:51+00:00","article_modified_time":"2026-04-26T15:13:51+00:00","og_image":[{"width":720,"height":478,"url":"https:\/\/static.africa-press.net\/cote\/sites\/43\/2026\/04\/sm_1777203777.554014.jpg","type":"image\/jpeg"}],"author":"cfeditorfr","twitter_card":"summary_large_image","twitter_misc":{"\u00c9crit par":"cfeditorfr","Dur\u00e9e de lecture estim\u00e9e":"2 minutes"},"schema":{"@context":"https:\/\/schema.org","@graph":[{"@type":"Article","@id":"https:\/\/www.africa-press.net\/cotedivoire\/politique\/ibrahiman-berte-prend-la-tete-dageroute#article","isPartOf":{"@id":"https:\/\/www.africa-press.net\/cotedivoire\/politique\/ibrahiman-berte-prend-la-tete-dageroute"},"author":{"name":"cfeditorfr","@id":"https:\/\/www.africa-press.net\/cotedivoire\/#\/schema\/person\/2b1cf3cd81a31e3cd26889ca66d677f1"},"headline":"Ibrahiman Bert\u00e9 Prend la T\u00eate d&rsquo;AGEROUTE","datePublished":"2026-04-26T14:54:51+00:00","dateModified":"2026-04-26T15:13:51+00:00","mainEntityOfPage":{"@id":"https:\/\/www.africa-press.net\/cotedivoire\/politique\/ibrahiman-berte-prend-la-tete-dageroute"},"wordCount":245,"commentCount":0,"image":{"@id":"https:\/\/www.africa-press.net\/cotedivoire\/politique\/ibrahiman-berte-prend-la-tete-dageroute#primaryimage"},"thumbnailUrl":"https:\/\/static.africa-press.net\/cote\/sites\/43\/2026\/04\/sm_1777203777.554014.jpg","keywords":["AGEROUTE","C\u00d4TE D'IVOIRE","Ibrahiman Bert\u00e9","PCA"],"articleSection":["Politique","Top Nouvelles","Toutes les actualit\u00e9s"],"inLanguage":"fr-FR","potentialAction":[{"@type":"CommentAction","name":"Comment","target":["https:\/\/www.africa-press.net\/cotedivoire\/politique\/ibrahiman-berte-prend-la-tete-dageroute#respond"]}]},{"@type":"WebPage","@id":"https:\/\/www.africa-press.net\/cotedivoire\/politique\/ibrahiman-berte-prend-la-tete-dageroute","url":"https:\/\/www.africa-press.net\/cotedivoire\/politique\/ibrahiman-berte-prend-la-tete-dageroute","name":"Ibrahiman Bert\u00e9 Prend la T\u00eate d'AGEROUTE - C\u00f4te d&#039;Ivoire","isPartOf":{"@id":"https:\/\/www.africa-press.net\/cotedivoire\/#website"},"primaryImageOfPage":{"@id":"https:\/\/www.africa-press.net\/cotedivoire\/politique\/ibrahiman-berte-prend-la-tete-dageroute#primaryimage"},"image":{"@id":"https:\/\/www.africa-press.net\/cotedivoire\/politique\/ibrahiman-berte-prend-la-tete-dageroute#primaryimage"},"thumbnailUrl":"https:\/\/static.africa-press.net\/cote\/sites\/43\/2026\/04\/sm_1777203777.554014.jpg","datePublished":"2026-04-26T14:54:51+00:00","dateModified":"2026-04-26T15:13:51+00:00","author":{"@id":"https:\/\/www.africa-press.net\/cotedivoire\/#\/schema\/person\/2b1cf3cd81a31e3cd26889ca66d677f1"},"description":"L\u2019Agence de Gestion des Routes (AGEROUTE) a un nouveau Pre\u0301sident du Conseil d\u2019Administration (PCA). Il s\u2019agit de Monsi ...","breadcrumb":{"@id":"https:\/\/www.africa-press.net\/cotedivoire\/politique\/ibrahiman-berte-prend-la-tete-dageroute#breadcrumb"},"inLanguage":"fr-FR","potentialAction":[{"@type":"ReadAction","target":["https:\/\/www.africa-press.net\/cotedivoire\/politique\/ibrahiman-berte-prend-la-tete-dageroute"]}]},{"@type":"ImageObject","inLanguage":"fr-FR","@id":"https:\/\/www.africa-press.net\/cotedivoire\/politique\/ibrahiman-berte-prend-la-tete-dageroute#primaryimage","url":"https:\/\/static.africa-press.net\/cote\/sites\/43\/2026\/04\/sm_1777203777.554014.jpg","contentUrl":"https:\/\/static.africa-press.net\/cote\/sites\/43\/2026\/04\/sm_1777203777.554014.jpg","width":720,"height":478,"caption":"Ibrahiman Bert\u00e9 Prend la T\u00eate d'AGEROUTE"},{"@type":"BreadcrumbList","@id":"https:\/\/www.africa-press.net\/cotedivoire\/politique\/ibrahiman-berte-prend-la-tete-dageroute#breadcrumb","itemListElement":[{"@type":"ListItem","position":1,"name":"Accueil","item":"https:\/\/www.africa-press.net\/cotedivoire\/"},{"@type":"ListItem","position":2,"name":"Ibrahiman Bert\u00e9 Prend la T\u00eate d&#8217;AGEROUTE"}]},{"@type":"WebSite","@id":"https:\/\/www.africa-press.net\/cotedivoire\/#website","url":"https:\/\/www.africa-press.net\/cotedivoire\/","name":"C\u00f4te d&#039;Ivoire","description":"Just another Africa News Agency Sites site","potentialAction":[{"@type":"SearchAction","target":{"@type":"EntryPoint","urlTemplate":"https:\/\/www.africa-press.net\/cotedivoire\/?s={search_term_string}"},"query-input":{"@type":"PropertyValueSpecification","valueRequired":true,"valueName":"search_term_string"}}],"inLanguage":"fr-FR"},{"@type":"Person","@id":"https:\/\/www.africa-press.net\/cotedivoire\/#\/schema\/person\/2b1cf3cd81a31e3cd26889ca66d677f1","name":"cfeditorfr"}]}},"_links":{"self":[{"href":"https:\/\/www.africa-press.net\/cotedivoire\/wp-json\/wp\/v2\/posts\/115169","targetHints":{"allow":["GET"]}}],"collection":[{"href":"https:\/\/www.africa-press.net\/cotedivoire\/wp-json\/wp\/v2\/posts"}],"about":[{"href":"https:\/\/www.africa-press.net\/cotedivoire\/wp-json\/wp\/v2\/types\/post"}],"author":[{"embeddable":true,"href":"https:\/\/www.africa-press.net\/cotedivoire\/wp-json\/wp\/v2\/users\/82"}],"replies":[{"embeddable":true,"href":"https:\/\/www.africa-press.net\/cotedivoire\/wp-json\/wp\/v2\/comments?post=115169"}],"version-history":[{"count":1,"href":"https:\/\/www.africa-press.net\/cotedivoire\/wp-json\/wp\/v2\/posts\/115169\/revisions"}],"predecessor-version":[{"id":115176,"href":"https:\/\/www.africa-press.net\/cotedivoire\/wp-json\/wp\/v2\/posts\/115169\/revisions\/115176"}],"wp:featuredmedia":[{"embeddable":true,"href":"https:\/\/www.africa-press.net\/cotedivoire\/wp-json\/wp\/v2\/media\/115168"}],"wp:attachment":[{"href":"https:\/\/www.africa-press.net\/cotedivoire\/wp-json\/wp\/v2\/media?parent=115169"}],"wp:term":[{"taxonomy":"category","embeddable":true,"href":"https:\/\/www.africa-press.net\/cotedivoire\/wp-json\/wp\/v2\/categories?post=115169"},{"taxonomy":"post_tag","embeddable":true,"href":"https:\/\/www.africa-press.net\/cotedivoire\/wp-json\/wp\/v2\/tags?post=115169"}],"curies":[{"name":"wp","href":"https:\/\/api.w.org\/{rel}","templated":true}]}}