{"id":115172,"date":"2026-04-26T14:55:18","date_gmt":"2026-04-26T14:55:18","guid":{"rendered":"https:\/\/www.africa-press.net\/cotedivoire\/politique\/gouvernance-securitaire-des-deputes-ivoiriens-formes"},"modified":"2026-04-26T15:14:08","modified_gmt":"2026-04-26T15:14:08","slug":"gouvernance-securitaire-des-deputes-ivoiriens-formes","status":"publish","type":"post","link":"https:\/\/www.africa-press.net\/cotedivoire\/politique\/gouvernance-securitaire-des-deputes-ivoiriens-formes","title":{"rendered":"Gouvernance S\u00e9curitaire Des D\u00e9put\u00e9s Ivoiriens Form\u00e9s"},"content":{"rendered":"<p><span style=\"color: #ff6600\"><strong>Africa-Press &#8211; C\u00f4te d&rsquo;Ivoire. <\/strong><\/span>Les membres de la Commission se\u0301curite\u0301 et de\u0301fense de l\u2019Assemble\u0301e nationale de Co\u0302te d\u2019Ivoire ont pris part, du 21 au 23 avril 2026, a\u0300 un atelier de formation strate\u0301gique consacre\u0301 aux enjeux de la gouvernance du secteur de la se\u0301curite\u0301. Organise\u0301e a\u0300 Yamoussoukro, cette session s\u2019inscrit dans le cadre du projet re\u0301gional d\u2019Appui a\u0300 la CEDEAO pour la Paix, la Se\u0301curite\u0301 et la Gouvernance (EPSG).<\/p>\n<p>Initie\u0301e dans un contexte marque\u0301 par le de\u0301but d\u2019une nouvelle le\u0301gislature, cette formation vise a\u0300 renforcer les capacite\u0301s des de\u0301pute\u0301s, en particulier des nouveaux e\u0301lus, afin de leur permettre de mieux appre\u0301hender leurs missions parlementaires en matie\u0300re de de\u0301fense et de se\u0301curite\u0301.<\/p>\n<p>Institution centrale du dispositif de\u0301mocratique, l\u2019Assemble\u0301e nationale joue un ro\u0302le de\u0301terminant dans l\u2019e\u0301laboration et le contro\u0302le des politiques publiques se\u0301curitaires. Elle intervient notamment dans le vote des lois, l\u2019organisation de la de\u0301fense nationale ainsi que le suivi de l\u2019action gouvernementale. A\u0300 travers ses commissions permanentes, dont celle en charge de la se\u0301curite\u0301 et de la de\u0301fense, le Parlement participe activement a\u0300 la supervision des re\u0301formes du secteur de la se\u0301curite\u0301. Dans ce contexte, l\u2019atelier vise a\u0300 renforcer la compre\u0301hension des missions de la Commission, tout en ame\u0301liorant l\u2019appropriation des outils de contro\u0302le et d\u2019e\u0301valuation a\u0300 la disposition des de\u0301pute\u0301s.<\/p>\n<p>Finance\u0301 par l\u2019Union europe\u0301enne et la Re\u0301publique fe\u0301de\u0301rale d\u2019Allemagne, le projet EPSG est mis en \u0153uvre sur la pe\u0301riode 2024-2027 par un consortium compose\u0301 de GIZ, Expertise France et FIAP. Il ambitionne de renforcer l\u2019architecture de paix et de se\u0301curite\u0301 de la CEDEAO, tant aux niveaux re\u0301gional que national, tout au long du cycle des conflits, de la pre\u0301vention a\u0300 la re\u0301solution. En Co\u0302te d\u2019Ivoire, Expertise France pilote plusieurs composantes du projet, notamment celles lie\u0301es a\u0300 l\u2019alerte pre\u0301coce, a\u0300 la re\u0301forme et a\u0300 la gouvernance du secteur de la se\u0301curite\u0301, ainsi qu\u2019a\u0300 l\u2019agenda \u00ab Jeunesse, paix et se\u0301curite\u0301 \u00bb.<\/p>\n<p>Prenant la parole a\u0300 l\u2019ouverture des travaux, le chef de projet EPSG a\u0300 Expertise France, Serge Krou, a salue\u0301 l\u2019engagement des autorite\u0301s ivoiriennes et la mobilisation des de\u0301pute\u0301s. Il a e\u0301galement re\u0301affirme\u0301 la volonte\u0301 du consortium d\u2019accompagner durablement la Commission se\u0301curite\u0301 et de\u0301fense dans le renforcement de ses capacite\u0301s.<\/p>\n<p>Au cours de cet atelier, les participants ont aborde\u0301 plusieurs the\u0301matiques majeures, notamment les re\u0301formes passe\u0301es et en cours dans le secteur de la se\u0301curite\u0301, les dynamiques se\u0301curitaires re\u0301gionales ainsi que les principales menaces auxquelles fait face la Co\u0302te d\u2019Ivoire. Les travaux, articule\u0301s autour de pre\u0301sentations en ple\u0301nie\u0300re et de sessions en groupes, devraient e\u0301galement permettre de poser les bases d\u2019un programme de travail structure\u0301 pour la Commission.<\/p>\n<p>Pour la pre\u0301sidente de la Commission se\u0301curite\u0301 et de\u0301fense, l\u2019honorable Catherine Kone\u0301, cette initiative re\u0301pond a\u0300 une ne\u0301cessite\u0301 urgente: celle de doter les parlementaires des compe\u0301tences ne\u0301cessaires pour exercer pleinement leur ro\u0302le dans un environnement se\u0301curitaire en constante e\u0301volution.<\/p>\n<p>Me\u0302me son de cloche du co\u0302te\u0301 de l\u2019Union europe\u0301enne. Martina Borovac, cheffe de section politique de la de\u0301le\u0301gation de l\u2019Union europe\u0301enne en Co\u0302te d\u2019Ivoire, a insiste\u0301 sur l\u2019importance de cet accompagnement, dans un contexte re\u0301gional marque\u0301 par des de\u0301fis se\u0301curitaires persistants, notamment dans les zones frontalie\u0300res du nord du pays.<\/p>\n<p>Au-dela\u0300 du renforcement des capacite\u0301s individuelles, cet atelier vise a\u0300 ame\u0301liorer la qualite\u0301 globale des politiques publiques se\u0301curitaires. A\u0300 terme, il devrait permettre aux de\u0301pute\u0301s de mieux exercer leur mission de contro\u0302le, tout en contribuant a\u0300 une gouvernance plus transparente et plus efficace du secteur de la se\u0301curite\u0301.<\/p>\n<p>A l\u2019issue de ces travaux, les participants ont dispose\u0301 d\u2019une meilleure compre\u0301hension des enjeux et seront en mesure d\u2019e\u0301laborer un premier projet de plan de travail pour la Commission.<\/p>\n<p>Dans un contexte re\u0301gional ou\u0300 les questions de paix et de stabilite\u0301 demeurent cruciales, cette monte\u0301e en compe\u0301tence des parlementaires apparai\u0302t comme un levier essentiel pour consolider l\u2019E\u0301tat de droit et renforcer la se\u0301curite\u0301 des populations.<\/p>\n<p><strong>Pour plus d&rsquo;informations et d&rsquo;analyses sur la <span style=\"color: #ff6600\">C\u00f4te d&rsquo;Ivoire<\/span>, suivez <span style=\"color: #ff6600\">Africa-Press<\/span><\/strong><\/p>\n","protected":false},"excerpt":{"rendered":"<p>Africa-Press &#8211; C\u00f4te d&rsquo;Ivoire. Les membres de la Commission se\u0301curite\u0301 et de\u0301fense de l\u2019Assemble\u0301e nationale de Co\u0302te d\u2019Ivoire ont pris part, du 21 au 23 avril 2026, a\u0300 un atelier de formation strate\u0301gique consacre\u0301 aux enjeux de la gouvernance du secteur de la se\u0301curite\u0301. Organise\u0301e a\u0300 Yamoussoukro, cette session s\u2019inscrit dans le cadre du projet [&hellip;]<\/p>\n","protected":false},"author":82,"featured_media":115171,"comment_status":"open","ping_status":"closed","sticky":false,"template":"","format":"standard","meta":{"footnotes":""},"categories":[2,20,10],"tags":[1150,29,649,20395,3707,1747,7420,303,5587],"class_list":["post-115172","post","type-post","status-publish","format-standard","has-post-thumbnail","hentry","category-politique","category-top-nouvelles","category-toutes-les-actualites","tag-cedeao","tag-cote-divoire","tag-defense","tag-expertise-france","tag-parlement","tag-reforme","tag-securitaire","tag-securite","tag-union-europeenne"],"yoast_head":"<!-- This site is optimized with the Yoast SEO Premium plugin v26.1 (Yoast SEO v27.0) - https:\/\/yoast.com\/product\/yoast-seo-premium-wordpress\/ -->\n<title>Gouvernance S\u00e9curitaire Des D\u00e9put\u00e9s Ivoiriens Form\u00e9s - C\u00f4te d&#039;Ivoire<\/title>\n<meta name=\"description\" content=\"Les membres de la Commission se\u0301curite\u0301 et de\u0301fense de l\u2019Assemble\u0301e nationale de Co\u0302te d\u2019Ivoire ont pris part, du 21 au ...\" \/>\n<meta name=\"robots\" content=\"index, follow, max-snippet:-1, max-image-preview:large, max-video-preview:-1\" \/>\n<link rel=\"canonical\" href=\"https:\/\/www.africa-press.net\/cotedivoire\/politique\/gouvernance-securitaire-des-deputes-ivoiriens-formes\" \/>\n<meta property=\"og:locale\" content=\"fr_FR\" \/>\n<meta property=\"og:type\" content=\"article\" \/>\n<meta property=\"og:title\" content=\"Gouvernance S\u00e9curitaire Des D\u00e9put\u00e9s Ivoiriens Form\u00e9s\" \/>\n<meta property=\"og:description\" content=\"Les membres de la Commission se\u0301curite\u0301 et de\u0301fense de l\u2019Assemble\u0301e nationale de Co\u0302te d\u2019Ivoire ont pris part, du 21 au ...\" \/>\n<meta property=\"og:url\" content=\"https:\/\/www.africa-press.net\/cotedivoire\/politique\/gouvernance-securitaire-des-deputes-ivoiriens-formes\" \/>\n<meta property=\"og:site_name\" content=\"C\u00f4te d&#039;Ivoire\" \/>\n<meta property=\"article:published_time\" content=\"2026-04-26T14:55:18+00:00\" \/>\n<meta property=\"article:modified_time\" content=\"2026-04-26T15:14:08+00:00\" \/>\n<meta property=\"og:image\" content=\"https:\/\/static.africa-press.net\/cote\/sites\/43\/2026\/04\/sm_1777203805.374157.jpg\" \/>\n\t<meta property=\"og:image:width\" content=\"720\" \/>\n\t<meta property=\"og:image:height\" content=\"480\" \/>\n\t<meta property=\"og:image:type\" content=\"image\/jpeg\" \/>\n<meta name=\"author\" content=\"cfeditorfr\" \/>\n<meta name=\"twitter:card\" content=\"summary_large_image\" \/>\n<meta name=\"twitter:label1\" content=\"\u00c9crit par\" \/>\n\t<meta name=\"twitter:data1\" content=\"cfeditorfr\" \/>\n\t<meta name=\"twitter:label2\" content=\"Dur\u00e9e de lecture estim\u00e9e\" \/>\n\t<meta name=\"twitter:data2\" content=\"4 minutes\" \/>\n<script type=\"application\/ld+json\" class=\"yoast-schema-graph\">{\"@context\":\"https:\/\/schema.org\",\"@graph\":[{\"@type\":\"Article\",\"@id\":\"https:\/\/www.africa-press.net\/cotedivoire\/politique\/gouvernance-securitaire-des-deputes-ivoiriens-formes#article\",\"isPartOf\":{\"@id\":\"https:\/\/www.africa-press.net\/cotedivoire\/politique\/gouvernance-securitaire-des-deputes-ivoiriens-formes\"},\"author\":{\"name\":\"cfeditorfr\",\"@id\":\"https:\/\/www.africa-press.net\/cotedivoire\/#\/schema\/person\/2b1cf3cd81a31e3cd26889ca66d677f1\"},\"headline\":\"Gouvernance S\u00e9curitaire Des D\u00e9put\u00e9s Ivoiriens Form\u00e9s\",\"datePublished\":\"2026-04-26T14:55:18+00:00\",\"dateModified\":\"2026-04-26T15:14:08+00:00\",\"mainEntityOfPage\":{\"@id\":\"https:\/\/www.africa-press.net\/cotedivoire\/politique\/gouvernance-securitaire-des-deputes-ivoiriens-formes\"},\"wordCount\":792,\"commentCount\":0,\"image\":{\"@id\":\"https:\/\/www.africa-press.net\/cotedivoire\/politique\/gouvernance-securitaire-des-deputes-ivoiriens-formes#primaryimage\"},\"thumbnailUrl\":\"https:\/\/static.africa-press.net\/cote\/sites\/43\/2026\/04\/sm_1777203805.374157.jpg\",\"keywords\":[\"CEDEAO\",\"C\u00d4TE D'IVOIRE\",\"D\u00e9fense\",\"Expertise France\",\"parlement\",\"r\u00e9forme\",\"s\u00e9curitaire\",\"SECURITE\",\"Union europ\u00e9enne\"],\"articleSection\":[\"Politique\",\"Top Nouvelles\",\"Toutes les actualit\u00e9s\"],\"inLanguage\":\"fr-FR\",\"potentialAction\":[{\"@type\":\"CommentAction\",\"name\":\"Comment\",\"target\":[\"https:\/\/www.africa-press.net\/cotedivoire\/politique\/gouvernance-securitaire-des-deputes-ivoiriens-formes#respond\"]}]},{\"@type\":\"WebPage\",\"@id\":\"https:\/\/www.africa-press.net\/cotedivoire\/politique\/gouvernance-securitaire-des-deputes-ivoiriens-formes\",\"url\":\"https:\/\/www.africa-press.net\/cotedivoire\/politique\/gouvernance-securitaire-des-deputes-ivoiriens-formes\",\"name\":\"Gouvernance S\u00e9curitaire Des D\u00e9put\u00e9s Ivoiriens Form\u00e9s - C\u00f4te d&#039;Ivoire\",\"isPartOf\":{\"@id\":\"https:\/\/www.africa-press.net\/cotedivoire\/#website\"},\"primaryImageOfPage\":{\"@id\":\"https:\/\/www.africa-press.net\/cotedivoire\/politique\/gouvernance-securitaire-des-deputes-ivoiriens-formes#primaryimage\"},\"image\":{\"@id\":\"https:\/\/www.africa-press.net\/cotedivoire\/politique\/gouvernance-securitaire-des-deputes-ivoiriens-formes#primaryimage\"},\"thumbnailUrl\":\"https:\/\/static.africa-press.net\/cote\/sites\/43\/2026\/04\/sm_1777203805.374157.jpg\",\"datePublished\":\"2026-04-26T14:55:18+00:00\",\"dateModified\":\"2026-04-26T15:14:08+00:00\",\"author\":{\"@id\":\"https:\/\/www.africa-press.net\/cotedivoire\/#\/schema\/person\/2b1cf3cd81a31e3cd26889ca66d677f1\"},\"description\":\"Les membres de la Commission se\u0301curite\u0301 et de\u0301fense de l\u2019Assemble\u0301e nationale de Co\u0302te d\u2019Ivoire ont pris part, du 21 au ...\",\"breadcrumb\":{\"@id\":\"https:\/\/www.africa-press.net\/cotedivoire\/politique\/gouvernance-securitaire-des-deputes-ivoiriens-formes#breadcrumb\"},\"inLanguage\":\"fr-FR\",\"potentialAction\":[{\"@type\":\"ReadAction\",\"target\":[\"https:\/\/www.africa-press.net\/cotedivoire\/politique\/gouvernance-securitaire-des-deputes-ivoiriens-formes\"]}]},{\"@type\":\"ImageObject\",\"inLanguage\":\"fr-FR\",\"@id\":\"https:\/\/www.africa-press.net\/cotedivoire\/politique\/gouvernance-securitaire-des-deputes-ivoiriens-formes#primaryimage\",\"url\":\"https:\/\/static.africa-press.net\/cote\/sites\/43\/2026\/04\/sm_1777203805.374157.jpg\",\"contentUrl\":\"https:\/\/static.africa-press.net\/cote\/sites\/43\/2026\/04\/sm_1777203805.374157.jpg\",\"width\":720,\"height\":480,\"caption\":\"Gouvernance S\u00e9curitaire Des D\u00e9put\u00e9s Ivoiriens Form\u00e9s\"},{\"@type\":\"BreadcrumbList\",\"@id\":\"https:\/\/www.africa-press.net\/cotedivoire\/politique\/gouvernance-securitaire-des-deputes-ivoiriens-formes#breadcrumb\",\"itemListElement\":[{\"@type\":\"ListItem\",\"position\":1,\"name\":\"Accueil\",\"item\":\"https:\/\/www.africa-press.net\/cotedivoire\/\"},{\"@type\":\"ListItem\",\"position\":2,\"name\":\"Gouvernance S\u00e9curitaire Des D\u00e9put\u00e9s Ivoiriens Form\u00e9s\"}]},{\"@type\":\"WebSite\",\"@id\":\"https:\/\/www.africa-press.net\/cotedivoire\/#website\",\"url\":\"https:\/\/www.africa-press.net\/cotedivoire\/\",\"name\":\"C\u00f4te d&#039;Ivoire\",\"description\":\"Just another Africa News Agency Sites site\",\"potentialAction\":[{\"@type\":\"SearchAction\",\"target\":{\"@type\":\"EntryPoint\",\"urlTemplate\":\"https:\/\/www.africa-press.net\/cotedivoire\/?s={search_term_string}\"},\"query-input\":{\"@type\":\"PropertyValueSpecification\",\"valueRequired\":true,\"valueName\":\"search_term_string\"}}],\"inLanguage\":\"fr-FR\"},{\"@type\":\"Person\",\"@id\":\"https:\/\/www.africa-press.net\/cotedivoire\/#\/schema\/person\/2b1cf3cd81a31e3cd26889ca66d677f1\",\"name\":\"cfeditorfr\"}]}<\/script>\n<!-- \/ Yoast SEO Premium plugin. -->","yoast_head_json":{"title":"Gouvernance S\u00e9curitaire Des D\u00e9put\u00e9s Ivoiriens Form\u00e9s - C\u00f4te d&#039;Ivoire","description":"Les membres de la Commission se\u0301curite\u0301 et de\u0301fense de l\u2019Assemble\u0301e nationale de Co\u0302te d\u2019Ivoire ont pris part, du 21 au ...","robots":{"index":"index","follow":"follow","max-snippet":"max-snippet:-1","max-image-preview":"max-image-preview:large","max-video-preview":"max-video-preview:-1"},"canonical":"https:\/\/www.africa-press.net\/cotedivoire\/politique\/gouvernance-securitaire-des-deputes-ivoiriens-formes","og_locale":"fr_FR","og_type":"article","og_title":"Gouvernance S\u00e9curitaire Des D\u00e9put\u00e9s Ivoiriens Form\u00e9s","og_description":"Les membres de la Commission se\u0301curite\u0301 et de\u0301fense de l\u2019Assemble\u0301e nationale de Co\u0302te d\u2019Ivoire ont pris part, du 21 au ...","og_url":"https:\/\/www.africa-press.net\/cotedivoire\/politique\/gouvernance-securitaire-des-deputes-ivoiriens-formes","og_site_name":"C\u00f4te d&#039;Ivoire","article_published_time":"2026-04-26T14:55:18+00:00","article_modified_time":"2026-04-26T15:14:08+00:00","og_image":[{"width":720,"height":480,"url":"https:\/\/static.africa-press.net\/cote\/sites\/43\/2026\/04\/sm_1777203805.374157.jpg","type":"image\/jpeg"}],"author":"cfeditorfr","twitter_card":"summary_large_image","twitter_misc":{"\u00c9crit par":"cfeditorfr","Dur\u00e9e de lecture estim\u00e9e":"4 minutes"},"schema":{"@context":"https:\/\/schema.org","@graph":[{"@type":"Article","@id":"https:\/\/www.africa-press.net\/cotedivoire\/politique\/gouvernance-securitaire-des-deputes-ivoiriens-formes#article","isPartOf":{"@id":"https:\/\/www.africa-press.net\/cotedivoire\/politique\/gouvernance-securitaire-des-deputes-ivoiriens-formes"},"author":{"name":"cfeditorfr","@id":"https:\/\/www.africa-press.net\/cotedivoire\/#\/schema\/person\/2b1cf3cd81a31e3cd26889ca66d677f1"},"headline":"Gouvernance S\u00e9curitaire Des D\u00e9put\u00e9s Ivoiriens Form\u00e9s","datePublished":"2026-04-26T14:55:18+00:00","dateModified":"2026-04-26T15:14:08+00:00","mainEntityOfPage":{"@id":"https:\/\/www.africa-press.net\/cotedivoire\/politique\/gouvernance-securitaire-des-deputes-ivoiriens-formes"},"wordCount":792,"commentCount":0,"image":{"@id":"https:\/\/www.africa-press.net\/cotedivoire\/politique\/gouvernance-securitaire-des-deputes-ivoiriens-formes#primaryimage"},"thumbnailUrl":"https:\/\/static.africa-press.net\/cote\/sites\/43\/2026\/04\/sm_1777203805.374157.jpg","keywords":["CEDEAO","C\u00d4TE D'IVOIRE","D\u00e9fense","Expertise France","parlement","r\u00e9forme","s\u00e9curitaire","SECURITE","Union europ\u00e9enne"],"articleSection":["Politique","Top Nouvelles","Toutes les actualit\u00e9s"],"inLanguage":"fr-FR","potentialAction":[{"@type":"CommentAction","name":"Comment","target":["https:\/\/www.africa-press.net\/cotedivoire\/politique\/gouvernance-securitaire-des-deputes-ivoiriens-formes#respond"]}]},{"@type":"WebPage","@id":"https:\/\/www.africa-press.net\/cotedivoire\/politique\/gouvernance-securitaire-des-deputes-ivoiriens-formes","url":"https:\/\/www.africa-press.net\/cotedivoire\/politique\/gouvernance-securitaire-des-deputes-ivoiriens-formes","name":"Gouvernance S\u00e9curitaire Des D\u00e9put\u00e9s Ivoiriens Form\u00e9s - C\u00f4te d&#039;Ivoire","isPartOf":{"@id":"https:\/\/www.africa-press.net\/cotedivoire\/#website"},"primaryImageOfPage":{"@id":"https:\/\/www.africa-press.net\/cotedivoire\/politique\/gouvernance-securitaire-des-deputes-ivoiriens-formes#primaryimage"},"image":{"@id":"https:\/\/www.africa-press.net\/cotedivoire\/politique\/gouvernance-securitaire-des-deputes-ivoiriens-formes#primaryimage"},"thumbnailUrl":"https:\/\/static.africa-press.net\/cote\/sites\/43\/2026\/04\/sm_1777203805.374157.jpg","datePublished":"2026-04-26T14:55:18+00:00","dateModified":"2026-04-26T15:14:08+00:00","author":{"@id":"https:\/\/www.africa-press.net\/cotedivoire\/#\/schema\/person\/2b1cf3cd81a31e3cd26889ca66d677f1"},"description":"Les membres de la Commission se\u0301curite\u0301 et de\u0301fense de l\u2019Assemble\u0301e nationale de Co\u0302te d\u2019Ivoire ont pris part, du 21 au ...","breadcrumb":{"@id":"https:\/\/www.africa-press.net\/cotedivoire\/politique\/gouvernance-securitaire-des-deputes-ivoiriens-formes#breadcrumb"},"inLanguage":"fr-FR","potentialAction":[{"@type":"ReadAction","target":["https:\/\/www.africa-press.net\/cotedivoire\/politique\/gouvernance-securitaire-des-deputes-ivoiriens-formes"]}]},{"@type":"ImageObject","inLanguage":"fr-FR","@id":"https:\/\/www.africa-press.net\/cotedivoire\/politique\/gouvernance-securitaire-des-deputes-ivoiriens-formes#primaryimage","url":"https:\/\/static.africa-press.net\/cote\/sites\/43\/2026\/04\/sm_1777203805.374157.jpg","contentUrl":"https:\/\/static.africa-press.net\/cote\/sites\/43\/2026\/04\/sm_1777203805.374157.jpg","width":720,"height":480,"caption":"Gouvernance S\u00e9curitaire Des D\u00e9put\u00e9s Ivoiriens Form\u00e9s"},{"@type":"BreadcrumbList","@id":"https:\/\/www.africa-press.net\/cotedivoire\/politique\/gouvernance-securitaire-des-deputes-ivoiriens-formes#breadcrumb","itemListElement":[{"@type":"ListItem","position":1,"name":"Accueil","item":"https:\/\/www.africa-press.net\/cotedivoire\/"},{"@type":"ListItem","position":2,"name":"Gouvernance S\u00e9curitaire Des D\u00e9put\u00e9s Ivoiriens Form\u00e9s"}]},{"@type":"WebSite","@id":"https:\/\/www.africa-press.net\/cotedivoire\/#website","url":"https:\/\/www.africa-press.net\/cotedivoire\/","name":"C\u00f4te d&#039;Ivoire","description":"Just another Africa News Agency Sites site","potentialAction":[{"@type":"SearchAction","target":{"@type":"EntryPoint","urlTemplate":"https:\/\/www.africa-press.net\/cotedivoire\/?s={search_term_string}"},"query-input":{"@type":"PropertyValueSpecification","valueRequired":true,"valueName":"search_term_string"}}],"inLanguage":"fr-FR"},{"@type":"Person","@id":"https:\/\/www.africa-press.net\/cotedivoire\/#\/schema\/person\/2b1cf3cd81a31e3cd26889ca66d677f1","name":"cfeditorfr"}]}},"_links":{"self":[{"href":"https:\/\/www.africa-press.net\/cotedivoire\/wp-json\/wp\/v2\/posts\/115172","targetHints":{"allow":["GET"]}}],"collection":[{"href":"https:\/\/www.africa-press.net\/cotedivoire\/wp-json\/wp\/v2\/posts"}],"about":[{"href":"https:\/\/www.africa-press.net\/cotedivoire\/wp-json\/wp\/v2\/types\/post"}],"author":[{"embeddable":true,"href":"https:\/\/www.africa-press.net\/cotedivoire\/wp-json\/wp\/v2\/users\/82"}],"replies":[{"embeddable":true,"href":"https:\/\/www.africa-press.net\/cotedivoire\/wp-json\/wp\/v2\/comments?post=115172"}],"version-history":[{"count":1,"href":"https:\/\/www.africa-press.net\/cotedivoire\/wp-json\/wp\/v2\/posts\/115172\/revisions"}],"predecessor-version":[{"id":115179,"href":"https:\/\/www.africa-press.net\/cotedivoire\/wp-json\/wp\/v2\/posts\/115172\/revisions\/115179"}],"wp:featuredmedia":[{"embeddable":true,"href":"https:\/\/www.africa-press.net\/cotedivoire\/wp-json\/wp\/v2\/media\/115171"}],"wp:attachment":[{"href":"https:\/\/www.africa-press.net\/cotedivoire\/wp-json\/wp\/v2\/media?parent=115172"}],"wp:term":[{"taxonomy":"category","embeddable":true,"href":"https:\/\/www.africa-press.net\/cotedivoire\/wp-json\/wp\/v2\/categories?post=115172"},{"taxonomy":"post_tag","embeddable":true,"href":"https:\/\/www.africa-press.net\/cotedivoire\/wp-json\/wp\/v2\/tags?post=115172"}],"curies":[{"name":"wp","href":"https:\/\/api.w.org\/{rel}","templated":true}]}}