{"id":115178,"date":"2026-04-26T14:55:57","date_gmt":"2026-04-26T14:55:57","guid":{"rendered":"https:\/\/www.africa-press.net\/cotedivoire\/politique\/reprise-des-escortes-groupees-des-camions-de-transport"},"modified":"2026-04-26T15:17:46","modified_gmt":"2026-04-26T15:17:46","slug":"reprise-des-escortes-groupees-des-camions-de-transport","status":"publish","type":"post","link":"https:\/\/www.africa-press.net\/cotedivoire\/toutes-les-actualites\/reprise-des-escortes-groupees-des-camions-de-transport","title":{"rendered":"Reprise des escortes group\u00e9es des camions de transport"},"content":{"rendered":"<p><span style=\"color: #ff6600\"><strong>Africa-Press &#8211; C\u00f4te d&rsquo;Ivoire. <\/strong><\/span>Il a e\u0301te\u0301 donne\u0301 de constater la diffusion, sur diffe\u0301rents canaux de communication et re\u0301seaux sociaux, de messages et vide\u0301os e\u0301manant de deux (2) syndicats de la corporation des conducteurs routiers de marchandises, laissant entendre que l&rsquo;Office Ivoirien des Chargeurs (OIC) serait a\u0300 l&rsquo;appui d&rsquo;une reprise des escortes groupe\u0301es des camions de transport de marchandises sur les corridors.<\/p>\n<p>A\u0300 cet e\u0301gard, dans une note transmise a\u0300 KOACI, ce vendredi 24 avril 2026, I&rsquo;OIC tient a\u0300 informer l&rsquo;ensemble des acteurs du secteur des transports, les conducteurs routiers ainsi que l&rsquo;opinion publique qu&rsquo;il n&rsquo;est ni initiateur, ni organisateur, encore moins associe\u0301 a\u0300 ladite ope\u0301ration.<\/p>\n<p>L&rsquo;OIC informe l&rsquo;ensemble des acteurs concerne\u0301s que toute nouvelle initiative relative a\u0300 la gestion des corridors fera l&rsquo;objet, au pre\u0301alable, d&rsquo;instructions du Ministe\u0300re des Transports et des Affaires Maritimes.<\/p>\n<p>L&rsquo;OIC invite donc les usagers, les partenaires et les professionnels du secteur a\u0300 faire preuve de vigilance et a\u0300 se re\u0301fe\u0301rer exclusivement a\u0300 ses canaux officiels de communication.<\/p>\n<p>L&rsquo;OIC se re\u0301serve, par ailleurs, le droit d&rsquo;engager toute action approprie\u0301e contre toute utilisation abusive de son nom, de son image ou de sa cre\u0301dibilite\u0301 institutionnelle.<\/p>\n<p><strong>Pour plus d&rsquo;informations et d&rsquo;analyses sur la <span style=\"color: #ff6600\">C\u00f4te d&rsquo;Ivoire<\/span>, suivez <span style=\"color: #ff6600\">Africa-Press<\/span><\/strong><\/p>\n","protected":false},"excerpt":{"rendered":"<p>Africa-Press &#8211; C\u00f4te d&rsquo;Ivoire. Il a e\u0301te\u0301 donne\u0301 de constater la diffusion, sur diffe\u0301rents canaux de communication et re\u0301seaux sociaux, de messages et vide\u0301os e\u0301manant de deux (2) syndicats de la corporation des conducteurs routiers de marchandises, laissant entendre que l&rsquo;Office Ivoirien des Chargeurs (OIC) serait a\u0300 l&rsquo;appui d&rsquo;une reprise des escortes groupe\u0301es des camions [&hellip;]<\/p>\n","protected":false},"author":82,"featured_media":115177,"comment_status":"open","ping_status":"closed","sticky":false,"template":"","format":"standard","meta":{"footnotes":""},"categories":[21,10],"tags":[20455,29,748],"class_list":["post-115178","post","type-post","status-publish","format-standard","has-post-thumbnail","hentry","category-communaute","category-toutes-les-actualites","tag-corridors","tag-cote-divoire","tag-oic"],"yoast_head":"<!-- This site is optimized with the Yoast SEO Premium plugin v26.1 (Yoast SEO v27.0) - https:\/\/yoast.com\/product\/yoast-seo-premium-wordpress\/ -->\n<title>Reprise des escortes group\u00e9es des camions de transport - C\u00f4te d&#039;Ivoire<\/title>\n<meta name=\"description\" content=\"Il a e\u0301te\u0301 donne\u0301 de constater la diffusion, sur diffe\u0301rents canaux de communication et re\u0301seaux sociaux, de messages et ...\" \/>\n<meta name=\"robots\" content=\"index, follow, max-snippet:-1, max-image-preview:large, max-video-preview:-1\" \/>\n<link rel=\"canonical\" href=\"https:\/\/www.africa-press.net\/cotedivoire\/toutes-les-actualites\/reprise-des-escortes-groupees-des-camions-de-transport\" \/>\n<meta property=\"og:locale\" content=\"fr_FR\" \/>\n<meta property=\"og:type\" content=\"article\" \/>\n<meta property=\"og:title\" content=\"Reprise des escortes group\u00e9es des camions de transport\" \/>\n<meta property=\"og:description\" content=\"Il a e\u0301te\u0301 donne\u0301 de constater la diffusion, sur diffe\u0301rents canaux de communication et re\u0301seaux sociaux, de messages et ...\" \/>\n<meta property=\"og:url\" content=\"https:\/\/www.africa-press.net\/cotedivoire\/toutes-les-actualites\/reprise-des-escortes-groupees-des-camions-de-transport\" \/>\n<meta property=\"og:site_name\" content=\"C\u00f4te d&#039;Ivoire\" \/>\n<meta property=\"article:published_time\" content=\"2026-04-26T14:55:57+00:00\" \/>\n<meta property=\"article:modified_time\" content=\"2026-04-26T15:17:46+00:00\" \/>\n<meta property=\"og:image\" content=\"https:\/\/static.africa-press.net\/cote\/sites\/43\/2026\/04\/sm_1777203842.873557.jpg\" \/>\n\t<meta property=\"og:image:width\" content=\"720\" \/>\n\t<meta property=\"og:image:height\" content=\"338\" \/>\n\t<meta property=\"og:image:type\" content=\"image\/jpeg\" \/>\n<meta name=\"author\" content=\"cfeditorfr\" \/>\n<meta name=\"twitter:card\" content=\"summary_large_image\" \/>\n<meta name=\"twitter:label1\" content=\"\u00c9crit par\" \/>\n\t<meta name=\"twitter:data1\" content=\"cfeditorfr\" \/>\n\t<meta name=\"twitter:label2\" content=\"Dur\u00e9e de lecture estim\u00e9e\" \/>\n\t<meta name=\"twitter:data2\" content=\"1 minute\" \/>\n<script type=\"application\/ld+json\" class=\"yoast-schema-graph\">{\"@context\":\"https:\/\/schema.org\",\"@graph\":[{\"@type\":\"Article\",\"@id\":\"https:\/\/www.africa-press.net\/cotedivoire\/toutes-les-actualites\/reprise-des-escortes-groupees-des-camions-de-transport#article\",\"isPartOf\":{\"@id\":\"https:\/\/www.africa-press.net\/cotedivoire\/toutes-les-actualites\/reprise-des-escortes-groupees-des-camions-de-transport\"},\"author\":{\"name\":\"cfeditorfr\",\"@id\":\"https:\/\/www.africa-press.net\/cotedivoire\/#\/schema\/person\/2b1cf3cd81a31e3cd26889ca66d677f1\"},\"headline\":\"Reprise des escortes group\u00e9es des camions de transport\",\"datePublished\":\"2026-04-26T14:55:57+00:00\",\"dateModified\":\"2026-04-26T15:17:46+00:00\",\"mainEntityOfPage\":{\"@id\":\"https:\/\/www.africa-press.net\/cotedivoire\/toutes-les-actualites\/reprise-des-escortes-groupees-des-camions-de-transport\"},\"wordCount\":243,\"commentCount\":0,\"image\":{\"@id\":\"https:\/\/www.africa-press.net\/cotedivoire\/toutes-les-actualites\/reprise-des-escortes-groupees-des-camions-de-transport#primaryimage\"},\"thumbnailUrl\":\"https:\/\/static.africa-press.net\/cote\/sites\/43\/2026\/04\/sm_1777203842.873557.jpg\",\"keywords\":[\"corridors\",\"C\u00d4TE D'IVOIRE\",\"OIC\"],\"articleSection\":[\"Communaut\u00e9\",\"Toutes les actualit\u00e9s\"],\"inLanguage\":\"fr-FR\",\"potentialAction\":[{\"@type\":\"CommentAction\",\"name\":\"Comment\",\"target\":[\"https:\/\/www.africa-press.net\/cotedivoire\/toutes-les-actualites\/reprise-des-escortes-groupees-des-camions-de-transport#respond\"]}]},{\"@type\":\"WebPage\",\"@id\":\"https:\/\/www.africa-press.net\/cotedivoire\/toutes-les-actualites\/reprise-des-escortes-groupees-des-camions-de-transport\",\"url\":\"https:\/\/www.africa-press.net\/cotedivoire\/toutes-les-actualites\/reprise-des-escortes-groupees-des-camions-de-transport\",\"name\":\"Reprise des escortes group\u00e9es des camions de transport - C\u00f4te d&#039;Ivoire\",\"isPartOf\":{\"@id\":\"https:\/\/www.africa-press.net\/cotedivoire\/#website\"},\"primaryImageOfPage\":{\"@id\":\"https:\/\/www.africa-press.net\/cotedivoire\/toutes-les-actualites\/reprise-des-escortes-groupees-des-camions-de-transport#primaryimage\"},\"image\":{\"@id\":\"https:\/\/www.africa-press.net\/cotedivoire\/toutes-les-actualites\/reprise-des-escortes-groupees-des-camions-de-transport#primaryimage\"},\"thumbnailUrl\":\"https:\/\/static.africa-press.net\/cote\/sites\/43\/2026\/04\/sm_1777203842.873557.jpg\",\"datePublished\":\"2026-04-26T14:55:57+00:00\",\"dateModified\":\"2026-04-26T15:17:46+00:00\",\"author\":{\"@id\":\"https:\/\/www.africa-press.net\/cotedivoire\/#\/schema\/person\/2b1cf3cd81a31e3cd26889ca66d677f1\"},\"description\":\"Il a e\u0301te\u0301 donne\u0301 de constater la diffusion, sur diffe\u0301rents canaux de communication et re\u0301seaux sociaux, de messages et ...\",\"breadcrumb\":{\"@id\":\"https:\/\/www.africa-press.net\/cotedivoire\/toutes-les-actualites\/reprise-des-escortes-groupees-des-camions-de-transport#breadcrumb\"},\"inLanguage\":\"fr-FR\",\"potentialAction\":[{\"@type\":\"ReadAction\",\"target\":[\"https:\/\/www.africa-press.net\/cotedivoire\/toutes-les-actualites\/reprise-des-escortes-groupees-des-camions-de-transport\"]}]},{\"@type\":\"ImageObject\",\"inLanguage\":\"fr-FR\",\"@id\":\"https:\/\/www.africa-press.net\/cotedivoire\/toutes-les-actualites\/reprise-des-escortes-groupees-des-camions-de-transport#primaryimage\",\"url\":\"https:\/\/static.africa-press.net\/cote\/sites\/43\/2026\/04\/sm_1777203842.873557.jpg\",\"contentUrl\":\"https:\/\/static.africa-press.net\/cote\/sites\/43\/2026\/04\/sm_1777203842.873557.jpg\",\"width\":720,\"height\":338,\"caption\":\"Reprise des escortes group\u00e9es des camions de transport\"},{\"@type\":\"BreadcrumbList\",\"@id\":\"https:\/\/www.africa-press.net\/cotedivoire\/toutes-les-actualites\/reprise-des-escortes-groupees-des-camions-de-transport#breadcrumb\",\"itemListElement\":[{\"@type\":\"ListItem\",\"position\":1,\"name\":\"Accueil\",\"item\":\"https:\/\/www.africa-press.net\/cotedivoire\/\"},{\"@type\":\"ListItem\",\"position\":2,\"name\":\"Reprise des escortes group\u00e9es des camions de transport\"}]},{\"@type\":\"WebSite\",\"@id\":\"https:\/\/www.africa-press.net\/cotedivoire\/#website\",\"url\":\"https:\/\/www.africa-press.net\/cotedivoire\/\",\"name\":\"C\u00f4te d&#039;Ivoire\",\"description\":\"Just another Africa News Agency Sites site\",\"potentialAction\":[{\"@type\":\"SearchAction\",\"target\":{\"@type\":\"EntryPoint\",\"urlTemplate\":\"https:\/\/www.africa-press.net\/cotedivoire\/?s={search_term_string}\"},\"query-input\":{\"@type\":\"PropertyValueSpecification\",\"valueRequired\":true,\"valueName\":\"search_term_string\"}}],\"inLanguage\":\"fr-FR\"},{\"@type\":\"Person\",\"@id\":\"https:\/\/www.africa-press.net\/cotedivoire\/#\/schema\/person\/2b1cf3cd81a31e3cd26889ca66d677f1\",\"name\":\"cfeditorfr\"}]}<\/script>\n<!-- \/ Yoast SEO Premium plugin. -->","yoast_head_json":{"title":"Reprise des escortes group\u00e9es des camions de transport - C\u00f4te d&#039;Ivoire","description":"Il a e\u0301te\u0301 donne\u0301 de constater la diffusion, sur diffe\u0301rents canaux de communication et re\u0301seaux sociaux, de messages et ...","robots":{"index":"index","follow":"follow","max-snippet":"max-snippet:-1","max-image-preview":"max-image-preview:large","max-video-preview":"max-video-preview:-1"},"canonical":"https:\/\/www.africa-press.net\/cotedivoire\/toutes-les-actualites\/reprise-des-escortes-groupees-des-camions-de-transport","og_locale":"fr_FR","og_type":"article","og_title":"Reprise des escortes group\u00e9es des camions de transport","og_description":"Il a e\u0301te\u0301 donne\u0301 de constater la diffusion, sur diffe\u0301rents canaux de communication et re\u0301seaux sociaux, de messages et ...","og_url":"https:\/\/www.africa-press.net\/cotedivoire\/toutes-les-actualites\/reprise-des-escortes-groupees-des-camions-de-transport","og_site_name":"C\u00f4te d&#039;Ivoire","article_published_time":"2026-04-26T14:55:57+00:00","article_modified_time":"2026-04-26T15:17:46+00:00","og_image":[{"width":720,"height":338,"url":"https:\/\/static.africa-press.net\/cote\/sites\/43\/2026\/04\/sm_1777203842.873557.jpg","type":"image\/jpeg"}],"author":"cfeditorfr","twitter_card":"summary_large_image","twitter_misc":{"\u00c9crit par":"cfeditorfr","Dur\u00e9e de lecture estim\u00e9e":"1 minute"},"schema":{"@context":"https:\/\/schema.org","@graph":[{"@type":"Article","@id":"https:\/\/www.africa-press.net\/cotedivoire\/toutes-les-actualites\/reprise-des-escortes-groupees-des-camions-de-transport#article","isPartOf":{"@id":"https:\/\/www.africa-press.net\/cotedivoire\/toutes-les-actualites\/reprise-des-escortes-groupees-des-camions-de-transport"},"author":{"name":"cfeditorfr","@id":"https:\/\/www.africa-press.net\/cotedivoire\/#\/schema\/person\/2b1cf3cd81a31e3cd26889ca66d677f1"},"headline":"Reprise des escortes group\u00e9es des camions de transport","datePublished":"2026-04-26T14:55:57+00:00","dateModified":"2026-04-26T15:17:46+00:00","mainEntityOfPage":{"@id":"https:\/\/www.africa-press.net\/cotedivoire\/toutes-les-actualites\/reprise-des-escortes-groupees-des-camions-de-transport"},"wordCount":243,"commentCount":0,"image":{"@id":"https:\/\/www.africa-press.net\/cotedivoire\/toutes-les-actualites\/reprise-des-escortes-groupees-des-camions-de-transport#primaryimage"},"thumbnailUrl":"https:\/\/static.africa-press.net\/cote\/sites\/43\/2026\/04\/sm_1777203842.873557.jpg","keywords":["corridors","C\u00d4TE D'IVOIRE","OIC"],"articleSection":["Communaut\u00e9","Toutes les actualit\u00e9s"],"inLanguage":"fr-FR","potentialAction":[{"@type":"CommentAction","name":"Comment","target":["https:\/\/www.africa-press.net\/cotedivoire\/toutes-les-actualites\/reprise-des-escortes-groupees-des-camions-de-transport#respond"]}]},{"@type":"WebPage","@id":"https:\/\/www.africa-press.net\/cotedivoire\/toutes-les-actualites\/reprise-des-escortes-groupees-des-camions-de-transport","url":"https:\/\/www.africa-press.net\/cotedivoire\/toutes-les-actualites\/reprise-des-escortes-groupees-des-camions-de-transport","name":"Reprise des escortes group\u00e9es des camions de transport - C\u00f4te d&#039;Ivoire","isPartOf":{"@id":"https:\/\/www.africa-press.net\/cotedivoire\/#website"},"primaryImageOfPage":{"@id":"https:\/\/www.africa-press.net\/cotedivoire\/toutes-les-actualites\/reprise-des-escortes-groupees-des-camions-de-transport#primaryimage"},"image":{"@id":"https:\/\/www.africa-press.net\/cotedivoire\/toutes-les-actualites\/reprise-des-escortes-groupees-des-camions-de-transport#primaryimage"},"thumbnailUrl":"https:\/\/static.africa-press.net\/cote\/sites\/43\/2026\/04\/sm_1777203842.873557.jpg","datePublished":"2026-04-26T14:55:57+00:00","dateModified":"2026-04-26T15:17:46+00:00","author":{"@id":"https:\/\/www.africa-press.net\/cotedivoire\/#\/schema\/person\/2b1cf3cd81a31e3cd26889ca66d677f1"},"description":"Il a e\u0301te\u0301 donne\u0301 de constater la diffusion, sur diffe\u0301rents canaux de communication et re\u0301seaux sociaux, de messages et ...","breadcrumb":{"@id":"https:\/\/www.africa-press.net\/cotedivoire\/toutes-les-actualites\/reprise-des-escortes-groupees-des-camions-de-transport#breadcrumb"},"inLanguage":"fr-FR","potentialAction":[{"@type":"ReadAction","target":["https:\/\/www.africa-press.net\/cotedivoire\/toutes-les-actualites\/reprise-des-escortes-groupees-des-camions-de-transport"]}]},{"@type":"ImageObject","inLanguage":"fr-FR","@id":"https:\/\/www.africa-press.net\/cotedivoire\/toutes-les-actualites\/reprise-des-escortes-groupees-des-camions-de-transport#primaryimage","url":"https:\/\/static.africa-press.net\/cote\/sites\/43\/2026\/04\/sm_1777203842.873557.jpg","contentUrl":"https:\/\/static.africa-press.net\/cote\/sites\/43\/2026\/04\/sm_1777203842.873557.jpg","width":720,"height":338,"caption":"Reprise des escortes group\u00e9es des camions de transport"},{"@type":"BreadcrumbList","@id":"https:\/\/www.africa-press.net\/cotedivoire\/toutes-les-actualites\/reprise-des-escortes-groupees-des-camions-de-transport#breadcrumb","itemListElement":[{"@type":"ListItem","position":1,"name":"Accueil","item":"https:\/\/www.africa-press.net\/cotedivoire\/"},{"@type":"ListItem","position":2,"name":"Reprise des escortes group\u00e9es des camions de transport"}]},{"@type":"WebSite","@id":"https:\/\/www.africa-press.net\/cotedivoire\/#website","url":"https:\/\/www.africa-press.net\/cotedivoire\/","name":"C\u00f4te d&#039;Ivoire","description":"Just another Africa News Agency Sites site","potentialAction":[{"@type":"SearchAction","target":{"@type":"EntryPoint","urlTemplate":"https:\/\/www.africa-press.net\/cotedivoire\/?s={search_term_string}"},"query-input":{"@type":"PropertyValueSpecification","valueRequired":true,"valueName":"search_term_string"}}],"inLanguage":"fr-FR"},{"@type":"Person","@id":"https:\/\/www.africa-press.net\/cotedivoire\/#\/schema\/person\/2b1cf3cd81a31e3cd26889ca66d677f1","name":"cfeditorfr"}]}},"_links":{"self":[{"href":"https:\/\/www.africa-press.net\/cotedivoire\/wp-json\/wp\/v2\/posts\/115178","targetHints":{"allow":["GET"]}}],"collection":[{"href":"https:\/\/www.africa-press.net\/cotedivoire\/wp-json\/wp\/v2\/posts"}],"about":[{"href":"https:\/\/www.africa-press.net\/cotedivoire\/wp-json\/wp\/v2\/types\/post"}],"author":[{"embeddable":true,"href":"https:\/\/www.africa-press.net\/cotedivoire\/wp-json\/wp\/v2\/users\/82"}],"replies":[{"embeddable":true,"href":"https:\/\/www.africa-press.net\/cotedivoire\/wp-json\/wp\/v2\/comments?post=115178"}],"version-history":[{"count":1,"href":"https:\/\/www.africa-press.net\/cotedivoire\/wp-json\/wp\/v2\/posts\/115178\/revisions"}],"predecessor-version":[{"id":115184,"href":"https:\/\/www.africa-press.net\/cotedivoire\/wp-json\/wp\/v2\/posts\/115178\/revisions\/115184"}],"wp:featuredmedia":[{"embeddable":true,"href":"https:\/\/www.africa-press.net\/cotedivoire\/wp-json\/wp\/v2\/media\/115177"}],"wp:attachment":[{"href":"https:\/\/www.africa-press.net\/cotedivoire\/wp-json\/wp\/v2\/media?parent=115178"}],"wp:term":[{"taxonomy":"category","embeddable":true,"href":"https:\/\/www.africa-press.net\/cotedivoire\/wp-json\/wp\/v2\/categories?post=115178"},{"taxonomy":"post_tag","embeddable":true,"href":"https:\/\/www.africa-press.net\/cotedivoire\/wp-json\/wp\/v2\/tags?post=115178"}],"curies":[{"name":"wp","href":"https:\/\/api.w.org\/{rel}","templated":true}]}}