{"id":115188,"date":"2026-04-26T14:57:56","date_gmt":"2026-04-26T14:57:56","guid":{"rendered":"https:\/\/www.africa-press.net\/cotedivoire\/politique\/vavoua-frappee-par-violent-orage-infrastructures-endommagees"},"modified":"2026-04-26T15:24:03","modified_gmt":"2026-04-26T15:24:03","slug":"vavoua-frappee-par-violent-orage-infrastructures-endommagees","status":"publish","type":"post","link":"https:\/\/www.africa-press.net\/cotedivoire\/toutes-les-actualites\/vavoua-frappee-par-violent-orage-infrastructures-endommagees","title":{"rendered":"Vavoua Frapp\u00e9e Par Violent Orage Infrastructures Endommag\u00e9es"},"content":{"rendered":"<p><span style=\"color: #ff6600\"><strong>Africa-Press &#8211; C\u00f4te d&rsquo;Ivoire. <\/strong><\/span>Un e\u0301pisode orageux d\u2019une rare intensite\u0301 a seme\u0301 le chaos dans la ville de Vavoua et ses environs dans l\u2019apre\u0300s-midi du jeudi 23 avril 2026, laissant derrie\u0300re lui un lourd bilan mate\u0301riel et plusieurs blesse\u0301s. Survenu aux alentours de 16 heures, le phe\u0301nome\u0300ne me\u0301te\u0301orologique a balaye\u0301 la localite\u0301 pendant pre\u0300s d\u2019une heure et demie, provoquant des de\u0301ga\u0302ts significatifs dans de nombreux quartiers et villages du de\u0301partement.<\/p>\n<p>Des rafales violentes ont arrache\u0301 les toitures de plusieurs ba\u0302timents, exposant e\u0301coles, habitations et services publics aux intempe\u0301ries. Des e\u0301tablissements scolaires ont e\u0301te\u0301 particulie\u0300rement touche\u0301s en pleine activite\u0301, notamment des e\u0301coles primaires ou\u0300 e\u0301le\u0300ves et enseignants ont e\u0301te\u0301 surpris par la soudainete\u0301 de l\u2019e\u0301ve\u0301nement. Dans certains cas, les salles de classe se sont retrouve\u0301es a\u0300 ciel ouvert en quelques minutes.<\/p>\n<p>Les infrastructures administratives n\u2019ont pas e\u0301te\u0301 e\u0301pargne\u0301es. L\u2019ho\u0302pital ge\u0301ne\u0301ral ainsi que le commissariat ont subi des dommages importants, compromettant temporairement leurs conditions de fonctionnement. Malgre\u0301 cela, le personnel soignant a du\u0302 faire face a\u0300 un afflux de blesse\u0301s, certains victimes de chutes a\u0300 moto provoque\u0301es par la violence du vent, d\u2019autres atteints par l\u2019effondrement de structures ou la projection de de\u0301bris a\u0300 domicile.<\/p>\n<p>Dans les e\u0301tablissements secondaires, notamment ceux retenus pour les examens nationaux, les conse\u0301quences sont e\u0301galement visibles. Des arbres de\u0301racine\u0301s, des clo\u0302tures de\u0301truites et des installations fragilise\u0301es soule\u0300vent des inquie\u0301tudes quant a\u0300 la tenue des e\u0301preuves dans de bonnes conditions.<\/p>\n<p>Au-dela\u0300 des infrastructures publiques, de nombreuses familles se retrouvent aujourd\u2019hui en difficulte\u0301, certaines ayant perdu entie\u0300rement la toiture de leur maison. Les de\u0301ga\u0302ts touchent aussi des espaces communautaires, dont un foyer destine\u0301 a\u0300 accueillir prochainement une rencontre institutionnelle, de\u0301sormais partiellement de\u0301truit.<\/p>\n<p>Face a\u0300 cette situation, le maire Bonaventure Kalou s\u2019est rendu aupre\u0300s des sinistre\u0301s pour constater l\u2019ampleur des de\u0301ga\u0302ts et apporter un message de soutien. Il a e\u0301voque\u0301 la mise en place de premie\u0300res actions de secours et de re\u0301habilitation, tout en insistant sur la ne\u0301cessite\u0301 d\u2019un e\u0301lan de solidarite\u0301 pour venir en aide aux populations affecte\u0301es.<\/p>\n<p>Ce sinistre rappelle la vulne\u0301rabilite\u0301 de certaines infrastructures face aux phe\u0301nome\u0300nes climatiques extre\u0302mes, dans une re\u0301gion ou\u0300 de telles intempe\u0301ries deviennent de plus en plus fre\u0301quentes.<\/p>\n<p><strong>Pour plus d&rsquo;informations et d&rsquo;analyses sur la <span style=\"color: #ff6600\">C\u00f4te d&rsquo;Ivoire<\/span>, suivez <span style=\"color: #ff6600\">Africa-Press<\/span><\/strong><\/p>\n","protected":false},"excerpt":{"rendered":"<p>Africa-Press &#8211; C\u00f4te d&rsquo;Ivoire. Un e\u0301pisode orageux d\u2019une rare intensite\u0301 a seme\u0301 le chaos dans la ville de Vavoua et ses environs dans l\u2019apre\u0300s-midi du jeudi 23 avril 2026, laissant derrie\u0300re lui un lourd bilan mate\u0301riel et plusieurs blesse\u0301s. Survenu aux alentours de 16 heures, le phe\u0301nome\u0300ne me\u0301te\u0301orologique a balaye\u0301 la localite\u0301 pendant pre\u0300s d\u2019une [&hellip;]<\/p>\n","protected":false},"author":82,"featured_media":115187,"comment_status":"open","ping_status":"closed","sticky":false,"template":"","format":"standard","meta":{"footnotes":""},"categories":[21,10],"tags":[29,11000,7120,7906,1284],"class_list":["post-115188","post","type-post","status-publish","format-standard","has-post-thumbnail","hentry","category-communaute","category-toutes-les-actualites","tag-cote-divoire","tag-epreuve","tag-hopital","tag-kalou","tag-village"],"yoast_head":"<!-- This site is optimized with the Yoast SEO Premium plugin v26.1 (Yoast SEO v27.0) - https:\/\/yoast.com\/product\/yoast-seo-premium-wordpress\/ -->\n<title>Vavoua Frapp\u00e9e Par Violent Orage Infrastructures Endommag\u00e9es - C\u00f4te d&#039;Ivoire<\/title>\n<meta name=\"description\" content=\"Un e\u0301pisode orageux d\u2019une rare intensite\u0301 a seme\u0301 le chaos dans la ville de Vavoua et ses environs dans l\u2019apre\u0300s-midi du ...\" \/>\n<meta name=\"robots\" content=\"index, follow, max-snippet:-1, max-image-preview:large, max-video-preview:-1\" \/>\n<link rel=\"canonical\" href=\"https:\/\/www.africa-press.net\/cotedivoire\/toutes-les-actualites\/vavoua-frappee-par-violent-orage-infrastructures-endommagees\" \/>\n<meta property=\"og:locale\" content=\"fr_FR\" \/>\n<meta property=\"og:type\" content=\"article\" \/>\n<meta property=\"og:title\" content=\"Vavoua Frapp\u00e9e Par Violent Orage Infrastructures Endommag\u00e9es\" \/>\n<meta property=\"og:description\" content=\"Un e\u0301pisode orageux d\u2019une rare intensite\u0301 a seme\u0301 le chaos dans la ville de Vavoua et ses environs dans l\u2019apre\u0300s-midi du ...\" \/>\n<meta property=\"og:url\" content=\"https:\/\/www.africa-press.net\/cotedivoire\/toutes-les-actualites\/vavoua-frappee-par-violent-orage-infrastructures-endommagees\" \/>\n<meta property=\"og:site_name\" content=\"C\u00f4te d&#039;Ivoire\" \/>\n<meta property=\"article:published_time\" content=\"2026-04-26T14:57:56+00:00\" \/>\n<meta property=\"article:modified_time\" content=\"2026-04-26T15:24:03+00:00\" \/>\n<meta property=\"og:image\" content=\"https:\/\/static.africa-press.net\/cote\/sites\/43\/2026\/04\/sm_1777204420.843433.jpg\" \/>\n\t<meta property=\"og:image:width\" content=\"720\" \/>\n\t<meta property=\"og:image:height\" content=\"458\" \/>\n\t<meta property=\"og:image:type\" content=\"image\/jpeg\" \/>\n<meta name=\"author\" content=\"cfeditorfr\" \/>\n<meta name=\"twitter:card\" content=\"summary_large_image\" \/>\n<meta name=\"twitter:label1\" content=\"\u00c9crit par\" \/>\n\t<meta name=\"twitter:data1\" content=\"cfeditorfr\" \/>\n\t<meta name=\"twitter:label2\" content=\"Dur\u00e9e de lecture estim\u00e9e\" \/>\n\t<meta name=\"twitter:data2\" content=\"3 minutes\" \/>\n<script type=\"application\/ld+json\" class=\"yoast-schema-graph\">{\"@context\":\"https:\/\/schema.org\",\"@graph\":[{\"@type\":\"Article\",\"@id\":\"https:\/\/www.africa-press.net\/cotedivoire\/toutes-les-actualites\/vavoua-frappee-par-violent-orage-infrastructures-endommagees#article\",\"isPartOf\":{\"@id\":\"https:\/\/www.africa-press.net\/cotedivoire\/toutes-les-actualites\/vavoua-frappee-par-violent-orage-infrastructures-endommagees\"},\"author\":{\"name\":\"cfeditorfr\",\"@id\":\"https:\/\/www.africa-press.net\/cotedivoire\/#\/schema\/person\/2b1cf3cd81a31e3cd26889ca66d677f1\"},\"headline\":\"Vavoua Frapp\u00e9e Par Violent Orage Infrastructures Endommag\u00e9es\",\"datePublished\":\"2026-04-26T14:57:56+00:00\",\"dateModified\":\"2026-04-26T15:24:03+00:00\",\"mainEntityOfPage\":{\"@id\":\"https:\/\/www.africa-press.net\/cotedivoire\/toutes-les-actualites\/vavoua-frappee-par-violent-orage-infrastructures-endommagees\"},\"wordCount\":459,\"commentCount\":0,\"image\":{\"@id\":\"https:\/\/www.africa-press.net\/cotedivoire\/toutes-les-actualites\/vavoua-frappee-par-violent-orage-infrastructures-endommagees#primaryimage\"},\"thumbnailUrl\":\"https:\/\/static.africa-press.net\/cote\/sites\/43\/2026\/04\/sm_1777204420.843433.jpg\",\"keywords\":[\"C\u00d4TE D'IVOIRE\",\"\u00e9preuve\",\"H\u00f4pital\",\"Kalou\",\"village\"],\"articleSection\":[\"Communaut\u00e9\",\"Toutes les actualit\u00e9s\"],\"inLanguage\":\"fr-FR\",\"potentialAction\":[{\"@type\":\"CommentAction\",\"name\":\"Comment\",\"target\":[\"https:\/\/www.africa-press.net\/cotedivoire\/toutes-les-actualites\/vavoua-frappee-par-violent-orage-infrastructures-endommagees#respond\"]}]},{\"@type\":\"WebPage\",\"@id\":\"https:\/\/www.africa-press.net\/cotedivoire\/toutes-les-actualites\/vavoua-frappee-par-violent-orage-infrastructures-endommagees\",\"url\":\"https:\/\/www.africa-press.net\/cotedivoire\/toutes-les-actualites\/vavoua-frappee-par-violent-orage-infrastructures-endommagees\",\"name\":\"Vavoua Frapp\u00e9e Par Violent Orage Infrastructures Endommag\u00e9es - C\u00f4te d&#039;Ivoire\",\"isPartOf\":{\"@id\":\"https:\/\/www.africa-press.net\/cotedivoire\/#website\"},\"primaryImageOfPage\":{\"@id\":\"https:\/\/www.africa-press.net\/cotedivoire\/toutes-les-actualites\/vavoua-frappee-par-violent-orage-infrastructures-endommagees#primaryimage\"},\"image\":{\"@id\":\"https:\/\/www.africa-press.net\/cotedivoire\/toutes-les-actualites\/vavoua-frappee-par-violent-orage-infrastructures-endommagees#primaryimage\"},\"thumbnailUrl\":\"https:\/\/static.africa-press.net\/cote\/sites\/43\/2026\/04\/sm_1777204420.843433.jpg\",\"datePublished\":\"2026-04-26T14:57:56+00:00\",\"dateModified\":\"2026-04-26T15:24:03+00:00\",\"author\":{\"@id\":\"https:\/\/www.africa-press.net\/cotedivoire\/#\/schema\/person\/2b1cf3cd81a31e3cd26889ca66d677f1\"},\"description\":\"Un e\u0301pisode orageux d\u2019une rare intensite\u0301 a seme\u0301 le chaos dans la ville de Vavoua et ses environs dans l\u2019apre\u0300s-midi du ...\",\"breadcrumb\":{\"@id\":\"https:\/\/www.africa-press.net\/cotedivoire\/toutes-les-actualites\/vavoua-frappee-par-violent-orage-infrastructures-endommagees#breadcrumb\"},\"inLanguage\":\"fr-FR\",\"potentialAction\":[{\"@type\":\"ReadAction\",\"target\":[\"https:\/\/www.africa-press.net\/cotedivoire\/toutes-les-actualites\/vavoua-frappee-par-violent-orage-infrastructures-endommagees\"]}]},{\"@type\":\"ImageObject\",\"inLanguage\":\"fr-FR\",\"@id\":\"https:\/\/www.africa-press.net\/cotedivoire\/toutes-les-actualites\/vavoua-frappee-par-violent-orage-infrastructures-endommagees#primaryimage\",\"url\":\"https:\/\/static.africa-press.net\/cote\/sites\/43\/2026\/04\/sm_1777204420.843433.jpg\",\"contentUrl\":\"https:\/\/static.africa-press.net\/cote\/sites\/43\/2026\/04\/sm_1777204420.843433.jpg\",\"width\":720,\"height\":458,\"caption\":\"Vavoua Frapp\u00e9e Par Violent Orage Infrastructures Endommag\u00e9es\"},{\"@type\":\"BreadcrumbList\",\"@id\":\"https:\/\/www.africa-press.net\/cotedivoire\/toutes-les-actualites\/vavoua-frappee-par-violent-orage-infrastructures-endommagees#breadcrumb\",\"itemListElement\":[{\"@type\":\"ListItem\",\"position\":1,\"name\":\"Accueil\",\"item\":\"https:\/\/www.africa-press.net\/cotedivoire\/\"},{\"@type\":\"ListItem\",\"position\":2,\"name\":\"Vavoua Frapp\u00e9e Par Violent Orage Infrastructures Endommag\u00e9es\"}]},{\"@type\":\"WebSite\",\"@id\":\"https:\/\/www.africa-press.net\/cotedivoire\/#website\",\"url\":\"https:\/\/www.africa-press.net\/cotedivoire\/\",\"name\":\"C\u00f4te d&#039;Ivoire\",\"description\":\"Just another Africa News Agency Sites site\",\"potentialAction\":[{\"@type\":\"SearchAction\",\"target\":{\"@type\":\"EntryPoint\",\"urlTemplate\":\"https:\/\/www.africa-press.net\/cotedivoire\/?s={search_term_string}\"},\"query-input\":{\"@type\":\"PropertyValueSpecification\",\"valueRequired\":true,\"valueName\":\"search_term_string\"}}],\"inLanguage\":\"fr-FR\"},{\"@type\":\"Person\",\"@id\":\"https:\/\/www.africa-press.net\/cotedivoire\/#\/schema\/person\/2b1cf3cd81a31e3cd26889ca66d677f1\",\"name\":\"cfeditorfr\"}]}<\/script>\n<!-- \/ Yoast SEO Premium plugin. -->","yoast_head_json":{"title":"Vavoua Frapp\u00e9e Par Violent Orage Infrastructures Endommag\u00e9es - C\u00f4te d&#039;Ivoire","description":"Un e\u0301pisode orageux d\u2019une rare intensite\u0301 a seme\u0301 le chaos dans la ville de Vavoua et ses environs dans l\u2019apre\u0300s-midi du ...","robots":{"index":"index","follow":"follow","max-snippet":"max-snippet:-1","max-image-preview":"max-image-preview:large","max-video-preview":"max-video-preview:-1"},"canonical":"https:\/\/www.africa-press.net\/cotedivoire\/toutes-les-actualites\/vavoua-frappee-par-violent-orage-infrastructures-endommagees","og_locale":"fr_FR","og_type":"article","og_title":"Vavoua Frapp\u00e9e Par Violent Orage Infrastructures Endommag\u00e9es","og_description":"Un e\u0301pisode orageux d\u2019une rare intensite\u0301 a seme\u0301 le chaos dans la ville de Vavoua et ses environs dans l\u2019apre\u0300s-midi du ...","og_url":"https:\/\/www.africa-press.net\/cotedivoire\/toutes-les-actualites\/vavoua-frappee-par-violent-orage-infrastructures-endommagees","og_site_name":"C\u00f4te d&#039;Ivoire","article_published_time":"2026-04-26T14:57:56+00:00","article_modified_time":"2026-04-26T15:24:03+00:00","og_image":[{"width":720,"height":458,"url":"https:\/\/static.africa-press.net\/cote\/sites\/43\/2026\/04\/sm_1777204420.843433.jpg","type":"image\/jpeg"}],"author":"cfeditorfr","twitter_card":"summary_large_image","twitter_misc":{"\u00c9crit par":"cfeditorfr","Dur\u00e9e de lecture estim\u00e9e":"3 minutes"},"schema":{"@context":"https:\/\/schema.org","@graph":[{"@type":"Article","@id":"https:\/\/www.africa-press.net\/cotedivoire\/toutes-les-actualites\/vavoua-frappee-par-violent-orage-infrastructures-endommagees#article","isPartOf":{"@id":"https:\/\/www.africa-press.net\/cotedivoire\/toutes-les-actualites\/vavoua-frappee-par-violent-orage-infrastructures-endommagees"},"author":{"name":"cfeditorfr","@id":"https:\/\/www.africa-press.net\/cotedivoire\/#\/schema\/person\/2b1cf3cd81a31e3cd26889ca66d677f1"},"headline":"Vavoua Frapp\u00e9e Par Violent Orage Infrastructures Endommag\u00e9es","datePublished":"2026-04-26T14:57:56+00:00","dateModified":"2026-04-26T15:24:03+00:00","mainEntityOfPage":{"@id":"https:\/\/www.africa-press.net\/cotedivoire\/toutes-les-actualites\/vavoua-frappee-par-violent-orage-infrastructures-endommagees"},"wordCount":459,"commentCount":0,"image":{"@id":"https:\/\/www.africa-press.net\/cotedivoire\/toutes-les-actualites\/vavoua-frappee-par-violent-orage-infrastructures-endommagees#primaryimage"},"thumbnailUrl":"https:\/\/static.africa-press.net\/cote\/sites\/43\/2026\/04\/sm_1777204420.843433.jpg","keywords":["C\u00d4TE D'IVOIRE","\u00e9preuve","H\u00f4pital","Kalou","village"],"articleSection":["Communaut\u00e9","Toutes les actualit\u00e9s"],"inLanguage":"fr-FR","potentialAction":[{"@type":"CommentAction","name":"Comment","target":["https:\/\/www.africa-press.net\/cotedivoire\/toutes-les-actualites\/vavoua-frappee-par-violent-orage-infrastructures-endommagees#respond"]}]},{"@type":"WebPage","@id":"https:\/\/www.africa-press.net\/cotedivoire\/toutes-les-actualites\/vavoua-frappee-par-violent-orage-infrastructures-endommagees","url":"https:\/\/www.africa-press.net\/cotedivoire\/toutes-les-actualites\/vavoua-frappee-par-violent-orage-infrastructures-endommagees","name":"Vavoua Frapp\u00e9e Par Violent Orage Infrastructures Endommag\u00e9es - C\u00f4te d&#039;Ivoire","isPartOf":{"@id":"https:\/\/www.africa-press.net\/cotedivoire\/#website"},"primaryImageOfPage":{"@id":"https:\/\/www.africa-press.net\/cotedivoire\/toutes-les-actualites\/vavoua-frappee-par-violent-orage-infrastructures-endommagees#primaryimage"},"image":{"@id":"https:\/\/www.africa-press.net\/cotedivoire\/toutes-les-actualites\/vavoua-frappee-par-violent-orage-infrastructures-endommagees#primaryimage"},"thumbnailUrl":"https:\/\/static.africa-press.net\/cote\/sites\/43\/2026\/04\/sm_1777204420.843433.jpg","datePublished":"2026-04-26T14:57:56+00:00","dateModified":"2026-04-26T15:24:03+00:00","author":{"@id":"https:\/\/www.africa-press.net\/cotedivoire\/#\/schema\/person\/2b1cf3cd81a31e3cd26889ca66d677f1"},"description":"Un e\u0301pisode orageux d\u2019une rare intensite\u0301 a seme\u0301 le chaos dans la ville de Vavoua et ses environs dans l\u2019apre\u0300s-midi du ...","breadcrumb":{"@id":"https:\/\/www.africa-press.net\/cotedivoire\/toutes-les-actualites\/vavoua-frappee-par-violent-orage-infrastructures-endommagees#breadcrumb"},"inLanguage":"fr-FR","potentialAction":[{"@type":"ReadAction","target":["https:\/\/www.africa-press.net\/cotedivoire\/toutes-les-actualites\/vavoua-frappee-par-violent-orage-infrastructures-endommagees"]}]},{"@type":"ImageObject","inLanguage":"fr-FR","@id":"https:\/\/www.africa-press.net\/cotedivoire\/toutes-les-actualites\/vavoua-frappee-par-violent-orage-infrastructures-endommagees#primaryimage","url":"https:\/\/static.africa-press.net\/cote\/sites\/43\/2026\/04\/sm_1777204420.843433.jpg","contentUrl":"https:\/\/static.africa-press.net\/cote\/sites\/43\/2026\/04\/sm_1777204420.843433.jpg","width":720,"height":458,"caption":"Vavoua Frapp\u00e9e Par Violent Orage Infrastructures Endommag\u00e9es"},{"@type":"BreadcrumbList","@id":"https:\/\/www.africa-press.net\/cotedivoire\/toutes-les-actualites\/vavoua-frappee-par-violent-orage-infrastructures-endommagees#breadcrumb","itemListElement":[{"@type":"ListItem","position":1,"name":"Accueil","item":"https:\/\/www.africa-press.net\/cotedivoire\/"},{"@type":"ListItem","position":2,"name":"Vavoua Frapp\u00e9e Par Violent Orage Infrastructures Endommag\u00e9es"}]},{"@type":"WebSite","@id":"https:\/\/www.africa-press.net\/cotedivoire\/#website","url":"https:\/\/www.africa-press.net\/cotedivoire\/","name":"C\u00f4te d&#039;Ivoire","description":"Just another Africa News Agency Sites site","potentialAction":[{"@type":"SearchAction","target":{"@type":"EntryPoint","urlTemplate":"https:\/\/www.africa-press.net\/cotedivoire\/?s={search_term_string}"},"query-input":{"@type":"PropertyValueSpecification","valueRequired":true,"valueName":"search_term_string"}}],"inLanguage":"fr-FR"},{"@type":"Person","@id":"https:\/\/www.africa-press.net\/cotedivoire\/#\/schema\/person\/2b1cf3cd81a31e3cd26889ca66d677f1","name":"cfeditorfr"}]}},"_links":{"self":[{"href":"https:\/\/www.africa-press.net\/cotedivoire\/wp-json\/wp\/v2\/posts\/115188","targetHints":{"allow":["GET"]}}],"collection":[{"href":"https:\/\/www.africa-press.net\/cotedivoire\/wp-json\/wp\/v2\/posts"}],"about":[{"href":"https:\/\/www.africa-press.net\/cotedivoire\/wp-json\/wp\/v2\/types\/post"}],"author":[{"embeddable":true,"href":"https:\/\/www.africa-press.net\/cotedivoire\/wp-json\/wp\/v2\/users\/82"}],"replies":[{"embeddable":true,"href":"https:\/\/www.africa-press.net\/cotedivoire\/wp-json\/wp\/v2\/comments?post=115188"}],"version-history":[{"count":1,"href":"https:\/\/www.africa-press.net\/cotedivoire\/wp-json\/wp\/v2\/posts\/115188\/revisions"}],"predecessor-version":[{"id":115191,"href":"https:\/\/www.africa-press.net\/cotedivoire\/wp-json\/wp\/v2\/posts\/115188\/revisions\/115191"}],"wp:featuredmedia":[{"embeddable":true,"href":"https:\/\/www.africa-press.net\/cotedivoire\/wp-json\/wp\/v2\/media\/115187"}],"wp:attachment":[{"href":"https:\/\/www.africa-press.net\/cotedivoire\/wp-json\/wp\/v2\/media?parent=115188"}],"wp:term":[{"taxonomy":"category","embeddable":true,"href":"https:\/\/www.africa-press.net\/cotedivoire\/wp-json\/wp\/v2\/categories?post=115188"},{"taxonomy":"post_tag","embeddable":true,"href":"https:\/\/www.africa-press.net\/cotedivoire\/wp-json\/wp\/v2\/tags?post=115188"}],"curies":[{"name":"wp","href":"https:\/\/api.w.org\/{rel}","templated":true}]}}