{"id":115193,"date":"2026-04-26T14:58:36","date_gmt":"2026-04-26T14:58:36","guid":{"rendered":"https:\/\/www.africa-press.net\/cotedivoire\/politique\/oia-dement-crise-dans-filiere-cafe-cacao"},"modified":"2026-04-26T15:24:32","modified_gmt":"2026-04-26T15:24:32","slug":"oia-dement-crise-dans-filiere-cafe-cacao","status":"publish","type":"post","link":"https:\/\/www.africa-press.net\/cotedivoire\/politique\/oia-dement-crise-dans-filiere-cafe-cacao","title":{"rendered":"OIA D\u00e9ment Crise Dans Fili\u00e8re Caf\u00e9-Cacao"},"content":{"rendered":"<p><span style=\"color: #ff6600\"><strong>Africa-Press &#8211; C\u00f4te d&rsquo;Ivoire. <\/strong><\/span>L\u2019Organisation Interprofessionnelle Agricole de la filie\u0300re cafe\u0301-cacao (OIA Cafe\u0301-Cacao) est sortie de son silence pour re\u0301agir fermement aux informations qu\u2019elle qualifie d\u2019errone\u0301es, diffuse\u0301es re\u0301cemment dans certains me\u0301dias et sur les re\u0301seaux sociaux. Dans un communique\u0301 officiel publie\u0301 dont KOACI a rec\u0327u copie ce vendredi 24 avril 2026, l\u2019institution entend dissiper toute confusion autour de la gestion actuelle de la filie\u0300re et rassurer l\u2019ensemble des acteurs.<\/p>\n<p>Selon l\u2019OIA, aucune tension n\u2019existe entre elle et le Conseil du Cafe\u0301-Cacao. Les deux structures collaborent e\u0301troitement et en parfaite harmonie, dans le respect des orientations fixe\u0301es par les autorite\u0301s e\u0301tatiques. Cette coope\u0301ration vise a\u0300 garantir une gestion juge\u0301e rigoureuse, transparente et efficace de la filie\u0300re strate\u0301gique pour l\u2019e\u0301conomie nationale.<\/p>\n<p>L\u2019organisation a e\u0301galement tenu a\u0300 clarifier la question de sa gouvernance. Elle affirme sans ambigui\u0308te\u0301 que Siaka Diakite\u0301 demeure le pre\u0301sident le\u0301gitime de l\u2019OIA Cafe\u0301-Cacao, exerc\u0327ant pleinement ses fonctions conforme\u0301ment aux textes en vigueur.<\/p>\n<p>Sur le terrain ope\u0301rationnel, l\u2019OIA re\u0301fute cate\u0301goriquement toute ide\u0301e de crise lie\u0301e a\u0300 la gestion des volumes de cacao, notamment en ce qui concerne l\u2019enle\u0300vement des stocks re\u0301siduels. Les accusations de dysfonctionnement ou de mauvaise gouvernance sont, selon elle, infonde\u0301es et de\u0301nue\u0301es de preuves concre\u0300tes.<\/p>\n<p>L\u2019institution explique pluto\u0302t que les tensions observe\u0301es seraient lie\u0301es a\u0300 l\u2019application d\u2019un nouveau dispositif de contro\u0302le plus strict. Ce me\u0301canisme, encadre\u0301 par les autorite\u0301s compe\u0301tentes, impose notamment un inventaire pre\u0301alable des stocks, la justification des volumes re\u0301ellement de\u0301tenus et une capacite\u0301 minimale de 40 tonnes pour acce\u0301der aux ope\u0301rations d\u2019enle\u0300vement.<\/p>\n<p>D\u2019apre\u0300s les constats re\u0301alise\u0301s, certaines critiques proviendraient d\u2019acteurs ayant dissimule\u0301 une partie de leurs stocks lors des ope\u0301rations d\u2019inventaire. Des e\u0301carts significatifs ont ainsi e\u0301te\u0301 releve\u0301s entre les volumes initialement de\u0301clare\u0301s, parfois compris entre 2 et 17 tonnes, et les quantite\u0301s re\u0301elles de\u0301couvertes par la suite, pouvant atteindre jusqu\u2019a\u0300 100 tonnes.<\/p>\n<p>Pour l\u2019OIA, ces pratiques contraires aux principes de transparence et d\u2019e\u0301quite\u0301 seraient a\u0300 l\u2019origine des campagnes de de\u0301sinformation visant a\u0300 fragiliser les re\u0301formes engage\u0301es. L\u2019organisation appelle de\u0300s lors les acteurs de la filie\u0300re et l\u2019opinion publique a\u0300 faire preuve de vigilance face a\u0300 ces tentatives de manipulation.<\/p>\n<p>Elle souligne par ailleurs que la filie\u0300re entre actuellement dans la phase finale d\u2019enle\u0300vement des stocks re\u0301siduels, une e\u0301tape cle\u0301 qui doit permettre de se concentrer sur la pre\u0301paration de la petite campagne a\u0300 venir.<\/p>\n<p>Re\u0301affirmant son statut d\u2019organisation institue\u0301e par de\u0301cret, l\u2019OIA Cafe\u0301-Cacao insiste sur son engagement a\u0300 de\u0301fendre les inte\u0301re\u0302ts des producteurs, conside\u0301re\u0301s comme la priorite\u0301 des politiques mises en \u0153uvre. Elle assure que les re\u0301formes en cours visent a\u0300 renforcer la transparence, ame\u0301liorer l\u2019organisation du marche\u0301 et valoriser durablement la production nationale.<\/p>\n<p>En conclusion, l\u2019OIA se veut rassurante: la filie\u0300re cafe\u0301-cacao poursuit son e\u0301volution dans un climat de stabilite\u0301, avec des re\u0301formes maintenues et appele\u0301es a\u0300 se poursuivre avec de\u0301termination.<\/p>\n<p><strong>Pour plus d&rsquo;informations et d&rsquo;analyses sur la <span style=\"color: #ff6600\">C\u00f4te d&rsquo;Ivoire<\/span>, suivez <span style=\"color: #ff6600\">Africa-Press<\/span><\/strong><\/p>\n","protected":false},"excerpt":{"rendered":"<p>Africa-Press &#8211; C\u00f4te d&rsquo;Ivoire. L\u2019Organisation Interprofessionnelle Agricole de la filie\u0300re cafe\u0301-cacao (OIA Cafe\u0301-Cacao) est sortie de son silence pour re\u0301agir fermement aux informations qu\u2019elle qualifie d\u2019errone\u0301es, diffuse\u0301es re\u0301cemment dans certains me\u0301dias et sur les re\u0301seaux sociaux. Dans un communique\u0301 officiel publie\u0301 dont KOACI a rec\u0327u copie ce vendredi 24 avril 2026, l\u2019institution entend dissiper toute [&hellip;]<\/p>\n","protected":false},"author":82,"featured_media":115192,"comment_status":"open","ping_status":"closed","sticky":false,"template":"","format":"standard","meta":{"footnotes":""},"categories":[2,10],"tags":[1685,1433,29,12690,3958,7644],"class_list":["post-115193","post","type-post","status-publish","format-standard","has-post-thumbnail","hentry","category-politique","category-toutes-les-actualites","tag-cacao","tag-cafe","tag-cote-divoire","tag-dementi","tag-oia","tag-tension"],"yoast_head":"<!-- This site is optimized with the Yoast SEO Premium plugin v26.1 (Yoast SEO v27.0) - https:\/\/yoast.com\/product\/yoast-seo-premium-wordpress\/ -->\n<title>OIA D\u00e9ment Crise Dans Fili\u00e8re Caf\u00e9-Cacao - C\u00f4te d&#039;Ivoire<\/title>\n<meta name=\"description\" content=\"L\u2019Organisation Interprofessionnelle Agricole de la filie\u0300re cafe\u0301-cacao (OIA Cafe\u0301-Cacao) est sortie de son silence pour ...\" \/>\n<meta name=\"robots\" content=\"index, follow, max-snippet:-1, max-image-preview:large, max-video-preview:-1\" \/>\n<link rel=\"canonical\" href=\"https:\/\/www.africa-press.net\/cotedivoire\/politique\/oia-dement-crise-dans-filiere-cafe-cacao\" \/>\n<meta property=\"og:locale\" content=\"fr_FR\" \/>\n<meta property=\"og:type\" content=\"article\" \/>\n<meta property=\"og:title\" content=\"OIA D\u00e9ment Crise Dans Fili\u00e8re Caf\u00e9-Cacao\" \/>\n<meta property=\"og:description\" content=\"L\u2019Organisation Interprofessionnelle Agricole de la filie\u0300re cafe\u0301-cacao (OIA Cafe\u0301-Cacao) est sortie de son silence pour ...\" \/>\n<meta property=\"og:url\" content=\"https:\/\/www.africa-press.net\/cotedivoire\/politique\/oia-dement-crise-dans-filiere-cafe-cacao\" \/>\n<meta property=\"og:site_name\" content=\"C\u00f4te d&#039;Ivoire\" \/>\n<meta property=\"article:published_time\" content=\"2026-04-26T14:58:36+00:00\" \/>\n<meta property=\"article:modified_time\" content=\"2026-04-26T15:24:32+00:00\" \/>\n<meta property=\"og:image\" content=\"https:\/\/static.africa-press.net\/cote\/sites\/43\/2026\/04\/sm_1777204452.748144.jpg\" \/>\n\t<meta property=\"og:image:width\" content=\"720\" \/>\n\t<meta property=\"og:image:height\" content=\"480\" \/>\n\t<meta property=\"og:image:type\" content=\"image\/jpeg\" \/>\n<meta name=\"author\" content=\"cfeditorfr\" \/>\n<meta name=\"twitter:card\" content=\"summary_large_image\" \/>\n<meta name=\"twitter:label1\" content=\"\u00c9crit par\" \/>\n\t<meta name=\"twitter:data1\" content=\"cfeditorfr\" \/>\n\t<meta name=\"twitter:label2\" content=\"Dur\u00e9e de lecture estim\u00e9e\" \/>\n\t<meta name=\"twitter:data2\" content=\"3 minutes\" \/>\n<script type=\"application\/ld+json\" class=\"yoast-schema-graph\">{\"@context\":\"https:\/\/schema.org\",\"@graph\":[{\"@type\":\"Article\",\"@id\":\"https:\/\/www.africa-press.net\/cotedivoire\/politique\/oia-dement-crise-dans-filiere-cafe-cacao#article\",\"isPartOf\":{\"@id\":\"https:\/\/www.africa-press.net\/cotedivoire\/politique\/oia-dement-crise-dans-filiere-cafe-cacao\"},\"author\":{\"name\":\"cfeditorfr\",\"@id\":\"https:\/\/www.africa-press.net\/cotedivoire\/#\/schema\/person\/2b1cf3cd81a31e3cd26889ca66d677f1\"},\"headline\":\"OIA D\u00e9ment Crise Dans Fili\u00e8re Caf\u00e9-Cacao\",\"datePublished\":\"2026-04-26T14:58:36+00:00\",\"dateModified\":\"2026-04-26T15:24:32+00:00\",\"mainEntityOfPage\":{\"@id\":\"https:\/\/www.africa-press.net\/cotedivoire\/politique\/oia-dement-crise-dans-filiere-cafe-cacao\"},\"wordCount\":601,\"commentCount\":0,\"image\":{\"@id\":\"https:\/\/www.africa-press.net\/cotedivoire\/politique\/oia-dement-crise-dans-filiere-cafe-cacao#primaryimage\"},\"thumbnailUrl\":\"https:\/\/static.africa-press.net\/cote\/sites\/43\/2026\/04\/sm_1777204452.748144.jpg\",\"keywords\":[\"cacao\",\"caf\u00e9\",\"C\u00d4TE D'IVOIRE\",\"d\u00e9menti\",\"OIA\",\"tension\"],\"articleSection\":[\"Politique\",\"Toutes les actualit\u00e9s\"],\"inLanguage\":\"fr-FR\",\"potentialAction\":[{\"@type\":\"CommentAction\",\"name\":\"Comment\",\"target\":[\"https:\/\/www.africa-press.net\/cotedivoire\/politique\/oia-dement-crise-dans-filiere-cafe-cacao#respond\"]}]},{\"@type\":\"WebPage\",\"@id\":\"https:\/\/www.africa-press.net\/cotedivoire\/politique\/oia-dement-crise-dans-filiere-cafe-cacao\",\"url\":\"https:\/\/www.africa-press.net\/cotedivoire\/politique\/oia-dement-crise-dans-filiere-cafe-cacao\",\"name\":\"OIA D\u00e9ment Crise Dans Fili\u00e8re Caf\u00e9-Cacao - C\u00f4te d&#039;Ivoire\",\"isPartOf\":{\"@id\":\"https:\/\/www.africa-press.net\/cotedivoire\/#website\"},\"primaryImageOfPage\":{\"@id\":\"https:\/\/www.africa-press.net\/cotedivoire\/politique\/oia-dement-crise-dans-filiere-cafe-cacao#primaryimage\"},\"image\":{\"@id\":\"https:\/\/www.africa-press.net\/cotedivoire\/politique\/oia-dement-crise-dans-filiere-cafe-cacao#primaryimage\"},\"thumbnailUrl\":\"https:\/\/static.africa-press.net\/cote\/sites\/43\/2026\/04\/sm_1777204452.748144.jpg\",\"datePublished\":\"2026-04-26T14:58:36+00:00\",\"dateModified\":\"2026-04-26T15:24:32+00:00\",\"author\":{\"@id\":\"https:\/\/www.africa-press.net\/cotedivoire\/#\/schema\/person\/2b1cf3cd81a31e3cd26889ca66d677f1\"},\"description\":\"L\u2019Organisation Interprofessionnelle Agricole de la filie\u0300re cafe\u0301-cacao (OIA Cafe\u0301-Cacao) est sortie de son silence pour ...\",\"breadcrumb\":{\"@id\":\"https:\/\/www.africa-press.net\/cotedivoire\/politique\/oia-dement-crise-dans-filiere-cafe-cacao#breadcrumb\"},\"inLanguage\":\"fr-FR\",\"potentialAction\":[{\"@type\":\"ReadAction\",\"target\":[\"https:\/\/www.africa-press.net\/cotedivoire\/politique\/oia-dement-crise-dans-filiere-cafe-cacao\"]}]},{\"@type\":\"ImageObject\",\"inLanguage\":\"fr-FR\",\"@id\":\"https:\/\/www.africa-press.net\/cotedivoire\/politique\/oia-dement-crise-dans-filiere-cafe-cacao#primaryimage\",\"url\":\"https:\/\/static.africa-press.net\/cote\/sites\/43\/2026\/04\/sm_1777204452.748144.jpg\",\"contentUrl\":\"https:\/\/static.africa-press.net\/cote\/sites\/43\/2026\/04\/sm_1777204452.748144.jpg\",\"width\":720,\"height\":480,\"caption\":\"OIA D\u00e9ment Crise Dans Fili\u00e8re Caf\u00e9-Cacao\"},{\"@type\":\"BreadcrumbList\",\"@id\":\"https:\/\/www.africa-press.net\/cotedivoire\/politique\/oia-dement-crise-dans-filiere-cafe-cacao#breadcrumb\",\"itemListElement\":[{\"@type\":\"ListItem\",\"position\":1,\"name\":\"Accueil\",\"item\":\"https:\/\/www.africa-press.net\/cotedivoire\/\"},{\"@type\":\"ListItem\",\"position\":2,\"name\":\"OIA D\u00e9ment Crise Dans Fili\u00e8re Caf\u00e9-Cacao\"}]},{\"@type\":\"WebSite\",\"@id\":\"https:\/\/www.africa-press.net\/cotedivoire\/#website\",\"url\":\"https:\/\/www.africa-press.net\/cotedivoire\/\",\"name\":\"C\u00f4te d&#039;Ivoire\",\"description\":\"Just another Africa News Agency Sites site\",\"potentialAction\":[{\"@type\":\"SearchAction\",\"target\":{\"@type\":\"EntryPoint\",\"urlTemplate\":\"https:\/\/www.africa-press.net\/cotedivoire\/?s={search_term_string}\"},\"query-input\":{\"@type\":\"PropertyValueSpecification\",\"valueRequired\":true,\"valueName\":\"search_term_string\"}}],\"inLanguage\":\"fr-FR\"},{\"@type\":\"Person\",\"@id\":\"https:\/\/www.africa-press.net\/cotedivoire\/#\/schema\/person\/2b1cf3cd81a31e3cd26889ca66d677f1\",\"name\":\"cfeditorfr\"}]}<\/script>\n<!-- \/ Yoast SEO Premium plugin. -->","yoast_head_json":{"title":"OIA D\u00e9ment Crise Dans Fili\u00e8re Caf\u00e9-Cacao - C\u00f4te d&#039;Ivoire","description":"L\u2019Organisation Interprofessionnelle Agricole de la filie\u0300re cafe\u0301-cacao (OIA Cafe\u0301-Cacao) est sortie de son silence pour ...","robots":{"index":"index","follow":"follow","max-snippet":"max-snippet:-1","max-image-preview":"max-image-preview:large","max-video-preview":"max-video-preview:-1"},"canonical":"https:\/\/www.africa-press.net\/cotedivoire\/politique\/oia-dement-crise-dans-filiere-cafe-cacao","og_locale":"fr_FR","og_type":"article","og_title":"OIA D\u00e9ment Crise Dans Fili\u00e8re Caf\u00e9-Cacao","og_description":"L\u2019Organisation Interprofessionnelle Agricole de la filie\u0300re cafe\u0301-cacao (OIA Cafe\u0301-Cacao) est sortie de son silence pour ...","og_url":"https:\/\/www.africa-press.net\/cotedivoire\/politique\/oia-dement-crise-dans-filiere-cafe-cacao","og_site_name":"C\u00f4te d&#039;Ivoire","article_published_time":"2026-04-26T14:58:36+00:00","article_modified_time":"2026-04-26T15:24:32+00:00","og_image":[{"width":720,"height":480,"url":"https:\/\/static.africa-press.net\/cote\/sites\/43\/2026\/04\/sm_1777204452.748144.jpg","type":"image\/jpeg"}],"author":"cfeditorfr","twitter_card":"summary_large_image","twitter_misc":{"\u00c9crit par":"cfeditorfr","Dur\u00e9e de lecture estim\u00e9e":"3 minutes"},"schema":{"@context":"https:\/\/schema.org","@graph":[{"@type":"Article","@id":"https:\/\/www.africa-press.net\/cotedivoire\/politique\/oia-dement-crise-dans-filiere-cafe-cacao#article","isPartOf":{"@id":"https:\/\/www.africa-press.net\/cotedivoire\/politique\/oia-dement-crise-dans-filiere-cafe-cacao"},"author":{"name":"cfeditorfr","@id":"https:\/\/www.africa-press.net\/cotedivoire\/#\/schema\/person\/2b1cf3cd81a31e3cd26889ca66d677f1"},"headline":"OIA D\u00e9ment Crise Dans Fili\u00e8re Caf\u00e9-Cacao","datePublished":"2026-04-26T14:58:36+00:00","dateModified":"2026-04-26T15:24:32+00:00","mainEntityOfPage":{"@id":"https:\/\/www.africa-press.net\/cotedivoire\/politique\/oia-dement-crise-dans-filiere-cafe-cacao"},"wordCount":601,"commentCount":0,"image":{"@id":"https:\/\/www.africa-press.net\/cotedivoire\/politique\/oia-dement-crise-dans-filiere-cafe-cacao#primaryimage"},"thumbnailUrl":"https:\/\/static.africa-press.net\/cote\/sites\/43\/2026\/04\/sm_1777204452.748144.jpg","keywords":["cacao","caf\u00e9","C\u00d4TE D'IVOIRE","d\u00e9menti","OIA","tension"],"articleSection":["Politique","Toutes les actualit\u00e9s"],"inLanguage":"fr-FR","potentialAction":[{"@type":"CommentAction","name":"Comment","target":["https:\/\/www.africa-press.net\/cotedivoire\/politique\/oia-dement-crise-dans-filiere-cafe-cacao#respond"]}]},{"@type":"WebPage","@id":"https:\/\/www.africa-press.net\/cotedivoire\/politique\/oia-dement-crise-dans-filiere-cafe-cacao","url":"https:\/\/www.africa-press.net\/cotedivoire\/politique\/oia-dement-crise-dans-filiere-cafe-cacao","name":"OIA D\u00e9ment Crise Dans Fili\u00e8re Caf\u00e9-Cacao - C\u00f4te d&#039;Ivoire","isPartOf":{"@id":"https:\/\/www.africa-press.net\/cotedivoire\/#website"},"primaryImageOfPage":{"@id":"https:\/\/www.africa-press.net\/cotedivoire\/politique\/oia-dement-crise-dans-filiere-cafe-cacao#primaryimage"},"image":{"@id":"https:\/\/www.africa-press.net\/cotedivoire\/politique\/oia-dement-crise-dans-filiere-cafe-cacao#primaryimage"},"thumbnailUrl":"https:\/\/static.africa-press.net\/cote\/sites\/43\/2026\/04\/sm_1777204452.748144.jpg","datePublished":"2026-04-26T14:58:36+00:00","dateModified":"2026-04-26T15:24:32+00:00","author":{"@id":"https:\/\/www.africa-press.net\/cotedivoire\/#\/schema\/person\/2b1cf3cd81a31e3cd26889ca66d677f1"},"description":"L\u2019Organisation Interprofessionnelle Agricole de la filie\u0300re cafe\u0301-cacao (OIA Cafe\u0301-Cacao) est sortie de son silence pour ...","breadcrumb":{"@id":"https:\/\/www.africa-press.net\/cotedivoire\/politique\/oia-dement-crise-dans-filiere-cafe-cacao#breadcrumb"},"inLanguage":"fr-FR","potentialAction":[{"@type":"ReadAction","target":["https:\/\/www.africa-press.net\/cotedivoire\/politique\/oia-dement-crise-dans-filiere-cafe-cacao"]}]},{"@type":"ImageObject","inLanguage":"fr-FR","@id":"https:\/\/www.africa-press.net\/cotedivoire\/politique\/oia-dement-crise-dans-filiere-cafe-cacao#primaryimage","url":"https:\/\/static.africa-press.net\/cote\/sites\/43\/2026\/04\/sm_1777204452.748144.jpg","contentUrl":"https:\/\/static.africa-press.net\/cote\/sites\/43\/2026\/04\/sm_1777204452.748144.jpg","width":720,"height":480,"caption":"OIA D\u00e9ment Crise Dans Fili\u00e8re Caf\u00e9-Cacao"},{"@type":"BreadcrumbList","@id":"https:\/\/www.africa-press.net\/cotedivoire\/politique\/oia-dement-crise-dans-filiere-cafe-cacao#breadcrumb","itemListElement":[{"@type":"ListItem","position":1,"name":"Accueil","item":"https:\/\/www.africa-press.net\/cotedivoire\/"},{"@type":"ListItem","position":2,"name":"OIA D\u00e9ment Crise Dans Fili\u00e8re Caf\u00e9-Cacao"}]},{"@type":"WebSite","@id":"https:\/\/www.africa-press.net\/cotedivoire\/#website","url":"https:\/\/www.africa-press.net\/cotedivoire\/","name":"C\u00f4te d&#039;Ivoire","description":"Just another Africa News Agency Sites site","potentialAction":[{"@type":"SearchAction","target":{"@type":"EntryPoint","urlTemplate":"https:\/\/www.africa-press.net\/cotedivoire\/?s={search_term_string}"},"query-input":{"@type":"PropertyValueSpecification","valueRequired":true,"valueName":"search_term_string"}}],"inLanguage":"fr-FR"},{"@type":"Person","@id":"https:\/\/www.africa-press.net\/cotedivoire\/#\/schema\/person\/2b1cf3cd81a31e3cd26889ca66d677f1","name":"cfeditorfr"}]}},"_links":{"self":[{"href":"https:\/\/www.africa-press.net\/cotedivoire\/wp-json\/wp\/v2\/posts\/115193","targetHints":{"allow":["GET"]}}],"collection":[{"href":"https:\/\/www.africa-press.net\/cotedivoire\/wp-json\/wp\/v2\/posts"}],"about":[{"href":"https:\/\/www.africa-press.net\/cotedivoire\/wp-json\/wp\/v2\/types\/post"}],"author":[{"embeddable":true,"href":"https:\/\/www.africa-press.net\/cotedivoire\/wp-json\/wp\/v2\/users\/82"}],"replies":[{"embeddable":true,"href":"https:\/\/www.africa-press.net\/cotedivoire\/wp-json\/wp\/v2\/comments?post=115193"}],"version-history":[{"count":1,"href":"https:\/\/www.africa-press.net\/cotedivoire\/wp-json\/wp\/v2\/posts\/115193\/revisions"}],"predecessor-version":[{"id":115196,"href":"https:\/\/www.africa-press.net\/cotedivoire\/wp-json\/wp\/v2\/posts\/115193\/revisions\/115196"}],"wp:featuredmedia":[{"embeddable":true,"href":"https:\/\/www.africa-press.net\/cotedivoire\/wp-json\/wp\/v2\/media\/115192"}],"wp:attachment":[{"href":"https:\/\/www.africa-press.net\/cotedivoire\/wp-json\/wp\/v2\/media?parent=115193"}],"wp:term":[{"taxonomy":"category","embeddable":true,"href":"https:\/\/www.africa-press.net\/cotedivoire\/wp-json\/wp\/v2\/categories?post=115193"},{"taxonomy":"post_tag","embeddable":true,"href":"https:\/\/www.africa-press.net\/cotedivoire\/wp-json\/wp\/v2\/tags?post=115193"}],"curies":[{"name":"wp","href":"https:\/\/api.w.org\/{rel}","templated":true}]}}