{"id":115197,"date":"2026-04-26T14:58:49","date_gmt":"2026-04-26T14:58:49","guid":{"rendered":"https:\/\/www.africa-press.net\/cotedivoire\/politique\/incendie-a-tafire-resilience-pour-sauver-le-service-public"},"modified":"2026-04-26T15:24:48","modified_gmt":"2026-04-26T15:24:48","slug":"incendie-a-tafire-resilience-pour-sauver-le-service-public","status":"publish","type":"post","link":"https:\/\/www.africa-press.net\/cotedivoire\/toutes-les-actualites\/incendie-a-tafire-resilience-pour-sauver-le-service-public","title":{"rendered":"Incendie \u00e0 Tafir\u00e9 R\u00e9silience pour Sauver le Service Public"},"content":{"rendered":"<p><span style=\"color: #ff6600\"><strong>Africa-Press &#8211; C\u00f4te d&rsquo;Ivoire. <\/strong><\/span>C\u2019est dans une atmosphe\u0300re empreinte de tristesse et de recueillement que s\u2019est tenue, ce vendredi, une re\u0301union d\u2019information a\u0300 la mairie de Tafire\u0301, durement touche\u0301e par un incendie survenu dans la nuit de mardi a\u0300 mercredi. Pre\u0301side\u0301e par le maire Coulibaly Sounkalo, plus connu sous le nom de Charles Sanga, cette rencontre visait a\u0300 faire le point sur le sinistre et a\u0300 pre\u0301senter les mesures urgentes prises pour garantir la continuite\u0301 du service public.<\/p>\n<p>Autour de la table, conseillers municipaux, chefs de services et agents communaux affichaient des visages marque\u0301s par l\u2019e\u0301motion. Tous mesurent l\u2019ampleur des de\u0301ga\u0302ts cause\u0301s par le feu, qui a ravage\u0301 une partie importante du ba\u0302timent administratif et de\u0301truit de nombreux documents essentiels.<\/p>\n<p>Prenant la parole, le troisie\u0300me adjoint au maire, Ouattara Mohamed Zanga, a retrace\u0301 avec pre\u0301cision le de\u0301roulement des e\u0301ve\u0301nements. L\u2019incendie, dont l\u2019origine demeure pour l\u2019heure inconnue, s\u2019est de\u0301clare\u0301 aux environs de 2 heures du matin, alors qu\u2019une pluie menac\u0327ait. Les flammes ont rapidement gagne\u0301 en intensite\u0301, causant d\u2019importants de\u0301ga\u0302ts mate\u0301riels.<\/p>\n<p>Le secre\u0301tariat ge\u0301ne\u0301ral a e\u0301te\u0301 particulie\u0300rement touche\u0301, avec la perte de nombreuses archives administratives. \u00ab Tous les documents du secre\u0301tariat ge\u0301ne\u0301ral, y compris les archives, ont e\u0301te\u0301 consume\u0301s par les flammes \u00bb, avait de\u0301plore\u0301 le maire, encore sous le choc.<\/p>\n<p>Les bureaux du maire et de plusieurs conseillers municipaux figurent e\u0301galement parmi les espaces sinistre\u0301s, portant a\u0300 deux niveaux les parties du ba\u0302timent affecte\u0301es.<\/p>\n<p>Malgre\u0301 la gravite\u0301 de la situation, une intervention rapide a permis de sauver une partie des documents conserve\u0301s au rez-de-chausse\u0301e, avant que le feu ne se propage jusqu\u2019au service de l\u2019e\u0301tat civil. Un e\u0301le\u0301ment qui apporte une lueur d\u2019espoir dans ce contexte difficile.<\/p>\n<p>Face a\u0300 cette e\u0301preuve, les autorite\u0301s locales appellent a\u0300 la re\u0301silience. \u00ab Le feu est de\u0301vastateur, mais il peut aussi e\u0302tre source de renaissance \u00bb, a souligne\u0301 Ouattara Mohamed Zanga, invitant chacun a\u0300 garder espoir et a\u0300 croire en la capacite\u0301 de la commune a\u0300 se relever.<\/p>\n<p>Dans cette dynamique, des mesures concre\u0300tes ont e\u0301te\u0301 prises sans de\u0301lai. Sous l\u2019impulsion du maire Charles Sanga, les services municipaux ont e\u0301te\u0301 temporairement de\u0301localise\u0301s dans le qu enartier Kanakaha, au sein de ba\u0302timents initialement destine\u0301s a\u0300 accueillir la maison des retraite\u0301s. A\u0300 partir du lundi 27 avril 2026, de\u0300s 7h30, l\u2019ensemble des services devrait y e\u0302tre pleinement ope\u0301rationnel.<\/p>\n<p>Paralle\u0300lement, une enque\u0302te devrait e\u0302tre ouverte afin de de\u0301terminer les causes exactes de l\u2019incendie, aucune piste n\u2019e\u0301tant pour l\u2019instant privile\u0301gie\u0301e. Ce sinistre repre\u0301sente un coup dur pour l\u2019administration locale, notamment en raison de la perte d\u2019archives cruciales pour la gestion communale et les services aux populations. Toutefois, les autorite\u0301s entendent transformer cette e\u0301preuve en opportunite\u0301 de reconstruction et de modernisation.<\/p>\n<p><strong>Pour plus d&rsquo;informations et d&rsquo;analyses sur la <span style=\"color: #ff6600\">C\u00f4te d&rsquo;Ivoire<\/span>, suivez <span style=\"color: #ff6600\">Africa-Press<\/span><\/strong><\/p>\n","protected":false},"excerpt":{"rendered":"<p>Africa-Press &#8211; C\u00f4te d&rsquo;Ivoire. C\u2019est dans une atmosphe\u0300re empreinte de tristesse et de recueillement que s\u2019est tenue, ce vendredi, une re\u0301union d\u2019information a\u0300 la mairie de Tafire\u0301, durement touche\u0301e par un incendie survenu dans la nuit de mardi a\u0300 mercredi. Pre\u0301side\u0301e par le maire Coulibaly Sounkalo, plus connu sous le nom de Charles Sanga, cette [&hellip;]<\/p>\n","protected":false},"author":82,"featured_media":115195,"comment_status":"open","ping_status":"closed","sticky":false,"template":"","format":"standard","meta":{"footnotes":""},"categories":[21,10],"tags":[3072,20840,4710,29,20841,1306,7257,6774,698,13546,3201],"class_list":["post-115197","post","type-post","status-publish","format-standard","has-post-thumbnail","hentry","category-communaute","category-toutes-les-actualites","tag-administration","tag-archives","tag-charles-sanga","tag-cote-divoire","tag-detruites","tag-incendie","tag-ivoirienne","tag-locale","tag-mairie","tag-service-public","tag-tafire"],"yoast_head":"<!-- This site is optimized with the Yoast SEO Premium plugin v26.1 (Yoast SEO v27.0) - https:\/\/yoast.com\/product\/yoast-seo-premium-wordpress\/ -->\n<title>Incendie \u00e0 Tafir\u00e9 R\u00e9silience pour Sauver le Service Public - C\u00f4te d&#039;Ivoire<\/title>\n<meta name=\"description\" content=\"C\u2019est dans une atmosphe\u0300re empreinte de tristesse et de recueillement que s\u2019est tenue, ce vendredi, une re\u0301union d\u2019infor ...\" \/>\n<meta name=\"robots\" content=\"index, follow, max-snippet:-1, max-image-preview:large, max-video-preview:-1\" \/>\n<link rel=\"canonical\" href=\"https:\/\/www.africa-press.net\/cotedivoire\/toutes-les-actualites\/incendie-a-tafire-resilience-pour-sauver-le-service-public\" \/>\n<meta property=\"og:locale\" content=\"fr_FR\" \/>\n<meta property=\"og:type\" content=\"article\" \/>\n<meta property=\"og:title\" content=\"Incendie \u00e0 Tafir\u00e9 R\u00e9silience pour Sauver le Service Public\" \/>\n<meta property=\"og:description\" content=\"C\u2019est dans une atmosphe\u0300re empreinte de tristesse et de recueillement que s\u2019est tenue, ce vendredi, une re\u0301union d\u2019infor ...\" \/>\n<meta property=\"og:url\" content=\"https:\/\/www.africa-press.net\/cotedivoire\/toutes-les-actualites\/incendie-a-tafire-resilience-pour-sauver-le-service-public\" \/>\n<meta property=\"og:site_name\" content=\"C\u00f4te d&#039;Ivoire\" \/>\n<meta property=\"article:published_time\" content=\"2026-04-26T14:58:49+00:00\" \/>\n<meta property=\"article:modified_time\" content=\"2026-04-26T15:24:48+00:00\" \/>\n<meta property=\"og:image\" content=\"https:\/\/static.africa-press.net\/cote\/sites\/43\/2026\/04\/sm_1777204467.311542.jpg\" \/>\n\t<meta property=\"og:image:width\" content=\"720\" \/>\n\t<meta property=\"og:image:height\" content=\"319\" \/>\n\t<meta property=\"og:image:type\" content=\"image\/jpeg\" \/>\n<meta name=\"author\" content=\"cfeditorfr\" \/>\n<meta name=\"twitter:card\" content=\"summary_large_image\" \/>\n<meta name=\"twitter:label1\" content=\"\u00c9crit par\" \/>\n\t<meta name=\"twitter:data1\" content=\"cfeditorfr\" \/>\n\t<meta name=\"twitter:label2\" content=\"Dur\u00e9e de lecture estim\u00e9e\" \/>\n\t<meta name=\"twitter:data2\" content=\"3 minutes\" \/>\n<script type=\"application\/ld+json\" class=\"yoast-schema-graph\">{\"@context\":\"https:\/\/schema.org\",\"@graph\":[{\"@type\":\"Article\",\"@id\":\"https:\/\/www.africa-press.net\/cotedivoire\/toutes-les-actualites\/incendie-a-tafire-resilience-pour-sauver-le-service-public#article\",\"isPartOf\":{\"@id\":\"https:\/\/www.africa-press.net\/cotedivoire\/toutes-les-actualites\/incendie-a-tafire-resilience-pour-sauver-le-service-public\"},\"author\":{\"name\":\"cfeditorfr\",\"@id\":\"https:\/\/www.africa-press.net\/cotedivoire\/#\/schema\/person\/2b1cf3cd81a31e3cd26889ca66d677f1\"},\"headline\":\"Incendie \u00e0 Tafir\u00e9 R\u00e9silience pour Sauver le Service Public\",\"datePublished\":\"2026-04-26T14:58:49+00:00\",\"dateModified\":\"2026-04-26T15:24:48+00:00\",\"mainEntityOfPage\":{\"@id\":\"https:\/\/www.africa-press.net\/cotedivoire\/toutes-les-actualites\/incendie-a-tafire-resilience-pour-sauver-le-service-public\"},\"wordCount\":552,\"commentCount\":0,\"image\":{\"@id\":\"https:\/\/www.africa-press.net\/cotedivoire\/toutes-les-actualites\/incendie-a-tafire-resilience-pour-sauver-le-service-public#primaryimage\"},\"thumbnailUrl\":\"https:\/\/static.africa-press.net\/cote\/sites\/43\/2026\/04\/sm_1777204467.311542.jpg\",\"keywords\":[\"administration\",\"archives\",\"Charles Sanga\",\"C\u00d4TE D'IVOIRE\",\"d\u00e9truites\",\"incendie\",\"ivoirienne\",\"locale\",\"Mairie\",\"service public\",\"Tafir\u00e9\"],\"articleSection\":[\"Communaut\u00e9\",\"Toutes les actualit\u00e9s\"],\"inLanguage\":\"fr-FR\",\"potentialAction\":[{\"@type\":\"CommentAction\",\"name\":\"Comment\",\"target\":[\"https:\/\/www.africa-press.net\/cotedivoire\/toutes-les-actualites\/incendie-a-tafire-resilience-pour-sauver-le-service-public#respond\"]}]},{\"@type\":\"WebPage\",\"@id\":\"https:\/\/www.africa-press.net\/cotedivoire\/toutes-les-actualites\/incendie-a-tafire-resilience-pour-sauver-le-service-public\",\"url\":\"https:\/\/www.africa-press.net\/cotedivoire\/toutes-les-actualites\/incendie-a-tafire-resilience-pour-sauver-le-service-public\",\"name\":\"Incendie \u00e0 Tafir\u00e9 R\u00e9silience pour Sauver le Service Public - C\u00f4te d&#039;Ivoire\",\"isPartOf\":{\"@id\":\"https:\/\/www.africa-press.net\/cotedivoire\/#website\"},\"primaryImageOfPage\":{\"@id\":\"https:\/\/www.africa-press.net\/cotedivoire\/toutes-les-actualites\/incendie-a-tafire-resilience-pour-sauver-le-service-public#primaryimage\"},\"image\":{\"@id\":\"https:\/\/www.africa-press.net\/cotedivoire\/toutes-les-actualites\/incendie-a-tafire-resilience-pour-sauver-le-service-public#primaryimage\"},\"thumbnailUrl\":\"https:\/\/static.africa-press.net\/cote\/sites\/43\/2026\/04\/sm_1777204467.311542.jpg\",\"datePublished\":\"2026-04-26T14:58:49+00:00\",\"dateModified\":\"2026-04-26T15:24:48+00:00\",\"author\":{\"@id\":\"https:\/\/www.africa-press.net\/cotedivoire\/#\/schema\/person\/2b1cf3cd81a31e3cd26889ca66d677f1\"},\"description\":\"C\u2019est dans une atmosphe\u0300re empreinte de tristesse et de recueillement que s\u2019est tenue, ce vendredi, une re\u0301union d\u2019infor ...\",\"breadcrumb\":{\"@id\":\"https:\/\/www.africa-press.net\/cotedivoire\/toutes-les-actualites\/incendie-a-tafire-resilience-pour-sauver-le-service-public#breadcrumb\"},\"inLanguage\":\"fr-FR\",\"potentialAction\":[{\"@type\":\"ReadAction\",\"target\":[\"https:\/\/www.africa-press.net\/cotedivoire\/toutes-les-actualites\/incendie-a-tafire-resilience-pour-sauver-le-service-public\"]}]},{\"@type\":\"ImageObject\",\"inLanguage\":\"fr-FR\",\"@id\":\"https:\/\/www.africa-press.net\/cotedivoire\/toutes-les-actualites\/incendie-a-tafire-resilience-pour-sauver-le-service-public#primaryimage\",\"url\":\"https:\/\/static.africa-press.net\/cote\/sites\/43\/2026\/04\/sm_1777204467.311542.jpg\",\"contentUrl\":\"https:\/\/static.africa-press.net\/cote\/sites\/43\/2026\/04\/sm_1777204467.311542.jpg\",\"width\":720,\"height\":319,\"caption\":\"Incendie \u00e0 Tafir\u00e9 R\u00e9silience pour Sauver le Service Public\"},{\"@type\":\"BreadcrumbList\",\"@id\":\"https:\/\/www.africa-press.net\/cotedivoire\/toutes-les-actualites\/incendie-a-tafire-resilience-pour-sauver-le-service-public#breadcrumb\",\"itemListElement\":[{\"@type\":\"ListItem\",\"position\":1,\"name\":\"Accueil\",\"item\":\"https:\/\/www.africa-press.net\/cotedivoire\/\"},{\"@type\":\"ListItem\",\"position\":2,\"name\":\"Incendie \u00e0 Tafir\u00e9 R\u00e9silience pour Sauver le Service Public\"}]},{\"@type\":\"WebSite\",\"@id\":\"https:\/\/www.africa-press.net\/cotedivoire\/#website\",\"url\":\"https:\/\/www.africa-press.net\/cotedivoire\/\",\"name\":\"C\u00f4te d&#039;Ivoire\",\"description\":\"Just another Africa News Agency Sites site\",\"potentialAction\":[{\"@type\":\"SearchAction\",\"target\":{\"@type\":\"EntryPoint\",\"urlTemplate\":\"https:\/\/www.africa-press.net\/cotedivoire\/?s={search_term_string}\"},\"query-input\":{\"@type\":\"PropertyValueSpecification\",\"valueRequired\":true,\"valueName\":\"search_term_string\"}}],\"inLanguage\":\"fr-FR\"},{\"@type\":\"Person\",\"@id\":\"https:\/\/www.africa-press.net\/cotedivoire\/#\/schema\/person\/2b1cf3cd81a31e3cd26889ca66d677f1\",\"name\":\"cfeditorfr\"}]}<\/script>\n<!-- \/ Yoast SEO Premium plugin. -->","yoast_head_json":{"title":"Incendie \u00e0 Tafir\u00e9 R\u00e9silience pour Sauver le Service Public - C\u00f4te d&#039;Ivoire","description":"C\u2019est dans une atmosphe\u0300re empreinte de tristesse et de recueillement que s\u2019est tenue, ce vendredi, une re\u0301union d\u2019infor ...","robots":{"index":"index","follow":"follow","max-snippet":"max-snippet:-1","max-image-preview":"max-image-preview:large","max-video-preview":"max-video-preview:-1"},"canonical":"https:\/\/www.africa-press.net\/cotedivoire\/toutes-les-actualites\/incendie-a-tafire-resilience-pour-sauver-le-service-public","og_locale":"fr_FR","og_type":"article","og_title":"Incendie \u00e0 Tafir\u00e9 R\u00e9silience pour Sauver le Service Public","og_description":"C\u2019est dans une atmosphe\u0300re empreinte de tristesse et de recueillement que s\u2019est tenue, ce vendredi, une re\u0301union d\u2019infor ...","og_url":"https:\/\/www.africa-press.net\/cotedivoire\/toutes-les-actualites\/incendie-a-tafire-resilience-pour-sauver-le-service-public","og_site_name":"C\u00f4te d&#039;Ivoire","article_published_time":"2026-04-26T14:58:49+00:00","article_modified_time":"2026-04-26T15:24:48+00:00","og_image":[{"width":720,"height":319,"url":"https:\/\/static.africa-press.net\/cote\/sites\/43\/2026\/04\/sm_1777204467.311542.jpg","type":"image\/jpeg"}],"author":"cfeditorfr","twitter_card":"summary_large_image","twitter_misc":{"\u00c9crit par":"cfeditorfr","Dur\u00e9e de lecture estim\u00e9e":"3 minutes"},"schema":{"@context":"https:\/\/schema.org","@graph":[{"@type":"Article","@id":"https:\/\/www.africa-press.net\/cotedivoire\/toutes-les-actualites\/incendie-a-tafire-resilience-pour-sauver-le-service-public#article","isPartOf":{"@id":"https:\/\/www.africa-press.net\/cotedivoire\/toutes-les-actualites\/incendie-a-tafire-resilience-pour-sauver-le-service-public"},"author":{"name":"cfeditorfr","@id":"https:\/\/www.africa-press.net\/cotedivoire\/#\/schema\/person\/2b1cf3cd81a31e3cd26889ca66d677f1"},"headline":"Incendie \u00e0 Tafir\u00e9 R\u00e9silience pour Sauver le Service Public","datePublished":"2026-04-26T14:58:49+00:00","dateModified":"2026-04-26T15:24:48+00:00","mainEntityOfPage":{"@id":"https:\/\/www.africa-press.net\/cotedivoire\/toutes-les-actualites\/incendie-a-tafire-resilience-pour-sauver-le-service-public"},"wordCount":552,"commentCount":0,"image":{"@id":"https:\/\/www.africa-press.net\/cotedivoire\/toutes-les-actualites\/incendie-a-tafire-resilience-pour-sauver-le-service-public#primaryimage"},"thumbnailUrl":"https:\/\/static.africa-press.net\/cote\/sites\/43\/2026\/04\/sm_1777204467.311542.jpg","keywords":["administration","archives","Charles Sanga","C\u00d4TE D'IVOIRE","d\u00e9truites","incendie","ivoirienne","locale","Mairie","service public","Tafir\u00e9"],"articleSection":["Communaut\u00e9","Toutes les actualit\u00e9s"],"inLanguage":"fr-FR","potentialAction":[{"@type":"CommentAction","name":"Comment","target":["https:\/\/www.africa-press.net\/cotedivoire\/toutes-les-actualites\/incendie-a-tafire-resilience-pour-sauver-le-service-public#respond"]}]},{"@type":"WebPage","@id":"https:\/\/www.africa-press.net\/cotedivoire\/toutes-les-actualites\/incendie-a-tafire-resilience-pour-sauver-le-service-public","url":"https:\/\/www.africa-press.net\/cotedivoire\/toutes-les-actualites\/incendie-a-tafire-resilience-pour-sauver-le-service-public","name":"Incendie \u00e0 Tafir\u00e9 R\u00e9silience pour Sauver le Service Public - C\u00f4te d&#039;Ivoire","isPartOf":{"@id":"https:\/\/www.africa-press.net\/cotedivoire\/#website"},"primaryImageOfPage":{"@id":"https:\/\/www.africa-press.net\/cotedivoire\/toutes-les-actualites\/incendie-a-tafire-resilience-pour-sauver-le-service-public#primaryimage"},"image":{"@id":"https:\/\/www.africa-press.net\/cotedivoire\/toutes-les-actualites\/incendie-a-tafire-resilience-pour-sauver-le-service-public#primaryimage"},"thumbnailUrl":"https:\/\/static.africa-press.net\/cote\/sites\/43\/2026\/04\/sm_1777204467.311542.jpg","datePublished":"2026-04-26T14:58:49+00:00","dateModified":"2026-04-26T15:24:48+00:00","author":{"@id":"https:\/\/www.africa-press.net\/cotedivoire\/#\/schema\/person\/2b1cf3cd81a31e3cd26889ca66d677f1"},"description":"C\u2019est dans une atmosphe\u0300re empreinte de tristesse et de recueillement que s\u2019est tenue, ce vendredi, une re\u0301union d\u2019infor ...","breadcrumb":{"@id":"https:\/\/www.africa-press.net\/cotedivoire\/toutes-les-actualites\/incendie-a-tafire-resilience-pour-sauver-le-service-public#breadcrumb"},"inLanguage":"fr-FR","potentialAction":[{"@type":"ReadAction","target":["https:\/\/www.africa-press.net\/cotedivoire\/toutes-les-actualites\/incendie-a-tafire-resilience-pour-sauver-le-service-public"]}]},{"@type":"ImageObject","inLanguage":"fr-FR","@id":"https:\/\/www.africa-press.net\/cotedivoire\/toutes-les-actualites\/incendie-a-tafire-resilience-pour-sauver-le-service-public#primaryimage","url":"https:\/\/static.africa-press.net\/cote\/sites\/43\/2026\/04\/sm_1777204467.311542.jpg","contentUrl":"https:\/\/static.africa-press.net\/cote\/sites\/43\/2026\/04\/sm_1777204467.311542.jpg","width":720,"height":319,"caption":"Incendie \u00e0 Tafir\u00e9 R\u00e9silience pour Sauver le Service Public"},{"@type":"BreadcrumbList","@id":"https:\/\/www.africa-press.net\/cotedivoire\/toutes-les-actualites\/incendie-a-tafire-resilience-pour-sauver-le-service-public#breadcrumb","itemListElement":[{"@type":"ListItem","position":1,"name":"Accueil","item":"https:\/\/www.africa-press.net\/cotedivoire\/"},{"@type":"ListItem","position":2,"name":"Incendie \u00e0 Tafir\u00e9 R\u00e9silience pour Sauver le Service Public"}]},{"@type":"WebSite","@id":"https:\/\/www.africa-press.net\/cotedivoire\/#website","url":"https:\/\/www.africa-press.net\/cotedivoire\/","name":"C\u00f4te d&#039;Ivoire","description":"Just another Africa News Agency Sites site","potentialAction":[{"@type":"SearchAction","target":{"@type":"EntryPoint","urlTemplate":"https:\/\/www.africa-press.net\/cotedivoire\/?s={search_term_string}"},"query-input":{"@type":"PropertyValueSpecification","valueRequired":true,"valueName":"search_term_string"}}],"inLanguage":"fr-FR"},{"@type":"Person","@id":"https:\/\/www.africa-press.net\/cotedivoire\/#\/schema\/person\/2b1cf3cd81a31e3cd26889ca66d677f1","name":"cfeditorfr"}]}},"_links":{"self":[{"href":"https:\/\/www.africa-press.net\/cotedivoire\/wp-json\/wp\/v2\/posts\/115197","targetHints":{"allow":["GET"]}}],"collection":[{"href":"https:\/\/www.africa-press.net\/cotedivoire\/wp-json\/wp\/v2\/posts"}],"about":[{"href":"https:\/\/www.africa-press.net\/cotedivoire\/wp-json\/wp\/v2\/types\/post"}],"author":[{"embeddable":true,"href":"https:\/\/www.africa-press.net\/cotedivoire\/wp-json\/wp\/v2\/users\/82"}],"replies":[{"embeddable":true,"href":"https:\/\/www.africa-press.net\/cotedivoire\/wp-json\/wp\/v2\/comments?post=115197"}],"version-history":[{"count":1,"href":"https:\/\/www.africa-press.net\/cotedivoire\/wp-json\/wp\/v2\/posts\/115197\/revisions"}],"predecessor-version":[{"id":115199,"href":"https:\/\/www.africa-press.net\/cotedivoire\/wp-json\/wp\/v2\/posts\/115197\/revisions\/115199"}],"wp:featuredmedia":[{"embeddable":true,"href":"https:\/\/www.africa-press.net\/cotedivoire\/wp-json\/wp\/v2\/media\/115195"}],"wp:attachment":[{"href":"https:\/\/www.africa-press.net\/cotedivoire\/wp-json\/wp\/v2\/media?parent=115197"}],"wp:term":[{"taxonomy":"category","embeddable":true,"href":"https:\/\/www.africa-press.net\/cotedivoire\/wp-json\/wp\/v2\/categories?post=115197"},{"taxonomy":"post_tag","embeddable":true,"href":"https:\/\/www.africa-press.net\/cotedivoire\/wp-json\/wp\/v2\/tags?post=115197"}],"curies":[{"name":"wp","href":"https:\/\/api.w.org\/{rel}","templated":true}]}}