{"id":115200,"date":"2026-04-26T15:00:25","date_gmt":"2026-04-26T15:00:25","guid":{"rendered":"https:\/\/www.africa-press.net\/cotedivoire\/politique\/chute-du-paludisme-elimination-visee-dici-2030"},"modified":"2026-04-26T15:25:09","modified_gmt":"2026-04-26T15:25:09","slug":"chute-du-paludisme-elimination-visee-dici-2030","status":"publish","type":"post","link":"https:\/\/www.africa-press.net\/cotedivoire\/toutes-les-actualites\/chute-du-paludisme-elimination-visee-dici-2030","title":{"rendered":"Chute du Paludisme, \u00c9limination Vis\u00e9e d&rsquo;Ici 2030"},"content":{"rendered":"<p><span style=\"color: #ff6600\"><strong>Africa-Press &#8211; C\u00f4te d&rsquo;Ivoire. <\/strong><\/span>Le Ministe\u0300re de la Sante\u0301, de l\u2019Hygie\u0300ne publique et de la Couverture maladie universelle (MSHPCMU), a\u0300 travers le Programme national de lutte contre le paludisme (PNLP), a organise\u0301 la ce\u0301le\u0301bration officielle de la Journe\u0301e mondiale de lutte contre le paludisme (JMP).<\/p>\n<p>La commune d\u2019Anyama a accueilli cette ce\u0301re\u0301monie dans une ambiance marque\u0301e par une forte mobilisation des autorite\u0301s administratives, sanitaires, des partenaires techniques et financiers, ainsi que des populations locales, dans le village d\u2019Anyama-Adjame\u0301. Au c\u0153ur des interventions, le message du ministre de la Sante\u0301 s\u2019est impose\u0301 comme un appel solennel a\u0300 un sursaut collectif pour e\u0301radiquer cette maladie d\u2019ici 2030.<\/p>\n<p>Dans un discours engage\u0301 et pe\u0301dagogique, le ministre a insiste\u0301 sur la ne\u0301cessite\u0301 de passer d\u2019une logique de contro\u0302le a\u0300 une logique d\u2019e\u0301limination du paludisme. S\u2019appuyant sur les donne\u0301es re\u0301centes de l\u2019Organisation mondiale de la sante\u0301 (OMS), il a rappele\u0301 que la maladie demeure un fle\u0301au mondial, avec plus de 282 millions de cas et environ 610 000 de\u0301ce\u0300s enregistre\u0301s en 2024, principalement en Afrique subsaharienne.<\/p>\n<p>En Co\u0302te d\u2019Ivoire, le constat reste pre\u0301occupant: \u00ab Le paludisme repre\u0301sente pre\u0300s d\u2019un tiers des motifs de consultation dans nos structures sanitaires et constitue la premie\u0300re cause de morbidite\u0301 chez les enfants de moins de cinq ans \u00bb, a-t-il souligne\u0301.<\/p>\n<p>Cependant, des progre\u0300s notables ont e\u0301te\u0301 enregistre\u0301s ces dernie\u0300res anne\u0301es. Le nombre de de\u0301ce\u0300s est passe\u0301 de 1 534 en 2022 a\u0300 127 en 2025, gra\u0302ce notamment a\u0300 l\u2019ame\u0301lioration du taux d\u2019utilisation des moustiquaires impre\u0301gne\u0301es, qui atteint de\u0301sormais 91%.<\/p>\n<p>Face a\u0300 ces avance\u0301es, le ministre s\u2019est voulu re\u0301solument optimiste: \u00ab Oui, nous pouvons e\u0301liminer le paludisme si chaque citoyen s\u2019engage. \u00bb<\/p>\n<p>Il a appele\u0301 les populations a\u0300 adopter des comportements simples mais de\u0301terminants: utilisation syste\u0301matique des moustiquaires, assainissement du cadre de vie, e\u0301limination des eaux stagnantes et recours rapide aux structures de sante\u0301 en cas de sympto\u0302mes.<\/p>\n<p>L\u2019introduction du vaccin antipaludique depuis 2025, la chimiopre\u0301vention saisonnie\u0300re pour plus de trois millions d\u2019enfants chaque anne\u0301e et les traitements pre\u0301ventifs pour les femmes enceintes figurent parmi les strate\u0301gies cle\u0301s mises en avant.<\/p>\n<p>Le choix d\u2019Anyama pour abriter cette ce\u0301re\u0301monie n\u2019est pas anodin. Selon le ministre, la commune pre\u0301sente des caracte\u0301ristiques typiques de nombreuses zones a\u0300 risque, avec des environnements favorables a\u0300 la prolife\u0301ration des moustiques.<\/p>\n<p>Il a salue\u0301 le leadership de la maire, Fatim Bamba, qui a fait de 2026 \u00ab l\u2019anne\u0301e de l\u2019assainissement \u00bb dans la commune, une initiative juge\u0301e essentielle dans la lutte contre la maladie.<\/p>\n<p>\u00ab Nous devons transformer durablement notre environnement pour vaincre le paludisme \u00bb, a-t-il insiste\u0301, invitant les populations a\u0300 devenir de ve\u0301ritables \u00ab ambassadeurs \u00bb de cette lutte.<\/p>\n<p>En marge de la ce\u0301re\u0301monie, plusieurs actions ont e\u0301te\u0301 mene\u0301es pour renforcer le dispositif sanitaire. Des ve\u0301hicules ont e\u0301te\u0301 remis a\u0300 plusieurs districts sanitaires, notamment ceux de Guitry, Se\u0301gue\u0301la, Grand-Lahou, Anyama, Dimbokro, Yamoussoukro et Vavoua. Par ailleurs, 60 centres de sante\u0301 ont e\u0301te\u0301 dote\u0301s de microscopes afin d\u2019ame\u0301liorer le diagnostic et la prise en charge des cas de paludisme.<\/p>\n<p>Les partenaires techniques et financiers ont salue\u0301 les efforts du pays, notamment sa capacite\u0301 a\u0300 honorer ses engagements de cofinancement avec le Fonds mondial.<\/p>\n<p>\u00ab Dans plusieurs pays, cette contribution pose proble\u0300me. En Co\u0302te d\u2019Ivoire, un me\u0301canisme efficace a e\u0301te\u0301 mis en place et fonctionne \u00bb, a souligne\u0301 Lucien Alexis Manga.<\/p>\n<p>Autre avance\u0301e majeure: la mise a\u0300 jour du profil entomologique du pays, essentielle pour adapter les strate\u0301gies de lutte en fonction des re\u0301alite\u0301s locales. Une de\u0301marche qui illustre la volonte\u0301 d\u2019appuyer les de\u0301cisions sur des donne\u0301es scientifiques actualise\u0301es.<\/p>\n<p>Le ministre a e\u0301galement mis en avant les impacts e\u0301conomiques du paludisme, soulignant qu\u2019il pe\u0300se lourdement sur la productivite\u0301 et le syste\u0300me de sante\u0301.<\/p>\n<p>\u00ab E\u0301liminer le paludisme, c\u2019est libe\u0301rer des ressources importantes pour le de\u0301veloppement du pays \u00bb, a-t-il affirme\u0301, e\u0301voquant un budget national de la sante\u0301 avoisinant les 1 000 milliards de francs CFA.<\/p>\n<p>Il a ainsi appele\u0301 a\u0300 un \u00ab sursaut patriotique \u00bb et a\u0300 une mobilisation de tous les acteurs: autorite\u0301s locales, leaders communautaires, socie\u0301te\u0301 civile et citoyens.<\/p>\n<p>Des chefs traditionnels aux e\u0301lus locaux, en passant par les partenaires internationaux, tous ont converge\u0301 vers un me\u0302me message: la lutte contre le paludisme passe par l\u2019implication de chacun.<\/p>\n<p>Le chef du village d\u2019Anyama-Adjame\u0301 a exhorte\u0301 les populations a\u0300 adopter des gestes simples mais essentiels, tandis que la maire a plaide\u0301 pour un accompagnement accru de l\u2019E\u0301tat afin de renforcer les actions d\u2019assainissement.<\/p>\n<p>En conclusion, le ministre a re\u0301affirme\u0301 l\u2019engagement du gouvernement a\u0300 mobiliser toutes les ressources ne\u0301cessaires pour atteindre l\u2019objectif d\u2019une Co\u0302te d\u2019Ivoire sans paludisme.<\/p>\n<p>\u00ab Ze\u0301ro paludisme en Co\u0302te d\u2019Ivoire, c\u2019est possible. Mais cela de\u0301pend de notre engagement collectif \u00bb, a-t-il martele\u0301.<\/p>\n<p>A\u0300 Anyama-Adjame\u0301, le message est de\u0301sormais lance\u0301. Reste a\u0300 savoir si cette mobilisation marquera le tournant de\u0301cisif tant attendu dans la lutte contre l\u2019un des principaux de\u0301fis sanitaires du pays.<\/p>\n<p><strong>Pour plus d&rsquo;informations et d&rsquo;analyses sur la <span style=\"color: #ff6600\">C\u00f4te d&rsquo;Ivoire<\/span>, suivez <span style=\"color: #ff6600\">Africa-Press<\/span><\/strong><\/p>\n","protected":false},"excerpt":{"rendered":"<p>Africa-Press &#8211; C\u00f4te d&rsquo;Ivoire. Le Ministe\u0300re de la Sante\u0301, de l\u2019Hygie\u0300ne publique et de la Couverture maladie universelle (MSHPCMU), a\u0300 travers le Programme national de lutte contre le paludisme (PNLP), a organise\u0301 la ce\u0301le\u0301bration officielle de la Journe\u0301e mondiale de lutte contre le paludisme (JMP). La commune d\u2019Anyama a accueilli cette ce\u0301re\u0301monie dans une ambiance [&hellip;]<\/p>\n","protected":false},"author":82,"featured_media":115198,"comment_status":"open","ping_status":"closed","sticky":false,"template":"","format":"standard","meta":{"footnotes":""},"categories":[21,10],"tags":[35,504,29,20842,414,110,20843,4520,18648],"class_list":["post-115200","post","type-post","status-publish","format-standard","has-post-thumbnail","hentry","category-communaute","category-toutes-les-actualites","tag-afrique","tag-anyama","tag-cote-divoire","tag-fonds-mondial","tag-oms","tag-paludisme","tag-pnlp","tag-prevention","tag-sante-publique"],"yoast_head":"<!-- This site is optimized with the Yoast SEO Premium plugin v26.1 (Yoast SEO v27.0) - https:\/\/yoast.com\/product\/yoast-seo-premium-wordpress\/ -->\n<title>Chute du Paludisme, \u00c9limination Vis\u00e9e d&#039;Ici 2030 - C\u00f4te d&#039;Ivoire<\/title>\n<meta name=\"description\" content=\"Le Ministe\u0300re de la Sante\u0301, de l\u2019Hygie\u0300ne publique et de la Couverture maladie universelle (MSHPCMU), a\u0300 travers le Prog ...\" \/>\n<meta name=\"robots\" content=\"index, follow, max-snippet:-1, max-image-preview:large, max-video-preview:-1\" \/>\n<link rel=\"canonical\" href=\"https:\/\/www.africa-press.net\/cotedivoire\/toutes-les-actualites\/chute-du-paludisme-elimination-visee-dici-2030\" \/>\n<meta property=\"og:locale\" content=\"fr_FR\" \/>\n<meta property=\"og:type\" content=\"article\" \/>\n<meta property=\"og:title\" content=\"Chute du Paludisme, \u00c9limination Vis\u00e9e d&#039;Ici 2030\" \/>\n<meta property=\"og:description\" content=\"Le Ministe\u0300re de la Sante\u0301, de l\u2019Hygie\u0300ne publique et de la Couverture maladie universelle (MSHPCMU), a\u0300 travers le Prog ...\" \/>\n<meta property=\"og:url\" content=\"https:\/\/www.africa-press.net\/cotedivoire\/toutes-les-actualites\/chute-du-paludisme-elimination-visee-dici-2030\" \/>\n<meta property=\"og:site_name\" content=\"C\u00f4te d&#039;Ivoire\" \/>\n<meta property=\"article:published_time\" content=\"2026-04-26T15:00:25+00:00\" \/>\n<meta property=\"article:modified_time\" content=\"2026-04-26T15:25:09+00:00\" \/>\n<meta property=\"og:image\" content=\"https:\/\/static.africa-press.net\/cote\/sites\/43\/2026\/04\/sm_1777204485.051203.jpg\" \/>\n\t<meta property=\"og:image:width\" content=\"720\" \/>\n\t<meta property=\"og:image:height\" content=\"420\" \/>\n\t<meta property=\"og:image:type\" content=\"image\/jpeg\" \/>\n<meta name=\"author\" content=\"cfeditorfr\" \/>\n<meta name=\"twitter:card\" content=\"summary_large_image\" \/>\n<meta name=\"twitter:label1\" content=\"\u00c9crit par\" \/>\n\t<meta name=\"twitter:data1\" content=\"cfeditorfr\" \/>\n\t<meta name=\"twitter:label2\" content=\"Dur\u00e9e de lecture estim\u00e9e\" \/>\n\t<meta name=\"twitter:data2\" content=\"5 minutes\" \/>\n<script type=\"application\/ld+json\" class=\"yoast-schema-graph\">{\"@context\":\"https:\/\/schema.org\",\"@graph\":[{\"@type\":\"Article\",\"@id\":\"https:\/\/www.africa-press.net\/cotedivoire\/toutes-les-actualites\/chute-du-paludisme-elimination-visee-dici-2030#article\",\"isPartOf\":{\"@id\":\"https:\/\/www.africa-press.net\/cotedivoire\/toutes-les-actualites\/chute-du-paludisme-elimination-visee-dici-2030\"},\"author\":{\"name\":\"cfeditorfr\",\"@id\":\"https:\/\/www.africa-press.net\/cotedivoire\/#\/schema\/person\/2b1cf3cd81a31e3cd26889ca66d677f1\"},\"headline\":\"Chute du Paludisme, \u00c9limination Vis\u00e9e d&rsquo;Ici 2030\",\"datePublished\":\"2026-04-26T15:00:25+00:00\",\"dateModified\":\"2026-04-26T15:25:09+00:00\",\"mainEntityOfPage\":{\"@id\":\"https:\/\/www.africa-press.net\/cotedivoire\/toutes-les-actualites\/chute-du-paludisme-elimination-visee-dici-2030\"},\"wordCount\":930,\"commentCount\":0,\"image\":{\"@id\":\"https:\/\/www.africa-press.net\/cotedivoire\/toutes-les-actualites\/chute-du-paludisme-elimination-visee-dici-2030#primaryimage\"},\"thumbnailUrl\":\"https:\/\/static.africa-press.net\/cote\/sites\/43\/2026\/04\/sm_1777204485.051203.jpg\",\"keywords\":[\"Afrique\",\"Anyama\",\"C\u00d4TE D'IVOIRE\",\"Fonds mondial\",\"OMS\",\"Paludisme\",\"PNLP\",\"pr\u00e9vention\",\"sant\u00e9 publique\"],\"articleSection\":[\"Communaut\u00e9\",\"Toutes les actualit\u00e9s\"],\"inLanguage\":\"fr-FR\",\"potentialAction\":[{\"@type\":\"CommentAction\",\"name\":\"Comment\",\"target\":[\"https:\/\/www.africa-press.net\/cotedivoire\/toutes-les-actualites\/chute-du-paludisme-elimination-visee-dici-2030#respond\"]}]},{\"@type\":\"WebPage\",\"@id\":\"https:\/\/www.africa-press.net\/cotedivoire\/toutes-les-actualites\/chute-du-paludisme-elimination-visee-dici-2030\",\"url\":\"https:\/\/www.africa-press.net\/cotedivoire\/toutes-les-actualites\/chute-du-paludisme-elimination-visee-dici-2030\",\"name\":\"Chute du Paludisme, \u00c9limination Vis\u00e9e d'Ici 2030 - C\u00f4te d&#039;Ivoire\",\"isPartOf\":{\"@id\":\"https:\/\/www.africa-press.net\/cotedivoire\/#website\"},\"primaryImageOfPage\":{\"@id\":\"https:\/\/www.africa-press.net\/cotedivoire\/toutes-les-actualites\/chute-du-paludisme-elimination-visee-dici-2030#primaryimage\"},\"image\":{\"@id\":\"https:\/\/www.africa-press.net\/cotedivoire\/toutes-les-actualites\/chute-du-paludisme-elimination-visee-dici-2030#primaryimage\"},\"thumbnailUrl\":\"https:\/\/static.africa-press.net\/cote\/sites\/43\/2026\/04\/sm_1777204485.051203.jpg\",\"datePublished\":\"2026-04-26T15:00:25+00:00\",\"dateModified\":\"2026-04-26T15:25:09+00:00\",\"author\":{\"@id\":\"https:\/\/www.africa-press.net\/cotedivoire\/#\/schema\/person\/2b1cf3cd81a31e3cd26889ca66d677f1\"},\"description\":\"Le Ministe\u0300re de la Sante\u0301, de l\u2019Hygie\u0300ne publique et de la Couverture maladie universelle (MSHPCMU), a\u0300 travers le Prog ...\",\"breadcrumb\":{\"@id\":\"https:\/\/www.africa-press.net\/cotedivoire\/toutes-les-actualites\/chute-du-paludisme-elimination-visee-dici-2030#breadcrumb\"},\"inLanguage\":\"fr-FR\",\"potentialAction\":[{\"@type\":\"ReadAction\",\"target\":[\"https:\/\/www.africa-press.net\/cotedivoire\/toutes-les-actualites\/chute-du-paludisme-elimination-visee-dici-2030\"]}]},{\"@type\":\"ImageObject\",\"inLanguage\":\"fr-FR\",\"@id\":\"https:\/\/www.africa-press.net\/cotedivoire\/toutes-les-actualites\/chute-du-paludisme-elimination-visee-dici-2030#primaryimage\",\"url\":\"https:\/\/static.africa-press.net\/cote\/sites\/43\/2026\/04\/sm_1777204485.051203.jpg\",\"contentUrl\":\"https:\/\/static.africa-press.net\/cote\/sites\/43\/2026\/04\/sm_1777204485.051203.jpg\",\"width\":720,\"height\":420,\"caption\":\"Chute du Paludisme, \u00c9limination Vis\u00e9e d'Ici 2030\"},{\"@type\":\"BreadcrumbList\",\"@id\":\"https:\/\/www.africa-press.net\/cotedivoire\/toutes-les-actualites\/chute-du-paludisme-elimination-visee-dici-2030#breadcrumb\",\"itemListElement\":[{\"@type\":\"ListItem\",\"position\":1,\"name\":\"Accueil\",\"item\":\"https:\/\/www.africa-press.net\/cotedivoire\/\"},{\"@type\":\"ListItem\",\"position\":2,\"name\":\"Chute du Paludisme, \u00c9limination Vis\u00e9e d&#8217;Ici 2030\"}]},{\"@type\":\"WebSite\",\"@id\":\"https:\/\/www.africa-press.net\/cotedivoire\/#website\",\"url\":\"https:\/\/www.africa-press.net\/cotedivoire\/\",\"name\":\"C\u00f4te d&#039;Ivoire\",\"description\":\"Just another Africa News Agency Sites site\",\"potentialAction\":[{\"@type\":\"SearchAction\",\"target\":{\"@type\":\"EntryPoint\",\"urlTemplate\":\"https:\/\/www.africa-press.net\/cotedivoire\/?s={search_term_string}\"},\"query-input\":{\"@type\":\"PropertyValueSpecification\",\"valueRequired\":true,\"valueName\":\"search_term_string\"}}],\"inLanguage\":\"fr-FR\"},{\"@type\":\"Person\",\"@id\":\"https:\/\/www.africa-press.net\/cotedivoire\/#\/schema\/person\/2b1cf3cd81a31e3cd26889ca66d677f1\",\"name\":\"cfeditorfr\"}]}<\/script>\n<!-- \/ Yoast SEO Premium plugin. -->","yoast_head_json":{"title":"Chute du Paludisme, \u00c9limination Vis\u00e9e d'Ici 2030 - C\u00f4te d&#039;Ivoire","description":"Le Ministe\u0300re de la Sante\u0301, de l\u2019Hygie\u0300ne publique et de la Couverture maladie universelle (MSHPCMU), a\u0300 travers le Prog ...","robots":{"index":"index","follow":"follow","max-snippet":"max-snippet:-1","max-image-preview":"max-image-preview:large","max-video-preview":"max-video-preview:-1"},"canonical":"https:\/\/www.africa-press.net\/cotedivoire\/toutes-les-actualites\/chute-du-paludisme-elimination-visee-dici-2030","og_locale":"fr_FR","og_type":"article","og_title":"Chute du Paludisme, \u00c9limination Vis\u00e9e d'Ici 2030","og_description":"Le Ministe\u0300re de la Sante\u0301, de l\u2019Hygie\u0300ne publique et de la Couverture maladie universelle (MSHPCMU), a\u0300 travers le Prog ...","og_url":"https:\/\/www.africa-press.net\/cotedivoire\/toutes-les-actualites\/chute-du-paludisme-elimination-visee-dici-2030","og_site_name":"C\u00f4te d&#039;Ivoire","article_published_time":"2026-04-26T15:00:25+00:00","article_modified_time":"2026-04-26T15:25:09+00:00","og_image":[{"width":720,"height":420,"url":"https:\/\/static.africa-press.net\/cote\/sites\/43\/2026\/04\/sm_1777204485.051203.jpg","type":"image\/jpeg"}],"author":"cfeditorfr","twitter_card":"summary_large_image","twitter_misc":{"\u00c9crit par":"cfeditorfr","Dur\u00e9e de lecture estim\u00e9e":"5 minutes"},"schema":{"@context":"https:\/\/schema.org","@graph":[{"@type":"Article","@id":"https:\/\/www.africa-press.net\/cotedivoire\/toutes-les-actualites\/chute-du-paludisme-elimination-visee-dici-2030#article","isPartOf":{"@id":"https:\/\/www.africa-press.net\/cotedivoire\/toutes-les-actualites\/chute-du-paludisme-elimination-visee-dici-2030"},"author":{"name":"cfeditorfr","@id":"https:\/\/www.africa-press.net\/cotedivoire\/#\/schema\/person\/2b1cf3cd81a31e3cd26889ca66d677f1"},"headline":"Chute du Paludisme, \u00c9limination Vis\u00e9e d&rsquo;Ici 2030","datePublished":"2026-04-26T15:00:25+00:00","dateModified":"2026-04-26T15:25:09+00:00","mainEntityOfPage":{"@id":"https:\/\/www.africa-press.net\/cotedivoire\/toutes-les-actualites\/chute-du-paludisme-elimination-visee-dici-2030"},"wordCount":930,"commentCount":0,"image":{"@id":"https:\/\/www.africa-press.net\/cotedivoire\/toutes-les-actualites\/chute-du-paludisme-elimination-visee-dici-2030#primaryimage"},"thumbnailUrl":"https:\/\/static.africa-press.net\/cote\/sites\/43\/2026\/04\/sm_1777204485.051203.jpg","keywords":["Afrique","Anyama","C\u00d4TE D'IVOIRE","Fonds mondial","OMS","Paludisme","PNLP","pr\u00e9vention","sant\u00e9 publique"],"articleSection":["Communaut\u00e9","Toutes les actualit\u00e9s"],"inLanguage":"fr-FR","potentialAction":[{"@type":"CommentAction","name":"Comment","target":["https:\/\/www.africa-press.net\/cotedivoire\/toutes-les-actualites\/chute-du-paludisme-elimination-visee-dici-2030#respond"]}]},{"@type":"WebPage","@id":"https:\/\/www.africa-press.net\/cotedivoire\/toutes-les-actualites\/chute-du-paludisme-elimination-visee-dici-2030","url":"https:\/\/www.africa-press.net\/cotedivoire\/toutes-les-actualites\/chute-du-paludisme-elimination-visee-dici-2030","name":"Chute du Paludisme, \u00c9limination Vis\u00e9e d'Ici 2030 - C\u00f4te d&#039;Ivoire","isPartOf":{"@id":"https:\/\/www.africa-press.net\/cotedivoire\/#website"},"primaryImageOfPage":{"@id":"https:\/\/www.africa-press.net\/cotedivoire\/toutes-les-actualites\/chute-du-paludisme-elimination-visee-dici-2030#primaryimage"},"image":{"@id":"https:\/\/www.africa-press.net\/cotedivoire\/toutes-les-actualites\/chute-du-paludisme-elimination-visee-dici-2030#primaryimage"},"thumbnailUrl":"https:\/\/static.africa-press.net\/cote\/sites\/43\/2026\/04\/sm_1777204485.051203.jpg","datePublished":"2026-04-26T15:00:25+00:00","dateModified":"2026-04-26T15:25:09+00:00","author":{"@id":"https:\/\/www.africa-press.net\/cotedivoire\/#\/schema\/person\/2b1cf3cd81a31e3cd26889ca66d677f1"},"description":"Le Ministe\u0300re de la Sante\u0301, de l\u2019Hygie\u0300ne publique et de la Couverture maladie universelle (MSHPCMU), a\u0300 travers le Prog ...","breadcrumb":{"@id":"https:\/\/www.africa-press.net\/cotedivoire\/toutes-les-actualites\/chute-du-paludisme-elimination-visee-dici-2030#breadcrumb"},"inLanguage":"fr-FR","potentialAction":[{"@type":"ReadAction","target":["https:\/\/www.africa-press.net\/cotedivoire\/toutes-les-actualites\/chute-du-paludisme-elimination-visee-dici-2030"]}]},{"@type":"ImageObject","inLanguage":"fr-FR","@id":"https:\/\/www.africa-press.net\/cotedivoire\/toutes-les-actualites\/chute-du-paludisme-elimination-visee-dici-2030#primaryimage","url":"https:\/\/static.africa-press.net\/cote\/sites\/43\/2026\/04\/sm_1777204485.051203.jpg","contentUrl":"https:\/\/static.africa-press.net\/cote\/sites\/43\/2026\/04\/sm_1777204485.051203.jpg","width":720,"height":420,"caption":"Chute du Paludisme, \u00c9limination Vis\u00e9e d'Ici 2030"},{"@type":"BreadcrumbList","@id":"https:\/\/www.africa-press.net\/cotedivoire\/toutes-les-actualites\/chute-du-paludisme-elimination-visee-dici-2030#breadcrumb","itemListElement":[{"@type":"ListItem","position":1,"name":"Accueil","item":"https:\/\/www.africa-press.net\/cotedivoire\/"},{"@type":"ListItem","position":2,"name":"Chute du Paludisme, \u00c9limination Vis\u00e9e d&#8217;Ici 2030"}]},{"@type":"WebSite","@id":"https:\/\/www.africa-press.net\/cotedivoire\/#website","url":"https:\/\/www.africa-press.net\/cotedivoire\/","name":"C\u00f4te d&#039;Ivoire","description":"Just another Africa News Agency Sites site","potentialAction":[{"@type":"SearchAction","target":{"@type":"EntryPoint","urlTemplate":"https:\/\/www.africa-press.net\/cotedivoire\/?s={search_term_string}"},"query-input":{"@type":"PropertyValueSpecification","valueRequired":true,"valueName":"search_term_string"}}],"inLanguage":"fr-FR"},{"@type":"Person","@id":"https:\/\/www.africa-press.net\/cotedivoire\/#\/schema\/person\/2b1cf3cd81a31e3cd26889ca66d677f1","name":"cfeditorfr"}]}},"_links":{"self":[{"href":"https:\/\/www.africa-press.net\/cotedivoire\/wp-json\/wp\/v2\/posts\/115200","targetHints":{"allow":["GET"]}}],"collection":[{"href":"https:\/\/www.africa-press.net\/cotedivoire\/wp-json\/wp\/v2\/posts"}],"about":[{"href":"https:\/\/www.africa-press.net\/cotedivoire\/wp-json\/wp\/v2\/types\/post"}],"author":[{"embeddable":true,"href":"https:\/\/www.africa-press.net\/cotedivoire\/wp-json\/wp\/v2\/users\/82"}],"replies":[{"embeddable":true,"href":"https:\/\/www.africa-press.net\/cotedivoire\/wp-json\/wp\/v2\/comments?post=115200"}],"version-history":[{"count":1,"href":"https:\/\/www.africa-press.net\/cotedivoire\/wp-json\/wp\/v2\/posts\/115200\/revisions"}],"predecessor-version":[{"id":115201,"href":"https:\/\/www.africa-press.net\/cotedivoire\/wp-json\/wp\/v2\/posts\/115200\/revisions\/115201"}],"wp:featuredmedia":[{"embeddable":true,"href":"https:\/\/www.africa-press.net\/cotedivoire\/wp-json\/wp\/v2\/media\/115198"}],"wp:attachment":[{"href":"https:\/\/www.africa-press.net\/cotedivoire\/wp-json\/wp\/v2\/media?parent=115200"}],"wp:term":[{"taxonomy":"category","embeddable":true,"href":"https:\/\/www.africa-press.net\/cotedivoire\/wp-json\/wp\/v2\/categories?post=115200"},{"taxonomy":"post_tag","embeddable":true,"href":"https:\/\/www.africa-press.net\/cotedivoire\/wp-json\/wp\/v2\/tags?post=115200"}],"curies":[{"name":"wp","href":"https:\/\/api.w.org\/{rel}","templated":true}]}}