{"id":115204,"date":"2026-04-26T14:57:15","date_gmt":"2026-04-26T14:57:15","guid":{"rendered":"https:\/\/www.africa-press.net\/cotedivoire\/politique\/nouveau-pacte-public-prive-pour-bouake-et-korhogo"},"modified":"2026-04-26T15:44:28","modified_gmt":"2026-04-26T15:44:28","slug":"nouveau-pacte-public-prive-pour-bouake-et-korhogo","status":"publish","type":"post","link":"https:\/\/www.africa-press.net\/cotedivoire\/politique\/nouveau-pacte-public-prive-pour-bouake-et-korhogo","title":{"rendered":"Nouveau Pacte Public-Priv\u00e9 pour Bouak\u00e9 et Korhogo"},"content":{"rendered":"<p><span style=\"color: #ff6600\"><strong>Africa-Press &#8211; C\u00f4te d&rsquo;Ivoire. <\/strong><\/span>Pendant deux jours, les acteurs e\u0301conomiques locaux ont e\u0301te\u0301 au c\u0153ur d\u2019un important atelier strate\u0301gique visant a\u0300 renforcer le ro\u0302le des Associations et Organisations Professionnelles (AOP) dans le de\u0301veloppement territorial. Organise\u0301e par le Comite\u0301 de Concertation E\u0301tat\/Secteur Prive\u0301 (CCESP), avec l\u2019appui du Ministe\u0300re fe\u0301de\u0301ral allemand de la Coope\u0301ration e\u0301conomique et du De\u0301veloppement (BMZ) et de la Coope\u0301ration allemande (GIZ), cette rencontre s&rsquo;est tenue a\u0300 Abidjan et a permis de poser les bases d\u2019un dialogue public-prive\u0301 plus structure\u0301 et oriente\u0301 vers l\u2019action.<\/p>\n<p>L\u2019atelier a e\u0301te\u0301 officiellement ouvert par la Secre\u0301taire exe\u0301cutive du CCESP, Mariam Fadiga Fofana, qui a salue\u0301 l\u2019engagement des participants venus de Bouake\u0301 et de Korhogo. Elle a insiste\u0301 sur l\u2019importance de transformer les conclusions du diagnostic en mesures concre\u0300tes, capables d\u2019ame\u0301liorer durablement la performance des AOP. Dans une intervention marque\u0301e par un appel a\u0300 la mobilisation collective, elle a e\u0301galement souligne\u0301 la qualite\u0301 du travail technique re\u0301alise\u0301 en amont, tout en invitant les parties prenantes a\u0300 s\u2019inscrire dans une dynamique de collaboration active.<\/p>\n<p>La premie\u0300re journe\u0301e a e\u0301te\u0301 consacre\u0301e a\u0300 la restitution des diagnostics mene\u0301s aupre\u0300s de cinq AOP. Les participants ont pris connaissance des analyses institutionnelles, organisationnelles et fonctionnelles, mettant en lumie\u0300re les forces et les faiblesses de ces structures. Les e\u0301changes ont permis d\u2019affiner les constats et de valider des axes d\u2019ame\u0301lioration prioritaires, notamment en matie\u0300re de gouvernance, de structuration interne et de de\u0301veloppement de services a\u0300 valeur ajoute\u0301e. La modernisation des outils de production et l\u2019accompagnement technique ont e\u0301galement e\u0301te\u0301 identifie\u0301s comme des leviers essentiels de performance.<\/p>\n<p>Les AOP concerne\u0301es refle\u0300tent la diversite\u0301 du tissu e\u0301conomique local: transformation du coton, entrepreneuriat fe\u0301minin, artisanat textile, ba\u0302timent et travaux publics, ou encore activite\u0301s multisectorielles. Malgre\u0301 cette diversite\u0301, elles sont confronte\u0301es a\u0300 des proble\u0301matiques similaires: difficulte\u0301s d\u2019acce\u0300s a\u0300 la matie\u0300re premie\u0300re, conflits entre agriculteurs et e\u0301leveurs, inse\u0301curite\u0301 foncie\u0300re, acce\u0300s limite\u0301 aux financements et aux marche\u0301s, contraintes fiscales et exigences re\u0301glementaires. A\u0300 cela s\u2019ajoute une faible productivite\u0301 lie\u0301e au manque d\u2019e\u0301quipements modernes et d\u2019accompagnement adapte\u0301.<\/p>\n<p>La seconde journe\u0301e a marque\u0301 un tournant avec l\u2019instauration d\u2019un dialogue direct entre les repre\u0301sentants des AOP et les administrations publiques. Cette se\u0301quence a permis d\u2019aborder des questions concre\u0300tes lie\u0301es au financement, a\u0300 l\u2019acce\u0300s a\u0300 la commande publique, aux contraintes administratives et a\u0300 la valorisation des savoir-faire locaux.<\/p>\n<p>Des experts du secteur bancaire et de la gestion des marche\u0301s publics ont apporte\u0301 des e\u0301clairages techniques pre\u0301cieux, contribuant a\u0300 lever certaines incompre\u0301hensions, notamment sur les me\u0301canismes d\u2019acce\u0300s aux financements et aux opportunite\u0301s offertes par les marche\u0301s publics.<\/p>\n<p>La qualite\u0301 des e\u0301changes a e\u0301te\u0301 unanimement salue\u0301e. Le dialogue ouvert et constructif a permis de renforcer la confiance entre les acteurs publics et prive\u0301s, tout en favorisant une meilleure compre\u0301hension des re\u0301alite\u0301s de terrain. Les participants ont particulie\u0300rement appre\u0301cie\u0301 l\u2019e\u0301coute des autorite\u0301s et la pertinence des re\u0301ponses apporte\u0301es, tandis que les repre\u0301sentants de l\u2019E\u0301tat ont pu mieux cerner les contraintes ope\u0301rationnelles des AOP.<\/p>\n<p>Clo\u0302turant les travaux, le conseiller technique du CCESP, Serge Se\u0301ke\u0301, a insiste\u0301 sur la ne\u0301cessite\u0301 de traduire les recommandations en actions tangibles. Il a annonce\u0301 l\u2019e\u0301laboration prochaine d\u2019un rapport consolide\u0301 inte\u0301grant l\u2019ensemble des contributions issues des travaux.<\/p>\n<p>Ce document servira de base a\u0300 une feuille de route visant a\u0300 accompagner les AOP, notamment a\u0300 travers des sessions de renforcement des capacite\u0301s organise\u0301es sur le terrain. L\u2019accent sera mis sur le de\u0301veloppement de services a\u0300 valeur ajoute\u0301e pour les membres et sur la structuration de plaidoyers efficaces aupre\u0300s des autorite\u0301s.<\/p>\n<p>Au-dela\u0300 de l\u2019exercice de restitution, cet atelier marque le de\u0301but d\u2019une dynamique durable de concertation et de co-construction. En rapprochant les acteurs e\u0301conomiques locaux des institutions publiques, il ouvre la voie a\u0300 des solutions adapte\u0301es aux re\u0301alite\u0301s du terrain. Une initiative qui s\u2019inscrit pleinement dans la volonte\u0301 de cre\u0301er un environnement des affaires plus inclusif et plus favorable, au service de la croissance e\u0301conomique et de l\u2019autonomisation des acteurs locaux.<\/p>\n<p><strong>Pour plus d&rsquo;informations et d&rsquo;analyses sur la <span style=\"color: #ff6600\">C\u00f4te d&rsquo;Ivoire<\/span>, suivez <span style=\"color: #ff6600\">Africa-Press<\/span><\/strong><\/p>\n","protected":false},"excerpt":{"rendered":"<p>Africa-Press &#8211; C\u00f4te d&rsquo;Ivoire. Pendant deux jours, les acteurs e\u0301conomiques locaux ont e\u0301te\u0301 au c\u0153ur d\u2019un important atelier strate\u0301gique visant a\u0300 renforcer le ro\u0302le des Associations et Organisations Professionnelles (AOP) dans le de\u0301veloppement territorial. Organise\u0301e par le Comite\u0301 de Concertation E\u0301tat\/Secteur Prive\u0301 (CCESP), avec l\u2019appui du Ministe\u0300re fe\u0301de\u0301ral allemand de la Coope\u0301ration e\u0301conomique et du [&hellip;]<\/p>\n","protected":false},"author":82,"featured_media":115203,"comment_status":"open","ping_status":"closed","sticky":false,"template":"","format":"standard","meta":{"footnotes":""},"categories":[2,10],"tags":[20844,20801,366,10583,29,1583,988,2943,5955,1780,7817,16366],"class_list":["post-115204","post","type-post","status-publish","format-standard","has-post-thumbnail","hentry","category-politique","category-toutes-les-actualites","tag-aop","tag-bmz","tag-bouake","tag-ccesp","tag-cote-divoire","tag-developpement","tag-dialogue","tag-entrepreneuriat","tag-giz","tag-korhogo","tag-local","tag-public-prive"],"yoast_head":"<!-- This site is optimized with the Yoast SEO Premium plugin v26.1 (Yoast SEO v27.0) - https:\/\/yoast.com\/product\/yoast-seo-premium-wordpress\/ -->\n<title>Nouveau Pacte Public-Priv\u00e9 pour Bouak\u00e9 et Korhogo - C\u00f4te d&#039;Ivoire<\/title>\n<meta name=\"description\" content=\"Pendant deux jours, les acteurs e\u0301conomiques locaux ont e\u0301te\u0301 au c\u0153ur d\u2019un important atelier strate\u0301gique visant a\u0300 renf ...\" \/>\n<meta name=\"robots\" content=\"index, follow, max-snippet:-1, max-image-preview:large, max-video-preview:-1\" \/>\n<link rel=\"canonical\" href=\"https:\/\/www.africa-press.net\/cotedivoire\/politique\/nouveau-pacte-public-prive-pour-bouake-et-korhogo\" \/>\n<meta property=\"og:locale\" content=\"fr_FR\" \/>\n<meta property=\"og:type\" content=\"article\" \/>\n<meta property=\"og:title\" content=\"Nouveau Pacte Public-Priv\u00e9 pour Bouak\u00e9 et Korhogo\" \/>\n<meta property=\"og:description\" content=\"Pendant deux jours, les acteurs e\u0301conomiques locaux ont e\u0301te\u0301 au c\u0153ur d\u2019un important atelier strate\u0301gique visant a\u0300 renf ...\" \/>\n<meta property=\"og:url\" content=\"https:\/\/www.africa-press.net\/cotedivoire\/politique\/nouveau-pacte-public-prive-pour-bouake-et-korhogo\" \/>\n<meta property=\"og:site_name\" content=\"C\u00f4te d&#039;Ivoire\" \/>\n<meta property=\"article:published_time\" content=\"2026-04-26T14:57:15+00:00\" \/>\n<meta property=\"article:modified_time\" content=\"2026-04-26T15:44:28+00:00\" \/>\n<meta property=\"og:image\" content=\"https:\/\/static.africa-press.net\/cote\/sites\/43\/2026\/04\/sm_1777205649.523932.jpg\" \/>\n\t<meta property=\"og:image:width\" content=\"720\" \/>\n\t<meta property=\"og:image:height\" content=\"542\" \/>\n\t<meta property=\"og:image:type\" content=\"image\/jpeg\" \/>\n<meta name=\"author\" content=\"cfeditorfr\" \/>\n<meta name=\"twitter:card\" content=\"summary_large_image\" \/>\n<meta name=\"twitter:label1\" content=\"\u00c9crit par\" \/>\n\t<meta name=\"twitter:data1\" content=\"cfeditorfr\" \/>\n\t<meta name=\"twitter:label2\" content=\"Dur\u00e9e de lecture estim\u00e9e\" \/>\n\t<meta name=\"twitter:data2\" content=\"4 minutes\" \/>\n<script type=\"application\/ld+json\" class=\"yoast-schema-graph\">{\"@context\":\"https:\/\/schema.org\",\"@graph\":[{\"@type\":\"Article\",\"@id\":\"https:\/\/www.africa-press.net\/cotedivoire\/politique\/nouveau-pacte-public-prive-pour-bouake-et-korhogo#article\",\"isPartOf\":{\"@id\":\"https:\/\/www.africa-press.net\/cotedivoire\/politique\/nouveau-pacte-public-prive-pour-bouake-et-korhogo\"},\"author\":{\"name\":\"cfeditorfr\",\"@id\":\"https:\/\/www.africa-press.net\/cotedivoire\/#\/schema\/person\/2b1cf3cd81a31e3cd26889ca66d677f1\"},\"headline\":\"Nouveau Pacte Public-Priv\u00e9 pour Bouak\u00e9 et Korhogo\",\"datePublished\":\"2026-04-26T14:57:15+00:00\",\"dateModified\":\"2026-04-26T15:44:28+00:00\",\"mainEntityOfPage\":{\"@id\":\"https:\/\/www.africa-press.net\/cotedivoire\/politique\/nouveau-pacte-public-prive-pour-bouake-et-korhogo\"},\"wordCount\":802,\"commentCount\":0,\"image\":{\"@id\":\"https:\/\/www.africa-press.net\/cotedivoire\/politique\/nouveau-pacte-public-prive-pour-bouake-et-korhogo#primaryimage\"},\"thumbnailUrl\":\"https:\/\/static.africa-press.net\/cote\/sites\/43\/2026\/04\/sm_1777205649.523932.jpg\",\"keywords\":[\"AOP\",\"BMZ\",\"Bouak\u00e9\",\"CCESP\",\"C\u00d4TE D'IVOIRE\",\"d\u00e9veloppement\",\"Dialogue\",\"entrepreneuriat\",\"GIZ\",\"Korhogo\",\"local\",\"public-priv\u00e9\"],\"articleSection\":[\"Politique\",\"Toutes les actualit\u00e9s\"],\"inLanguage\":\"fr-FR\",\"potentialAction\":[{\"@type\":\"CommentAction\",\"name\":\"Comment\",\"target\":[\"https:\/\/www.africa-press.net\/cotedivoire\/politique\/nouveau-pacte-public-prive-pour-bouake-et-korhogo#respond\"]}]},{\"@type\":\"WebPage\",\"@id\":\"https:\/\/www.africa-press.net\/cotedivoire\/politique\/nouveau-pacte-public-prive-pour-bouake-et-korhogo\",\"url\":\"https:\/\/www.africa-press.net\/cotedivoire\/politique\/nouveau-pacte-public-prive-pour-bouake-et-korhogo\",\"name\":\"Nouveau Pacte Public-Priv\u00e9 pour Bouak\u00e9 et Korhogo - C\u00f4te d&#039;Ivoire\",\"isPartOf\":{\"@id\":\"https:\/\/www.africa-press.net\/cotedivoire\/#website\"},\"primaryImageOfPage\":{\"@id\":\"https:\/\/www.africa-press.net\/cotedivoire\/politique\/nouveau-pacte-public-prive-pour-bouake-et-korhogo#primaryimage\"},\"image\":{\"@id\":\"https:\/\/www.africa-press.net\/cotedivoire\/politique\/nouveau-pacte-public-prive-pour-bouake-et-korhogo#primaryimage\"},\"thumbnailUrl\":\"https:\/\/static.africa-press.net\/cote\/sites\/43\/2026\/04\/sm_1777205649.523932.jpg\",\"datePublished\":\"2026-04-26T14:57:15+00:00\",\"dateModified\":\"2026-04-26T15:44:28+00:00\",\"author\":{\"@id\":\"https:\/\/www.africa-press.net\/cotedivoire\/#\/schema\/person\/2b1cf3cd81a31e3cd26889ca66d677f1\"},\"description\":\"Pendant deux jours, les acteurs e\u0301conomiques locaux ont e\u0301te\u0301 au c\u0153ur d\u2019un important atelier strate\u0301gique visant a\u0300 renf ...\",\"breadcrumb\":{\"@id\":\"https:\/\/www.africa-press.net\/cotedivoire\/politique\/nouveau-pacte-public-prive-pour-bouake-et-korhogo#breadcrumb\"},\"inLanguage\":\"fr-FR\",\"potentialAction\":[{\"@type\":\"ReadAction\",\"target\":[\"https:\/\/www.africa-press.net\/cotedivoire\/politique\/nouveau-pacte-public-prive-pour-bouake-et-korhogo\"]}]},{\"@type\":\"ImageObject\",\"inLanguage\":\"fr-FR\",\"@id\":\"https:\/\/www.africa-press.net\/cotedivoire\/politique\/nouveau-pacte-public-prive-pour-bouake-et-korhogo#primaryimage\",\"url\":\"https:\/\/static.africa-press.net\/cote\/sites\/43\/2026\/04\/sm_1777205649.523932.jpg\",\"contentUrl\":\"https:\/\/static.africa-press.net\/cote\/sites\/43\/2026\/04\/sm_1777205649.523932.jpg\",\"width\":720,\"height\":542,\"caption\":\"Nouveau Pacte Public-Priv\u00e9 pour Bouak\u00e9 et Korhogo\"},{\"@type\":\"BreadcrumbList\",\"@id\":\"https:\/\/www.africa-press.net\/cotedivoire\/politique\/nouveau-pacte-public-prive-pour-bouake-et-korhogo#breadcrumb\",\"itemListElement\":[{\"@type\":\"ListItem\",\"position\":1,\"name\":\"Accueil\",\"item\":\"https:\/\/www.africa-press.net\/cotedivoire\/\"},{\"@type\":\"ListItem\",\"position\":2,\"name\":\"Nouveau Pacte Public-Priv\u00e9 pour Bouak\u00e9 et Korhogo\"}]},{\"@type\":\"WebSite\",\"@id\":\"https:\/\/www.africa-press.net\/cotedivoire\/#website\",\"url\":\"https:\/\/www.africa-press.net\/cotedivoire\/\",\"name\":\"C\u00f4te d&#039;Ivoire\",\"description\":\"Just another Africa News Agency Sites site\",\"potentialAction\":[{\"@type\":\"SearchAction\",\"target\":{\"@type\":\"EntryPoint\",\"urlTemplate\":\"https:\/\/www.africa-press.net\/cotedivoire\/?s={search_term_string}\"},\"query-input\":{\"@type\":\"PropertyValueSpecification\",\"valueRequired\":true,\"valueName\":\"search_term_string\"}}],\"inLanguage\":\"fr-FR\"},{\"@type\":\"Person\",\"@id\":\"https:\/\/www.africa-press.net\/cotedivoire\/#\/schema\/person\/2b1cf3cd81a31e3cd26889ca66d677f1\",\"name\":\"cfeditorfr\"}]}<\/script>\n<!-- \/ Yoast SEO Premium plugin. -->","yoast_head_json":{"title":"Nouveau Pacte Public-Priv\u00e9 pour Bouak\u00e9 et Korhogo - C\u00f4te d&#039;Ivoire","description":"Pendant deux jours, les acteurs e\u0301conomiques locaux ont e\u0301te\u0301 au c\u0153ur d\u2019un important atelier strate\u0301gique visant a\u0300 renf ...","robots":{"index":"index","follow":"follow","max-snippet":"max-snippet:-1","max-image-preview":"max-image-preview:large","max-video-preview":"max-video-preview:-1"},"canonical":"https:\/\/www.africa-press.net\/cotedivoire\/politique\/nouveau-pacte-public-prive-pour-bouake-et-korhogo","og_locale":"fr_FR","og_type":"article","og_title":"Nouveau Pacte Public-Priv\u00e9 pour Bouak\u00e9 et Korhogo","og_description":"Pendant deux jours, les acteurs e\u0301conomiques locaux ont e\u0301te\u0301 au c\u0153ur d\u2019un important atelier strate\u0301gique visant a\u0300 renf ...","og_url":"https:\/\/www.africa-press.net\/cotedivoire\/politique\/nouveau-pacte-public-prive-pour-bouake-et-korhogo","og_site_name":"C\u00f4te d&#039;Ivoire","article_published_time":"2026-04-26T14:57:15+00:00","article_modified_time":"2026-04-26T15:44:28+00:00","og_image":[{"width":720,"height":542,"url":"https:\/\/static.africa-press.net\/cote\/sites\/43\/2026\/04\/sm_1777205649.523932.jpg","type":"image\/jpeg"}],"author":"cfeditorfr","twitter_card":"summary_large_image","twitter_misc":{"\u00c9crit par":"cfeditorfr","Dur\u00e9e de lecture estim\u00e9e":"4 minutes"},"schema":{"@context":"https:\/\/schema.org","@graph":[{"@type":"Article","@id":"https:\/\/www.africa-press.net\/cotedivoire\/politique\/nouveau-pacte-public-prive-pour-bouake-et-korhogo#article","isPartOf":{"@id":"https:\/\/www.africa-press.net\/cotedivoire\/politique\/nouveau-pacte-public-prive-pour-bouake-et-korhogo"},"author":{"name":"cfeditorfr","@id":"https:\/\/www.africa-press.net\/cotedivoire\/#\/schema\/person\/2b1cf3cd81a31e3cd26889ca66d677f1"},"headline":"Nouveau Pacte Public-Priv\u00e9 pour Bouak\u00e9 et Korhogo","datePublished":"2026-04-26T14:57:15+00:00","dateModified":"2026-04-26T15:44:28+00:00","mainEntityOfPage":{"@id":"https:\/\/www.africa-press.net\/cotedivoire\/politique\/nouveau-pacte-public-prive-pour-bouake-et-korhogo"},"wordCount":802,"commentCount":0,"image":{"@id":"https:\/\/www.africa-press.net\/cotedivoire\/politique\/nouveau-pacte-public-prive-pour-bouake-et-korhogo#primaryimage"},"thumbnailUrl":"https:\/\/static.africa-press.net\/cote\/sites\/43\/2026\/04\/sm_1777205649.523932.jpg","keywords":["AOP","BMZ","Bouak\u00e9","CCESP","C\u00d4TE D'IVOIRE","d\u00e9veloppement","Dialogue","entrepreneuriat","GIZ","Korhogo","local","public-priv\u00e9"],"articleSection":["Politique","Toutes les actualit\u00e9s"],"inLanguage":"fr-FR","potentialAction":[{"@type":"CommentAction","name":"Comment","target":["https:\/\/www.africa-press.net\/cotedivoire\/politique\/nouveau-pacte-public-prive-pour-bouake-et-korhogo#respond"]}]},{"@type":"WebPage","@id":"https:\/\/www.africa-press.net\/cotedivoire\/politique\/nouveau-pacte-public-prive-pour-bouake-et-korhogo","url":"https:\/\/www.africa-press.net\/cotedivoire\/politique\/nouveau-pacte-public-prive-pour-bouake-et-korhogo","name":"Nouveau Pacte Public-Priv\u00e9 pour Bouak\u00e9 et Korhogo - C\u00f4te d&#039;Ivoire","isPartOf":{"@id":"https:\/\/www.africa-press.net\/cotedivoire\/#website"},"primaryImageOfPage":{"@id":"https:\/\/www.africa-press.net\/cotedivoire\/politique\/nouveau-pacte-public-prive-pour-bouake-et-korhogo#primaryimage"},"image":{"@id":"https:\/\/www.africa-press.net\/cotedivoire\/politique\/nouveau-pacte-public-prive-pour-bouake-et-korhogo#primaryimage"},"thumbnailUrl":"https:\/\/static.africa-press.net\/cote\/sites\/43\/2026\/04\/sm_1777205649.523932.jpg","datePublished":"2026-04-26T14:57:15+00:00","dateModified":"2026-04-26T15:44:28+00:00","author":{"@id":"https:\/\/www.africa-press.net\/cotedivoire\/#\/schema\/person\/2b1cf3cd81a31e3cd26889ca66d677f1"},"description":"Pendant deux jours, les acteurs e\u0301conomiques locaux ont e\u0301te\u0301 au c\u0153ur d\u2019un important atelier strate\u0301gique visant a\u0300 renf ...","breadcrumb":{"@id":"https:\/\/www.africa-press.net\/cotedivoire\/politique\/nouveau-pacte-public-prive-pour-bouake-et-korhogo#breadcrumb"},"inLanguage":"fr-FR","potentialAction":[{"@type":"ReadAction","target":["https:\/\/www.africa-press.net\/cotedivoire\/politique\/nouveau-pacte-public-prive-pour-bouake-et-korhogo"]}]},{"@type":"ImageObject","inLanguage":"fr-FR","@id":"https:\/\/www.africa-press.net\/cotedivoire\/politique\/nouveau-pacte-public-prive-pour-bouake-et-korhogo#primaryimage","url":"https:\/\/static.africa-press.net\/cote\/sites\/43\/2026\/04\/sm_1777205649.523932.jpg","contentUrl":"https:\/\/static.africa-press.net\/cote\/sites\/43\/2026\/04\/sm_1777205649.523932.jpg","width":720,"height":542,"caption":"Nouveau Pacte Public-Priv\u00e9 pour Bouak\u00e9 et Korhogo"},{"@type":"BreadcrumbList","@id":"https:\/\/www.africa-press.net\/cotedivoire\/politique\/nouveau-pacte-public-prive-pour-bouake-et-korhogo#breadcrumb","itemListElement":[{"@type":"ListItem","position":1,"name":"Accueil","item":"https:\/\/www.africa-press.net\/cotedivoire\/"},{"@type":"ListItem","position":2,"name":"Nouveau Pacte Public-Priv\u00e9 pour Bouak\u00e9 et Korhogo"}]},{"@type":"WebSite","@id":"https:\/\/www.africa-press.net\/cotedivoire\/#website","url":"https:\/\/www.africa-press.net\/cotedivoire\/","name":"C\u00f4te d&#039;Ivoire","description":"Just another Africa News Agency Sites site","potentialAction":[{"@type":"SearchAction","target":{"@type":"EntryPoint","urlTemplate":"https:\/\/www.africa-press.net\/cotedivoire\/?s={search_term_string}"},"query-input":{"@type":"PropertyValueSpecification","valueRequired":true,"valueName":"search_term_string"}}],"inLanguage":"fr-FR"},{"@type":"Person","@id":"https:\/\/www.africa-press.net\/cotedivoire\/#\/schema\/person\/2b1cf3cd81a31e3cd26889ca66d677f1","name":"cfeditorfr"}]}},"_links":{"self":[{"href":"https:\/\/www.africa-press.net\/cotedivoire\/wp-json\/wp\/v2\/posts\/115204","targetHints":{"allow":["GET"]}}],"collection":[{"href":"https:\/\/www.africa-press.net\/cotedivoire\/wp-json\/wp\/v2\/posts"}],"about":[{"href":"https:\/\/www.africa-press.net\/cotedivoire\/wp-json\/wp\/v2\/types\/post"}],"author":[{"embeddable":true,"href":"https:\/\/www.africa-press.net\/cotedivoire\/wp-json\/wp\/v2\/users\/82"}],"replies":[{"embeddable":true,"href":"https:\/\/www.africa-press.net\/cotedivoire\/wp-json\/wp\/v2\/comments?post=115204"}],"version-history":[{"count":1,"href":"https:\/\/www.africa-press.net\/cotedivoire\/wp-json\/wp\/v2\/posts\/115204\/revisions"}],"predecessor-version":[{"id":115207,"href":"https:\/\/www.africa-press.net\/cotedivoire\/wp-json\/wp\/v2\/posts\/115204\/revisions\/115207"}],"wp:featuredmedia":[{"embeddable":true,"href":"https:\/\/www.africa-press.net\/cotedivoire\/wp-json\/wp\/v2\/media\/115203"}],"wp:attachment":[{"href":"https:\/\/www.africa-press.net\/cotedivoire\/wp-json\/wp\/v2\/media?parent=115204"}],"wp:term":[{"taxonomy":"category","embeddable":true,"href":"https:\/\/www.africa-press.net\/cotedivoire\/wp-json\/wp\/v2\/categories?post=115204"},{"taxonomy":"post_tag","embeddable":true,"href":"https:\/\/www.africa-press.net\/cotedivoire\/wp-json\/wp\/v2\/tags?post=115204"}],"curies":[{"name":"wp","href":"https:\/\/api.w.org\/{rel}","templated":true}]}}