{"id":115206,"date":"2026-04-26T14:57:30","date_gmt":"2026-04-26T14:57:30","guid":{"rendered":"https:\/\/www.africa-press.net\/cotedivoire\/politique\/mamadou-toure-accelere-le-developpement-a-vavoua"},"modified":"2026-04-26T15:44:42","modified_gmt":"2026-04-26T15:44:42","slug":"mamadou-toure-accelere-le-developpement-a-vavoua","status":"publish","type":"post","link":"https:\/\/www.africa-press.net\/cotedivoire\/politique\/mamadou-toure-accelere-le-developpement-a-vavoua","title":{"rendered":"Mamadou Tour\u00e9 Acc\u00e9l\u00e8re le D\u00e9veloppement \u00e0 Vavoua"},"content":{"rendered":"<p><span style=\"color: #ff6600\"><strong>Africa-Press &#8211; C\u00f4te d&rsquo;Ivoire. <\/strong><\/span>Apre\u0300s une premie\u0300re e\u0301tape juge\u0301e fructueuse a\u0300 Se\u0301itifla, le Pre\u0301sident du Conseil Re\u0301gional du Haut-Sassandra, Mamadou Toure\u0301, a poursuivi sa tourne\u0301e de terrain dans la sous-pre\u0301fecture de Vavoua avec une se\u0301rie d\u2019actions concre\u0300tes en faveur des populations. Cette deuxie\u0300me journe\u0301e a e\u0301te\u0301 marque\u0301e par des investissements cible\u0301s dans les secteurs de la sante\u0301 et de l\u2019e\u0301ducation, traduisant une volonte\u0301 affirme\u0301e de renforcer les infrastructures de base au plus pre\u0300s des besoins.<\/p>\n<p>A\u0300 Bonoufla, premie\u0300re escale de la de\u0301le\u0301gation, l\u2019accent a e\u0301te\u0301 mis sur l\u2019ame\u0301lioration du syste\u0300me sanitaire local. Un appui financier de 15 millions de francs CFA a permis d\u2019e\u0301quiper la maternite\u0301 et le dispensaire en mate\u0301riel me\u0301dical essentiel. Des lits d\u2019accouchement aux e\u0301quipements de soins en passant par le mobilier administratif, ces dotations visent a\u0300 rehausser la qualite\u0301 des services offerts aux patients. L\u2019objectif est clair: offrir un environnement plus su\u0302r aux me\u0300res et aux nouveau-ne\u0301s tout en ame\u0301liorant les conditions de travail du personnel de sante\u0301.<\/p>\n<p>La tourne\u0301e s\u2019est ensuite oriente\u0301e vers le secteur e\u0301ducatif, conside\u0301re\u0301 comme un levier majeur du de\u0301veloppement re\u0301gional. A\u0300 Bahoulifla, un nouveau ba\u0302timent scolaire compose\u0301 de trois salles de classe entie\u0300rement e\u0301quipe\u0301es a e\u0301te\u0301 officiellement mis en service. D\u2019un cou\u0302t de 30 millions de francs CFA, cette infrastructure vient renforcer les capacite\u0301s d\u2019accueil du syste\u0300me e\u0301ducatif local et offrir aux e\u0301le\u0300ves un cadre d\u2019apprentissage plus adapte\u0301.<\/p>\n<p>Dans la commune de Vavoua, le lyce\u0301e moderne a e\u0301galement be\u0301ne\u0301ficie\u0301 d\u2019un important renforcement avec la remise d\u2019un ba\u0302timent de quatre nouvelles classes. Ces re\u0301alisations contribuent a\u0300 re\u0301duire significativement la surcharge des effectifs, un de\u0301fi re\u0301current dans plusieurs e\u0301tablissements de la re\u0301gion, et participent a\u0300 l\u2019ame\u0301lioration des conditions d\u2019e\u0301tude.<\/p>\n<p>Au total, les investissements re\u0301alise\u0301s dans les localite\u0301s de Se\u0301itifla et de Vavoua atteignent plus de 309 millions de francs CFA, illustrant l\u2019ampleur des efforts consentis par le Conseil re\u0301gional pour soutenir le de\u0301veloppement territorial.<\/p>\n<p>Au fil de cette mission, Mamadou Toure\u0301 a re\u0301affirme\u0301 sa volonte\u0301 de maintenir une gouvernance de proximite\u0301, fonde\u0301e sur l\u2019e\u0301coute et l\u2019action. Il a e\u0301galement salue\u0301 l\u2019appui constant du Pre\u0301sident de la Re\u0301publique, Alassane Ouattara, qu\u2019il conside\u0300re comme de\u0301terminant dans la mise en \u0153uvre de projets structurants au be\u0301ne\u0301fice des populations. Cette dynamique, a-t-il assure\u0301, se poursuivra afin d\u2019apporter des solutions durables aux attentes des habitants du Haut-Sassandra.<\/p>\n<p><strong>Pour plus d&rsquo;informations et d&rsquo;analyses sur la <span style=\"color: #ff6600\">C\u00f4te d&rsquo;Ivoire<\/span>, suivez <span style=\"color: #ff6600\">Africa-Press<\/span><\/strong><\/p>\n","protected":false},"excerpt":{"rendered":"<p>Africa-Press &#8211; C\u00f4te d&rsquo;Ivoire. Apre\u0300s une premie\u0300re e\u0301tape juge\u0301e fructueuse a\u0300 Se\u0301itifla, le Pre\u0301sident du Conseil Re\u0301gional du Haut-Sassandra, Mamadou Toure\u0301, a poursuivi sa tourne\u0301e de terrain dans la sous-pre\u0301fecture de Vavoua avec une se\u0301rie d\u2019actions concre\u0300tes en faveur des populations. Cette deuxie\u0300me journe\u0301e a e\u0301te\u0301 marque\u0301e par des investissements cible\u0301s dans les secteurs de [&hellip;]<\/p>\n","protected":false},"author":82,"featured_media":115205,"comment_status":"open","ping_status":"closed","sticky":false,"template":"","format":"standard","meta":{"footnotes":""},"categories":[2,10],"tags":[2329,29,1712,1652,20845],"class_list":["post-115206","post","type-post","status-publish","format-standard","has-post-thumbnail","hentry","category-politique","category-toutes-les-actualites","tag-conseil-regional","tag-cote-divoire","tag-delegation","tag-mamadou-toure","tag-setifla"],"yoast_head":"<!-- This site is optimized with the Yoast SEO Premium plugin v26.1 (Yoast SEO v27.0) - https:\/\/yoast.com\/product\/yoast-seo-premium-wordpress\/ -->\n<title>Mamadou Tour\u00e9 Acc\u00e9l\u00e8re le D\u00e9veloppement \u00e0 Vavoua - C\u00f4te d&#039;Ivoire<\/title>\n<meta name=\"description\" content=\"Apre\u0300s une premie\u0300re e\u0301tape juge\u0301e fructueuse a\u0300 Se\u0301itifla, le Pre\u0301sident du Conseil Re\u0301gional du Haut-Sassandra, Mamado ...\" \/>\n<meta name=\"robots\" content=\"index, follow, max-snippet:-1, max-image-preview:large, max-video-preview:-1\" \/>\n<link rel=\"canonical\" href=\"https:\/\/www.africa-press.net\/cotedivoire\/politique\/mamadou-toure-accelere-le-developpement-a-vavoua\" \/>\n<meta property=\"og:locale\" content=\"fr_FR\" \/>\n<meta property=\"og:type\" content=\"article\" \/>\n<meta property=\"og:title\" content=\"Mamadou Tour\u00e9 Acc\u00e9l\u00e8re le D\u00e9veloppement \u00e0 Vavoua\" \/>\n<meta property=\"og:description\" content=\"Apre\u0300s une premie\u0300re e\u0301tape juge\u0301e fructueuse a\u0300 Se\u0301itifla, le Pre\u0301sident du Conseil Re\u0301gional du Haut-Sassandra, Mamado ...\" \/>\n<meta property=\"og:url\" content=\"https:\/\/www.africa-press.net\/cotedivoire\/politique\/mamadou-toure-accelere-le-developpement-a-vavoua\" \/>\n<meta property=\"og:site_name\" content=\"C\u00f4te d&#039;Ivoire\" \/>\n<meta property=\"article:published_time\" content=\"2026-04-26T14:57:30+00:00\" \/>\n<meta property=\"article:modified_time\" content=\"2026-04-26T15:44:42+00:00\" \/>\n<meta property=\"og:image\" content=\"https:\/\/static.africa-press.net\/cote\/sites\/43\/2026\/04\/sm_1777205662.692353.jpg\" \/>\n\t<meta property=\"og:image:width\" content=\"720\" \/>\n\t<meta property=\"og:image:height\" content=\"480\" \/>\n\t<meta property=\"og:image:type\" content=\"image\/jpeg\" \/>\n<meta name=\"author\" content=\"cfeditorfr\" \/>\n<meta name=\"twitter:card\" content=\"summary_large_image\" \/>\n<meta name=\"twitter:label1\" content=\"\u00c9crit par\" \/>\n\t<meta name=\"twitter:data1\" content=\"cfeditorfr\" \/>\n\t<meta name=\"twitter:label2\" content=\"Dur\u00e9e de lecture estim\u00e9e\" \/>\n\t<meta name=\"twitter:data2\" content=\"3 minutes\" \/>\n<script type=\"application\/ld+json\" class=\"yoast-schema-graph\">{\"@context\":\"https:\/\/schema.org\",\"@graph\":[{\"@type\":\"Article\",\"@id\":\"https:\/\/www.africa-press.net\/cotedivoire\/politique\/mamadou-toure-accelere-le-developpement-a-vavoua#article\",\"isPartOf\":{\"@id\":\"https:\/\/www.africa-press.net\/cotedivoire\/politique\/mamadou-toure-accelere-le-developpement-a-vavoua\"},\"author\":{\"name\":\"cfeditorfr\",\"@id\":\"https:\/\/www.africa-press.net\/cotedivoire\/#\/schema\/person\/2b1cf3cd81a31e3cd26889ca66d677f1\"},\"headline\":\"Mamadou Tour\u00e9 Acc\u00e9l\u00e8re le D\u00e9veloppement \u00e0 Vavoua\",\"datePublished\":\"2026-04-26T14:57:30+00:00\",\"dateModified\":\"2026-04-26T15:44:42+00:00\",\"mainEntityOfPage\":{\"@id\":\"https:\/\/www.africa-press.net\/cotedivoire\/politique\/mamadou-toure-accelere-le-developpement-a-vavoua\"},\"wordCount\":502,\"commentCount\":0,\"image\":{\"@id\":\"https:\/\/www.africa-press.net\/cotedivoire\/politique\/mamadou-toure-accelere-le-developpement-a-vavoua#primaryimage\"},\"thumbnailUrl\":\"https:\/\/static.africa-press.net\/cote\/sites\/43\/2026\/04\/sm_1777205662.692353.jpg\",\"keywords\":[\"Conseil r\u00e9gional\",\"C\u00d4TE D'IVOIRE\",\"d\u00e9l\u00e9gation\",\"Mamadou Tour\u00e9\",\"Setifla\"],\"articleSection\":[\"Politique\",\"Toutes les actualit\u00e9s\"],\"inLanguage\":\"fr-FR\",\"potentialAction\":[{\"@type\":\"CommentAction\",\"name\":\"Comment\",\"target\":[\"https:\/\/www.africa-press.net\/cotedivoire\/politique\/mamadou-toure-accelere-le-developpement-a-vavoua#respond\"]}]},{\"@type\":\"WebPage\",\"@id\":\"https:\/\/www.africa-press.net\/cotedivoire\/politique\/mamadou-toure-accelere-le-developpement-a-vavoua\",\"url\":\"https:\/\/www.africa-press.net\/cotedivoire\/politique\/mamadou-toure-accelere-le-developpement-a-vavoua\",\"name\":\"Mamadou Tour\u00e9 Acc\u00e9l\u00e8re le D\u00e9veloppement \u00e0 Vavoua - C\u00f4te d&#039;Ivoire\",\"isPartOf\":{\"@id\":\"https:\/\/www.africa-press.net\/cotedivoire\/#website\"},\"primaryImageOfPage\":{\"@id\":\"https:\/\/www.africa-press.net\/cotedivoire\/politique\/mamadou-toure-accelere-le-developpement-a-vavoua#primaryimage\"},\"image\":{\"@id\":\"https:\/\/www.africa-press.net\/cotedivoire\/politique\/mamadou-toure-accelere-le-developpement-a-vavoua#primaryimage\"},\"thumbnailUrl\":\"https:\/\/static.africa-press.net\/cote\/sites\/43\/2026\/04\/sm_1777205662.692353.jpg\",\"datePublished\":\"2026-04-26T14:57:30+00:00\",\"dateModified\":\"2026-04-26T15:44:42+00:00\",\"author\":{\"@id\":\"https:\/\/www.africa-press.net\/cotedivoire\/#\/schema\/person\/2b1cf3cd81a31e3cd26889ca66d677f1\"},\"description\":\"Apre\u0300s une premie\u0300re e\u0301tape juge\u0301e fructueuse a\u0300 Se\u0301itifla, le Pre\u0301sident du Conseil Re\u0301gional du Haut-Sassandra, Mamado ...\",\"breadcrumb\":{\"@id\":\"https:\/\/www.africa-press.net\/cotedivoire\/politique\/mamadou-toure-accelere-le-developpement-a-vavoua#breadcrumb\"},\"inLanguage\":\"fr-FR\",\"potentialAction\":[{\"@type\":\"ReadAction\",\"target\":[\"https:\/\/www.africa-press.net\/cotedivoire\/politique\/mamadou-toure-accelere-le-developpement-a-vavoua\"]}]},{\"@type\":\"ImageObject\",\"inLanguage\":\"fr-FR\",\"@id\":\"https:\/\/www.africa-press.net\/cotedivoire\/politique\/mamadou-toure-accelere-le-developpement-a-vavoua#primaryimage\",\"url\":\"https:\/\/static.africa-press.net\/cote\/sites\/43\/2026\/04\/sm_1777205662.692353.jpg\",\"contentUrl\":\"https:\/\/static.africa-press.net\/cote\/sites\/43\/2026\/04\/sm_1777205662.692353.jpg\",\"width\":720,\"height\":480,\"caption\":\"Mamadou Tour\u00e9 Acc\u00e9l\u00e8re le D\u00e9veloppement \u00e0 Vavoua\"},{\"@type\":\"BreadcrumbList\",\"@id\":\"https:\/\/www.africa-press.net\/cotedivoire\/politique\/mamadou-toure-accelere-le-developpement-a-vavoua#breadcrumb\",\"itemListElement\":[{\"@type\":\"ListItem\",\"position\":1,\"name\":\"Accueil\",\"item\":\"https:\/\/www.africa-press.net\/cotedivoire\/\"},{\"@type\":\"ListItem\",\"position\":2,\"name\":\"Mamadou Tour\u00e9 Acc\u00e9l\u00e8re le D\u00e9veloppement \u00e0 Vavoua\"}]},{\"@type\":\"WebSite\",\"@id\":\"https:\/\/www.africa-press.net\/cotedivoire\/#website\",\"url\":\"https:\/\/www.africa-press.net\/cotedivoire\/\",\"name\":\"C\u00f4te d&#039;Ivoire\",\"description\":\"Just another Africa News Agency Sites site\",\"potentialAction\":[{\"@type\":\"SearchAction\",\"target\":{\"@type\":\"EntryPoint\",\"urlTemplate\":\"https:\/\/www.africa-press.net\/cotedivoire\/?s={search_term_string}\"},\"query-input\":{\"@type\":\"PropertyValueSpecification\",\"valueRequired\":true,\"valueName\":\"search_term_string\"}}],\"inLanguage\":\"fr-FR\"},{\"@type\":\"Person\",\"@id\":\"https:\/\/www.africa-press.net\/cotedivoire\/#\/schema\/person\/2b1cf3cd81a31e3cd26889ca66d677f1\",\"name\":\"cfeditorfr\"}]}<\/script>\n<!-- \/ Yoast SEO Premium plugin. -->","yoast_head_json":{"title":"Mamadou Tour\u00e9 Acc\u00e9l\u00e8re le D\u00e9veloppement \u00e0 Vavoua - C\u00f4te d&#039;Ivoire","description":"Apre\u0300s une premie\u0300re e\u0301tape juge\u0301e fructueuse a\u0300 Se\u0301itifla, le Pre\u0301sident du Conseil Re\u0301gional du Haut-Sassandra, Mamado ...","robots":{"index":"index","follow":"follow","max-snippet":"max-snippet:-1","max-image-preview":"max-image-preview:large","max-video-preview":"max-video-preview:-1"},"canonical":"https:\/\/www.africa-press.net\/cotedivoire\/politique\/mamadou-toure-accelere-le-developpement-a-vavoua","og_locale":"fr_FR","og_type":"article","og_title":"Mamadou Tour\u00e9 Acc\u00e9l\u00e8re le D\u00e9veloppement \u00e0 Vavoua","og_description":"Apre\u0300s une premie\u0300re e\u0301tape juge\u0301e fructueuse a\u0300 Se\u0301itifla, le Pre\u0301sident du Conseil Re\u0301gional du Haut-Sassandra, Mamado ...","og_url":"https:\/\/www.africa-press.net\/cotedivoire\/politique\/mamadou-toure-accelere-le-developpement-a-vavoua","og_site_name":"C\u00f4te d&#039;Ivoire","article_published_time":"2026-04-26T14:57:30+00:00","article_modified_time":"2026-04-26T15:44:42+00:00","og_image":[{"width":720,"height":480,"url":"https:\/\/static.africa-press.net\/cote\/sites\/43\/2026\/04\/sm_1777205662.692353.jpg","type":"image\/jpeg"}],"author":"cfeditorfr","twitter_card":"summary_large_image","twitter_misc":{"\u00c9crit par":"cfeditorfr","Dur\u00e9e de lecture estim\u00e9e":"3 minutes"},"schema":{"@context":"https:\/\/schema.org","@graph":[{"@type":"Article","@id":"https:\/\/www.africa-press.net\/cotedivoire\/politique\/mamadou-toure-accelere-le-developpement-a-vavoua#article","isPartOf":{"@id":"https:\/\/www.africa-press.net\/cotedivoire\/politique\/mamadou-toure-accelere-le-developpement-a-vavoua"},"author":{"name":"cfeditorfr","@id":"https:\/\/www.africa-press.net\/cotedivoire\/#\/schema\/person\/2b1cf3cd81a31e3cd26889ca66d677f1"},"headline":"Mamadou Tour\u00e9 Acc\u00e9l\u00e8re le D\u00e9veloppement \u00e0 Vavoua","datePublished":"2026-04-26T14:57:30+00:00","dateModified":"2026-04-26T15:44:42+00:00","mainEntityOfPage":{"@id":"https:\/\/www.africa-press.net\/cotedivoire\/politique\/mamadou-toure-accelere-le-developpement-a-vavoua"},"wordCount":502,"commentCount":0,"image":{"@id":"https:\/\/www.africa-press.net\/cotedivoire\/politique\/mamadou-toure-accelere-le-developpement-a-vavoua#primaryimage"},"thumbnailUrl":"https:\/\/static.africa-press.net\/cote\/sites\/43\/2026\/04\/sm_1777205662.692353.jpg","keywords":["Conseil r\u00e9gional","C\u00d4TE D'IVOIRE","d\u00e9l\u00e9gation","Mamadou Tour\u00e9","Setifla"],"articleSection":["Politique","Toutes les actualit\u00e9s"],"inLanguage":"fr-FR","potentialAction":[{"@type":"CommentAction","name":"Comment","target":["https:\/\/www.africa-press.net\/cotedivoire\/politique\/mamadou-toure-accelere-le-developpement-a-vavoua#respond"]}]},{"@type":"WebPage","@id":"https:\/\/www.africa-press.net\/cotedivoire\/politique\/mamadou-toure-accelere-le-developpement-a-vavoua","url":"https:\/\/www.africa-press.net\/cotedivoire\/politique\/mamadou-toure-accelere-le-developpement-a-vavoua","name":"Mamadou Tour\u00e9 Acc\u00e9l\u00e8re le D\u00e9veloppement \u00e0 Vavoua - C\u00f4te d&#039;Ivoire","isPartOf":{"@id":"https:\/\/www.africa-press.net\/cotedivoire\/#website"},"primaryImageOfPage":{"@id":"https:\/\/www.africa-press.net\/cotedivoire\/politique\/mamadou-toure-accelere-le-developpement-a-vavoua#primaryimage"},"image":{"@id":"https:\/\/www.africa-press.net\/cotedivoire\/politique\/mamadou-toure-accelere-le-developpement-a-vavoua#primaryimage"},"thumbnailUrl":"https:\/\/static.africa-press.net\/cote\/sites\/43\/2026\/04\/sm_1777205662.692353.jpg","datePublished":"2026-04-26T14:57:30+00:00","dateModified":"2026-04-26T15:44:42+00:00","author":{"@id":"https:\/\/www.africa-press.net\/cotedivoire\/#\/schema\/person\/2b1cf3cd81a31e3cd26889ca66d677f1"},"description":"Apre\u0300s une premie\u0300re e\u0301tape juge\u0301e fructueuse a\u0300 Se\u0301itifla, le Pre\u0301sident du Conseil Re\u0301gional du Haut-Sassandra, Mamado ...","breadcrumb":{"@id":"https:\/\/www.africa-press.net\/cotedivoire\/politique\/mamadou-toure-accelere-le-developpement-a-vavoua#breadcrumb"},"inLanguage":"fr-FR","potentialAction":[{"@type":"ReadAction","target":["https:\/\/www.africa-press.net\/cotedivoire\/politique\/mamadou-toure-accelere-le-developpement-a-vavoua"]}]},{"@type":"ImageObject","inLanguage":"fr-FR","@id":"https:\/\/www.africa-press.net\/cotedivoire\/politique\/mamadou-toure-accelere-le-developpement-a-vavoua#primaryimage","url":"https:\/\/static.africa-press.net\/cote\/sites\/43\/2026\/04\/sm_1777205662.692353.jpg","contentUrl":"https:\/\/static.africa-press.net\/cote\/sites\/43\/2026\/04\/sm_1777205662.692353.jpg","width":720,"height":480,"caption":"Mamadou Tour\u00e9 Acc\u00e9l\u00e8re le D\u00e9veloppement \u00e0 Vavoua"},{"@type":"BreadcrumbList","@id":"https:\/\/www.africa-press.net\/cotedivoire\/politique\/mamadou-toure-accelere-le-developpement-a-vavoua#breadcrumb","itemListElement":[{"@type":"ListItem","position":1,"name":"Accueil","item":"https:\/\/www.africa-press.net\/cotedivoire\/"},{"@type":"ListItem","position":2,"name":"Mamadou Tour\u00e9 Acc\u00e9l\u00e8re le D\u00e9veloppement \u00e0 Vavoua"}]},{"@type":"WebSite","@id":"https:\/\/www.africa-press.net\/cotedivoire\/#website","url":"https:\/\/www.africa-press.net\/cotedivoire\/","name":"C\u00f4te d&#039;Ivoire","description":"Just another Africa News Agency Sites site","potentialAction":[{"@type":"SearchAction","target":{"@type":"EntryPoint","urlTemplate":"https:\/\/www.africa-press.net\/cotedivoire\/?s={search_term_string}"},"query-input":{"@type":"PropertyValueSpecification","valueRequired":true,"valueName":"search_term_string"}}],"inLanguage":"fr-FR"},{"@type":"Person","@id":"https:\/\/www.africa-press.net\/cotedivoire\/#\/schema\/person\/2b1cf3cd81a31e3cd26889ca66d677f1","name":"cfeditorfr"}]}},"_links":{"self":[{"href":"https:\/\/www.africa-press.net\/cotedivoire\/wp-json\/wp\/v2\/posts\/115206","targetHints":{"allow":["GET"]}}],"collection":[{"href":"https:\/\/www.africa-press.net\/cotedivoire\/wp-json\/wp\/v2\/posts"}],"about":[{"href":"https:\/\/www.africa-press.net\/cotedivoire\/wp-json\/wp\/v2\/types\/post"}],"author":[{"embeddable":true,"href":"https:\/\/www.africa-press.net\/cotedivoire\/wp-json\/wp\/v2\/users\/82"}],"replies":[{"embeddable":true,"href":"https:\/\/www.africa-press.net\/cotedivoire\/wp-json\/wp\/v2\/comments?post=115206"}],"version-history":[{"count":1,"href":"https:\/\/www.africa-press.net\/cotedivoire\/wp-json\/wp\/v2\/posts\/115206\/revisions"}],"predecessor-version":[{"id":115209,"href":"https:\/\/www.africa-press.net\/cotedivoire\/wp-json\/wp\/v2\/posts\/115206\/revisions\/115209"}],"wp:featuredmedia":[{"embeddable":true,"href":"https:\/\/www.africa-press.net\/cotedivoire\/wp-json\/wp\/v2\/media\/115205"}],"wp:attachment":[{"href":"https:\/\/www.africa-press.net\/cotedivoire\/wp-json\/wp\/v2\/media?parent=115206"}],"wp:term":[{"taxonomy":"category","embeddable":true,"href":"https:\/\/www.africa-press.net\/cotedivoire\/wp-json\/wp\/v2\/categories?post=115206"},{"taxonomy":"post_tag","embeddable":true,"href":"https:\/\/www.africa-press.net\/cotedivoire\/wp-json\/wp\/v2\/tags?post=115206"}],"curies":[{"name":"wp","href":"https:\/\/api.w.org\/{rel}","templated":true}]}}