{"id":115210,"date":"2026-04-26T14:52:35","date_gmt":"2026-04-26T14:52:35","guid":{"rendered":"https:\/\/www.africa-press.net\/cotedivoire\/politique\/danane-enclavement-persistant-des-villages-isoles"},"modified":"2026-04-26T15:45:00","modified_gmt":"2026-04-26T15:45:00","slug":"danane-enclavement-persistant-des-villages-isoles","status":"publish","type":"post","link":"https:\/\/www.africa-press.net\/cotedivoire\/toutes-les-actualites\/danane-enclavement-persistant-des-villages-isoles","title":{"rendered":"Danan\u00e9 Enclavement Persistant Des Villages Isol\u00e9s"},"content":{"rendered":"<p><span style=\"color: #ff6600\"><strong>Africa-Press &#8211; C\u00f4te d&rsquo;Ivoire. <\/strong><\/span>Dans les me\u0301andres verdoyants mais difficiles d\u2019acce\u0300s du de\u0301partement de Danane\u0301, la tourne\u0301e de remerciements de l\u2019honorable Guillaume Gbato\u0302 aura surtout re\u0301ve\u0301le\u0301 une re\u0301alite\u0301 brute: celle de localite\u0301s rurales toujours prisonnie\u0300res d\u2019un enclavement profond, ou\u0300 routes de\u0301grade\u0301es et de\u0301ficit d\u2019infrastructures dictent encore le quotidien.<\/p>\n<p>Du Gourousse\u0301 Centre au Gourousse\u0301 Nord, en passant par la sous-pre\u0301fecture de Daleu, le constat est sans appel. Les villages de Bokoulmpleu, Goueugbopleu, Sioba, Ble\u0301upleu, Gouepouta ou encore Doueleu vivent au rythme de pistes de\u0301fonce\u0301es, quasi impraticables. \u00ab Ici, quand la pluie tombe, le village est coupe\u0301 du monde \u00bb, confie un habitant de Sioba, la voix charge\u0301e d\u2019amertume.<\/p>\n<p>Me\u0302me les de\u0301placements administratifs en sont affecte\u0301s: le sous-pre\u0301fet, base\u0301 a\u0300 Danane\u0301 ville, est contraint de se rendre sur le terrain dans des conditions difficiles, parfois a\u0300 moto, illustrant l\u2019ampleur du de\u0301ficit infrastructurel.<\/p>\n<p>Dans le Gourousse\u0301 Nord, de Bouimpleu a\u0300 Kata en passant par Savane et Guizreu, la situation ne diffe\u0300re gue\u0300re. Les routes, de\u0301ja\u0300 fragiles en saison se\u0300che, deviennent de ve\u0301ritables pie\u0300ges boueux en saison des pluies. \u00ab Nos motos sont nos seuls moyens de transport, mais les cou\u0302ts deviennent insupportables \u00bb, de\u0301plore un jeune conducteur de moto-taxi a\u0300 Douongompleu.<\/p>\n<p>Le transport des personnes comme des marchandises reste cou\u0302teux, accentuant la pre\u0301carite\u0301 des me\u0301nages et isolant davantage les communaute\u0301s.<\/p>\n<p>Zone a\u0300 forte vocation agricole, le Gourousse\u0301 Centre et Nord vit principalement du cafe\u0301, du cacao, de l\u2019he\u0301ve\u0301a, du riz, du manioc et de la banane. Mais l\u2019e\u0301tat des routes freine lourdement l\u2019e\u0301coulement des productions vers les centres urbains. \u00ab Quand les pistes sont coupe\u0301es, nos re\u0301coltes pourrissent sur place \u00bb, regrette une productrice de Ble\u0301upleu.<\/p>\n<p>Les pertes post-re\u0301colte s\u2019accumulent, re\u0301duisant conside\u0301rablement les revenus des paysans.<\/p>\n<p>Au-dela\u0300 des routes, les populations e\u0301voquent un de\u0301ficit global d\u2019infrastructures: e\u0301coles insuffisantes, manque de salles de classe, centres de sante\u0301 sous-e\u0301quipe\u0301s, acce\u0300s limite\u0301 a\u0300 l\u2019eau potable et a\u0300 l\u2019e\u0301lectricite\u0301. L\u2019absence de re\u0301seau te\u0301le\u0301phonique fiable accentue e\u0301galement l\u2019isolement.<\/p>\n<p>Face a\u0300 ces pre\u0301occupations, l\u2019honorable Guillaume Gbato\u0302 a reconnu la gravite\u0301 de la situation. \u00ab Je prends bonne note de toutes ces dole\u0301ances et je les porterai a\u0300 l\u2019Assemble\u0301e nationale \u00bb, a-t-il assure\u0301 devant les populations.<\/p>\n<p>Mais sur le terrain, l\u2019attente demeure forte. Les populations re\u0301clament de\u0301sormais des actions concre\u0300tes et durables, estimant que le de\u0301senclavement est la cle\u0301 de leur de\u0301veloppement.<\/p>\n<p>Dans le Gourousse\u0301 Centre comme dans le Gourousse\u0301 Nord, l\u2019espoir est toujours la\u0300, mais suspendu a\u0300 la promesse d\u2019un changement re\u0301el.<\/p>\n<p><strong>Pour plus d&rsquo;informations et d&rsquo;analyses sur la <span style=\"color: #ff6600\">C\u00f4te d&rsquo;Ivoire<\/span>, suivez <span style=\"color: #ff6600\">Africa-Press<\/span><\/strong><\/p>\n","protected":false},"excerpt":{"rendered":"<p>Africa-Press &#8211; C\u00f4te d&rsquo;Ivoire. Dans les me\u0301andres verdoyants mais difficiles d\u2019acce\u0300s du de\u0301partement de Danane\u0301, la tourne\u0301e de remerciements de l\u2019honorable Guillaume Gbato\u0302 aura surtout re\u0301ve\u0301le\u0301 une re\u0301alite\u0301 brute: celle de localite\u0301s rurales toujours prisonnie\u0300res d\u2019un enclavement profond, ou\u0300 routes de\u0301grade\u0301es et de\u0301ficit d\u2019infrastructures dictent encore le quotidien. Du Gourousse\u0301 Centre au Gourousse\u0301 Nord, en [&hellip;]<\/p>\n","protected":false},"author":82,"featured_media":115208,"comment_status":"open","ping_status":"closed","sticky":false,"template":"","format":"standard","meta":{"footnotes":""},"categories":[21,10],"tags":[29,20748,1988,20846,20847,1812],"class_list":["post-115210","post","type-post","status-publish","format-standard","has-post-thumbnail","hentry","category-communaute","category-toutes-les-actualites","tag-cote-divoire","tag-daleu","tag-danane","tag-doueleu","tag-gourousse","tag-route"],"yoast_head":"<!-- This site is optimized with the Yoast SEO Premium plugin v26.1 (Yoast SEO v27.0) - https:\/\/yoast.com\/product\/yoast-seo-premium-wordpress\/ -->\n<title>Danan\u00e9 Enclavement Persistant Des Villages Isol\u00e9s - C\u00f4te d&#039;Ivoire<\/title>\n<meta name=\"description\" content=\"Dans les me\u0301andres verdoyants mais difficiles d\u2019acce\u0300s du de\u0301partement de Danane\u0301, la tourne\u0301e de remerciements de l\u2019hon ...\" \/>\n<meta name=\"robots\" content=\"index, follow, max-snippet:-1, max-image-preview:large, max-video-preview:-1\" \/>\n<link rel=\"canonical\" href=\"https:\/\/www.africa-press.net\/cotedivoire\/toutes-les-actualites\/danane-enclavement-persistant-des-villages-isoles\" \/>\n<meta property=\"og:locale\" content=\"fr_FR\" \/>\n<meta property=\"og:type\" content=\"article\" \/>\n<meta property=\"og:title\" content=\"Danan\u00e9 Enclavement Persistant Des Villages Isol\u00e9s\" \/>\n<meta property=\"og:description\" content=\"Dans les me\u0301andres verdoyants mais difficiles d\u2019acce\u0300s du de\u0301partement de Danane\u0301, la tourne\u0301e de remerciements de l\u2019hon ...\" \/>\n<meta property=\"og:url\" content=\"https:\/\/www.africa-press.net\/cotedivoire\/toutes-les-actualites\/danane-enclavement-persistant-des-villages-isoles\" \/>\n<meta property=\"og:site_name\" content=\"C\u00f4te d&#039;Ivoire\" \/>\n<meta property=\"article:published_time\" content=\"2026-04-26T14:52:35+00:00\" \/>\n<meta property=\"article:modified_time\" content=\"2026-04-26T15:45:00+00:00\" \/>\n<meta property=\"og:image\" content=\"https:\/\/static.africa-press.net\/cote\/sites\/43\/2026\/04\/sm_1777205682.394863.jpg\" \/>\n\t<meta property=\"og:image:width\" content=\"720\" \/>\n\t<meta property=\"og:image:height\" content=\"324\" \/>\n\t<meta property=\"og:image:type\" content=\"image\/jpeg\" \/>\n<meta name=\"author\" content=\"cfeditorfr\" \/>\n<meta name=\"twitter:card\" content=\"summary_large_image\" \/>\n<meta name=\"twitter:label1\" content=\"\u00c9crit par\" \/>\n\t<meta name=\"twitter:data1\" content=\"cfeditorfr\" \/>\n\t<meta name=\"twitter:label2\" content=\"Dur\u00e9e de lecture estim\u00e9e\" \/>\n\t<meta name=\"twitter:data2\" content=\"3 minutes\" \/>\n<script type=\"application\/ld+json\" class=\"yoast-schema-graph\">{\"@context\":\"https:\/\/schema.org\",\"@graph\":[{\"@type\":\"Article\",\"@id\":\"https:\/\/www.africa-press.net\/cotedivoire\/toutes-les-actualites\/danane-enclavement-persistant-des-villages-isoles#article\",\"isPartOf\":{\"@id\":\"https:\/\/www.africa-press.net\/cotedivoire\/toutes-les-actualites\/danane-enclavement-persistant-des-villages-isoles\"},\"author\":{\"name\":\"cfeditorfr\",\"@id\":\"https:\/\/www.africa-press.net\/cotedivoire\/#\/schema\/person\/2b1cf3cd81a31e3cd26889ca66d677f1\"},\"headline\":\"Danan\u00e9 Enclavement Persistant Des Villages Isol\u00e9s\",\"datePublished\":\"2026-04-26T14:52:35+00:00\",\"dateModified\":\"2026-04-26T15:45:00+00:00\",\"mainEntityOfPage\":{\"@id\":\"https:\/\/www.africa-press.net\/cotedivoire\/toutes-les-actualites\/danane-enclavement-persistant-des-villages-isoles\"},\"wordCount\":503,\"commentCount\":0,\"image\":{\"@id\":\"https:\/\/www.africa-press.net\/cotedivoire\/toutes-les-actualites\/danane-enclavement-persistant-des-villages-isoles#primaryimage\"},\"thumbnailUrl\":\"https:\/\/static.africa-press.net\/cote\/sites\/43\/2026\/04\/sm_1777205682.394863.jpg\",\"keywords\":[\"C\u00d4TE D'IVOIRE\",\"Daleu\",\"Danan\u00e9\",\"Doueleu\",\"Gourouss\u00e9\",\"route\"],\"articleSection\":[\"Communaut\u00e9\",\"Toutes les actualit\u00e9s\"],\"inLanguage\":\"fr-FR\",\"potentialAction\":[{\"@type\":\"CommentAction\",\"name\":\"Comment\",\"target\":[\"https:\/\/www.africa-press.net\/cotedivoire\/toutes-les-actualites\/danane-enclavement-persistant-des-villages-isoles#respond\"]}]},{\"@type\":\"WebPage\",\"@id\":\"https:\/\/www.africa-press.net\/cotedivoire\/toutes-les-actualites\/danane-enclavement-persistant-des-villages-isoles\",\"url\":\"https:\/\/www.africa-press.net\/cotedivoire\/toutes-les-actualites\/danane-enclavement-persistant-des-villages-isoles\",\"name\":\"Danan\u00e9 Enclavement Persistant Des Villages Isol\u00e9s - C\u00f4te d&#039;Ivoire\",\"isPartOf\":{\"@id\":\"https:\/\/www.africa-press.net\/cotedivoire\/#website\"},\"primaryImageOfPage\":{\"@id\":\"https:\/\/www.africa-press.net\/cotedivoire\/toutes-les-actualites\/danane-enclavement-persistant-des-villages-isoles#primaryimage\"},\"image\":{\"@id\":\"https:\/\/www.africa-press.net\/cotedivoire\/toutes-les-actualites\/danane-enclavement-persistant-des-villages-isoles#primaryimage\"},\"thumbnailUrl\":\"https:\/\/static.africa-press.net\/cote\/sites\/43\/2026\/04\/sm_1777205682.394863.jpg\",\"datePublished\":\"2026-04-26T14:52:35+00:00\",\"dateModified\":\"2026-04-26T15:45:00+00:00\",\"author\":{\"@id\":\"https:\/\/www.africa-press.net\/cotedivoire\/#\/schema\/person\/2b1cf3cd81a31e3cd26889ca66d677f1\"},\"description\":\"Dans les me\u0301andres verdoyants mais difficiles d\u2019acce\u0300s du de\u0301partement de Danane\u0301, la tourne\u0301e de remerciements de l\u2019hon ...\",\"breadcrumb\":{\"@id\":\"https:\/\/www.africa-press.net\/cotedivoire\/toutes-les-actualites\/danane-enclavement-persistant-des-villages-isoles#breadcrumb\"},\"inLanguage\":\"fr-FR\",\"potentialAction\":[{\"@type\":\"ReadAction\",\"target\":[\"https:\/\/www.africa-press.net\/cotedivoire\/toutes-les-actualites\/danane-enclavement-persistant-des-villages-isoles\"]}]},{\"@type\":\"ImageObject\",\"inLanguage\":\"fr-FR\",\"@id\":\"https:\/\/www.africa-press.net\/cotedivoire\/toutes-les-actualites\/danane-enclavement-persistant-des-villages-isoles#primaryimage\",\"url\":\"https:\/\/static.africa-press.net\/cote\/sites\/43\/2026\/04\/sm_1777205682.394863.jpg\",\"contentUrl\":\"https:\/\/static.africa-press.net\/cote\/sites\/43\/2026\/04\/sm_1777205682.394863.jpg\",\"width\":720,\"height\":324,\"caption\":\"Danan\u00e9 Enclavement Persistant Des Villages Isol\u00e9s\"},{\"@type\":\"BreadcrumbList\",\"@id\":\"https:\/\/www.africa-press.net\/cotedivoire\/toutes-les-actualites\/danane-enclavement-persistant-des-villages-isoles#breadcrumb\",\"itemListElement\":[{\"@type\":\"ListItem\",\"position\":1,\"name\":\"Accueil\",\"item\":\"https:\/\/www.africa-press.net\/cotedivoire\/\"},{\"@type\":\"ListItem\",\"position\":2,\"name\":\"Danan\u00e9 Enclavement Persistant Des Villages Isol\u00e9s\"}]},{\"@type\":\"WebSite\",\"@id\":\"https:\/\/www.africa-press.net\/cotedivoire\/#website\",\"url\":\"https:\/\/www.africa-press.net\/cotedivoire\/\",\"name\":\"C\u00f4te d&#039;Ivoire\",\"description\":\"Just another Africa News Agency Sites site\",\"potentialAction\":[{\"@type\":\"SearchAction\",\"target\":{\"@type\":\"EntryPoint\",\"urlTemplate\":\"https:\/\/www.africa-press.net\/cotedivoire\/?s={search_term_string}\"},\"query-input\":{\"@type\":\"PropertyValueSpecification\",\"valueRequired\":true,\"valueName\":\"search_term_string\"}}],\"inLanguage\":\"fr-FR\"},{\"@type\":\"Person\",\"@id\":\"https:\/\/www.africa-press.net\/cotedivoire\/#\/schema\/person\/2b1cf3cd81a31e3cd26889ca66d677f1\",\"name\":\"cfeditorfr\"}]}<\/script>\n<!-- \/ Yoast SEO Premium plugin. -->","yoast_head_json":{"title":"Danan\u00e9 Enclavement Persistant Des Villages Isol\u00e9s - C\u00f4te d&#039;Ivoire","description":"Dans les me\u0301andres verdoyants mais difficiles d\u2019acce\u0300s du de\u0301partement de Danane\u0301, la tourne\u0301e de remerciements de l\u2019hon ...","robots":{"index":"index","follow":"follow","max-snippet":"max-snippet:-1","max-image-preview":"max-image-preview:large","max-video-preview":"max-video-preview:-1"},"canonical":"https:\/\/www.africa-press.net\/cotedivoire\/toutes-les-actualites\/danane-enclavement-persistant-des-villages-isoles","og_locale":"fr_FR","og_type":"article","og_title":"Danan\u00e9 Enclavement Persistant Des Villages Isol\u00e9s","og_description":"Dans les me\u0301andres verdoyants mais difficiles d\u2019acce\u0300s du de\u0301partement de Danane\u0301, la tourne\u0301e de remerciements de l\u2019hon ...","og_url":"https:\/\/www.africa-press.net\/cotedivoire\/toutes-les-actualites\/danane-enclavement-persistant-des-villages-isoles","og_site_name":"C\u00f4te d&#039;Ivoire","article_published_time":"2026-04-26T14:52:35+00:00","article_modified_time":"2026-04-26T15:45:00+00:00","og_image":[{"width":720,"height":324,"url":"https:\/\/static.africa-press.net\/cote\/sites\/43\/2026\/04\/sm_1777205682.394863.jpg","type":"image\/jpeg"}],"author":"cfeditorfr","twitter_card":"summary_large_image","twitter_misc":{"\u00c9crit par":"cfeditorfr","Dur\u00e9e de lecture estim\u00e9e":"3 minutes"},"schema":{"@context":"https:\/\/schema.org","@graph":[{"@type":"Article","@id":"https:\/\/www.africa-press.net\/cotedivoire\/toutes-les-actualites\/danane-enclavement-persistant-des-villages-isoles#article","isPartOf":{"@id":"https:\/\/www.africa-press.net\/cotedivoire\/toutes-les-actualites\/danane-enclavement-persistant-des-villages-isoles"},"author":{"name":"cfeditorfr","@id":"https:\/\/www.africa-press.net\/cotedivoire\/#\/schema\/person\/2b1cf3cd81a31e3cd26889ca66d677f1"},"headline":"Danan\u00e9 Enclavement Persistant Des Villages Isol\u00e9s","datePublished":"2026-04-26T14:52:35+00:00","dateModified":"2026-04-26T15:45:00+00:00","mainEntityOfPage":{"@id":"https:\/\/www.africa-press.net\/cotedivoire\/toutes-les-actualites\/danane-enclavement-persistant-des-villages-isoles"},"wordCount":503,"commentCount":0,"image":{"@id":"https:\/\/www.africa-press.net\/cotedivoire\/toutes-les-actualites\/danane-enclavement-persistant-des-villages-isoles#primaryimage"},"thumbnailUrl":"https:\/\/static.africa-press.net\/cote\/sites\/43\/2026\/04\/sm_1777205682.394863.jpg","keywords":["C\u00d4TE D'IVOIRE","Daleu","Danan\u00e9","Doueleu","Gourouss\u00e9","route"],"articleSection":["Communaut\u00e9","Toutes les actualit\u00e9s"],"inLanguage":"fr-FR","potentialAction":[{"@type":"CommentAction","name":"Comment","target":["https:\/\/www.africa-press.net\/cotedivoire\/toutes-les-actualites\/danane-enclavement-persistant-des-villages-isoles#respond"]}]},{"@type":"WebPage","@id":"https:\/\/www.africa-press.net\/cotedivoire\/toutes-les-actualites\/danane-enclavement-persistant-des-villages-isoles","url":"https:\/\/www.africa-press.net\/cotedivoire\/toutes-les-actualites\/danane-enclavement-persistant-des-villages-isoles","name":"Danan\u00e9 Enclavement Persistant Des Villages Isol\u00e9s - C\u00f4te d&#039;Ivoire","isPartOf":{"@id":"https:\/\/www.africa-press.net\/cotedivoire\/#website"},"primaryImageOfPage":{"@id":"https:\/\/www.africa-press.net\/cotedivoire\/toutes-les-actualites\/danane-enclavement-persistant-des-villages-isoles#primaryimage"},"image":{"@id":"https:\/\/www.africa-press.net\/cotedivoire\/toutes-les-actualites\/danane-enclavement-persistant-des-villages-isoles#primaryimage"},"thumbnailUrl":"https:\/\/static.africa-press.net\/cote\/sites\/43\/2026\/04\/sm_1777205682.394863.jpg","datePublished":"2026-04-26T14:52:35+00:00","dateModified":"2026-04-26T15:45:00+00:00","author":{"@id":"https:\/\/www.africa-press.net\/cotedivoire\/#\/schema\/person\/2b1cf3cd81a31e3cd26889ca66d677f1"},"description":"Dans les me\u0301andres verdoyants mais difficiles d\u2019acce\u0300s du de\u0301partement de Danane\u0301, la tourne\u0301e de remerciements de l\u2019hon ...","breadcrumb":{"@id":"https:\/\/www.africa-press.net\/cotedivoire\/toutes-les-actualites\/danane-enclavement-persistant-des-villages-isoles#breadcrumb"},"inLanguage":"fr-FR","potentialAction":[{"@type":"ReadAction","target":["https:\/\/www.africa-press.net\/cotedivoire\/toutes-les-actualites\/danane-enclavement-persistant-des-villages-isoles"]}]},{"@type":"ImageObject","inLanguage":"fr-FR","@id":"https:\/\/www.africa-press.net\/cotedivoire\/toutes-les-actualites\/danane-enclavement-persistant-des-villages-isoles#primaryimage","url":"https:\/\/static.africa-press.net\/cote\/sites\/43\/2026\/04\/sm_1777205682.394863.jpg","contentUrl":"https:\/\/static.africa-press.net\/cote\/sites\/43\/2026\/04\/sm_1777205682.394863.jpg","width":720,"height":324,"caption":"Danan\u00e9 Enclavement Persistant Des Villages Isol\u00e9s"},{"@type":"BreadcrumbList","@id":"https:\/\/www.africa-press.net\/cotedivoire\/toutes-les-actualites\/danane-enclavement-persistant-des-villages-isoles#breadcrumb","itemListElement":[{"@type":"ListItem","position":1,"name":"Accueil","item":"https:\/\/www.africa-press.net\/cotedivoire\/"},{"@type":"ListItem","position":2,"name":"Danan\u00e9 Enclavement Persistant Des Villages Isol\u00e9s"}]},{"@type":"WebSite","@id":"https:\/\/www.africa-press.net\/cotedivoire\/#website","url":"https:\/\/www.africa-press.net\/cotedivoire\/","name":"C\u00f4te d&#039;Ivoire","description":"Just another Africa News Agency Sites site","potentialAction":[{"@type":"SearchAction","target":{"@type":"EntryPoint","urlTemplate":"https:\/\/www.africa-press.net\/cotedivoire\/?s={search_term_string}"},"query-input":{"@type":"PropertyValueSpecification","valueRequired":true,"valueName":"search_term_string"}}],"inLanguage":"fr-FR"},{"@type":"Person","@id":"https:\/\/www.africa-press.net\/cotedivoire\/#\/schema\/person\/2b1cf3cd81a31e3cd26889ca66d677f1","name":"cfeditorfr"}]}},"_links":{"self":[{"href":"https:\/\/www.africa-press.net\/cotedivoire\/wp-json\/wp\/v2\/posts\/115210","targetHints":{"allow":["GET"]}}],"collection":[{"href":"https:\/\/www.africa-press.net\/cotedivoire\/wp-json\/wp\/v2\/posts"}],"about":[{"href":"https:\/\/www.africa-press.net\/cotedivoire\/wp-json\/wp\/v2\/types\/post"}],"author":[{"embeddable":true,"href":"https:\/\/www.africa-press.net\/cotedivoire\/wp-json\/wp\/v2\/users\/82"}],"replies":[{"embeddable":true,"href":"https:\/\/www.africa-press.net\/cotedivoire\/wp-json\/wp\/v2\/comments?post=115210"}],"version-history":[{"count":1,"href":"https:\/\/www.africa-press.net\/cotedivoire\/wp-json\/wp\/v2\/posts\/115210\/revisions"}],"predecessor-version":[{"id":115212,"href":"https:\/\/www.africa-press.net\/cotedivoire\/wp-json\/wp\/v2\/posts\/115210\/revisions\/115212"}],"wp:featuredmedia":[{"embeddable":true,"href":"https:\/\/www.africa-press.net\/cotedivoire\/wp-json\/wp\/v2\/media\/115208"}],"wp:attachment":[{"href":"https:\/\/www.africa-press.net\/cotedivoire\/wp-json\/wp\/v2\/media?parent=115210"}],"wp:term":[{"taxonomy":"category","embeddable":true,"href":"https:\/\/www.africa-press.net\/cotedivoire\/wp-json\/wp\/v2\/categories?post=115210"},{"taxonomy":"post_tag","embeddable":true,"href":"https:\/\/www.africa-press.net\/cotedivoire\/wp-json\/wp\/v2\/tags?post=115210"}],"curies":[{"name":"wp","href":"https:\/\/api.w.org\/{rel}","templated":true}]}}