{"id":115213,"date":"2026-04-26T14:53:51","date_gmt":"2026-04-26T14:53:51","guid":{"rendered":"https:\/\/www.africa-press.net\/cotedivoire\/politique\/oia-dement-crise-dans-filiere-cafe-cacao-2"},"modified":"2026-04-26T15:45:23","modified_gmt":"2026-04-26T15:45:23","slug":"oia-dement-crise-dans-filiere-cafe-cacao-2","status":"publish","type":"post","link":"https:\/\/www.africa-press.net\/cotedivoire\/economie\/oia-dement-crise-dans-filiere-cafe-cacao-2","title":{"rendered":"OIA D\u00e9ment Crise Dans Fili\u00e8re Caf\u00e9-Cacao"},"content":{"rendered":"<p><span style=\"color: #ff6600\"><strong>Africa-Press &#8211; C\u00f4te d&rsquo;Ivoire. <\/strong><\/span>L\u2019Organisation interprofessionnelle agricole (OIA) de la filie\u0300re cafe\u0301-cacao est sortie de sa re\u0301serve pour apporter un de\u0301menti formel face aux informations qu\u2019elle qualifie d\u2019errone\u0301es et mensonge\u0300res, diffuse\u0301es ces derniers jours dans certains me\u0301dias et sur les re\u0301seaux sociaux. Dans une de\u0301claration officielle signe\u0301e par Doua Blonde\u0301 Obed, vice-pre\u0301sident et porte-parole de l\u2019OIA, rendue publique le 23 avril 2026, l\u2019organisation entend re\u0301tablir les faits et rassurer l\u2019ensemble des acteurs du secteur.<\/p>\n<p>Contrairement aux rumeurs e\u0301voquant des tensions institutionnelles, l\u2019OIA affirme qu\u2019il n\u2019existe aucun diffe\u0301rend entre elle et le Conseil du Cafe\u0301-Cacao. Les deux structures, pre\u0301cise le communique\u0301, collaborent e\u0301troitement dans un esprit de comple\u0301mentarite\u0301 et de cohe\u0301sion, conforme\u0301ment aux orientations fixe\u0301es par les autorite\u0301s e\u0301tatiques. Cette collaboration vise a\u0300 garantir une gestion rigoureuse, transparente et efficace de la filie\u0300re.<\/p>\n<p>\u00ab Contrairement aux insinuations diffuse\u0301es, il n\u2019existe aucun malentendu entre l\u2019OIA Cafe\u0301-Cacao et le Conseil du Cafe\u0301-Cacao. Les deux institutions travaillent en parfaite synergie, dans le respect des orientations des plus hautes autorite\u0301s de l\u2019E\u0301tat, en vue d\u2019assurer une gestion rigoureuse, transparente et efficace de la filie\u0300re \u00bb, a pre\u0301cise\u0301 l\u2019OIA.<\/p>\n<p>L\u2019organisation a e\u0301galement tenu a\u0300 lever toute ambigui\u0308te\u0301 concernant sa direction. Monsieur Siaka Diakite\u0301 demeure, selon le communique\u0301, le pre\u0301sident le\u0301gitime de l\u2019OIA Cafe\u0301-Cacao. Il continue d\u2019exercer ses fonctions dans le strict respect des textes en vigueur et des missions assigne\u0301es a\u0300 l\u2019institution.<\/p>\n<p>\u00ab L\u2019OIA tient e\u0301galement a\u0300 pre\u0301ciser avec la plus grande clarte\u0301 que Monsieur Siaka Diakite\u0301 demeure pleinement et le\u0301gitimement le pre\u0301sident de l\u2019OIA Cafe\u0301-Cacao. Il exerce ses fonctions en toute responsabilite\u0301, conforme\u0301ment aux textes en vigueur et aux missions assigne\u0301es a\u0300 l\u2019interprofession \u00bb, poursuit le communique\u0301.<\/p>\n<p>Sur la question sensible de la gestion des stocks de cacao, l\u2019OIA rejette cate\u0301goriquement toute ide\u0301e de crise ou de dysfonctionnement. Les accusations de mauvaise gouvernance sont juge\u0301es infonde\u0301es et sans preuve tangible. Au contraire, l\u2019organisation met en avant la mise en place d\u2019un dispositif qu\u2019elle qualifie de rigoureux et transparent, destine\u0301 a\u0300 assainir durablement les pratiques dans la filie\u0300re.<\/p>\n<p>Ce me\u0301canisme, selon l\u2019OIA, repose sur plusieurs exigences clairement de\u0301finies, a\u0300 savoir: la re\u0301alisation d\u2019un inventaire pre\u0301alable des stocks, la justification des volumes effectivement de\u0301tenus, ainsi qu\u2019une capacite\u0301 minimale de 40 tonnes en magasin pour participer aux ope\u0301rations d\u2019enle\u0300vement. Selon l\u2019interprofession, ces mesures visent a\u0300 instaurer davantage d\u2019e\u0301quite\u0301 et de cre\u0301dibilite\u0301 dans la gestion du secteur.<\/p>\n<p>Le communique\u0301 re\u0301ve\u0300le par ailleurs des irre\u0301gularite\u0301s constate\u0301es sur le terrain. Certains acteurs auraient volontairement sous-de\u0301clare\u0301 leurs stocks lors des ope\u0301rations d\u2019inventaire, annonc\u0327ant des volumes compris entre 2 et 17 tonnes, alors que des contro\u0302les ulte\u0301rieurs ont permis de de\u0301couvrir des quantite\u0301s bien supe\u0301rieures, atteignant parfois 80 a\u0300 100 tonnes. Pour l\u2019OIA, ces pratiques expliquent en grande partie les critiques et les campagnes de de\u0301sinformation observe\u0301es.<\/p>\n<p>Dans ce contexte, l\u2019organisation appelle les acteurs de la filie\u0300re et l\u2019opinion publique a\u0300 faire preuve de discernement face a\u0300 ces tentatives de manipulation, qu\u2019elle estime motive\u0301es par des inte\u0301re\u0302ts particuliers au de\u0301triment de l\u2019inte\u0301re\u0302t collectif.<\/p>\n<p>L\u2019OIA souligne e\u0301galement que la filie\u0300re se trouve actuellement dans la phase finale des enle\u0300vements des stocks re\u0301siduels. Cette e\u0301tape constitue une transition importante, permettant de concentrer les efforts sur la pre\u0301paration de la petite campagne a\u0300 venir.<\/p>\n<p>En de\u0301finitive, l\u2019organisation re\u0301affirme son engagement en faveur des producteurs, pre\u0301sente\u0301s comme la priorite\u0301 absolue des politiques mene\u0301es. Elle assure que toutes les actions engage\u0301es visent a\u0300 ame\u0301liorer l\u2019organisation du marche\u0301, renforcer la transparence et garantir une valorisation durable de la production nationale.<\/p>\n<p>A\u0300 travers cette mise au point, l\u2019OIA se veut rassurante. La filie\u0300re cafe\u0301-cacao poursuit sa marche, porte\u0301e par des re\u0301formes en cours qu\u2019elle entend mener a\u0300 terme avec de\u0301termination.<\/p>\n<p><strong>Pour plus d&rsquo;informations et d&rsquo;analyses sur la <span style=\"color: #ff6600\">C\u00f4te d&rsquo;Ivoire<\/span>, suivez <span style=\"color: #ff6600\">Africa-Press<\/span><\/strong><\/p>\n","protected":false},"excerpt":{"rendered":"<p>Africa-Press &#8211; C\u00f4te d&rsquo;Ivoire. L\u2019Organisation interprofessionnelle agricole (OIA) de la filie\u0300re cafe\u0301-cacao est sortie de sa re\u0301serve pour apporter un de\u0301menti formel face aux informations qu\u2019elle qualifie d\u2019errone\u0301es et mensonge\u0300res, diffuse\u0301es ces derniers jours dans certains me\u0301dias et sur les re\u0301seaux sociaux. Dans une de\u0301claration officielle signe\u0301e par Doua Blonde\u0301 Obed, vice-pre\u0301sident et porte-parole de [&hellip;]<\/p>\n","protected":false},"author":82,"featured_media":115211,"comment_status":"open","ping_status":"closed","sticky":false,"template":"","format":"standard","meta":{"footnotes":""},"categories":[3,10],"tags":[8275,204,1177,1744,29,118,1699,1549,3958,10835],"class_list":["post-115213","post","type-post","status-publish","format-standard","has-post-thumbnail","hentry","category-economie","category-toutes-les-actualites","tag-agricole","tag-agriculture","tag-cafe-cacao","tag-conseil","tag-cote-divoire","tag-economie","tag-filiere","tag-gouvernance","tag-oia","tag-transparence"],"yoast_head":"<!-- This site is optimized with the Yoast SEO Premium plugin v26.1 (Yoast SEO v27.0) - https:\/\/yoast.com\/product\/yoast-seo-premium-wordpress\/ -->\n<title>OIA D\u00e9ment Crise Dans Fili\u00e8re Caf\u00e9-Cacao - C\u00f4te d&#039;Ivoire<\/title>\n<meta name=\"description\" content=\"L\u2019Organisation interprofessionnelle agricole (OIA) de la filie\u0300re cafe\u0301-cacao est sortie de sa re\u0301serve pour apporter un ...\" \/>\n<meta name=\"robots\" content=\"index, follow, max-snippet:-1, max-image-preview:large, max-video-preview:-1\" \/>\n<link rel=\"canonical\" href=\"https:\/\/www.africa-press.net\/cotedivoire\/economie\/oia-dement-crise-dans-filiere-cafe-cacao-2\" \/>\n<meta property=\"og:locale\" content=\"fr_FR\" \/>\n<meta property=\"og:type\" content=\"article\" \/>\n<meta property=\"og:title\" content=\"OIA D\u00e9ment Crise Dans Fili\u00e8re Caf\u00e9-Cacao\" \/>\n<meta property=\"og:description\" content=\"L\u2019Organisation interprofessionnelle agricole (OIA) de la filie\u0300re cafe\u0301-cacao est sortie de sa re\u0301serve pour apporter un ...\" \/>\n<meta property=\"og:url\" content=\"https:\/\/www.africa-press.net\/cotedivoire\/economie\/oia-dement-crise-dans-filiere-cafe-cacao-2\" \/>\n<meta property=\"og:site_name\" content=\"C\u00f4te d&#039;Ivoire\" \/>\n<meta property=\"article:published_time\" content=\"2026-04-26T14:53:51+00:00\" \/>\n<meta property=\"article:modified_time\" content=\"2026-04-26T15:45:23+00:00\" \/>\n<meta property=\"og:image\" content=\"https:\/\/static.africa-press.net\/cote\/sites\/43\/2026\/04\/sm_1777205696.744394.jpg\" \/>\n\t<meta property=\"og:image:width\" content=\"691\" \/>\n\t<meta property=\"og:image:height\" content=\"278\" \/>\n\t<meta property=\"og:image:type\" content=\"image\/jpeg\" \/>\n<meta name=\"author\" content=\"cfeditorfr\" \/>\n<meta name=\"twitter:card\" content=\"summary_large_image\" \/>\n<meta name=\"twitter:label1\" content=\"\u00c9crit par\" \/>\n\t<meta name=\"twitter:data1\" content=\"cfeditorfr\" \/>\n\t<meta name=\"twitter:label2\" content=\"Dur\u00e9e de lecture estim\u00e9e\" \/>\n\t<meta name=\"twitter:data2\" content=\"4 minutes\" \/>\n<script type=\"application\/ld+json\" class=\"yoast-schema-graph\">{\"@context\":\"https:\/\/schema.org\",\"@graph\":[{\"@type\":\"Article\",\"@id\":\"https:\/\/www.africa-press.net\/cotedivoire\/economie\/oia-dement-crise-dans-filiere-cafe-cacao-2#article\",\"isPartOf\":{\"@id\":\"https:\/\/www.africa-press.net\/cotedivoire\/economie\/oia-dement-crise-dans-filiere-cafe-cacao-2\"},\"author\":{\"name\":\"cfeditorfr\",\"@id\":\"https:\/\/www.africa-press.net\/cotedivoire\/#\/schema\/person\/2b1cf3cd81a31e3cd26889ca66d677f1\"},\"headline\":\"OIA D\u00e9ment Crise Dans Fili\u00e8re Caf\u00e9-Cacao\",\"datePublished\":\"2026-04-26T14:53:51+00:00\",\"dateModified\":\"2026-04-26T15:45:23+00:00\",\"mainEntityOfPage\":{\"@id\":\"https:\/\/www.africa-press.net\/cotedivoire\/economie\/oia-dement-crise-dans-filiere-cafe-cacao-2\"},\"wordCount\":756,\"commentCount\":0,\"image\":{\"@id\":\"https:\/\/www.africa-press.net\/cotedivoire\/economie\/oia-dement-crise-dans-filiere-cafe-cacao-2#primaryimage\"},\"thumbnailUrl\":\"https:\/\/static.africa-press.net\/cote\/sites\/43\/2026\/04\/sm_1777205696.744394.jpg\",\"keywords\":[\"agricole\",\"agriculture\",\"Caf\u00e9-Cacao\",\"Conseil\",\"C\u00d4TE D'IVOIRE\",\"Economie\",\"fili\u00e8re\",\"Gouvernance\",\"OIA\",\"transparence\"],\"articleSection\":[\"\u00c9conomie\",\"Toutes les actualit\u00e9s\"],\"inLanguage\":\"fr-FR\",\"potentialAction\":[{\"@type\":\"CommentAction\",\"name\":\"Comment\",\"target\":[\"https:\/\/www.africa-press.net\/cotedivoire\/economie\/oia-dement-crise-dans-filiere-cafe-cacao-2#respond\"]}]},{\"@type\":\"WebPage\",\"@id\":\"https:\/\/www.africa-press.net\/cotedivoire\/economie\/oia-dement-crise-dans-filiere-cafe-cacao-2\",\"url\":\"https:\/\/www.africa-press.net\/cotedivoire\/economie\/oia-dement-crise-dans-filiere-cafe-cacao-2\",\"name\":\"OIA D\u00e9ment Crise Dans Fili\u00e8re Caf\u00e9-Cacao - C\u00f4te d&#039;Ivoire\",\"isPartOf\":{\"@id\":\"https:\/\/www.africa-press.net\/cotedivoire\/#website\"},\"primaryImageOfPage\":{\"@id\":\"https:\/\/www.africa-press.net\/cotedivoire\/economie\/oia-dement-crise-dans-filiere-cafe-cacao-2#primaryimage\"},\"image\":{\"@id\":\"https:\/\/www.africa-press.net\/cotedivoire\/economie\/oia-dement-crise-dans-filiere-cafe-cacao-2#primaryimage\"},\"thumbnailUrl\":\"https:\/\/static.africa-press.net\/cote\/sites\/43\/2026\/04\/sm_1777205696.744394.jpg\",\"datePublished\":\"2026-04-26T14:53:51+00:00\",\"dateModified\":\"2026-04-26T15:45:23+00:00\",\"author\":{\"@id\":\"https:\/\/www.africa-press.net\/cotedivoire\/#\/schema\/person\/2b1cf3cd81a31e3cd26889ca66d677f1\"},\"description\":\"L\u2019Organisation interprofessionnelle agricole (OIA) de la filie\u0300re cafe\u0301-cacao est sortie de sa re\u0301serve pour apporter un ...\",\"breadcrumb\":{\"@id\":\"https:\/\/www.africa-press.net\/cotedivoire\/economie\/oia-dement-crise-dans-filiere-cafe-cacao-2#breadcrumb\"},\"inLanguage\":\"fr-FR\",\"potentialAction\":[{\"@type\":\"ReadAction\",\"target\":[\"https:\/\/www.africa-press.net\/cotedivoire\/economie\/oia-dement-crise-dans-filiere-cafe-cacao-2\"]}]},{\"@type\":\"ImageObject\",\"inLanguage\":\"fr-FR\",\"@id\":\"https:\/\/www.africa-press.net\/cotedivoire\/economie\/oia-dement-crise-dans-filiere-cafe-cacao-2#primaryimage\",\"url\":\"https:\/\/static.africa-press.net\/cote\/sites\/43\/2026\/04\/sm_1777205696.744394.jpg\",\"contentUrl\":\"https:\/\/static.africa-press.net\/cote\/sites\/43\/2026\/04\/sm_1777205696.744394.jpg\",\"width\":691,\"height\":278,\"caption\":\"OIA D\u00e9ment Crise Dans Fili\u00e8re Caf\u00e9-Cacao\"},{\"@type\":\"BreadcrumbList\",\"@id\":\"https:\/\/www.africa-press.net\/cotedivoire\/economie\/oia-dement-crise-dans-filiere-cafe-cacao-2#breadcrumb\",\"itemListElement\":[{\"@type\":\"ListItem\",\"position\":1,\"name\":\"Accueil\",\"item\":\"https:\/\/www.africa-press.net\/cotedivoire\/\"},{\"@type\":\"ListItem\",\"position\":2,\"name\":\"OIA D\u00e9ment Crise Dans Fili\u00e8re Caf\u00e9-Cacao\"}]},{\"@type\":\"WebSite\",\"@id\":\"https:\/\/www.africa-press.net\/cotedivoire\/#website\",\"url\":\"https:\/\/www.africa-press.net\/cotedivoire\/\",\"name\":\"C\u00f4te d&#039;Ivoire\",\"description\":\"Just another Africa News Agency Sites site\",\"potentialAction\":[{\"@type\":\"SearchAction\",\"target\":{\"@type\":\"EntryPoint\",\"urlTemplate\":\"https:\/\/www.africa-press.net\/cotedivoire\/?s={search_term_string}\"},\"query-input\":{\"@type\":\"PropertyValueSpecification\",\"valueRequired\":true,\"valueName\":\"search_term_string\"}}],\"inLanguage\":\"fr-FR\"},{\"@type\":\"Person\",\"@id\":\"https:\/\/www.africa-press.net\/cotedivoire\/#\/schema\/person\/2b1cf3cd81a31e3cd26889ca66d677f1\",\"name\":\"cfeditorfr\"}]}<\/script>\n<!-- \/ Yoast SEO Premium plugin. -->","yoast_head_json":{"title":"OIA D\u00e9ment Crise Dans Fili\u00e8re Caf\u00e9-Cacao - C\u00f4te d&#039;Ivoire","description":"L\u2019Organisation interprofessionnelle agricole (OIA) de la filie\u0300re cafe\u0301-cacao est sortie de sa re\u0301serve pour apporter un ...","robots":{"index":"index","follow":"follow","max-snippet":"max-snippet:-1","max-image-preview":"max-image-preview:large","max-video-preview":"max-video-preview:-1"},"canonical":"https:\/\/www.africa-press.net\/cotedivoire\/economie\/oia-dement-crise-dans-filiere-cafe-cacao-2","og_locale":"fr_FR","og_type":"article","og_title":"OIA D\u00e9ment Crise Dans Fili\u00e8re Caf\u00e9-Cacao","og_description":"L\u2019Organisation interprofessionnelle agricole (OIA) de la filie\u0300re cafe\u0301-cacao est sortie de sa re\u0301serve pour apporter un ...","og_url":"https:\/\/www.africa-press.net\/cotedivoire\/economie\/oia-dement-crise-dans-filiere-cafe-cacao-2","og_site_name":"C\u00f4te d&#039;Ivoire","article_published_time":"2026-04-26T14:53:51+00:00","article_modified_time":"2026-04-26T15:45:23+00:00","og_image":[{"width":691,"height":278,"url":"https:\/\/static.africa-press.net\/cote\/sites\/43\/2026\/04\/sm_1777205696.744394.jpg","type":"image\/jpeg"}],"author":"cfeditorfr","twitter_card":"summary_large_image","twitter_misc":{"\u00c9crit par":"cfeditorfr","Dur\u00e9e de lecture estim\u00e9e":"4 minutes"},"schema":{"@context":"https:\/\/schema.org","@graph":[{"@type":"Article","@id":"https:\/\/www.africa-press.net\/cotedivoire\/economie\/oia-dement-crise-dans-filiere-cafe-cacao-2#article","isPartOf":{"@id":"https:\/\/www.africa-press.net\/cotedivoire\/economie\/oia-dement-crise-dans-filiere-cafe-cacao-2"},"author":{"name":"cfeditorfr","@id":"https:\/\/www.africa-press.net\/cotedivoire\/#\/schema\/person\/2b1cf3cd81a31e3cd26889ca66d677f1"},"headline":"OIA D\u00e9ment Crise Dans Fili\u00e8re Caf\u00e9-Cacao","datePublished":"2026-04-26T14:53:51+00:00","dateModified":"2026-04-26T15:45:23+00:00","mainEntityOfPage":{"@id":"https:\/\/www.africa-press.net\/cotedivoire\/economie\/oia-dement-crise-dans-filiere-cafe-cacao-2"},"wordCount":756,"commentCount":0,"image":{"@id":"https:\/\/www.africa-press.net\/cotedivoire\/economie\/oia-dement-crise-dans-filiere-cafe-cacao-2#primaryimage"},"thumbnailUrl":"https:\/\/static.africa-press.net\/cote\/sites\/43\/2026\/04\/sm_1777205696.744394.jpg","keywords":["agricole","agriculture","Caf\u00e9-Cacao","Conseil","C\u00d4TE D'IVOIRE","Economie","fili\u00e8re","Gouvernance","OIA","transparence"],"articleSection":["\u00c9conomie","Toutes les actualit\u00e9s"],"inLanguage":"fr-FR","potentialAction":[{"@type":"CommentAction","name":"Comment","target":["https:\/\/www.africa-press.net\/cotedivoire\/economie\/oia-dement-crise-dans-filiere-cafe-cacao-2#respond"]}]},{"@type":"WebPage","@id":"https:\/\/www.africa-press.net\/cotedivoire\/economie\/oia-dement-crise-dans-filiere-cafe-cacao-2","url":"https:\/\/www.africa-press.net\/cotedivoire\/economie\/oia-dement-crise-dans-filiere-cafe-cacao-2","name":"OIA D\u00e9ment Crise Dans Fili\u00e8re Caf\u00e9-Cacao - C\u00f4te d&#039;Ivoire","isPartOf":{"@id":"https:\/\/www.africa-press.net\/cotedivoire\/#website"},"primaryImageOfPage":{"@id":"https:\/\/www.africa-press.net\/cotedivoire\/economie\/oia-dement-crise-dans-filiere-cafe-cacao-2#primaryimage"},"image":{"@id":"https:\/\/www.africa-press.net\/cotedivoire\/economie\/oia-dement-crise-dans-filiere-cafe-cacao-2#primaryimage"},"thumbnailUrl":"https:\/\/static.africa-press.net\/cote\/sites\/43\/2026\/04\/sm_1777205696.744394.jpg","datePublished":"2026-04-26T14:53:51+00:00","dateModified":"2026-04-26T15:45:23+00:00","author":{"@id":"https:\/\/www.africa-press.net\/cotedivoire\/#\/schema\/person\/2b1cf3cd81a31e3cd26889ca66d677f1"},"description":"L\u2019Organisation interprofessionnelle agricole (OIA) de la filie\u0300re cafe\u0301-cacao est sortie de sa re\u0301serve pour apporter un ...","breadcrumb":{"@id":"https:\/\/www.africa-press.net\/cotedivoire\/economie\/oia-dement-crise-dans-filiere-cafe-cacao-2#breadcrumb"},"inLanguage":"fr-FR","potentialAction":[{"@type":"ReadAction","target":["https:\/\/www.africa-press.net\/cotedivoire\/economie\/oia-dement-crise-dans-filiere-cafe-cacao-2"]}]},{"@type":"ImageObject","inLanguage":"fr-FR","@id":"https:\/\/www.africa-press.net\/cotedivoire\/economie\/oia-dement-crise-dans-filiere-cafe-cacao-2#primaryimage","url":"https:\/\/static.africa-press.net\/cote\/sites\/43\/2026\/04\/sm_1777205696.744394.jpg","contentUrl":"https:\/\/static.africa-press.net\/cote\/sites\/43\/2026\/04\/sm_1777205696.744394.jpg","width":691,"height":278,"caption":"OIA D\u00e9ment Crise Dans Fili\u00e8re Caf\u00e9-Cacao"},{"@type":"BreadcrumbList","@id":"https:\/\/www.africa-press.net\/cotedivoire\/economie\/oia-dement-crise-dans-filiere-cafe-cacao-2#breadcrumb","itemListElement":[{"@type":"ListItem","position":1,"name":"Accueil","item":"https:\/\/www.africa-press.net\/cotedivoire\/"},{"@type":"ListItem","position":2,"name":"OIA D\u00e9ment Crise Dans Fili\u00e8re Caf\u00e9-Cacao"}]},{"@type":"WebSite","@id":"https:\/\/www.africa-press.net\/cotedivoire\/#website","url":"https:\/\/www.africa-press.net\/cotedivoire\/","name":"C\u00f4te d&#039;Ivoire","description":"Just another Africa News Agency Sites site","potentialAction":[{"@type":"SearchAction","target":{"@type":"EntryPoint","urlTemplate":"https:\/\/www.africa-press.net\/cotedivoire\/?s={search_term_string}"},"query-input":{"@type":"PropertyValueSpecification","valueRequired":true,"valueName":"search_term_string"}}],"inLanguage":"fr-FR"},{"@type":"Person","@id":"https:\/\/www.africa-press.net\/cotedivoire\/#\/schema\/person\/2b1cf3cd81a31e3cd26889ca66d677f1","name":"cfeditorfr"}]}},"_links":{"self":[{"href":"https:\/\/www.africa-press.net\/cotedivoire\/wp-json\/wp\/v2\/posts\/115213","targetHints":{"allow":["GET"]}}],"collection":[{"href":"https:\/\/www.africa-press.net\/cotedivoire\/wp-json\/wp\/v2\/posts"}],"about":[{"href":"https:\/\/www.africa-press.net\/cotedivoire\/wp-json\/wp\/v2\/types\/post"}],"author":[{"embeddable":true,"href":"https:\/\/www.africa-press.net\/cotedivoire\/wp-json\/wp\/v2\/users\/82"}],"replies":[{"embeddable":true,"href":"https:\/\/www.africa-press.net\/cotedivoire\/wp-json\/wp\/v2\/comments?post=115213"}],"version-history":[{"count":1,"href":"https:\/\/www.africa-press.net\/cotedivoire\/wp-json\/wp\/v2\/posts\/115213\/revisions"}],"predecessor-version":[{"id":115216,"href":"https:\/\/www.africa-press.net\/cotedivoire\/wp-json\/wp\/v2\/posts\/115213\/revisions\/115216"}],"wp:featuredmedia":[{"embeddable":true,"href":"https:\/\/www.africa-press.net\/cotedivoire\/wp-json\/wp\/v2\/media\/115211"}],"wp:attachment":[{"href":"https:\/\/www.africa-press.net\/cotedivoire\/wp-json\/wp\/v2\/media?parent=115213"}],"wp:term":[{"taxonomy":"category","embeddable":true,"href":"https:\/\/www.africa-press.net\/cotedivoire\/wp-json\/wp\/v2\/categories?post=115213"},{"taxonomy":"post_tag","embeddable":true,"href":"https:\/\/www.africa-press.net\/cotedivoire\/wp-json\/wp\/v2\/tags?post=115213"}],"curies":[{"name":"wp","href":"https:\/\/api.w.org\/{rel}","templated":true}]}}