{"id":115215,"date":"2026-04-26T14:56:50","date_gmt":"2026-04-26T14:56:50","guid":{"rendered":"https:\/\/www.africa-press.net\/cotedivoire\/politique\/gonate-le-ministere-de-lurbanisme-se-rapproche-des-populations"},"modified":"2026-04-26T15:45:37","modified_gmt":"2026-04-26T15:45:37","slug":"gonate-le-ministere-de-lurbanisme-se-rapproche-des-populations","status":"publish","type":"post","link":"https:\/\/www.africa-press.net\/cotedivoire\/toutes-les-actualites\/gonate-le-ministere-de-lurbanisme-se-rapproche-des-populations","title":{"rendered":"Gonat\u00e9 Le Minist\u00e8re de l&rsquo;Urbanisme Se Rapproche des Populations"},"content":{"rendered":"<p><span style=\"color: #ff6600\"><strong>Africa-Press &#8211; C\u00f4te d&rsquo;Ivoire. <\/strong><\/span>Le Ministe\u0300re de l\u2019Urbanisme, du Logement et du Cadre de Vie (MULCV) a officiellement inaugure\u0301, ce jeudi, les nouveaux locaux de son secteur de Gonate\u0301. Cette ce\u0301re\u0301monie, marque\u0301e par une forte mobilisation des autorite\u0301s administratives, coutumie\u0300res, religieuses et des populations, constitue une e\u0301tape importante dans le renforcement de la pre\u0301sence de l\u2019administration dans la localite\u0301.<\/p>\n<p>Cette infrastructure s\u2019inscrit dans la politique de proximite\u0301 engage\u0301e par le gouvernement, visant a\u0300 rapprocher davantage les services publics des citoyens. Elle est place\u0301e sous la responsabilite\u0301 de Konate\u0301 Adama, chef de secteur nomme\u0301 par arre\u0302te\u0301 ministe\u0301riel en date du 17 juillet 2024.<\/p>\n<p>Repre\u0301sentant le directeur re\u0301gional, Kody Herbert Carmel a salue\u0301 la re\u0301alisation de cet e\u0301difice qu\u2019il conside\u0300re comme une avance\u0301e significative pour les usagers. Selon lui, ces nouveaux locaux permettront de\u0301sormais aux populations d\u2019effectuer plus facilement leurs de\u0301marches administratives, notamment dans les domaines du foncier et de l\u2019urbanisme, sans avoir a\u0300 parcourir de longues distances.<\/p>\n<p>Profitant de cette occasion, il a mis en lumie\u0300re le parcours inspirant du chef de secteur Konate\u0301 Adama. De coursier a\u0300 chef de service, ce dernier a su gravir les e\u0301chelons gra\u0302ce a\u0300 son engagement et a\u0300 sa rigueur, contribuant notamment a\u0300 l\u2019ame\u0301lioration des performances du service et au renforcement de ses capacite\u0301s ope\u0301rationnelles.<\/p>\n<p>Le repre\u0301sentant du directeur re\u0301gional a e\u0301galement rappele\u0301 que le secteur de Gonate\u0301 vient s\u2019ajouter a\u0300 ceux de\u0301ja\u0300 fonctionnels dans la re\u0301gion du Haut-Sassandra, notamment a\u0300 Be\u0301diala, Gadouan et Gboguhe\u0301. Il a insiste\u0301 sur l\u2019importance de ce nouveau cadre de travail, a\u0300 la fois moderne et adapte\u0301, pour ame\u0301liorer la qualite\u0301 du service rendu aux usagers.<\/p>\n<p>Pour sa part, la sous-pre\u0301fe\u0300te de Gonate\u0301, Coulibaly ne\u0301e Adingra Carole, s\u2019est re\u0301jouie de la mise en service de ces locaux, qui mettent fin a\u0300 des conditions de travail jusque-la\u0300 peu ade\u0301quates. Elle a rappele\u0301 que les services e\u0301taient pre\u0301ce\u0301demment installe\u0301s au sein de la sous-pre\u0301fecture, une situation qui limitait leur efficacite\u0301.<\/p>\n<p>Elle a fe\u0301licite\u0301 l\u2019ensemble des acteurs ayant contribue\u0301 a\u0300 la re\u0301alisation de ce projet et a exhorte\u0301 le personnel a\u0300 faire preuve de professionnalisme et de rigueur dans l\u2019exercice de leurs missions.<\/p>\n<p>En conclusion, les autorite\u0301s ont invite\u0301 les populations a\u0300 s\u2019approprier ces nouvelles infrastructures, symbole d\u2019une administration plus accessible, performante et re\u0301solument tourne\u0301e vers le de\u0301veloppement local.<\/p>\n<p><strong>Pour plus d&rsquo;informations et d&rsquo;analyses sur la <span style=\"color: #ff6600\">C\u00f4te d&rsquo;Ivoire<\/span>, suivez <span style=\"color: #ff6600\">Africa-Press<\/span><\/strong><\/p>\n","protected":false},"excerpt":{"rendered":"<p>Africa-Press &#8211; C\u00f4te d&rsquo;Ivoire. Le Ministe\u0300re de l\u2019Urbanisme, du Logement et du Cadre de Vie (MULCV) a officiellement inaugure\u0301, ce jeudi, les nouveaux locaux de son secteur de Gonate\u0301. Cette ce\u0301re\u0301monie, marque\u0301e par une forte mobilisation des autorite\u0301s administratives, coutumie\u0300res, religieuses et des populations, constitue une e\u0301tape importante dans le renforcement de la pre\u0301sence de [&hellip;]<\/p>\n","protected":false},"author":82,"featured_media":115214,"comment_status":"open","ping_status":"closed","sticky":false,"template":"","format":"standard","meta":{"footnotes":""},"categories":[21,10],"tags":[29,20839,20848],"class_list":["post-115215","post","type-post","status-publish","format-standard","has-post-thumbnail","hentry","category-communaute","category-toutes-les-actualites","tag-cote-divoire","tag-du-logement-et-du-cadre-de-vie","tag-ministere-de-lurbanisme"],"yoast_head":"<!-- This site is optimized with the Yoast SEO Premium plugin v26.1 (Yoast SEO v27.0) - https:\/\/yoast.com\/product\/yoast-seo-premium-wordpress\/ -->\n<title>Gonat\u00e9 Le Minist\u00e8re de l&#039;Urbanisme Se Rapproche des Populations - C\u00f4te d&#039;Ivoire<\/title>\n<meta name=\"description\" content=\"Le Ministe\u0300re de l\u2019Urbanisme, du Logement et du Cadre de Vie (MULCV) a officiellement inaugure\u0301, ce jeudi, les nouveaux ...\" \/>\n<meta name=\"robots\" content=\"index, follow, max-snippet:-1, max-image-preview:large, max-video-preview:-1\" \/>\n<link rel=\"canonical\" href=\"https:\/\/www.africa-press.net\/cotedivoire\/toutes-les-actualites\/gonate-le-ministere-de-lurbanisme-se-rapproche-des-populations\" \/>\n<meta property=\"og:locale\" content=\"fr_FR\" \/>\n<meta property=\"og:type\" content=\"article\" \/>\n<meta property=\"og:title\" content=\"Gonat\u00e9 Le Minist\u00e8re de l&#039;Urbanisme Se Rapproche des Populations\" \/>\n<meta property=\"og:description\" content=\"Le Ministe\u0300re de l\u2019Urbanisme, du Logement et du Cadre de Vie (MULCV) a officiellement inaugure\u0301, ce jeudi, les nouveaux ...\" \/>\n<meta property=\"og:url\" content=\"https:\/\/www.africa-press.net\/cotedivoire\/toutes-les-actualites\/gonate-le-ministere-de-lurbanisme-se-rapproche-des-populations\" \/>\n<meta property=\"og:site_name\" content=\"C\u00f4te d&#039;Ivoire\" \/>\n<meta property=\"article:published_time\" content=\"2026-04-26T14:56:50+00:00\" \/>\n<meta property=\"article:modified_time\" content=\"2026-04-26T15:45:37+00:00\" \/>\n<meta property=\"og:image\" content=\"https:\/\/static.africa-press.net\/cote\/sites\/43\/2026\/04\/sm_1777205718.900299.jpg\" \/>\n\t<meta property=\"og:image:width\" content=\"720\" \/>\n\t<meta property=\"og:image:height\" content=\"405\" \/>\n\t<meta property=\"og:image:type\" content=\"image\/jpeg\" \/>\n<meta name=\"author\" content=\"cfeditorfr\" \/>\n<meta name=\"twitter:card\" content=\"summary_large_image\" \/>\n<meta name=\"twitter:label1\" content=\"\u00c9crit par\" \/>\n\t<meta name=\"twitter:data1\" content=\"cfeditorfr\" \/>\n\t<meta name=\"twitter:label2\" content=\"Dur\u00e9e de lecture estim\u00e9e\" \/>\n\t<meta name=\"twitter:data2\" content=\"3 minutes\" \/>\n<script type=\"application\/ld+json\" class=\"yoast-schema-graph\">{\"@context\":\"https:\/\/schema.org\",\"@graph\":[{\"@type\":\"Article\",\"@id\":\"https:\/\/www.africa-press.net\/cotedivoire\/toutes-les-actualites\/gonate-le-ministere-de-lurbanisme-se-rapproche-des-populations#article\",\"isPartOf\":{\"@id\":\"https:\/\/www.africa-press.net\/cotedivoire\/toutes-les-actualites\/gonate-le-ministere-de-lurbanisme-se-rapproche-des-populations\"},\"author\":{\"name\":\"cfeditorfr\",\"@id\":\"https:\/\/www.africa-press.net\/cotedivoire\/#\/schema\/person\/2b1cf3cd81a31e3cd26889ca66d677f1\"},\"headline\":\"Gonat\u00e9 Le Minist\u00e8re de l&rsquo;Urbanisme Se Rapproche des Populations\",\"datePublished\":\"2026-04-26T14:56:50+00:00\",\"dateModified\":\"2026-04-26T15:45:37+00:00\",\"mainEntityOfPage\":{\"@id\":\"https:\/\/www.africa-press.net\/cotedivoire\/toutes-les-actualites\/gonate-le-ministere-de-lurbanisme-se-rapproche-des-populations\"},\"wordCount\":465,\"commentCount\":0,\"image\":{\"@id\":\"https:\/\/www.africa-press.net\/cotedivoire\/toutes-les-actualites\/gonate-le-ministere-de-lurbanisme-se-rapproche-des-populations#primaryimage\"},\"thumbnailUrl\":\"https:\/\/static.africa-press.net\/cote\/sites\/43\/2026\/04\/sm_1777205718.900299.jpg\",\"keywords\":[\"C\u00d4TE D'IVOIRE\",\"du Logement et du Cadre de Vie\",\"Minist\u00e8re de l\u2019Urbanisme\"],\"articleSection\":[\"Communaut\u00e9\",\"Toutes les actualit\u00e9s\"],\"inLanguage\":\"fr-FR\",\"potentialAction\":[{\"@type\":\"CommentAction\",\"name\":\"Comment\",\"target\":[\"https:\/\/www.africa-press.net\/cotedivoire\/toutes-les-actualites\/gonate-le-ministere-de-lurbanisme-se-rapproche-des-populations#respond\"]}]},{\"@type\":\"WebPage\",\"@id\":\"https:\/\/www.africa-press.net\/cotedivoire\/toutes-les-actualites\/gonate-le-ministere-de-lurbanisme-se-rapproche-des-populations\",\"url\":\"https:\/\/www.africa-press.net\/cotedivoire\/toutes-les-actualites\/gonate-le-ministere-de-lurbanisme-se-rapproche-des-populations\",\"name\":\"Gonat\u00e9 Le Minist\u00e8re de l'Urbanisme Se Rapproche des Populations - C\u00f4te d&#039;Ivoire\",\"isPartOf\":{\"@id\":\"https:\/\/www.africa-press.net\/cotedivoire\/#website\"},\"primaryImageOfPage\":{\"@id\":\"https:\/\/www.africa-press.net\/cotedivoire\/toutes-les-actualites\/gonate-le-ministere-de-lurbanisme-se-rapproche-des-populations#primaryimage\"},\"image\":{\"@id\":\"https:\/\/www.africa-press.net\/cotedivoire\/toutes-les-actualites\/gonate-le-ministere-de-lurbanisme-se-rapproche-des-populations#primaryimage\"},\"thumbnailUrl\":\"https:\/\/static.africa-press.net\/cote\/sites\/43\/2026\/04\/sm_1777205718.900299.jpg\",\"datePublished\":\"2026-04-26T14:56:50+00:00\",\"dateModified\":\"2026-04-26T15:45:37+00:00\",\"author\":{\"@id\":\"https:\/\/www.africa-press.net\/cotedivoire\/#\/schema\/person\/2b1cf3cd81a31e3cd26889ca66d677f1\"},\"description\":\"Le Ministe\u0300re de l\u2019Urbanisme, du Logement et du Cadre de Vie (MULCV) a officiellement inaugure\u0301, ce jeudi, les nouveaux ...\",\"breadcrumb\":{\"@id\":\"https:\/\/www.africa-press.net\/cotedivoire\/toutes-les-actualites\/gonate-le-ministere-de-lurbanisme-se-rapproche-des-populations#breadcrumb\"},\"inLanguage\":\"fr-FR\",\"potentialAction\":[{\"@type\":\"ReadAction\",\"target\":[\"https:\/\/www.africa-press.net\/cotedivoire\/toutes-les-actualites\/gonate-le-ministere-de-lurbanisme-se-rapproche-des-populations\"]}]},{\"@type\":\"ImageObject\",\"inLanguage\":\"fr-FR\",\"@id\":\"https:\/\/www.africa-press.net\/cotedivoire\/toutes-les-actualites\/gonate-le-ministere-de-lurbanisme-se-rapproche-des-populations#primaryimage\",\"url\":\"https:\/\/static.africa-press.net\/cote\/sites\/43\/2026\/04\/sm_1777205718.900299.jpg\",\"contentUrl\":\"https:\/\/static.africa-press.net\/cote\/sites\/43\/2026\/04\/sm_1777205718.900299.jpg\",\"width\":720,\"height\":405,\"caption\":\"Gonat\u00e9 Le Minist\u00e8re de l'Urbanisme Se Rapproche des Populations\"},{\"@type\":\"BreadcrumbList\",\"@id\":\"https:\/\/www.africa-press.net\/cotedivoire\/toutes-les-actualites\/gonate-le-ministere-de-lurbanisme-se-rapproche-des-populations#breadcrumb\",\"itemListElement\":[{\"@type\":\"ListItem\",\"position\":1,\"name\":\"Accueil\",\"item\":\"https:\/\/www.africa-press.net\/cotedivoire\/\"},{\"@type\":\"ListItem\",\"position\":2,\"name\":\"Gonat\u00e9 Le Minist\u00e8re de l&#8217;Urbanisme Se Rapproche des Populations\"}]},{\"@type\":\"WebSite\",\"@id\":\"https:\/\/www.africa-press.net\/cotedivoire\/#website\",\"url\":\"https:\/\/www.africa-press.net\/cotedivoire\/\",\"name\":\"C\u00f4te d&#039;Ivoire\",\"description\":\"Just another Africa News Agency Sites site\",\"potentialAction\":[{\"@type\":\"SearchAction\",\"target\":{\"@type\":\"EntryPoint\",\"urlTemplate\":\"https:\/\/www.africa-press.net\/cotedivoire\/?s={search_term_string}\"},\"query-input\":{\"@type\":\"PropertyValueSpecification\",\"valueRequired\":true,\"valueName\":\"search_term_string\"}}],\"inLanguage\":\"fr-FR\"},{\"@type\":\"Person\",\"@id\":\"https:\/\/www.africa-press.net\/cotedivoire\/#\/schema\/person\/2b1cf3cd81a31e3cd26889ca66d677f1\",\"name\":\"cfeditorfr\"}]}<\/script>\n<!-- \/ Yoast SEO Premium plugin. -->","yoast_head_json":{"title":"Gonat\u00e9 Le Minist\u00e8re de l'Urbanisme Se Rapproche des Populations - C\u00f4te d&#039;Ivoire","description":"Le Ministe\u0300re de l\u2019Urbanisme, du Logement et du Cadre de Vie (MULCV) a officiellement inaugure\u0301, ce jeudi, les nouveaux ...","robots":{"index":"index","follow":"follow","max-snippet":"max-snippet:-1","max-image-preview":"max-image-preview:large","max-video-preview":"max-video-preview:-1"},"canonical":"https:\/\/www.africa-press.net\/cotedivoire\/toutes-les-actualites\/gonate-le-ministere-de-lurbanisme-se-rapproche-des-populations","og_locale":"fr_FR","og_type":"article","og_title":"Gonat\u00e9 Le Minist\u00e8re de l'Urbanisme Se Rapproche des Populations","og_description":"Le Ministe\u0300re de l\u2019Urbanisme, du Logement et du Cadre de Vie (MULCV) a officiellement inaugure\u0301, ce jeudi, les nouveaux ...","og_url":"https:\/\/www.africa-press.net\/cotedivoire\/toutes-les-actualites\/gonate-le-ministere-de-lurbanisme-se-rapproche-des-populations","og_site_name":"C\u00f4te d&#039;Ivoire","article_published_time":"2026-04-26T14:56:50+00:00","article_modified_time":"2026-04-26T15:45:37+00:00","og_image":[{"width":720,"height":405,"url":"https:\/\/static.africa-press.net\/cote\/sites\/43\/2026\/04\/sm_1777205718.900299.jpg","type":"image\/jpeg"}],"author":"cfeditorfr","twitter_card":"summary_large_image","twitter_misc":{"\u00c9crit par":"cfeditorfr","Dur\u00e9e de lecture estim\u00e9e":"3 minutes"},"schema":{"@context":"https:\/\/schema.org","@graph":[{"@type":"Article","@id":"https:\/\/www.africa-press.net\/cotedivoire\/toutes-les-actualites\/gonate-le-ministere-de-lurbanisme-se-rapproche-des-populations#article","isPartOf":{"@id":"https:\/\/www.africa-press.net\/cotedivoire\/toutes-les-actualites\/gonate-le-ministere-de-lurbanisme-se-rapproche-des-populations"},"author":{"name":"cfeditorfr","@id":"https:\/\/www.africa-press.net\/cotedivoire\/#\/schema\/person\/2b1cf3cd81a31e3cd26889ca66d677f1"},"headline":"Gonat\u00e9 Le Minist\u00e8re de l&rsquo;Urbanisme Se Rapproche des Populations","datePublished":"2026-04-26T14:56:50+00:00","dateModified":"2026-04-26T15:45:37+00:00","mainEntityOfPage":{"@id":"https:\/\/www.africa-press.net\/cotedivoire\/toutes-les-actualites\/gonate-le-ministere-de-lurbanisme-se-rapproche-des-populations"},"wordCount":465,"commentCount":0,"image":{"@id":"https:\/\/www.africa-press.net\/cotedivoire\/toutes-les-actualites\/gonate-le-ministere-de-lurbanisme-se-rapproche-des-populations#primaryimage"},"thumbnailUrl":"https:\/\/static.africa-press.net\/cote\/sites\/43\/2026\/04\/sm_1777205718.900299.jpg","keywords":["C\u00d4TE D'IVOIRE","du Logement et du Cadre de Vie","Minist\u00e8re de l\u2019Urbanisme"],"articleSection":["Communaut\u00e9","Toutes les actualit\u00e9s"],"inLanguage":"fr-FR","potentialAction":[{"@type":"CommentAction","name":"Comment","target":["https:\/\/www.africa-press.net\/cotedivoire\/toutes-les-actualites\/gonate-le-ministere-de-lurbanisme-se-rapproche-des-populations#respond"]}]},{"@type":"WebPage","@id":"https:\/\/www.africa-press.net\/cotedivoire\/toutes-les-actualites\/gonate-le-ministere-de-lurbanisme-se-rapproche-des-populations","url":"https:\/\/www.africa-press.net\/cotedivoire\/toutes-les-actualites\/gonate-le-ministere-de-lurbanisme-se-rapproche-des-populations","name":"Gonat\u00e9 Le Minist\u00e8re de l'Urbanisme Se Rapproche des Populations - C\u00f4te d&#039;Ivoire","isPartOf":{"@id":"https:\/\/www.africa-press.net\/cotedivoire\/#website"},"primaryImageOfPage":{"@id":"https:\/\/www.africa-press.net\/cotedivoire\/toutes-les-actualites\/gonate-le-ministere-de-lurbanisme-se-rapproche-des-populations#primaryimage"},"image":{"@id":"https:\/\/www.africa-press.net\/cotedivoire\/toutes-les-actualites\/gonate-le-ministere-de-lurbanisme-se-rapproche-des-populations#primaryimage"},"thumbnailUrl":"https:\/\/static.africa-press.net\/cote\/sites\/43\/2026\/04\/sm_1777205718.900299.jpg","datePublished":"2026-04-26T14:56:50+00:00","dateModified":"2026-04-26T15:45:37+00:00","author":{"@id":"https:\/\/www.africa-press.net\/cotedivoire\/#\/schema\/person\/2b1cf3cd81a31e3cd26889ca66d677f1"},"description":"Le Ministe\u0300re de l\u2019Urbanisme, du Logement et du Cadre de Vie (MULCV) a officiellement inaugure\u0301, ce jeudi, les nouveaux ...","breadcrumb":{"@id":"https:\/\/www.africa-press.net\/cotedivoire\/toutes-les-actualites\/gonate-le-ministere-de-lurbanisme-se-rapproche-des-populations#breadcrumb"},"inLanguage":"fr-FR","potentialAction":[{"@type":"ReadAction","target":["https:\/\/www.africa-press.net\/cotedivoire\/toutes-les-actualites\/gonate-le-ministere-de-lurbanisme-se-rapproche-des-populations"]}]},{"@type":"ImageObject","inLanguage":"fr-FR","@id":"https:\/\/www.africa-press.net\/cotedivoire\/toutes-les-actualites\/gonate-le-ministere-de-lurbanisme-se-rapproche-des-populations#primaryimage","url":"https:\/\/static.africa-press.net\/cote\/sites\/43\/2026\/04\/sm_1777205718.900299.jpg","contentUrl":"https:\/\/static.africa-press.net\/cote\/sites\/43\/2026\/04\/sm_1777205718.900299.jpg","width":720,"height":405,"caption":"Gonat\u00e9 Le Minist\u00e8re de l'Urbanisme Se Rapproche des Populations"},{"@type":"BreadcrumbList","@id":"https:\/\/www.africa-press.net\/cotedivoire\/toutes-les-actualites\/gonate-le-ministere-de-lurbanisme-se-rapproche-des-populations#breadcrumb","itemListElement":[{"@type":"ListItem","position":1,"name":"Accueil","item":"https:\/\/www.africa-press.net\/cotedivoire\/"},{"@type":"ListItem","position":2,"name":"Gonat\u00e9 Le Minist\u00e8re de l&#8217;Urbanisme Se Rapproche des Populations"}]},{"@type":"WebSite","@id":"https:\/\/www.africa-press.net\/cotedivoire\/#website","url":"https:\/\/www.africa-press.net\/cotedivoire\/","name":"C\u00f4te d&#039;Ivoire","description":"Just another Africa News Agency Sites site","potentialAction":[{"@type":"SearchAction","target":{"@type":"EntryPoint","urlTemplate":"https:\/\/www.africa-press.net\/cotedivoire\/?s={search_term_string}"},"query-input":{"@type":"PropertyValueSpecification","valueRequired":true,"valueName":"search_term_string"}}],"inLanguage":"fr-FR"},{"@type":"Person","@id":"https:\/\/www.africa-press.net\/cotedivoire\/#\/schema\/person\/2b1cf3cd81a31e3cd26889ca66d677f1","name":"cfeditorfr"}]}},"_links":{"self":[{"href":"https:\/\/www.africa-press.net\/cotedivoire\/wp-json\/wp\/v2\/posts\/115215","targetHints":{"allow":["GET"]}}],"collection":[{"href":"https:\/\/www.africa-press.net\/cotedivoire\/wp-json\/wp\/v2\/posts"}],"about":[{"href":"https:\/\/www.africa-press.net\/cotedivoire\/wp-json\/wp\/v2\/types\/post"}],"author":[{"embeddable":true,"href":"https:\/\/www.africa-press.net\/cotedivoire\/wp-json\/wp\/v2\/users\/82"}],"replies":[{"embeddable":true,"href":"https:\/\/www.africa-press.net\/cotedivoire\/wp-json\/wp\/v2\/comments?post=115215"}],"version-history":[{"count":1,"href":"https:\/\/www.africa-press.net\/cotedivoire\/wp-json\/wp\/v2\/posts\/115215\/revisions"}],"predecessor-version":[{"id":115217,"href":"https:\/\/www.africa-press.net\/cotedivoire\/wp-json\/wp\/v2\/posts\/115215\/revisions\/115217"}],"wp:featuredmedia":[{"embeddable":true,"href":"https:\/\/www.africa-press.net\/cotedivoire\/wp-json\/wp\/v2\/media\/115214"}],"wp:attachment":[{"href":"https:\/\/www.africa-press.net\/cotedivoire\/wp-json\/wp\/v2\/media?parent=115215"}],"wp:term":[{"taxonomy":"category","embeddable":true,"href":"https:\/\/www.africa-press.net\/cotedivoire\/wp-json\/wp\/v2\/categories?post=115215"},{"taxonomy":"post_tag","embeddable":true,"href":"https:\/\/www.africa-press.net\/cotedivoire\/wp-json\/wp\/v2\/tags?post=115215"}],"curies":[{"name":"wp","href":"https:\/\/api.w.org\/{rel}","templated":true}]}}