{"id":115219,"date":"2026-04-27T06:28:18","date_gmt":"2026-04-27T06:28:18","guid":{"rendered":"https:\/\/www.africa-press.net\/cotedivoire\/politique\/epp-boudepe-celebre-90-ans-et-se-renouvelle"},"modified":"2026-04-27T06:28:18","modified_gmt":"2026-04-27T06:28:18","slug":"epp-boudepe-celebre-90-ans-et-se-renouvelle","status":"publish","type":"post","link":"https:\/\/www.africa-press.net\/cotedivoire\/toutes-les-actualites\/epp-boudepe-celebre-90-ans-et-se-renouvelle","title":{"rendered":"EPP Boud\u00e9p\u00e9 C\u00e9l\u00e8bre 90 Ans et Se Renouvelle"},"content":{"rendered":"<p><span style=\"color: #ff6600\"><strong>Africa-Press &#8211; C\u00f4te d&rsquo;Ivoire. <\/strong><\/span>L\u2019E\u0301cole primaire publique (EPP) de Boude\u0301pe\u0301, fonde\u0301e en 1936 dans la sous-pre\u0301fecture d\u2019Agou, de\u0301partement d\u2019Adzope\u0301, a ce\u0301le\u0301bre\u0301 ses 90 ans d\u2019existence dans une atmosphe\u0300re festive et charge\u0301e d\u2019e\u0301motion, marque\u0301e par d\u2019importants investissements en infrastructures e\u0301ducatives.<\/p>\n<p>A\u0300 cette occasion, le Directeur ge\u0301ne\u0301ral du Conseil du Cafe\u0301-Cacao, Kone\u0301 Brahima Yves, a proce\u0301de\u0301 a\u0300 la remise officielle des cle\u0301s de plusieurs infrastructures modernes au sein de l\u2019e\u0301tablissement. Il s\u2019agit notamment d\u2019un ba\u0302timent de trois salles de classe, de deux logements pour enseignants, d\u2019une cantine scolaire et de latrines.<\/p>\n<p>Ces re\u0301alisations s\u2019inscrivent dans le cadre du Fonds d\u2019Investissement en Milieu Rural (FIMR), un me\u0301canisme de\u0301die\u0301 a\u0300 l\u2019ame\u0301lioration des conditions de vie des populations en zones de production agricole.<\/p>\n<p>La ce\u0301re\u0301monie officielle, organise\u0301e par la Mutuelle de De\u0301veloppement de Boude\u0301pe\u0301 (MUDEB), s\u2019est tenue sous le haut parrainage de Patrick Achi, repre\u0301sente\u0301 pour l\u2019occasion par le de\u0301pute\u0301 d\u2019Agou, Yakasse\u0301-Me\u0301, Be\u0301ce\u0301di-Brignan, Yapi Florent.<\/p>\n<p>Chefferie traditionnelle, populations locales, anciens e\u0301le\u0300ves et cadres du village se sont fortement mobilise\u0301s pour marquer cet anniversaire historique. Tous ont exprime\u0301 leur reconnaissance au Conseil du Cafe\u0301-Cacao pour cet appui significatif.<\/p>\n<p>Pour Se\u0301ka Yvan Serge, ce don constitue \u00ab un symbole de la performance du Conseil du Cafe\u0301-Cacao et de son engagement constant en faveur du de\u0301veloppement social des communaute\u0301s productrices \u00bb.<\/p>\n<p>En re\u0301ponse, le Directeur ge\u0301ne\u0301ral du Conseil du Cafe\u0301-Cacao a rappele\u0301 que ces investissements visent a\u0300 offrir de meilleures conditions d\u2019apprentissage aux enfants des producteurs de cafe\u0301 et de cacao, tout en contribuant a\u0300 la lutte contre le travail des enfants.<\/p>\n<p>\u00ab Il s\u2019agit de donner a\u0300 chaque enfant une ve\u0301ritable chance de re\u0301ussite sociale \u00bb, a-t-il souligne\u0301.<\/p>\n<p>Repre\u0301sentant le parrain de la ce\u0301re\u0301monie, l\u2019honorable Yapi Florent a insiste\u0301 sur le ro\u0302le fondamental de l\u2019e\u0301ducation dans le de\u0301veloppement: \u00ab Il n\u2019y a pas de de\u0301veloppement sans e\u0301cole \u00bb, a-t-il de\u0301clare\u0301, saluant l\u2019impact de ces infrastructures dans la re\u0301gion de la Me\u0301.<\/p>\n<p>Les festivite\u0301s ont e\u0301te\u0301 ponctue\u0301es de rites traditionnels, de te\u0301moignages d\u2019anciens e\u0301le\u0300ves, de remises de distinctions, ainsi que de prestations artistiques. Point d\u2019orgue de la ce\u0301le\u0301bration: une fresque re\u0301alise\u0301e par 90 e\u0301le\u0300ves de l\u2019e\u0301tablissement, en hommage aux 90 anne\u0301es d\u2019existence de leur e\u0301cole.<\/p>\n<p>Depuis 2012, le Conseil du Cafe\u0301-Cacao a conside\u0301rablement renforce\u0301 son action sociale en milieu rural. A\u0300 travers le FIMR, ce sont notamment 413 salles de classe e\u0301quipe\u0301es, 372 logements de mai\u0302tres et 79 cantines scolaires qui ont e\u0301te\u0301 construits. A\u0300 cela s\u2019ajoutent plus de 336 000 kits scolaires et 28 000 tenues distribue\u0301s aux e\u0301le\u0300ves des zones de production.<\/p>\n<p>Au-dela\u0300 de l\u2019e\u0301ducation, le programme intervient e\u0301galement dans des secteurs cle\u0301s tels que la sante\u0301, l\u2019hydraulique villageoise, l\u2019e\u0301lectrification rurale et l\u2019entretien des pistes agricoles.<\/p>\n<p>A\u0300 Boude\u0301pe\u0301, cette ce\u0301le\u0301bration des 90 ans marque ainsi bien plus qu\u2019un anniversaire: elle symbolise un nouvel e\u0301lan pour l\u2019e\u0301cole et une promesse d\u2019avenir pour toute une ge\u0301ne\u0301ration.<\/p>\n<p><strong>Pour plus d&rsquo;informations et d&rsquo;analyses sur la <span style=\"color: #ff6600\">C\u00f4te d&rsquo;Ivoire<\/span>, suivez <span style=\"color: #ff6600\">Africa-Press<span style=\"color: #ff6600\"><\/span><\/strong><\/p>\n","protected":false},"excerpt":{"rendered":"<p>Africa-Press &#8211; C\u00f4te d&rsquo;Ivoire. L\u2019E\u0301cole primaire publique (EPP) de Boude\u0301pe\u0301, fonde\u0301e en 1936 dans la sous-pre\u0301fecture d\u2019Agou, de\u0301partement d\u2019Adzope\u0301, a ce\u0301le\u0301bre\u0301 ses 90 ans d\u2019existence dans une atmosphe\u0300re festive et charge\u0301e d\u2019e\u0301motion, marque\u0301e par d\u2019importants investissements en infrastructures e\u0301ducatives. A\u0300 cette occasion, le Directeur ge\u0301ne\u0301ral du Conseil du Cafe\u0301-Cacao, Kone\u0301 Brahima Yves, a proce\u0301de\u0301 a\u0300 [&hellip;]<\/p>\n","protected":false},"author":82,"featured_media":115218,"comment_status":"open","ping_status":"closed","sticky":false,"template":"","format":"standard","meta":{"footnotes":""},"categories":[21,10],"tags":[4851,4303,20849,1177,1744,37,1198,3650,16728,2780,10549],"class_list":["post-115219","post","type-post","status-publish","format-standard","has-post-thumbnail","hentry","category-communaute","category-toutes-les-actualites","tag-adzope","tag-agou","tag-boudepe","tag-cafe-cacao","tag-conseil","tag-cote-divoire-2","tag-ecoles","tag-education-2","tag-fimr","tag-infrastructures","tag-rurales"],"yoast_head":"<!-- This site is optimized with the Yoast SEO Premium plugin v26.1 (Yoast SEO v27.0) - https:\/\/yoast.com\/product\/yoast-seo-premium-wordpress\/ -->\n<title>EPP Boud\u00e9p\u00e9 C\u00e9l\u00e8bre 90 Ans et Se Renouvelle - C\u00f4te d&#039;Ivoire<\/title>\n<meta name=\"robots\" content=\"index, follow, max-snippet:-1, max-image-preview:large, max-video-preview:-1\" \/>\n<link rel=\"canonical\" href=\"https:\/\/www.africa-press.net\/cotedivoire\/politique\/epp-boudepe-celebre-90-ans-et-se-renouvelle\" \/>\n<meta property=\"og:locale\" content=\"fr_FR\" \/>\n<meta property=\"og:type\" content=\"article\" \/>\n<meta property=\"og:title\" content=\"EPP Boud\u00e9p\u00e9 C\u00e9l\u00e8bre 90 Ans et Se Renouvelle\" \/>\n<meta property=\"og:description\" content=\"Africa-Press &#8211; C\u00f4te d&rsquo;Ivoire. L\u2019E\u0301cole primaire publique (EPP) de Boude\u0301pe\u0301, fonde\u0301e en 1936 dans la sous-pre\u0301fecture d\u2019Agou, de\u0301partement d\u2019Adzope\u0301, a ce\u0301le\u0301bre\u0301 ses 90 ans d\u2019existence dans une atmosphe\u0300re festive et charge\u0301e d\u2019e\u0301motion, marque\u0301e par d\u2019importants investissements en infrastructures e\u0301ducatives. A\u0300 cette occasion, le Directeur ge\u0301ne\u0301ral du Conseil du Cafe\u0301-Cacao, Kone\u0301 Brahima Yves, a proce\u0301de\u0301 a\u0300 [&hellip;]\" \/>\n<meta property=\"og:url\" content=\"https:\/\/www.africa-press.net\/cotedivoire\/politique\/epp-boudepe-celebre-90-ans-et-se-renouvelle\" \/>\n<meta property=\"og:site_name\" content=\"C\u00f4te d&#039;Ivoire\" \/>\n<meta property=\"article:published_time\" content=\"2026-04-27T06:28:18+00:00\" \/>\n<meta name=\"author\" content=\"cfeditorfr\" \/>\n<meta name=\"twitter:card\" content=\"summary_large_image\" \/>\n<meta name=\"twitter:label1\" content=\"\u00c9crit par\" \/>\n\t<meta name=\"twitter:data1\" content=\"cfeditorfr\" \/>\n\t<meta name=\"twitter:label2\" content=\"Dur\u00e9e de lecture estim\u00e9e\" \/>\n\t<meta name=\"twitter:data2\" content=\"3 minutes\" \/>\n<script type=\"application\/ld+json\" class=\"yoast-schema-graph\">{\"@context\":\"https:\/\/schema.org\",\"@graph\":[{\"@type\":\"Article\",\"@id\":\"https:\/\/www.africa-press.net\/cotedivoire\/politique\/epp-boudepe-celebre-90-ans-et-se-renouvelle#article\",\"isPartOf\":{\"@id\":\"https:\/\/www.africa-press.net\/cotedivoire\/politique\/epp-boudepe-celebre-90-ans-et-se-renouvelle\"},\"author\":{\"name\":\"cfeditorfr\",\"@id\":\"https:\/\/www.africa-press.net\/cotedivoire\/#\/schema\/person\/2b1cf3cd81a31e3cd26889ca66d677f1\"},\"headline\":\"EPP Boud\u00e9p\u00e9 C\u00e9l\u00e8bre 90 Ans et Se Renouvelle\",\"datePublished\":\"2026-04-27T06:28:18+00:00\",\"mainEntityOfPage\":{\"@id\":\"https:\/\/www.africa-press.net\/cotedivoire\/politique\/epp-boudepe-celebre-90-ans-et-se-renouvelle\"},\"wordCount\":602,\"commentCount\":0,\"image\":{\"@id\":\"https:\/\/www.africa-press.net\/cotedivoire\/politique\/epp-boudepe-celebre-90-ans-et-se-renouvelle#primaryimage\"},\"thumbnailUrl\":\"https:\/\/static.africa-press.net\/cote\/sites\/43\/2026\/04\/sm_1777258990.083106.jpg\",\"keywords\":[\"Adzop\u00e9\",\"Agou\",\"Boud\u00e9p\u00e9\",\"Caf\u00e9-Cacao\",\"Conseil\",\"C\u00f4te d'Ivoire\",\"\u00e9coles\",\"Education\",\"FIMR\",\"infrastructures\",\"rurales\"],\"articleSection\":[\"Communaut\u00e9\",\"Toutes les actualit\u00e9s\"],\"inLanguage\":\"fr-FR\",\"potentialAction\":[{\"@type\":\"CommentAction\",\"name\":\"Comment\",\"target\":[\"https:\/\/www.africa-press.net\/cotedivoire\/politique\/epp-boudepe-celebre-90-ans-et-se-renouvelle#respond\"]}]},{\"@type\":\"WebPage\",\"@id\":\"https:\/\/www.africa-press.net\/cotedivoire\/politique\/epp-boudepe-celebre-90-ans-et-se-renouvelle\",\"url\":\"https:\/\/www.africa-press.net\/cotedivoire\/politique\/epp-boudepe-celebre-90-ans-et-se-renouvelle\",\"name\":\"EPP Boud\u00e9p\u00e9 C\u00e9l\u00e8bre 90 Ans et Se Renouvelle - C\u00f4te d&#039;Ivoire\",\"isPartOf\":{\"@id\":\"https:\/\/www.africa-press.net\/cotedivoire\/#website\"},\"primaryImageOfPage\":{\"@id\":\"https:\/\/www.africa-press.net\/cotedivoire\/politique\/epp-boudepe-celebre-90-ans-et-se-renouvelle#primaryimage\"},\"image\":{\"@id\":\"https:\/\/www.africa-press.net\/cotedivoire\/politique\/epp-boudepe-celebre-90-ans-et-se-renouvelle#primaryimage\"},\"thumbnailUrl\":\"https:\/\/static.africa-press.net\/cote\/sites\/43\/2026\/04\/sm_1777258990.083106.jpg\",\"datePublished\":\"2026-04-27T06:28:18+00:00\",\"author\":{\"@id\":\"https:\/\/www.africa-press.net\/cotedivoire\/#\/schema\/person\/2b1cf3cd81a31e3cd26889ca66d677f1\"},\"breadcrumb\":{\"@id\":\"https:\/\/www.africa-press.net\/cotedivoire\/politique\/epp-boudepe-celebre-90-ans-et-se-renouvelle#breadcrumb\"},\"inLanguage\":\"fr-FR\",\"potentialAction\":[{\"@type\":\"ReadAction\",\"target\":[\"https:\/\/www.africa-press.net\/cotedivoire\/politique\/epp-boudepe-celebre-90-ans-et-se-renouvelle\"]}]},{\"@type\":\"ImageObject\",\"inLanguage\":\"fr-FR\",\"@id\":\"https:\/\/www.africa-press.net\/cotedivoire\/politique\/epp-boudepe-celebre-90-ans-et-se-renouvelle#primaryimage\",\"url\":\"https:\/\/static.africa-press.net\/cote\/sites\/43\/2026\/04\/sm_1777258990.083106.jpg\",\"contentUrl\":\"https:\/\/static.africa-press.net\/cote\/sites\/43\/2026\/04\/sm_1777258990.083106.jpg\",\"width\":720,\"height\":480,\"caption\":\"EPP Boud\u00e9p\u00e9 C\u00e9l\u00e8bre 90 Ans et Se Renouvelle\"},{\"@type\":\"BreadcrumbList\",\"@id\":\"https:\/\/www.africa-press.net\/cotedivoire\/politique\/epp-boudepe-celebre-90-ans-et-se-renouvelle#breadcrumb\",\"itemListElement\":[{\"@type\":\"ListItem\",\"position\":1,\"name\":\"Accueil\",\"item\":\"https:\/\/www.africa-press.net\/cotedivoire\/\"},{\"@type\":\"ListItem\",\"position\":2,\"name\":\"EPP Boud\u00e9p\u00e9 C\u00e9l\u00e8bre 90 Ans et Se Renouvelle\"}]},{\"@type\":\"WebSite\",\"@id\":\"https:\/\/www.africa-press.net\/cotedivoire\/#website\",\"url\":\"https:\/\/www.africa-press.net\/cotedivoire\/\",\"name\":\"C\u00f4te d&#039;Ivoire\",\"description\":\"Just another Africa News Agency Sites site\",\"potentialAction\":[{\"@type\":\"SearchAction\",\"target\":{\"@type\":\"EntryPoint\",\"urlTemplate\":\"https:\/\/www.africa-press.net\/cotedivoire\/?s={search_term_string}\"},\"query-input\":{\"@type\":\"PropertyValueSpecification\",\"valueRequired\":true,\"valueName\":\"search_term_string\"}}],\"inLanguage\":\"fr-FR\"},{\"@type\":\"Person\",\"@id\":\"https:\/\/www.africa-press.net\/cotedivoire\/#\/schema\/person\/2b1cf3cd81a31e3cd26889ca66d677f1\",\"name\":\"cfeditorfr\"}]}<\/script>\n<!-- \/ Yoast SEO Premium plugin. -->","yoast_head_json":{"title":"EPP Boud\u00e9p\u00e9 C\u00e9l\u00e8bre 90 Ans et Se Renouvelle - C\u00f4te d&#039;Ivoire","robots":{"index":"index","follow":"follow","max-snippet":"max-snippet:-1","max-image-preview":"max-image-preview:large","max-video-preview":"max-video-preview:-1"},"canonical":"https:\/\/www.africa-press.net\/cotedivoire\/politique\/epp-boudepe-celebre-90-ans-et-se-renouvelle","og_locale":"fr_FR","og_type":"article","og_title":"EPP Boud\u00e9p\u00e9 C\u00e9l\u00e8bre 90 Ans et Se Renouvelle","og_description":"Africa-Press &#8211; C\u00f4te d&rsquo;Ivoire. L\u2019E\u0301cole primaire publique (EPP) de Boude\u0301pe\u0301, fonde\u0301e en 1936 dans la sous-pre\u0301fecture d\u2019Agou, de\u0301partement d\u2019Adzope\u0301, a ce\u0301le\u0301bre\u0301 ses 90 ans d\u2019existence dans une atmosphe\u0300re festive et charge\u0301e d\u2019e\u0301motion, marque\u0301e par d\u2019importants investissements en infrastructures e\u0301ducatives. A\u0300 cette occasion, le Directeur ge\u0301ne\u0301ral du Conseil du Cafe\u0301-Cacao, Kone\u0301 Brahima Yves, a proce\u0301de\u0301 a\u0300 [&hellip;]","og_url":"https:\/\/www.africa-press.net\/cotedivoire\/politique\/epp-boudepe-celebre-90-ans-et-se-renouvelle","og_site_name":"C\u00f4te d&#039;Ivoire","article_published_time":"2026-04-27T06:28:18+00:00","author":"cfeditorfr","twitter_card":"summary_large_image","twitter_misc":{"\u00c9crit par":"cfeditorfr","Dur\u00e9e de lecture estim\u00e9e":"3 minutes"},"schema":{"@context":"https:\/\/schema.org","@graph":[{"@type":"Article","@id":"https:\/\/www.africa-press.net\/cotedivoire\/politique\/epp-boudepe-celebre-90-ans-et-se-renouvelle#article","isPartOf":{"@id":"https:\/\/www.africa-press.net\/cotedivoire\/politique\/epp-boudepe-celebre-90-ans-et-se-renouvelle"},"author":{"name":"cfeditorfr","@id":"https:\/\/www.africa-press.net\/cotedivoire\/#\/schema\/person\/2b1cf3cd81a31e3cd26889ca66d677f1"},"headline":"EPP Boud\u00e9p\u00e9 C\u00e9l\u00e8bre 90 Ans et Se Renouvelle","datePublished":"2026-04-27T06:28:18+00:00","mainEntityOfPage":{"@id":"https:\/\/www.africa-press.net\/cotedivoire\/politique\/epp-boudepe-celebre-90-ans-et-se-renouvelle"},"wordCount":602,"commentCount":0,"image":{"@id":"https:\/\/www.africa-press.net\/cotedivoire\/politique\/epp-boudepe-celebre-90-ans-et-se-renouvelle#primaryimage"},"thumbnailUrl":"https:\/\/static.africa-press.net\/cote\/sites\/43\/2026\/04\/sm_1777258990.083106.jpg","keywords":["Adzop\u00e9","Agou","Boud\u00e9p\u00e9","Caf\u00e9-Cacao","Conseil","C\u00f4te d'Ivoire","\u00e9coles","Education","FIMR","infrastructures","rurales"],"articleSection":["Communaut\u00e9","Toutes les actualit\u00e9s"],"inLanguage":"fr-FR","potentialAction":[{"@type":"CommentAction","name":"Comment","target":["https:\/\/www.africa-press.net\/cotedivoire\/politique\/epp-boudepe-celebre-90-ans-et-se-renouvelle#respond"]}]},{"@type":"WebPage","@id":"https:\/\/www.africa-press.net\/cotedivoire\/politique\/epp-boudepe-celebre-90-ans-et-se-renouvelle","url":"https:\/\/www.africa-press.net\/cotedivoire\/politique\/epp-boudepe-celebre-90-ans-et-se-renouvelle","name":"EPP Boud\u00e9p\u00e9 C\u00e9l\u00e8bre 90 Ans et Se Renouvelle - C\u00f4te d&#039;Ivoire","isPartOf":{"@id":"https:\/\/www.africa-press.net\/cotedivoire\/#website"},"primaryImageOfPage":{"@id":"https:\/\/www.africa-press.net\/cotedivoire\/politique\/epp-boudepe-celebre-90-ans-et-se-renouvelle#primaryimage"},"image":{"@id":"https:\/\/www.africa-press.net\/cotedivoire\/politique\/epp-boudepe-celebre-90-ans-et-se-renouvelle#primaryimage"},"thumbnailUrl":"https:\/\/static.africa-press.net\/cote\/sites\/43\/2026\/04\/sm_1777258990.083106.jpg","datePublished":"2026-04-27T06:28:18+00:00","author":{"@id":"https:\/\/www.africa-press.net\/cotedivoire\/#\/schema\/person\/2b1cf3cd81a31e3cd26889ca66d677f1"},"breadcrumb":{"@id":"https:\/\/www.africa-press.net\/cotedivoire\/politique\/epp-boudepe-celebre-90-ans-et-se-renouvelle#breadcrumb"},"inLanguage":"fr-FR","potentialAction":[{"@type":"ReadAction","target":["https:\/\/www.africa-press.net\/cotedivoire\/politique\/epp-boudepe-celebre-90-ans-et-se-renouvelle"]}]},{"@type":"ImageObject","inLanguage":"fr-FR","@id":"https:\/\/www.africa-press.net\/cotedivoire\/politique\/epp-boudepe-celebre-90-ans-et-se-renouvelle#primaryimage","url":"https:\/\/static.africa-press.net\/cote\/sites\/43\/2026\/04\/sm_1777258990.083106.jpg","contentUrl":"https:\/\/static.africa-press.net\/cote\/sites\/43\/2026\/04\/sm_1777258990.083106.jpg","width":720,"height":480,"caption":"EPP Boud\u00e9p\u00e9 C\u00e9l\u00e8bre 90 Ans et Se Renouvelle"},{"@type":"BreadcrumbList","@id":"https:\/\/www.africa-press.net\/cotedivoire\/politique\/epp-boudepe-celebre-90-ans-et-se-renouvelle#breadcrumb","itemListElement":[{"@type":"ListItem","position":1,"name":"Accueil","item":"https:\/\/www.africa-press.net\/cotedivoire\/"},{"@type":"ListItem","position":2,"name":"EPP Boud\u00e9p\u00e9 C\u00e9l\u00e8bre 90 Ans et Se Renouvelle"}]},{"@type":"WebSite","@id":"https:\/\/www.africa-press.net\/cotedivoire\/#website","url":"https:\/\/www.africa-press.net\/cotedivoire\/","name":"C\u00f4te d&#039;Ivoire","description":"Just another Africa News Agency Sites site","potentialAction":[{"@type":"SearchAction","target":{"@type":"EntryPoint","urlTemplate":"https:\/\/www.africa-press.net\/cotedivoire\/?s={search_term_string}"},"query-input":{"@type":"PropertyValueSpecification","valueRequired":true,"valueName":"search_term_string"}}],"inLanguage":"fr-FR"},{"@type":"Person","@id":"https:\/\/www.africa-press.net\/cotedivoire\/#\/schema\/person\/2b1cf3cd81a31e3cd26889ca66d677f1","name":"cfeditorfr"}]}},"_links":{"self":[{"href":"https:\/\/www.africa-press.net\/cotedivoire\/wp-json\/wp\/v2\/posts\/115219","targetHints":{"allow":["GET"]}}],"collection":[{"href":"https:\/\/www.africa-press.net\/cotedivoire\/wp-json\/wp\/v2\/posts"}],"about":[{"href":"https:\/\/www.africa-press.net\/cotedivoire\/wp-json\/wp\/v2\/types\/post"}],"author":[{"embeddable":true,"href":"https:\/\/www.africa-press.net\/cotedivoire\/wp-json\/wp\/v2\/users\/82"}],"replies":[{"embeddable":true,"href":"https:\/\/www.africa-press.net\/cotedivoire\/wp-json\/wp\/v2\/comments?post=115219"}],"version-history":[{"count":0,"href":"https:\/\/www.africa-press.net\/cotedivoire\/wp-json\/wp\/v2\/posts\/115219\/revisions"}],"wp:featuredmedia":[{"embeddable":true,"href":"https:\/\/www.africa-press.net\/cotedivoire\/wp-json\/wp\/v2\/media\/115218"}],"wp:attachment":[{"href":"https:\/\/www.africa-press.net\/cotedivoire\/wp-json\/wp\/v2\/media?parent=115219"}],"wp:term":[{"taxonomy":"category","embeddable":true,"href":"https:\/\/www.africa-press.net\/cotedivoire\/wp-json\/wp\/v2\/categories?post=115219"},{"taxonomy":"post_tag","embeddable":true,"href":"https:\/\/www.africa-press.net\/cotedivoire\/wp-json\/wp\/v2\/tags?post=115219"}],"curies":[{"name":"wp","href":"https:\/\/api.w.org\/{rel}","templated":true}]}}