{"id":115227,"date":"2026-04-27T06:30:13","date_gmt":"2026-04-27T06:30:13","guid":{"rendered":"https:\/\/www.africa-press.net\/cotedivoire\/politique\/memoire-meurtrie-du-peuple-we-reclame-justice"},"modified":"2026-04-27T06:42:02","modified_gmt":"2026-04-27T06:42:02","slug":"memoire-meurtrie-du-peuple-we-reclame-justice","status":"publish","type":"post","link":"https:\/\/www.africa-press.net\/cotedivoire\/politique\/memoire-meurtrie-du-peuple-we-reclame-justice","title":{"rendered":"M\u00e9moire meurtrie du peuple W\u00ea r\u00e9clame justice"},"content":{"rendered":"<p><span style=\"color: #ff6600\"><strong>Africa-Press &#8211; C\u00f4te d&rsquo;Ivoire. <\/strong><\/span>Plus de vingt ans apre\u0300s les premie\u0300res violences, victimes et organisations appellent l\u2019E\u0301tat a\u0300 reconnai\u0302tre les faits, juger les responsables et engager une ve\u0301ritable re\u0301conciliation.<\/p>\n<p>Dans l\u2019ouest de la Co\u0302te d\u2019Ivoire, le temps n\u2019a pas referme\u0301 les blessures. Depuis 2002, les populations We\u0302, installe\u0301es notamment dans les de\u0301partements de Due\u0301koue\u0301, Guiglo, Tai\u0308, Blole\u0301quin et Bangolo, de\u0301noncent une succession de violences meurtrie\u0300res reste\u0301es, pour beaucoup, sans re\u0301ponse judiciaire ni reconnaissance officielle.<\/p>\n<p>A\u0300 travers un appel solennel adresse\u0301 aux autorite\u0301s ivoiriennes, aux organisations de de\u0301fense des droits humains et a\u0300 la communaute\u0301 internationale, des voix s\u2019e\u0301le\u0300vent dont celle de Achille Dode\u0301, cadre de Due\u0301koue\u0301 pour exiger \u00ab justice, ve\u0301rite\u0301 et dignite\u0301 \u00bb pour les victimes de cette longue crise.<\/p>\n<p>Les premie\u0300res exactions remontent a\u0300 la re\u0301bellion arme\u0301e de 2002-2003, qui a profonde\u0301ment de\u0301stabilise\u0301 l\u2019ouest du pays. Selon plusieurs te\u0301moignages et bilans e\u0301voque\u0301s par des acteurs locaux, plus de 200 personnes auraient e\u0301te\u0301 tue\u0301es et environ 900 porte\u0301es disparues dans les zones a\u0300 forte population We\u0302. Des villages entiers auraient e\u0301te\u0301 vide\u0301s, provoquant d\u2019importants de\u0301placements de civils. En juin 2005, la re\u0301gion de Due\u0301koue\u0301 est de nouveau le the\u0301a\u0302tre de violences intercommunautaires. Le bilan officiel fait e\u0301tat de plus de 100 morts, auxquels s\u2019ajoutent au moins 50 victimes supple\u0301mentaires lors d\u2019un conflit foncier survenu le 2 juin de la me\u0302me anne\u0301e. Mais c\u2019est la crise post-e\u0301lectorale de 2010-2011 qui marque le point culminant des violences. Entre le 27 et le 29 mars 2011, la ville de Due\u0301koue\u0301 connai\u0302t l\u2019un des e\u0301pisodes les plus tragiques de l\u2019histoire re\u0301cente du pays.<\/p>\n<p>Plusieurs sources e\u0301voquent un bilan de plus de 1 000 morts en l\u2019espace de trois jours.<\/p>\n<p>Quelques mois plus tard, le 20 juillet 2012, le camp de de\u0301place\u0301s de Nahibly, cense\u0301 offrir refuge aux populations ayant fui les violences, est attaque\u0301. Plus de 100 personnes y trouvent la mort, selon des estimations largement relaye\u0301es par des organisations de de\u0301fense des droits humains.<\/p>\n<p>Au-dela\u0300 des chiffres, c\u2019est surtout l\u2019absence de justice qui cristallise les frustrations. Les auteurs de l\u2019appel de\u0301noncent une \u00ab impunite\u0301 persistante \u00bb et un manque de volonte\u0301 politique pour faire toute la lumie\u0300re sur ces e\u0301ve\u0301nements.<\/p>\n<p>\u00ab La justice ne peut e\u0302tre se\u0301lective. Elle ne doit pas de\u0301pendre de l\u2019appartenance politique re\u0301elle ou suppose\u0301e des victimes \u00bb, souligne, Achille Dode\u0301, cadre de Due\u0301koue\u0301 dans un document, qui interpelle directement les autorite\u0301s ivoiriennes.<\/p>\n<p>Certains observateurs pointent e\u0301galement la complexite\u0301 du contexte, marque\u0301 par des tensions foncie\u0300res, des rivalite\u0301s communautaires et les se\u0301quelles d\u2019un conflit politico-militaire qui a profonde\u0301ment fragmente\u0301 le pays.<\/p>\n<p>Face a\u0300 cette situation, il formule plusieurs demandes pre\u0301cises, la reconnaissance officielle des massacres survenus depuis 2002, l\u2019ouverture d\u2019enque\u0302tes judiciaires inde\u0301pendantes, la mise en place de me\u0301canismes de re\u0301paration pour les victimes, l\u2019instauration d\u2019un programme de re\u0301conciliation juge\u0301 \u00ab since\u0300re et inclusif \u00bb et le renforcement des dispositifs de pre\u0301vention des conflits.<\/p>\n<p>Il appelle e\u0301galement les organisations internationales, notamment les ONG de de\u0301fense des droits humains, a\u0300 intensifier leurs efforts de documentation et de plaidoyer.<\/p>\n<p>Plus d\u2019une de\u0301cennie apre\u0300s la fin de la crise post-e\u0301lectorale, la Co\u0302te d\u2019Ivoire a engage\u0301 plusieurs initiatives de re\u0301conciliation nationale. Toutefois, pour de nombreuses victimes, ces efforts restent insuffisants tant que la question de la justice n\u2019est pas pleinement traite\u0301e.<\/p>\n<p>\u00ab Une paix durable ne peut se construire sans ve\u0301rite\u0301 ni justice \u00bb, estime l&rsquo;auteur de l\u2019appel, qui met en garde contre les risques d\u2019une me\u0301moire collective non apaise\u0301e.<\/p>\n<p>Dans un pays ou\u0300 une nouvelle ge\u0301ne\u0301ration a grandi dans l\u2019ombre de ces e\u0301ve\u0301nements, la transmission de cette me\u0301moire constitue un enjeu majeur pour la stabilite\u0301 future.<\/p>\n<p>Malgre\u0301 la douleur, certains te\u0301moignages e\u0301voquent une volonte\u0301 de tourner la page, sans pour autant oublier. \u00ab Le pardon est possible, mais il ne peut se substituer a\u0300 la reconnaissance des faits \u00bb, re\u0301sume un observateur local.<\/p>\n<p>Alors que la Co\u0302te d\u2019Ivoire poursuit son de\u0301veloppement e\u0301conomique et politique, la question de la justice pour les victimes des violences passe\u0301es demeure un test crucial pour l\u2019E\u0301tat de droit et la cohe\u0301sion nationale.<\/p>\n<p><strong>Pour plus d&rsquo;informations et d&rsquo;analyses sur la <span style=\"color: #ff6600\">C\u00f4te d&rsquo;Ivoire<\/span>, suivez <span style=\"color: #ff6600\">Africa-Press<\/span><\/strong><\/p>\n","protected":false},"excerpt":{"rendered":"<p>Africa-Press &#8211; C\u00f4te d&rsquo;Ivoire. Plus de vingt ans apre\u0300s les premie\u0300res violences, victimes et organisations appellent l\u2019E\u0301tat a\u0300 reconnai\u0302tre les faits, juger les responsables et engager une ve\u0301ritable re\u0301conciliation. Dans l\u2019ouest de la Co\u0302te d\u2019Ivoire, le temps n\u2019a pas referme\u0301 les blessures. Depuis 2002, les populations We\u0302, installe\u0301es notamment dans les de\u0301partements de Due\u0301koue\u0301, Guiglo, [&hellip;]<\/p>\n","protected":false},"author":82,"featured_media":115226,"comment_status":"open","ping_status":"closed","sticky":false,"template":"","format":"standard","meta":{"footnotes":""},"categories":[2,10],"tags":[29,19755,5458,643,20854,20853,305,20852,20851,601],"class_list":["post-115227","post","type-post","status-publish","format-standard","has-post-thumbnail","hentry","category-politique","category-toutes-les-actualites","tag-cote-divoire","tag-crise-ivoirienne","tag-droits-humains","tag-duekoue","tag-justice-transitionnelle","tag-nahibly","tag-nationale","tag-ouest-ivoirien","tag-peuple-we","tag-reconciliation"],"yoast_head":"<!-- This site is optimized with the Yoast SEO Premium plugin v26.1 (Yoast SEO v27.0) - https:\/\/yoast.com\/product\/yoast-seo-premium-wordpress\/ -->\n<title>M\u00e9moire meurtrie du peuple W\u00ea r\u00e9clame justice - C\u00f4te d&#039;Ivoire<\/title>\n<meta name=\"description\" content=\"Plus de vingt ans apre\u0300s les premie\u0300res violences, victimes et organisations appellent l\u2019E\u0301tat a\u0300 reconnai\u0302tre les faits ...\" \/>\n<meta name=\"robots\" content=\"index, follow, max-snippet:-1, max-image-preview:large, max-video-preview:-1\" \/>\n<link rel=\"canonical\" href=\"https:\/\/www.africa-press.net\/cotedivoire\/politique\/memoire-meurtrie-du-peuple-we-reclame-justice\" \/>\n<meta property=\"og:locale\" content=\"fr_FR\" \/>\n<meta property=\"og:type\" content=\"article\" \/>\n<meta property=\"og:title\" content=\"M\u00e9moire meurtrie du peuple W\u00ea r\u00e9clame justice\" \/>\n<meta property=\"og:description\" content=\"Plus de vingt ans apre\u0300s les premie\u0300res violences, victimes et organisations appellent l\u2019E\u0301tat a\u0300 reconnai\u0302tre les faits ...\" \/>\n<meta property=\"og:url\" content=\"https:\/\/www.africa-press.net\/cotedivoire\/politique\/memoire-meurtrie-du-peuple-we-reclame-justice\" \/>\n<meta property=\"og:site_name\" content=\"C\u00f4te d&#039;Ivoire\" \/>\n<meta property=\"article:published_time\" content=\"2026-04-27T06:30:13+00:00\" \/>\n<meta property=\"article:modified_time\" content=\"2026-04-27T06:42:02+00:00\" \/>\n<meta property=\"og:image\" content=\"https:\/\/static.africa-press.net\/cote\/sites\/43\/2026\/04\/sm_1777259434.426012.jpg\" \/>\n\t<meta property=\"og:image:width\" content=\"720\" \/>\n\t<meta property=\"og:image:height\" content=\"386\" \/>\n\t<meta property=\"og:image:type\" content=\"image\/jpeg\" \/>\n<meta name=\"author\" content=\"cfeditorfr\" \/>\n<meta name=\"twitter:card\" content=\"summary_large_image\" \/>\n<meta name=\"twitter:label1\" content=\"\u00c9crit par\" \/>\n\t<meta name=\"twitter:data1\" content=\"cfeditorfr\" \/>\n\t<meta name=\"twitter:label2\" content=\"Dur\u00e9e de lecture estim\u00e9e\" \/>\n\t<meta name=\"twitter:data2\" content=\"4 minutes\" \/>\n<script type=\"application\/ld+json\" class=\"yoast-schema-graph\">{\"@context\":\"https:\/\/schema.org\",\"@graph\":[{\"@type\":\"Article\",\"@id\":\"https:\/\/www.africa-press.net\/cotedivoire\/politique\/memoire-meurtrie-du-peuple-we-reclame-justice#article\",\"isPartOf\":{\"@id\":\"https:\/\/www.africa-press.net\/cotedivoire\/politique\/memoire-meurtrie-du-peuple-we-reclame-justice\"},\"author\":{\"name\":\"cfeditorfr\",\"@id\":\"https:\/\/www.africa-press.net\/cotedivoire\/#\/schema\/person\/2b1cf3cd81a31e3cd26889ca66d677f1\"},\"headline\":\"M\u00e9moire meurtrie du peuple W\u00ea r\u00e9clame justice\",\"datePublished\":\"2026-04-27T06:30:13+00:00\",\"dateModified\":\"2026-04-27T06:42:02+00:00\",\"mainEntityOfPage\":{\"@id\":\"https:\/\/www.africa-press.net\/cotedivoire\/politique\/memoire-meurtrie-du-peuple-we-reclame-justice\"},\"wordCount\":795,\"commentCount\":0,\"image\":{\"@id\":\"https:\/\/www.africa-press.net\/cotedivoire\/politique\/memoire-meurtrie-du-peuple-we-reclame-justice#primaryimage\"},\"thumbnailUrl\":\"https:\/\/static.africa-press.net\/cote\/sites\/43\/2026\/04\/sm_1777259434.426012.jpg\",\"keywords\":[\"C\u00d4TE D'IVOIRE\",\"crise Ivoirienne\",\"Droits Humains\",\"Du\u00e9kou\u00e9\",\"justice transitionnelle\",\"Nahibly\",\"nationale\",\"Ouest ivoirien\",\"peuple W\u00ea\",\"r\u00e9conciliation\"],\"articleSection\":[\"Politique\",\"Toutes les actualit\u00e9s\"],\"inLanguage\":\"fr-FR\",\"potentialAction\":[{\"@type\":\"CommentAction\",\"name\":\"Comment\",\"target\":[\"https:\/\/www.africa-press.net\/cotedivoire\/politique\/memoire-meurtrie-du-peuple-we-reclame-justice#respond\"]}]},{\"@type\":\"WebPage\",\"@id\":\"https:\/\/www.africa-press.net\/cotedivoire\/politique\/memoire-meurtrie-du-peuple-we-reclame-justice\",\"url\":\"https:\/\/www.africa-press.net\/cotedivoire\/politique\/memoire-meurtrie-du-peuple-we-reclame-justice\",\"name\":\"M\u00e9moire meurtrie du peuple W\u00ea r\u00e9clame justice - C\u00f4te d&#039;Ivoire\",\"isPartOf\":{\"@id\":\"https:\/\/www.africa-press.net\/cotedivoire\/#website\"},\"primaryImageOfPage\":{\"@id\":\"https:\/\/www.africa-press.net\/cotedivoire\/politique\/memoire-meurtrie-du-peuple-we-reclame-justice#primaryimage\"},\"image\":{\"@id\":\"https:\/\/www.africa-press.net\/cotedivoire\/politique\/memoire-meurtrie-du-peuple-we-reclame-justice#primaryimage\"},\"thumbnailUrl\":\"https:\/\/static.africa-press.net\/cote\/sites\/43\/2026\/04\/sm_1777259434.426012.jpg\",\"datePublished\":\"2026-04-27T06:30:13+00:00\",\"dateModified\":\"2026-04-27T06:42:02+00:00\",\"author\":{\"@id\":\"https:\/\/www.africa-press.net\/cotedivoire\/#\/schema\/person\/2b1cf3cd81a31e3cd26889ca66d677f1\"},\"description\":\"Plus de vingt ans apre\u0300s les premie\u0300res violences, victimes et organisations appellent l\u2019E\u0301tat a\u0300 reconnai\u0302tre les faits ...\",\"breadcrumb\":{\"@id\":\"https:\/\/www.africa-press.net\/cotedivoire\/politique\/memoire-meurtrie-du-peuple-we-reclame-justice#breadcrumb\"},\"inLanguage\":\"fr-FR\",\"potentialAction\":[{\"@type\":\"ReadAction\",\"target\":[\"https:\/\/www.africa-press.net\/cotedivoire\/politique\/memoire-meurtrie-du-peuple-we-reclame-justice\"]}]},{\"@type\":\"ImageObject\",\"inLanguage\":\"fr-FR\",\"@id\":\"https:\/\/www.africa-press.net\/cotedivoire\/politique\/memoire-meurtrie-du-peuple-we-reclame-justice#primaryimage\",\"url\":\"https:\/\/static.africa-press.net\/cote\/sites\/43\/2026\/04\/sm_1777259434.426012.jpg\",\"contentUrl\":\"https:\/\/static.africa-press.net\/cote\/sites\/43\/2026\/04\/sm_1777259434.426012.jpg\",\"width\":720,\"height\":386,\"caption\":\"M\u00e9moire meurtrie du peuple W\u00ea r\u00e9clame justice\"},{\"@type\":\"BreadcrumbList\",\"@id\":\"https:\/\/www.africa-press.net\/cotedivoire\/politique\/memoire-meurtrie-du-peuple-we-reclame-justice#breadcrumb\",\"itemListElement\":[{\"@type\":\"ListItem\",\"position\":1,\"name\":\"Accueil\",\"item\":\"https:\/\/www.africa-press.net\/cotedivoire\/\"},{\"@type\":\"ListItem\",\"position\":2,\"name\":\"M\u00e9moire meurtrie du peuple W\u00ea r\u00e9clame justice\"}]},{\"@type\":\"WebSite\",\"@id\":\"https:\/\/www.africa-press.net\/cotedivoire\/#website\",\"url\":\"https:\/\/www.africa-press.net\/cotedivoire\/\",\"name\":\"C\u00f4te d&#039;Ivoire\",\"description\":\"Just another Africa News Agency Sites site\",\"potentialAction\":[{\"@type\":\"SearchAction\",\"target\":{\"@type\":\"EntryPoint\",\"urlTemplate\":\"https:\/\/www.africa-press.net\/cotedivoire\/?s={search_term_string}\"},\"query-input\":{\"@type\":\"PropertyValueSpecification\",\"valueRequired\":true,\"valueName\":\"search_term_string\"}}],\"inLanguage\":\"fr-FR\"},{\"@type\":\"Person\",\"@id\":\"https:\/\/www.africa-press.net\/cotedivoire\/#\/schema\/person\/2b1cf3cd81a31e3cd26889ca66d677f1\",\"name\":\"cfeditorfr\"}]}<\/script>\n<!-- \/ Yoast SEO Premium plugin. -->","yoast_head_json":{"title":"M\u00e9moire meurtrie du peuple W\u00ea r\u00e9clame justice - C\u00f4te d&#039;Ivoire","description":"Plus de vingt ans apre\u0300s les premie\u0300res violences, victimes et organisations appellent l\u2019E\u0301tat a\u0300 reconnai\u0302tre les faits ...","robots":{"index":"index","follow":"follow","max-snippet":"max-snippet:-1","max-image-preview":"max-image-preview:large","max-video-preview":"max-video-preview:-1"},"canonical":"https:\/\/www.africa-press.net\/cotedivoire\/politique\/memoire-meurtrie-du-peuple-we-reclame-justice","og_locale":"fr_FR","og_type":"article","og_title":"M\u00e9moire meurtrie du peuple W\u00ea r\u00e9clame justice","og_description":"Plus de vingt ans apre\u0300s les premie\u0300res violences, victimes et organisations appellent l\u2019E\u0301tat a\u0300 reconnai\u0302tre les faits ...","og_url":"https:\/\/www.africa-press.net\/cotedivoire\/politique\/memoire-meurtrie-du-peuple-we-reclame-justice","og_site_name":"C\u00f4te d&#039;Ivoire","article_published_time":"2026-04-27T06:30:13+00:00","article_modified_time":"2026-04-27T06:42:02+00:00","og_image":[{"width":720,"height":386,"url":"https:\/\/static.africa-press.net\/cote\/sites\/43\/2026\/04\/sm_1777259434.426012.jpg","type":"image\/jpeg"}],"author":"cfeditorfr","twitter_card":"summary_large_image","twitter_misc":{"\u00c9crit par":"cfeditorfr","Dur\u00e9e de lecture estim\u00e9e":"4 minutes"},"schema":{"@context":"https:\/\/schema.org","@graph":[{"@type":"Article","@id":"https:\/\/www.africa-press.net\/cotedivoire\/politique\/memoire-meurtrie-du-peuple-we-reclame-justice#article","isPartOf":{"@id":"https:\/\/www.africa-press.net\/cotedivoire\/politique\/memoire-meurtrie-du-peuple-we-reclame-justice"},"author":{"name":"cfeditorfr","@id":"https:\/\/www.africa-press.net\/cotedivoire\/#\/schema\/person\/2b1cf3cd81a31e3cd26889ca66d677f1"},"headline":"M\u00e9moire meurtrie du peuple W\u00ea r\u00e9clame justice","datePublished":"2026-04-27T06:30:13+00:00","dateModified":"2026-04-27T06:42:02+00:00","mainEntityOfPage":{"@id":"https:\/\/www.africa-press.net\/cotedivoire\/politique\/memoire-meurtrie-du-peuple-we-reclame-justice"},"wordCount":795,"commentCount":0,"image":{"@id":"https:\/\/www.africa-press.net\/cotedivoire\/politique\/memoire-meurtrie-du-peuple-we-reclame-justice#primaryimage"},"thumbnailUrl":"https:\/\/static.africa-press.net\/cote\/sites\/43\/2026\/04\/sm_1777259434.426012.jpg","keywords":["C\u00d4TE D'IVOIRE","crise Ivoirienne","Droits Humains","Du\u00e9kou\u00e9","justice transitionnelle","Nahibly","nationale","Ouest ivoirien","peuple W\u00ea","r\u00e9conciliation"],"articleSection":["Politique","Toutes les actualit\u00e9s"],"inLanguage":"fr-FR","potentialAction":[{"@type":"CommentAction","name":"Comment","target":["https:\/\/www.africa-press.net\/cotedivoire\/politique\/memoire-meurtrie-du-peuple-we-reclame-justice#respond"]}]},{"@type":"WebPage","@id":"https:\/\/www.africa-press.net\/cotedivoire\/politique\/memoire-meurtrie-du-peuple-we-reclame-justice","url":"https:\/\/www.africa-press.net\/cotedivoire\/politique\/memoire-meurtrie-du-peuple-we-reclame-justice","name":"M\u00e9moire meurtrie du peuple W\u00ea r\u00e9clame justice - C\u00f4te d&#039;Ivoire","isPartOf":{"@id":"https:\/\/www.africa-press.net\/cotedivoire\/#website"},"primaryImageOfPage":{"@id":"https:\/\/www.africa-press.net\/cotedivoire\/politique\/memoire-meurtrie-du-peuple-we-reclame-justice#primaryimage"},"image":{"@id":"https:\/\/www.africa-press.net\/cotedivoire\/politique\/memoire-meurtrie-du-peuple-we-reclame-justice#primaryimage"},"thumbnailUrl":"https:\/\/static.africa-press.net\/cote\/sites\/43\/2026\/04\/sm_1777259434.426012.jpg","datePublished":"2026-04-27T06:30:13+00:00","dateModified":"2026-04-27T06:42:02+00:00","author":{"@id":"https:\/\/www.africa-press.net\/cotedivoire\/#\/schema\/person\/2b1cf3cd81a31e3cd26889ca66d677f1"},"description":"Plus de vingt ans apre\u0300s les premie\u0300res violences, victimes et organisations appellent l\u2019E\u0301tat a\u0300 reconnai\u0302tre les faits ...","breadcrumb":{"@id":"https:\/\/www.africa-press.net\/cotedivoire\/politique\/memoire-meurtrie-du-peuple-we-reclame-justice#breadcrumb"},"inLanguage":"fr-FR","potentialAction":[{"@type":"ReadAction","target":["https:\/\/www.africa-press.net\/cotedivoire\/politique\/memoire-meurtrie-du-peuple-we-reclame-justice"]}]},{"@type":"ImageObject","inLanguage":"fr-FR","@id":"https:\/\/www.africa-press.net\/cotedivoire\/politique\/memoire-meurtrie-du-peuple-we-reclame-justice#primaryimage","url":"https:\/\/static.africa-press.net\/cote\/sites\/43\/2026\/04\/sm_1777259434.426012.jpg","contentUrl":"https:\/\/static.africa-press.net\/cote\/sites\/43\/2026\/04\/sm_1777259434.426012.jpg","width":720,"height":386,"caption":"M\u00e9moire meurtrie du peuple W\u00ea r\u00e9clame justice"},{"@type":"BreadcrumbList","@id":"https:\/\/www.africa-press.net\/cotedivoire\/politique\/memoire-meurtrie-du-peuple-we-reclame-justice#breadcrumb","itemListElement":[{"@type":"ListItem","position":1,"name":"Accueil","item":"https:\/\/www.africa-press.net\/cotedivoire\/"},{"@type":"ListItem","position":2,"name":"M\u00e9moire meurtrie du peuple W\u00ea r\u00e9clame justice"}]},{"@type":"WebSite","@id":"https:\/\/www.africa-press.net\/cotedivoire\/#website","url":"https:\/\/www.africa-press.net\/cotedivoire\/","name":"C\u00f4te d&#039;Ivoire","description":"Just another Africa News Agency Sites site","potentialAction":[{"@type":"SearchAction","target":{"@type":"EntryPoint","urlTemplate":"https:\/\/www.africa-press.net\/cotedivoire\/?s={search_term_string}"},"query-input":{"@type":"PropertyValueSpecification","valueRequired":true,"valueName":"search_term_string"}}],"inLanguage":"fr-FR"},{"@type":"Person","@id":"https:\/\/www.africa-press.net\/cotedivoire\/#\/schema\/person\/2b1cf3cd81a31e3cd26889ca66d677f1","name":"cfeditorfr"}]}},"_links":{"self":[{"href":"https:\/\/www.africa-press.net\/cotedivoire\/wp-json\/wp\/v2\/posts\/115227","targetHints":{"allow":["GET"]}}],"collection":[{"href":"https:\/\/www.africa-press.net\/cotedivoire\/wp-json\/wp\/v2\/posts"}],"about":[{"href":"https:\/\/www.africa-press.net\/cotedivoire\/wp-json\/wp\/v2\/types\/post"}],"author":[{"embeddable":true,"href":"https:\/\/www.africa-press.net\/cotedivoire\/wp-json\/wp\/v2\/users\/82"}],"replies":[{"embeddable":true,"href":"https:\/\/www.africa-press.net\/cotedivoire\/wp-json\/wp\/v2\/comments?post=115227"}],"version-history":[{"count":1,"href":"https:\/\/www.africa-press.net\/cotedivoire\/wp-json\/wp\/v2\/posts\/115227\/revisions"}],"predecessor-version":[{"id":115229,"href":"https:\/\/www.africa-press.net\/cotedivoire\/wp-json\/wp\/v2\/posts\/115227\/revisions\/115229"}],"wp:featuredmedia":[{"embeddable":true,"href":"https:\/\/www.africa-press.net\/cotedivoire\/wp-json\/wp\/v2\/media\/115226"}],"wp:attachment":[{"href":"https:\/\/www.africa-press.net\/cotedivoire\/wp-json\/wp\/v2\/media?parent=115227"}],"wp:term":[{"taxonomy":"category","embeddable":true,"href":"https:\/\/www.africa-press.net\/cotedivoire\/wp-json\/wp\/v2\/categories?post=115227"},{"taxonomy":"post_tag","embeddable":true,"href":"https:\/\/www.africa-press.net\/cotedivoire\/wp-json\/wp\/v2\/tags?post=115227"}],"curies":[{"name":"wp","href":"https:\/\/api.w.org\/{rel}","templated":true}]}}