{"id":115231,"date":"2026-04-27T07:00:34","date_gmt":"2026-04-27T07:00:34","guid":{"rendered":"https:\/\/www.africa-press.net\/cotedivoire\/politique\/fondation-precurseur-journee-mondiale-propriete-intellectuelle"},"modified":"2026-04-27T07:12:26","modified_gmt":"2026-04-27T07:12:26","slug":"fondation-precurseur-journee-mondiale-propriete-intellectuelle","status":"publish","type":"post","link":"https:\/\/www.africa-press.net\/cotedivoire\/toutes-les-actualites\/fondation-precurseur-journee-mondiale-propriete-intellectuelle","title":{"rendered":"Fondation Pr\u00e9curseur Journ\u00e9e Mondiale Propri\u00e9t\u00e9 Intellectuelle"},"content":{"rendered":"<p><span style=\"color: #ff6600\"><strong>Africa-Press &#8211; C\u00f4te d&rsquo;Ivoire. <\/strong><\/span>En amont de la Journe\u0301e mondiale de la proprie\u0301te\u0301 intellectuelle, dont l\u2019e\u0301dition 2026 est place\u0301e sous le the\u0300me \u00ab Proprie\u0301te\u0301 intellectuelle et sports \u00bb, la Fondation Innova a organise\u0301 une confe\u0301rence comme\u0301morative le vendredi 24 avril 2026 a\u0300 Abidjan.<\/p>\n<p>A\u0300 cette occasion, Coulibaly Pierre Djibril, pre\u0301sident de la Fondation Innova, a rappele\u0301 que cette initiative s\u2019inscrit dans une dynamique internationale. \u00ab Nous avons souhaite\u0301 nous associer a\u0300 cette ce\u0301le\u0301bration mondiale afin de mettre en lumie\u0300re les enjeux lie\u0301s a\u0300 la proprie\u0301te\u0301 intellectuelle \u00bb, a-t-il indique\u0301.<\/p>\n<p>Il a souligne\u0301 que cette journe\u0301e repre\u0301sente un jalon majeur pour la valorisation des innovations et la promotion de la cre\u0301ativite\u0301. Il a e\u0301galement annonce\u0301 la prochaine e\u0301dition du Salon de l\u2019Innova, qui se tiendra du 26 au 28 novembre 2026 au Palais de la culture de Treichville.<\/p>\n<p>Repre\u0301sentant l\u2019Acade\u0301mie des sciences, des arts, des cultures d&rsquo;Afrique et des diasporas africaines (ASCAD), le professeur N&rsquo;Guessan Yao a pre\u0301sente\u0301 les missions de l\u2019institution. L\u2019ASCAD regroupe 62 membres rattache\u0301s a\u0300 la Pre\u0301sidence de la Re\u0301publique de Co\u0302te d\u2019Ivoire et intervient dans cinq domaines strate\u0301giques couvrant un large spectre de disciplines.<\/p>\n<p>Le professeur N&rsquo;Guessan Yao a pre\u0301cise\u0301 que l\u2019ASCAD, institution ouverte et consultative, se positionne comme une structure de re\u0301fe\u0301rence en matie\u0300re de recommandations pour l\u2019ame\u0301lioration du bien-e\u0302tre des populations ivoiriennes.<\/p>\n<p>La confe\u0301rence principale a e\u0301te\u0301 anime\u0301e par Philippe Zeia, expert aupre\u0300s de l\u2019Organisation mondiale de la proprie\u0301te\u0301 intellectuelle. En ade\u0301quation avec la the\u0301matique 2026, il a rappele\u0301 l\u2019impe\u0301ratif de prote\u0301ger les \u0153uvres de l\u2019esprit.<\/p>\n<p>Selon Philippe Zeia, la protection de la proprie\u0301te\u0301 intellectuelle constitue un levier fondamental de cre\u0301ation de valeur pour les auteurs et cre\u0301ateurs. Il a par ailleurs mis en e\u0301vidence l\u2019interde\u0301pendance entre le sport et la proprie\u0301te\u0301 intellectuelle. \u00ab La se\u0301curisation des droits des cre\u0301ateurs ge\u0301ne\u0300re des revenus substantiels et contribue directement a\u0300 l\u2019e\u0301le\u0301vation des standards de qualite\u0301 dans ce secteur \u00bb, a-t-il conclu.<\/p>\n<p><strong>Pour plus d&rsquo;informations et d&rsquo;analyses sur la <span style=\"color: #ff6600\">C\u00f4te d&rsquo;Ivoire<\/span>, suivez <span style=\"color: #ff6600\">Africa-Press<\/span><\/strong><\/p>\n","protected":false},"excerpt":{"rendered":"<p>Africa-Press &#8211; C\u00f4te d&rsquo;Ivoire. En amont de la Journe\u0301e mondiale de la proprie\u0301te\u0301 intellectuelle, dont l\u2019e\u0301dition 2026 est place\u0301e sous le the\u0300me \u00ab Proprie\u0301te\u0301 intellectuelle et sports \u00bb, la Fondation Innova a organise\u0301 une confe\u0301rence comme\u0301morative le vendredi 24 avril 2026 a\u0300 Abidjan. A\u0300 cette occasion, Coulibaly Pierre Djibril, pre\u0301sident de la Fondation Innova, a [&hellip;]<\/p>\n","protected":false},"author":82,"featured_media":115230,"comment_status":"open","ping_status":"closed","sticky":false,"template":"","format":"standard","meta":{"footnotes":""},"categories":[21,10],"tags":[29,20856,1069,20855,20857],"class_list":["post-115231","post","type-post","status-publish","format-standard","has-post-thumbnail","hentry","category-communaute","category-toutes-les-actualites","tag-cote-divoire","tag-coulibaly-pierre-djibril","tag-creativite","tag-fondation-innova","tag-propriete-intellectuelle"],"yoast_head":"<!-- This site is optimized with the Yoast SEO Premium plugin v26.1 (Yoast SEO v27.0) - https:\/\/yoast.com\/product\/yoast-seo-premium-wordpress\/ -->\n<title>Fondation Pr\u00e9curseur Journ\u00e9e Mondiale Propri\u00e9t\u00e9 Intellectuelle - C\u00f4te d&#039;Ivoire<\/title>\n<meta name=\"description\" content=\"En amont de la Journe\u0301e mondiale de la proprie\u0301te\u0301 intellectuelle, dont l\u2019e\u0301dition 2026 est place\u0301e sous le the\u0300me \u00ab Pro ...\" \/>\n<meta name=\"robots\" content=\"index, follow, max-snippet:-1, max-image-preview:large, max-video-preview:-1\" \/>\n<link rel=\"canonical\" href=\"https:\/\/www.africa-press.net\/cotedivoire\/toutes-les-actualites\/fondation-precurseur-journee-mondiale-propriete-intellectuelle\" \/>\n<meta property=\"og:locale\" content=\"fr_FR\" \/>\n<meta property=\"og:type\" content=\"article\" \/>\n<meta property=\"og:title\" content=\"Fondation Pr\u00e9curseur Journ\u00e9e Mondiale Propri\u00e9t\u00e9 Intellectuelle\" \/>\n<meta property=\"og:description\" content=\"En amont de la Journe\u0301e mondiale de la proprie\u0301te\u0301 intellectuelle, dont l\u2019e\u0301dition 2026 est place\u0301e sous le the\u0300me \u00ab Pro ...\" \/>\n<meta property=\"og:url\" content=\"https:\/\/www.africa-press.net\/cotedivoire\/toutes-les-actualites\/fondation-precurseur-journee-mondiale-propriete-intellectuelle\" \/>\n<meta property=\"og:site_name\" content=\"C\u00f4te d&#039;Ivoire\" \/>\n<meta property=\"article:published_time\" content=\"2026-04-27T07:00:34+00:00\" \/>\n<meta property=\"article:modified_time\" content=\"2026-04-27T07:12:26+00:00\" \/>\n<meta property=\"og:image\" content=\"https:\/\/static.africa-press.net\/cote\/sites\/43\/2026\/04\/sm_1777261326.639124.jpg\" \/>\n\t<meta property=\"og:image:width\" content=\"720\" \/>\n\t<meta property=\"og:image:height\" content=\"409\" \/>\n\t<meta property=\"og:image:type\" content=\"image\/jpeg\" \/>\n<meta name=\"author\" content=\"cfeditorfr\" \/>\n<meta name=\"twitter:card\" content=\"summary_large_image\" \/>\n<meta name=\"twitter:label1\" content=\"\u00c9crit par\" \/>\n\t<meta name=\"twitter:data1\" content=\"cfeditorfr\" \/>\n\t<meta name=\"twitter:label2\" content=\"Dur\u00e9e de lecture estim\u00e9e\" \/>\n\t<meta name=\"twitter:data2\" content=\"2 minutes\" \/>\n<script type=\"application\/ld+json\" class=\"yoast-schema-graph\">{\"@context\":\"https:\/\/schema.org\",\"@graph\":[{\"@type\":\"Article\",\"@id\":\"https:\/\/www.africa-press.net\/cotedivoire\/toutes-les-actualites\/fondation-precurseur-journee-mondiale-propriete-intellectuelle#article\",\"isPartOf\":{\"@id\":\"https:\/\/www.africa-press.net\/cotedivoire\/toutes-les-actualites\/fondation-precurseur-journee-mondiale-propriete-intellectuelle\"},\"author\":{\"name\":\"cfeditorfr\",\"@id\":\"https:\/\/www.africa-press.net\/cotedivoire\/#\/schema\/person\/2b1cf3cd81a31e3cd26889ca66d677f1\"},\"headline\":\"Fondation Pr\u00e9curseur Journ\u00e9e Mondiale Propri\u00e9t\u00e9 Intellectuelle\",\"datePublished\":\"2026-04-27T07:00:34+00:00\",\"dateModified\":\"2026-04-27T07:12:26+00:00\",\"mainEntityOfPage\":{\"@id\":\"https:\/\/www.africa-press.net\/cotedivoire\/toutes-les-actualites\/fondation-precurseur-journee-mondiale-propriete-intellectuelle\"},\"wordCount\":397,\"commentCount\":0,\"image\":{\"@id\":\"https:\/\/www.africa-press.net\/cotedivoire\/toutes-les-actualites\/fondation-precurseur-journee-mondiale-propriete-intellectuelle#primaryimage\"},\"thumbnailUrl\":\"https:\/\/static.africa-press.net\/cote\/sites\/43\/2026\/04\/sm_1777261326.639124.jpg\",\"keywords\":[\"C\u00d4TE D'IVOIRE\",\"Coulibaly Pierre Djibril\",\"Cr\u00e9ativit\u00e9\",\"Fondation Innova\",\"propri\u00e9t\u00e9 intellectuelle\"],\"articleSection\":[\"Communaut\u00e9\",\"Toutes les actualit\u00e9s\"],\"inLanguage\":\"fr-FR\",\"potentialAction\":[{\"@type\":\"CommentAction\",\"name\":\"Comment\",\"target\":[\"https:\/\/www.africa-press.net\/cotedivoire\/toutes-les-actualites\/fondation-precurseur-journee-mondiale-propriete-intellectuelle#respond\"]}]},{\"@type\":\"WebPage\",\"@id\":\"https:\/\/www.africa-press.net\/cotedivoire\/toutes-les-actualites\/fondation-precurseur-journee-mondiale-propriete-intellectuelle\",\"url\":\"https:\/\/www.africa-press.net\/cotedivoire\/toutes-les-actualites\/fondation-precurseur-journee-mondiale-propriete-intellectuelle\",\"name\":\"Fondation Pr\u00e9curseur Journ\u00e9e Mondiale Propri\u00e9t\u00e9 Intellectuelle - C\u00f4te d&#039;Ivoire\",\"isPartOf\":{\"@id\":\"https:\/\/www.africa-press.net\/cotedivoire\/#website\"},\"primaryImageOfPage\":{\"@id\":\"https:\/\/www.africa-press.net\/cotedivoire\/toutes-les-actualites\/fondation-precurseur-journee-mondiale-propriete-intellectuelle#primaryimage\"},\"image\":{\"@id\":\"https:\/\/www.africa-press.net\/cotedivoire\/toutes-les-actualites\/fondation-precurseur-journee-mondiale-propriete-intellectuelle#primaryimage\"},\"thumbnailUrl\":\"https:\/\/static.africa-press.net\/cote\/sites\/43\/2026\/04\/sm_1777261326.639124.jpg\",\"datePublished\":\"2026-04-27T07:00:34+00:00\",\"dateModified\":\"2026-04-27T07:12:26+00:00\",\"author\":{\"@id\":\"https:\/\/www.africa-press.net\/cotedivoire\/#\/schema\/person\/2b1cf3cd81a31e3cd26889ca66d677f1\"},\"description\":\"En amont de la Journe\u0301e mondiale de la proprie\u0301te\u0301 intellectuelle, dont l\u2019e\u0301dition 2026 est place\u0301e sous le the\u0300me \u00ab Pro ...\",\"breadcrumb\":{\"@id\":\"https:\/\/www.africa-press.net\/cotedivoire\/toutes-les-actualites\/fondation-precurseur-journee-mondiale-propriete-intellectuelle#breadcrumb\"},\"inLanguage\":\"fr-FR\",\"potentialAction\":[{\"@type\":\"ReadAction\",\"target\":[\"https:\/\/www.africa-press.net\/cotedivoire\/toutes-les-actualites\/fondation-precurseur-journee-mondiale-propriete-intellectuelle\"]}]},{\"@type\":\"ImageObject\",\"inLanguage\":\"fr-FR\",\"@id\":\"https:\/\/www.africa-press.net\/cotedivoire\/toutes-les-actualites\/fondation-precurseur-journee-mondiale-propriete-intellectuelle#primaryimage\",\"url\":\"https:\/\/static.africa-press.net\/cote\/sites\/43\/2026\/04\/sm_1777261326.639124.jpg\",\"contentUrl\":\"https:\/\/static.africa-press.net\/cote\/sites\/43\/2026\/04\/sm_1777261326.639124.jpg\",\"width\":720,\"height\":409,\"caption\":\"Fondation Pr\u00e9curseur Journ\u00e9e Mondiale Propri\u00e9t\u00e9 Intellectuelle\"},{\"@type\":\"BreadcrumbList\",\"@id\":\"https:\/\/www.africa-press.net\/cotedivoire\/toutes-les-actualites\/fondation-precurseur-journee-mondiale-propriete-intellectuelle#breadcrumb\",\"itemListElement\":[{\"@type\":\"ListItem\",\"position\":1,\"name\":\"Accueil\",\"item\":\"https:\/\/www.africa-press.net\/cotedivoire\/\"},{\"@type\":\"ListItem\",\"position\":2,\"name\":\"Fondation Pr\u00e9curseur Journ\u00e9e Mondiale Propri\u00e9t\u00e9 Intellectuelle\"}]},{\"@type\":\"WebSite\",\"@id\":\"https:\/\/www.africa-press.net\/cotedivoire\/#website\",\"url\":\"https:\/\/www.africa-press.net\/cotedivoire\/\",\"name\":\"C\u00f4te d&#039;Ivoire\",\"description\":\"Just another Africa News Agency Sites site\",\"potentialAction\":[{\"@type\":\"SearchAction\",\"target\":{\"@type\":\"EntryPoint\",\"urlTemplate\":\"https:\/\/www.africa-press.net\/cotedivoire\/?s={search_term_string}\"},\"query-input\":{\"@type\":\"PropertyValueSpecification\",\"valueRequired\":true,\"valueName\":\"search_term_string\"}}],\"inLanguage\":\"fr-FR\"},{\"@type\":\"Person\",\"@id\":\"https:\/\/www.africa-press.net\/cotedivoire\/#\/schema\/person\/2b1cf3cd81a31e3cd26889ca66d677f1\",\"name\":\"cfeditorfr\"}]}<\/script>\n<!-- \/ Yoast SEO Premium plugin. -->","yoast_head_json":{"title":"Fondation Pr\u00e9curseur Journ\u00e9e Mondiale Propri\u00e9t\u00e9 Intellectuelle - C\u00f4te d&#039;Ivoire","description":"En amont de la Journe\u0301e mondiale de la proprie\u0301te\u0301 intellectuelle, dont l\u2019e\u0301dition 2026 est place\u0301e sous le the\u0300me \u00ab Pro ...","robots":{"index":"index","follow":"follow","max-snippet":"max-snippet:-1","max-image-preview":"max-image-preview:large","max-video-preview":"max-video-preview:-1"},"canonical":"https:\/\/www.africa-press.net\/cotedivoire\/toutes-les-actualites\/fondation-precurseur-journee-mondiale-propriete-intellectuelle","og_locale":"fr_FR","og_type":"article","og_title":"Fondation Pr\u00e9curseur Journ\u00e9e Mondiale Propri\u00e9t\u00e9 Intellectuelle","og_description":"En amont de la Journe\u0301e mondiale de la proprie\u0301te\u0301 intellectuelle, dont l\u2019e\u0301dition 2026 est place\u0301e sous le the\u0300me \u00ab Pro ...","og_url":"https:\/\/www.africa-press.net\/cotedivoire\/toutes-les-actualites\/fondation-precurseur-journee-mondiale-propriete-intellectuelle","og_site_name":"C\u00f4te d&#039;Ivoire","article_published_time":"2026-04-27T07:00:34+00:00","article_modified_time":"2026-04-27T07:12:26+00:00","og_image":[{"width":720,"height":409,"url":"https:\/\/static.africa-press.net\/cote\/sites\/43\/2026\/04\/sm_1777261326.639124.jpg","type":"image\/jpeg"}],"author":"cfeditorfr","twitter_card":"summary_large_image","twitter_misc":{"\u00c9crit par":"cfeditorfr","Dur\u00e9e de lecture estim\u00e9e":"2 minutes"},"schema":{"@context":"https:\/\/schema.org","@graph":[{"@type":"Article","@id":"https:\/\/www.africa-press.net\/cotedivoire\/toutes-les-actualites\/fondation-precurseur-journee-mondiale-propriete-intellectuelle#article","isPartOf":{"@id":"https:\/\/www.africa-press.net\/cotedivoire\/toutes-les-actualites\/fondation-precurseur-journee-mondiale-propriete-intellectuelle"},"author":{"name":"cfeditorfr","@id":"https:\/\/www.africa-press.net\/cotedivoire\/#\/schema\/person\/2b1cf3cd81a31e3cd26889ca66d677f1"},"headline":"Fondation Pr\u00e9curseur Journ\u00e9e Mondiale Propri\u00e9t\u00e9 Intellectuelle","datePublished":"2026-04-27T07:00:34+00:00","dateModified":"2026-04-27T07:12:26+00:00","mainEntityOfPage":{"@id":"https:\/\/www.africa-press.net\/cotedivoire\/toutes-les-actualites\/fondation-precurseur-journee-mondiale-propriete-intellectuelle"},"wordCount":397,"commentCount":0,"image":{"@id":"https:\/\/www.africa-press.net\/cotedivoire\/toutes-les-actualites\/fondation-precurseur-journee-mondiale-propriete-intellectuelle#primaryimage"},"thumbnailUrl":"https:\/\/static.africa-press.net\/cote\/sites\/43\/2026\/04\/sm_1777261326.639124.jpg","keywords":["C\u00d4TE D'IVOIRE","Coulibaly Pierre Djibril","Cr\u00e9ativit\u00e9","Fondation Innova","propri\u00e9t\u00e9 intellectuelle"],"articleSection":["Communaut\u00e9","Toutes les actualit\u00e9s"],"inLanguage":"fr-FR","potentialAction":[{"@type":"CommentAction","name":"Comment","target":["https:\/\/www.africa-press.net\/cotedivoire\/toutes-les-actualites\/fondation-precurseur-journee-mondiale-propriete-intellectuelle#respond"]}]},{"@type":"WebPage","@id":"https:\/\/www.africa-press.net\/cotedivoire\/toutes-les-actualites\/fondation-precurseur-journee-mondiale-propriete-intellectuelle","url":"https:\/\/www.africa-press.net\/cotedivoire\/toutes-les-actualites\/fondation-precurseur-journee-mondiale-propriete-intellectuelle","name":"Fondation Pr\u00e9curseur Journ\u00e9e Mondiale Propri\u00e9t\u00e9 Intellectuelle - C\u00f4te d&#039;Ivoire","isPartOf":{"@id":"https:\/\/www.africa-press.net\/cotedivoire\/#website"},"primaryImageOfPage":{"@id":"https:\/\/www.africa-press.net\/cotedivoire\/toutes-les-actualites\/fondation-precurseur-journee-mondiale-propriete-intellectuelle#primaryimage"},"image":{"@id":"https:\/\/www.africa-press.net\/cotedivoire\/toutes-les-actualites\/fondation-precurseur-journee-mondiale-propriete-intellectuelle#primaryimage"},"thumbnailUrl":"https:\/\/static.africa-press.net\/cote\/sites\/43\/2026\/04\/sm_1777261326.639124.jpg","datePublished":"2026-04-27T07:00:34+00:00","dateModified":"2026-04-27T07:12:26+00:00","author":{"@id":"https:\/\/www.africa-press.net\/cotedivoire\/#\/schema\/person\/2b1cf3cd81a31e3cd26889ca66d677f1"},"description":"En amont de la Journe\u0301e mondiale de la proprie\u0301te\u0301 intellectuelle, dont l\u2019e\u0301dition 2026 est place\u0301e sous le the\u0300me \u00ab Pro ...","breadcrumb":{"@id":"https:\/\/www.africa-press.net\/cotedivoire\/toutes-les-actualites\/fondation-precurseur-journee-mondiale-propriete-intellectuelle#breadcrumb"},"inLanguage":"fr-FR","potentialAction":[{"@type":"ReadAction","target":["https:\/\/www.africa-press.net\/cotedivoire\/toutes-les-actualites\/fondation-precurseur-journee-mondiale-propriete-intellectuelle"]}]},{"@type":"ImageObject","inLanguage":"fr-FR","@id":"https:\/\/www.africa-press.net\/cotedivoire\/toutes-les-actualites\/fondation-precurseur-journee-mondiale-propriete-intellectuelle#primaryimage","url":"https:\/\/static.africa-press.net\/cote\/sites\/43\/2026\/04\/sm_1777261326.639124.jpg","contentUrl":"https:\/\/static.africa-press.net\/cote\/sites\/43\/2026\/04\/sm_1777261326.639124.jpg","width":720,"height":409,"caption":"Fondation Pr\u00e9curseur Journ\u00e9e Mondiale Propri\u00e9t\u00e9 Intellectuelle"},{"@type":"BreadcrumbList","@id":"https:\/\/www.africa-press.net\/cotedivoire\/toutes-les-actualites\/fondation-precurseur-journee-mondiale-propriete-intellectuelle#breadcrumb","itemListElement":[{"@type":"ListItem","position":1,"name":"Accueil","item":"https:\/\/www.africa-press.net\/cotedivoire\/"},{"@type":"ListItem","position":2,"name":"Fondation Pr\u00e9curseur Journ\u00e9e Mondiale Propri\u00e9t\u00e9 Intellectuelle"}]},{"@type":"WebSite","@id":"https:\/\/www.africa-press.net\/cotedivoire\/#website","url":"https:\/\/www.africa-press.net\/cotedivoire\/","name":"C\u00f4te d&#039;Ivoire","description":"Just another Africa News Agency Sites site","potentialAction":[{"@type":"SearchAction","target":{"@type":"EntryPoint","urlTemplate":"https:\/\/www.africa-press.net\/cotedivoire\/?s={search_term_string}"},"query-input":{"@type":"PropertyValueSpecification","valueRequired":true,"valueName":"search_term_string"}}],"inLanguage":"fr-FR"},{"@type":"Person","@id":"https:\/\/www.africa-press.net\/cotedivoire\/#\/schema\/person\/2b1cf3cd81a31e3cd26889ca66d677f1","name":"cfeditorfr"}]}},"_links":{"self":[{"href":"https:\/\/www.africa-press.net\/cotedivoire\/wp-json\/wp\/v2\/posts\/115231","targetHints":{"allow":["GET"]}}],"collection":[{"href":"https:\/\/www.africa-press.net\/cotedivoire\/wp-json\/wp\/v2\/posts"}],"about":[{"href":"https:\/\/www.africa-press.net\/cotedivoire\/wp-json\/wp\/v2\/types\/post"}],"author":[{"embeddable":true,"href":"https:\/\/www.africa-press.net\/cotedivoire\/wp-json\/wp\/v2\/users\/82"}],"replies":[{"embeddable":true,"href":"https:\/\/www.africa-press.net\/cotedivoire\/wp-json\/wp\/v2\/comments?post=115231"}],"version-history":[{"count":1,"href":"https:\/\/www.africa-press.net\/cotedivoire\/wp-json\/wp\/v2\/posts\/115231\/revisions"}],"predecessor-version":[{"id":115234,"href":"https:\/\/www.africa-press.net\/cotedivoire\/wp-json\/wp\/v2\/posts\/115231\/revisions\/115234"}],"wp:featuredmedia":[{"embeddable":true,"href":"https:\/\/www.africa-press.net\/cotedivoire\/wp-json\/wp\/v2\/media\/115230"}],"wp:attachment":[{"href":"https:\/\/www.africa-press.net\/cotedivoire\/wp-json\/wp\/v2\/media?parent=115231"}],"wp:term":[{"taxonomy":"category","embeddable":true,"href":"https:\/\/www.africa-press.net\/cotedivoire\/wp-json\/wp\/v2\/categories?post=115231"},{"taxonomy":"post_tag","embeddable":true,"href":"https:\/\/www.africa-press.net\/cotedivoire\/wp-json\/wp\/v2\/tags?post=115231"}],"curies":[{"name":"wp","href":"https:\/\/api.w.org\/{rel}","templated":true}]}}