{"id":115236,"date":"2026-04-27T07:03:04","date_gmt":"2026-04-27T07:03:04","guid":{"rendered":"https:\/\/www.africa-press.net\/cotedivoire\/politique\/mobilisation-des-communautes-apres-racines-vivantes"},"modified":"2026-04-27T07:12:58","modified_gmt":"2026-04-27T07:12:58","slug":"mobilisation-des-communautes-apres-racines-vivantes","status":"publish","type":"post","link":"https:\/\/www.africa-press.net\/cotedivoire\/toutes-les-actualites\/mobilisation-des-communautes-apres-racines-vivantes","title":{"rendered":"Mobilisation des Communaut\u00e9s Apr\u00e8s Racines Vivantes"},"content":{"rendered":"<p><span style=\"color: #ff6600\"><strong>Africa-Press &#8211; C\u00f4te d&rsquo;Ivoire. <\/strong><\/span>Le ministre des Eaux et Fore\u0302ts, Assahore\u0301 Konan Jacques, s\u2019est rendu ce samedi 25 avril 2026 a\u0300 Tollakouadiokro, un quartier de Bouake\u0301, pour remercier la communaute\u0301 du Woroba et l\u2019ensemble des leaders de Gbe\u0302ke\u0302 apre\u0300s le succe\u0300s des journe\u0301es culturelles \u00ab Racines Vivantes \u00bb. Devant les populations re\u0301unies, le ministre a salue\u0301 \u00ab un civisme exemplaire \u00bb. \u00ab J\u2019ai tenu a\u0300 me rendre a\u0300 Tollakouadiokro pour saluer une population dont le civisme force l\u2019admiration. A\u0300 chaque rendez-vous e\u0301lectoral, les habitants de ce quartier de\u0301montrent un engagement citoyen remarquable \u00bb, a-t-il de\u0301clare\u0301.<\/p>\n<p>Pour Assahore\u0301 Konan Jacques, cette visite traduit \u00ab une reconnaissance since\u0300re pour leur fide\u0301lite\u0301 constante et leur contribution active a\u0300 la vitalite\u0301 de notre de\u0301mocratie locale \u00bb. Il a dit \u00ab Merci a\u0300 Tollakouadiokro pour cet exemple de maturite\u0301 politique ! \u00bb<\/p>\n<p>La communaute\u0301 du Woroba, venue en nombre de Bouake\u0301, avait marque\u0301 les esprits le dimanche 05 avril 2026 lors de la premie\u0300re e\u0301dition du Festival Racines Vivantes a\u0300 Botro. L\u2019e\u0301ve\u0301nement s\u2019e\u0301tait tenu en pre\u0301sence du Vice-Premier ministre Te\u0301ne\u0301 Birahima Ouattara.<\/p>\n<p>La visite ministe\u0301rielle s\u2019est prolonge\u0301e par une rencontre avec les chefs de communaute\u0301 de la re\u0301gion de Gbe\u0302ke\u0302, a\u0300 l\u2019initiative de Diomande\u0301 Ben, pre\u0301sident de l\u2019Union des chefs de communaute\u0301. Diomande\u0301 Ben a rappele\u0301 que les chefs traditionnels, fortement implique\u0301s a\u0300 Botro, n\u2019avaient pu remettre un pre\u0301sent au Vice-Premier ministre. \u00ab Aujourd\u2019hui, nous avons saisi cette occasion pour confier ce pre\u0301sent au ministre Assahore\u0301 afin qu\u2019il le transmette \u00bb, a-t-il indique\u0301. Un be\u0301lier blanc, symbole de paix, de respect et de reconnaissance, a ainsi e\u0301te\u0301 remis au natif de Bouke\u0301bo.<\/p>\n<p>\u00ab Chers parents, je suis ici ce matin pour vous dire merci pour votre grande mobilisation lors de la ce\u0301re\u0301monie Racines Vivantes a\u0300 Botro. Au nom du Vice-Premier ministre et en mon nom personnel, je vous exprime toute ma gratitude&#8230;\u00bb a affirme\u0301 Assahore\u0301 Konan Jacques. Le ministre a appele\u0301 a\u0300 multiplier ce type de rencontres pour consolider la cohe\u0301sion sociale. \u00ab Unis, nous irons loin et notre re\u0301gion se portera mieux. Il n\u2019y a pas de de\u0301veloppement sans paix, et pas de de\u0301veloppement sans entente \u00bb a-t-il fait savoir.<\/p>\n<p><strong>Pour plus d&rsquo;informations et d&rsquo;analyses sur la <span style=\"color: #ff6600\">C\u00f4te d&rsquo;Ivoire<\/span>, suivez <span style=\"color: #ff6600\">Africa-Press<\/span><\/strong><\/p>\n","protected":false},"excerpt":{"rendered":"<p>Africa-Press &#8211; C\u00f4te d&rsquo;Ivoire. Le ministre des Eaux et Fore\u0302ts, Assahore\u0301 Konan Jacques, s\u2019est rendu ce samedi 25 avril 2026 a\u0300 Tollakouadiokro, un quartier de Bouake\u0301, pour remercier la communaute\u0301 du Woroba et l\u2019ensemble des leaders de Gbe\u0302ke\u0302 apre\u0300s le succe\u0300s des journe\u0301es culturelles \u00ab Racines Vivantes \u00bb. Devant les populations re\u0301unies, le ministre a [&hellip;]<\/p>\n","protected":false},"author":82,"featured_media":115235,"comment_status":"open","ping_status":"closed","sticky":false,"template":"","format":"standard","meta":{"footnotes":""},"categories":[21,10],"tags":[366,29,20858,741,20551,16300,1267],"class_list":["post-115236","post","type-post","status-publish","format-standard","has-post-thumbnail","hentry","category-communaute","category-toutes-les-actualites","tag-bouake","tag-cote-divoire","tag-diomande-ben","tag-gbeke","tag-racines-vivantes","tag-tollakouadiokro","tag-woroba"],"yoast_head":"<!-- This site is optimized with the Yoast SEO Premium plugin v26.1 (Yoast SEO v27.0) - https:\/\/yoast.com\/product\/yoast-seo-premium-wordpress\/ -->\n<title>Mobilisation des Communaut\u00e9s Apr\u00e8s Racines Vivantes - C\u00f4te d&#039;Ivoire<\/title>\n<meta name=\"description\" content=\"Le ministre des Eaux et Fore\u0302ts, Assahore\u0301 Konan Jacques, s\u2019est rendu ce samedi 25 avril 2026 a\u0300 Tollakouadiokro, un qua ...\" \/>\n<meta name=\"robots\" content=\"index, follow, max-snippet:-1, max-image-preview:large, max-video-preview:-1\" \/>\n<link rel=\"canonical\" href=\"https:\/\/www.africa-press.net\/cotedivoire\/toutes-les-actualites\/mobilisation-des-communautes-apres-racines-vivantes\" \/>\n<meta property=\"og:locale\" content=\"fr_FR\" \/>\n<meta property=\"og:type\" content=\"article\" \/>\n<meta property=\"og:title\" content=\"Mobilisation des Communaut\u00e9s Apr\u00e8s Racines Vivantes\" \/>\n<meta property=\"og:description\" content=\"Le ministre des Eaux et Fore\u0302ts, Assahore\u0301 Konan Jacques, s\u2019est rendu ce samedi 25 avril 2026 a\u0300 Tollakouadiokro, un qua ...\" \/>\n<meta property=\"og:url\" content=\"https:\/\/www.africa-press.net\/cotedivoire\/toutes-les-actualites\/mobilisation-des-communautes-apres-racines-vivantes\" \/>\n<meta property=\"og:site_name\" content=\"C\u00f4te d&#039;Ivoire\" \/>\n<meta property=\"article:published_time\" content=\"2026-04-27T07:03:04+00:00\" \/>\n<meta property=\"article:modified_time\" content=\"2026-04-27T07:12:58+00:00\" \/>\n<meta property=\"og:image\" content=\"https:\/\/static.africa-press.net\/cote\/sites\/43\/2026\/04\/sm_1777261357.582372.jpg\" \/>\n\t<meta property=\"og:image:width\" content=\"720\" \/>\n\t<meta property=\"og:image:height\" content=\"480\" \/>\n\t<meta property=\"og:image:type\" content=\"image\/jpeg\" \/>\n<meta name=\"author\" content=\"cfeditorfr\" \/>\n<meta name=\"twitter:card\" content=\"summary_large_image\" \/>\n<meta name=\"twitter:label1\" content=\"\u00c9crit par\" \/>\n\t<meta name=\"twitter:data1\" content=\"cfeditorfr\" \/>\n\t<meta name=\"twitter:label2\" content=\"Dur\u00e9e de lecture estim\u00e9e\" \/>\n\t<meta name=\"twitter:data2\" content=\"2 minutes\" \/>\n<script type=\"application\/ld+json\" class=\"yoast-schema-graph\">{\"@context\":\"https:\/\/schema.org\",\"@graph\":[{\"@type\":\"Article\",\"@id\":\"https:\/\/www.africa-press.net\/cotedivoire\/toutes-les-actualites\/mobilisation-des-communautes-apres-racines-vivantes#article\",\"isPartOf\":{\"@id\":\"https:\/\/www.africa-press.net\/cotedivoire\/toutes-les-actualites\/mobilisation-des-communautes-apres-racines-vivantes\"},\"author\":{\"name\":\"cfeditorfr\",\"@id\":\"https:\/\/www.africa-press.net\/cotedivoire\/#\/schema\/person\/2b1cf3cd81a31e3cd26889ca66d677f1\"},\"headline\":\"Mobilisation des Communaut\u00e9s Apr\u00e8s Racines Vivantes\",\"datePublished\":\"2026-04-27T07:03:04+00:00\",\"dateModified\":\"2026-04-27T07:12:58+00:00\",\"mainEntityOfPage\":{\"@id\":\"https:\/\/www.africa-press.net\/cotedivoire\/toutes-les-actualites\/mobilisation-des-communautes-apres-racines-vivantes\"},\"wordCount\":410,\"commentCount\":0,\"image\":{\"@id\":\"https:\/\/www.africa-press.net\/cotedivoire\/toutes-les-actualites\/mobilisation-des-communautes-apres-racines-vivantes#primaryimage\"},\"thumbnailUrl\":\"https:\/\/static.africa-press.net\/cote\/sites\/43\/2026\/04\/sm_1777261357.582372.jpg\",\"keywords\":[\"Bouak\u00e9\",\"C\u00d4TE D'IVOIRE\",\"Diomand\u00e9 Ben\",\"Gb\u00eak\u00ea\",\"Racines Vivantes\",\"Tollakouadiokro\",\"Woroba\"],\"articleSection\":[\"Communaut\u00e9\",\"Toutes les actualit\u00e9s\"],\"inLanguage\":\"fr-FR\",\"potentialAction\":[{\"@type\":\"CommentAction\",\"name\":\"Comment\",\"target\":[\"https:\/\/www.africa-press.net\/cotedivoire\/toutes-les-actualites\/mobilisation-des-communautes-apres-racines-vivantes#respond\"]}]},{\"@type\":\"WebPage\",\"@id\":\"https:\/\/www.africa-press.net\/cotedivoire\/toutes-les-actualites\/mobilisation-des-communautes-apres-racines-vivantes\",\"url\":\"https:\/\/www.africa-press.net\/cotedivoire\/toutes-les-actualites\/mobilisation-des-communautes-apres-racines-vivantes\",\"name\":\"Mobilisation des Communaut\u00e9s Apr\u00e8s Racines Vivantes - C\u00f4te d&#039;Ivoire\",\"isPartOf\":{\"@id\":\"https:\/\/www.africa-press.net\/cotedivoire\/#website\"},\"primaryImageOfPage\":{\"@id\":\"https:\/\/www.africa-press.net\/cotedivoire\/toutes-les-actualites\/mobilisation-des-communautes-apres-racines-vivantes#primaryimage\"},\"image\":{\"@id\":\"https:\/\/www.africa-press.net\/cotedivoire\/toutes-les-actualites\/mobilisation-des-communautes-apres-racines-vivantes#primaryimage\"},\"thumbnailUrl\":\"https:\/\/static.africa-press.net\/cote\/sites\/43\/2026\/04\/sm_1777261357.582372.jpg\",\"datePublished\":\"2026-04-27T07:03:04+00:00\",\"dateModified\":\"2026-04-27T07:12:58+00:00\",\"author\":{\"@id\":\"https:\/\/www.africa-press.net\/cotedivoire\/#\/schema\/person\/2b1cf3cd81a31e3cd26889ca66d677f1\"},\"description\":\"Le ministre des Eaux et Fore\u0302ts, Assahore\u0301 Konan Jacques, s\u2019est rendu ce samedi 25 avril 2026 a\u0300 Tollakouadiokro, un qua ...\",\"breadcrumb\":{\"@id\":\"https:\/\/www.africa-press.net\/cotedivoire\/toutes-les-actualites\/mobilisation-des-communautes-apres-racines-vivantes#breadcrumb\"},\"inLanguage\":\"fr-FR\",\"potentialAction\":[{\"@type\":\"ReadAction\",\"target\":[\"https:\/\/www.africa-press.net\/cotedivoire\/toutes-les-actualites\/mobilisation-des-communautes-apres-racines-vivantes\"]}]},{\"@type\":\"ImageObject\",\"inLanguage\":\"fr-FR\",\"@id\":\"https:\/\/www.africa-press.net\/cotedivoire\/toutes-les-actualites\/mobilisation-des-communautes-apres-racines-vivantes#primaryimage\",\"url\":\"https:\/\/static.africa-press.net\/cote\/sites\/43\/2026\/04\/sm_1777261357.582372.jpg\",\"contentUrl\":\"https:\/\/static.africa-press.net\/cote\/sites\/43\/2026\/04\/sm_1777261357.582372.jpg\",\"width\":720,\"height\":480,\"caption\":\"Mobilisation des Communaut\u00e9s Apr\u00e8s Racines Vivantes\"},{\"@type\":\"BreadcrumbList\",\"@id\":\"https:\/\/www.africa-press.net\/cotedivoire\/toutes-les-actualites\/mobilisation-des-communautes-apres-racines-vivantes#breadcrumb\",\"itemListElement\":[{\"@type\":\"ListItem\",\"position\":1,\"name\":\"Accueil\",\"item\":\"https:\/\/www.africa-press.net\/cotedivoire\/\"},{\"@type\":\"ListItem\",\"position\":2,\"name\":\"Mobilisation des Communaut\u00e9s Apr\u00e8s Racines Vivantes\"}]},{\"@type\":\"WebSite\",\"@id\":\"https:\/\/www.africa-press.net\/cotedivoire\/#website\",\"url\":\"https:\/\/www.africa-press.net\/cotedivoire\/\",\"name\":\"C\u00f4te d&#039;Ivoire\",\"description\":\"Just another Africa News Agency Sites site\",\"potentialAction\":[{\"@type\":\"SearchAction\",\"target\":{\"@type\":\"EntryPoint\",\"urlTemplate\":\"https:\/\/www.africa-press.net\/cotedivoire\/?s={search_term_string}\"},\"query-input\":{\"@type\":\"PropertyValueSpecification\",\"valueRequired\":true,\"valueName\":\"search_term_string\"}}],\"inLanguage\":\"fr-FR\"},{\"@type\":\"Person\",\"@id\":\"https:\/\/www.africa-press.net\/cotedivoire\/#\/schema\/person\/2b1cf3cd81a31e3cd26889ca66d677f1\",\"name\":\"cfeditorfr\"}]}<\/script>\n<!-- \/ Yoast SEO Premium plugin. -->","yoast_head_json":{"title":"Mobilisation des Communaut\u00e9s Apr\u00e8s Racines Vivantes - C\u00f4te d&#039;Ivoire","description":"Le ministre des Eaux et Fore\u0302ts, Assahore\u0301 Konan Jacques, s\u2019est rendu ce samedi 25 avril 2026 a\u0300 Tollakouadiokro, un qua ...","robots":{"index":"index","follow":"follow","max-snippet":"max-snippet:-1","max-image-preview":"max-image-preview:large","max-video-preview":"max-video-preview:-1"},"canonical":"https:\/\/www.africa-press.net\/cotedivoire\/toutes-les-actualites\/mobilisation-des-communautes-apres-racines-vivantes","og_locale":"fr_FR","og_type":"article","og_title":"Mobilisation des Communaut\u00e9s Apr\u00e8s Racines Vivantes","og_description":"Le ministre des Eaux et Fore\u0302ts, Assahore\u0301 Konan Jacques, s\u2019est rendu ce samedi 25 avril 2026 a\u0300 Tollakouadiokro, un qua ...","og_url":"https:\/\/www.africa-press.net\/cotedivoire\/toutes-les-actualites\/mobilisation-des-communautes-apres-racines-vivantes","og_site_name":"C\u00f4te d&#039;Ivoire","article_published_time":"2026-04-27T07:03:04+00:00","article_modified_time":"2026-04-27T07:12:58+00:00","og_image":[{"width":720,"height":480,"url":"https:\/\/static.africa-press.net\/cote\/sites\/43\/2026\/04\/sm_1777261357.582372.jpg","type":"image\/jpeg"}],"author":"cfeditorfr","twitter_card":"summary_large_image","twitter_misc":{"\u00c9crit par":"cfeditorfr","Dur\u00e9e de lecture estim\u00e9e":"2 minutes"},"schema":{"@context":"https:\/\/schema.org","@graph":[{"@type":"Article","@id":"https:\/\/www.africa-press.net\/cotedivoire\/toutes-les-actualites\/mobilisation-des-communautes-apres-racines-vivantes#article","isPartOf":{"@id":"https:\/\/www.africa-press.net\/cotedivoire\/toutes-les-actualites\/mobilisation-des-communautes-apres-racines-vivantes"},"author":{"name":"cfeditorfr","@id":"https:\/\/www.africa-press.net\/cotedivoire\/#\/schema\/person\/2b1cf3cd81a31e3cd26889ca66d677f1"},"headline":"Mobilisation des Communaut\u00e9s Apr\u00e8s Racines Vivantes","datePublished":"2026-04-27T07:03:04+00:00","dateModified":"2026-04-27T07:12:58+00:00","mainEntityOfPage":{"@id":"https:\/\/www.africa-press.net\/cotedivoire\/toutes-les-actualites\/mobilisation-des-communautes-apres-racines-vivantes"},"wordCount":410,"commentCount":0,"image":{"@id":"https:\/\/www.africa-press.net\/cotedivoire\/toutes-les-actualites\/mobilisation-des-communautes-apres-racines-vivantes#primaryimage"},"thumbnailUrl":"https:\/\/static.africa-press.net\/cote\/sites\/43\/2026\/04\/sm_1777261357.582372.jpg","keywords":["Bouak\u00e9","C\u00d4TE D'IVOIRE","Diomand\u00e9 Ben","Gb\u00eak\u00ea","Racines Vivantes","Tollakouadiokro","Woroba"],"articleSection":["Communaut\u00e9","Toutes les actualit\u00e9s"],"inLanguage":"fr-FR","potentialAction":[{"@type":"CommentAction","name":"Comment","target":["https:\/\/www.africa-press.net\/cotedivoire\/toutes-les-actualites\/mobilisation-des-communautes-apres-racines-vivantes#respond"]}]},{"@type":"WebPage","@id":"https:\/\/www.africa-press.net\/cotedivoire\/toutes-les-actualites\/mobilisation-des-communautes-apres-racines-vivantes","url":"https:\/\/www.africa-press.net\/cotedivoire\/toutes-les-actualites\/mobilisation-des-communautes-apres-racines-vivantes","name":"Mobilisation des Communaut\u00e9s Apr\u00e8s Racines Vivantes - C\u00f4te d&#039;Ivoire","isPartOf":{"@id":"https:\/\/www.africa-press.net\/cotedivoire\/#website"},"primaryImageOfPage":{"@id":"https:\/\/www.africa-press.net\/cotedivoire\/toutes-les-actualites\/mobilisation-des-communautes-apres-racines-vivantes#primaryimage"},"image":{"@id":"https:\/\/www.africa-press.net\/cotedivoire\/toutes-les-actualites\/mobilisation-des-communautes-apres-racines-vivantes#primaryimage"},"thumbnailUrl":"https:\/\/static.africa-press.net\/cote\/sites\/43\/2026\/04\/sm_1777261357.582372.jpg","datePublished":"2026-04-27T07:03:04+00:00","dateModified":"2026-04-27T07:12:58+00:00","author":{"@id":"https:\/\/www.africa-press.net\/cotedivoire\/#\/schema\/person\/2b1cf3cd81a31e3cd26889ca66d677f1"},"description":"Le ministre des Eaux et Fore\u0302ts, Assahore\u0301 Konan Jacques, s\u2019est rendu ce samedi 25 avril 2026 a\u0300 Tollakouadiokro, un qua ...","breadcrumb":{"@id":"https:\/\/www.africa-press.net\/cotedivoire\/toutes-les-actualites\/mobilisation-des-communautes-apres-racines-vivantes#breadcrumb"},"inLanguage":"fr-FR","potentialAction":[{"@type":"ReadAction","target":["https:\/\/www.africa-press.net\/cotedivoire\/toutes-les-actualites\/mobilisation-des-communautes-apres-racines-vivantes"]}]},{"@type":"ImageObject","inLanguage":"fr-FR","@id":"https:\/\/www.africa-press.net\/cotedivoire\/toutes-les-actualites\/mobilisation-des-communautes-apres-racines-vivantes#primaryimage","url":"https:\/\/static.africa-press.net\/cote\/sites\/43\/2026\/04\/sm_1777261357.582372.jpg","contentUrl":"https:\/\/static.africa-press.net\/cote\/sites\/43\/2026\/04\/sm_1777261357.582372.jpg","width":720,"height":480,"caption":"Mobilisation des Communaut\u00e9s Apr\u00e8s Racines Vivantes"},{"@type":"BreadcrumbList","@id":"https:\/\/www.africa-press.net\/cotedivoire\/toutes-les-actualites\/mobilisation-des-communautes-apres-racines-vivantes#breadcrumb","itemListElement":[{"@type":"ListItem","position":1,"name":"Accueil","item":"https:\/\/www.africa-press.net\/cotedivoire\/"},{"@type":"ListItem","position":2,"name":"Mobilisation des Communaut\u00e9s Apr\u00e8s Racines Vivantes"}]},{"@type":"WebSite","@id":"https:\/\/www.africa-press.net\/cotedivoire\/#website","url":"https:\/\/www.africa-press.net\/cotedivoire\/","name":"C\u00f4te d&#039;Ivoire","description":"Just another Africa News Agency Sites site","potentialAction":[{"@type":"SearchAction","target":{"@type":"EntryPoint","urlTemplate":"https:\/\/www.africa-press.net\/cotedivoire\/?s={search_term_string}"},"query-input":{"@type":"PropertyValueSpecification","valueRequired":true,"valueName":"search_term_string"}}],"inLanguage":"fr-FR"},{"@type":"Person","@id":"https:\/\/www.africa-press.net\/cotedivoire\/#\/schema\/person\/2b1cf3cd81a31e3cd26889ca66d677f1","name":"cfeditorfr"}]}},"_links":{"self":[{"href":"https:\/\/www.africa-press.net\/cotedivoire\/wp-json\/wp\/v2\/posts\/115236","targetHints":{"allow":["GET"]}}],"collection":[{"href":"https:\/\/www.africa-press.net\/cotedivoire\/wp-json\/wp\/v2\/posts"}],"about":[{"href":"https:\/\/www.africa-press.net\/cotedivoire\/wp-json\/wp\/v2\/types\/post"}],"author":[{"embeddable":true,"href":"https:\/\/www.africa-press.net\/cotedivoire\/wp-json\/wp\/v2\/users\/82"}],"replies":[{"embeddable":true,"href":"https:\/\/www.africa-press.net\/cotedivoire\/wp-json\/wp\/v2\/comments?post=115236"}],"version-history":[{"count":1,"href":"https:\/\/www.africa-press.net\/cotedivoire\/wp-json\/wp\/v2\/posts\/115236\/revisions"}],"predecessor-version":[{"id":115238,"href":"https:\/\/www.africa-press.net\/cotedivoire\/wp-json\/wp\/v2\/posts\/115236\/revisions\/115238"}],"wp:featuredmedia":[{"embeddable":true,"href":"https:\/\/www.africa-press.net\/cotedivoire\/wp-json\/wp\/v2\/media\/115235"}],"wp:attachment":[{"href":"https:\/\/www.africa-press.net\/cotedivoire\/wp-json\/wp\/v2\/media?parent=115236"}],"wp:term":[{"taxonomy":"category","embeddable":true,"href":"https:\/\/www.africa-press.net\/cotedivoire\/wp-json\/wp\/v2\/categories?post=115236"},{"taxonomy":"post_tag","embeddable":true,"href":"https:\/\/www.africa-press.net\/cotedivoire\/wp-json\/wp\/v2\/tags?post=115236"}],"curies":[{"name":"wp","href":"https:\/\/api.w.org\/{rel}","templated":true}]}}