{"id":115240,"date":"2026-04-27T12:06:22","date_gmt":"2026-04-27T12:06:22","guid":{"rendered":"https:\/\/www.africa-press.net\/cotedivoire\/politique\/dominique-ouattara-salue-lengagement-du-rotary-international"},"modified":"2026-04-27T13:16:13","modified_gmt":"2026-04-27T13:16:13","slug":"dominique-ouattara-salue-lengagement-du-rotary-international","status":"publish","type":"post","link":"https:\/\/www.africa-press.net\/cotedivoire\/politique\/dominique-ouattara-salue-lengagement-du-rotary-international","title":{"rendered":"Dominique Ouattara Salue L&rsquo;Engagement Du Rotary International"},"content":{"rendered":"<p><span style=\"color: #ff6600\"><strong>Africa-Press &#8211; C\u00f4te d&rsquo;Ivoire. <\/strong><\/span>La Premie\u0300re Dame, Madame Dominique Ouattara, a pre\u0301side\u0301 ce vendredi 24 avril 2026, au Sofitel Abidjan Ho\u0302tel Ivoire, la 13e Confe\u0301rence du District 9101 du Rotary International consacre\u0301e a\u0300 la paix.<\/p>\n<p>Cette rencontre d\u2019envergure a re\u0301uni plus de 1 300 rotariens venus de dix pays d\u2019Afrique et d\u2019Europe, autour du the\u0300me: \u00ab Briser les barrie\u0300res, construire la paix \u00bb.<\/p>\n<p>La ce\u0301re\u0301monie a e\u0301galement enregistre\u0301 la pre\u0301sence de nombreuses personnalite\u0301s, notamment des membres du Gouvernement, des repre\u0301sentants du Rotary International ainsi que des de\u0301le\u0301gations e\u0301trange\u0300res.<\/p>\n<p>La Paix par l\u2019action concre\u0300te<\/p>\n<p>Dans son allocution, revenant sur le the\u0300me central de la confe\u0301rence, la Premie\u0300re Dame a insiste\u0301 sur le fait que la paix ne se de\u0301cre\u0300te pas, mais se construit a\u0300 travers des actions concre\u0300tes, des partenariats since\u0300res et un engagement constant des acteurs sociaux. Elle a ainsi salue\u0301 le ro\u0302le du Rotary International, dont les valeurs de solidarite\u0301, de service et de responsabilite\u0301 sociale rejoignent pleinement celles qu\u2019elle de\u0301fend a\u0300 travers ses actions. \u00ab Le the\u0300me de la paix et de l\u2019entente entre les peuples, qui est au c\u0153ur des travaux de cette assemble\u0301e, est de la plus haute importance. La paix ne se de\u0301cre\u0300te pas&#8230;Elle se construit patiemment, a\u0300 travers des actes concrets, des partenariats since\u0300res et des ponts ba\u0302tis au-dela\u0300 des frontie\u0300res entre les communaute\u0301s. C\u2019est pre\u0301cise\u0301ment l\u2019objet de ces rencontres et j\u2019e\u0301mets le v\u0153u que vos re\u0301flexions aboutissent a\u0300 des re\u0301sultats be\u0301ne\u0301fiques pour tous \u00bb, a de\u0301clare\u0301 Madame Dominique Ouattara.<\/p>\n<p>A\u0300 cet e\u0301gard, elle a mis en lumie\u0300re les initiatives de la Fondation Children of Africa, qu\u2019elle dirige depuis pre\u0300s de trois de\u0301cennies, en faveur des enfants et des femmes vulne\u0301rables, notamment dans les domaines de la sante\u0301, de l\u2019e\u0301ducation et du social. \u00ab En ce qui me concerne, depuis pre\u0300s de vingt-huit ans, la Fondation Children of Africa \u0153uvre sans rela\u0302che pour offrir aux enfants les plus vulne\u0301rables, et a\u0300 leurs mamans, ce a\u0300 quoi chaque individu a\u0300 droit en matie\u0300re de soins de sante\u0301, d\u2019e\u0301ducation et de conditions sociales d\u2019e\u0301panouissement. \u00bb, a souligne\u0301 la Premie\u0300re Dame, Madame Dominique Ouattara. Profitant de l\u2019occasion, elle a e\u0301galement rappele\u0301 le soutien significatif apporte\u0301 par le Rotary a\u0300 l\u2019Ho\u0302pital Me\u0300re-Enfant de Bingerville, a\u0300 travers un don de me\u0301dicaments, de vivres et d\u2019e\u0301quipements, ainsi qu\u2019un appui financier ayant permis de renforcer la prise en charge de pathologies lourdes, notamment le cancer pe\u0301diatrique.<\/p>\n<p>\u00ab Cet acte de ge\u0301ne\u0301rosite\u0301 a apporte\u0301 un soulagement pre\u0301cieux aux familles les plus fragilise\u0301es. Il s\u2019agit d\u2019un acte de ge\u0301ne\u0301rosite\u0301 profonde\u0301ment humain, qui illustre a\u0300 merveille ce que le Rotary sait faire de mieux, c\u2019est-a\u0300-dire: ame\u0301liorer les conditions de vie des populations vulne\u0301rables.\u00bb, a-t-elle souligne\u0301, saluant un engagement profonde\u0301ment humain et porteur d\u2019espoir.<\/p>\n<p>Enfin, la Premie\u0300re Dame a fe\u0301licite\u0301 l\u2019ensemble des rotariens pour le succe\u0300s de cette confe\u0301rence et les a encourage\u0301s a\u0300 poursuivre leurs actions en faveur des plus de\u0301munis. Elle a e\u0301mis le v\u0153u que cette rencontre permette de renforcer les engagements et d\u2019inspirer des initiatives durables au service de la paix et du bien-e\u0302tre des populations.<\/p>\n<p>Une avance\u0301e historique pour l&rsquo;Afrique<\/p>\n<p>Dans le me\u0302me e\u0301lan, Monsieur Alain Van de Poel, Vice-Pre\u0301sident mondial du Rotary International, a salue\u0301 une avance\u0301e majeure pour le continent africain. Il a en effet annonce\u0301 une de\u0301cision historique du Rotary, portant la repre\u0301sentation de l\u2019Afrique d\u2019une a\u0300 deux zones, garantissant ainsi une pre\u0301sence permanente au Conseil d\u2019administration de l\u2019organisation. Une e\u0301volution qu\u2019il a qualifie\u0301e de de\u0301terminante pour renforcer le poids strate\u0301gique de l\u2019Afrique au sein du Rotary.<\/p>\n<p>Insistant sur la porte\u0301e de l\u2019action rotarienne, Monsieur Alain Van de Poel a rappele\u0301 que le Rotary International compte pre\u0300s de 1,2 million de membres a\u0300 travers le monde, unis autour d\u2019une devise forte: \u00ab Servir d\u2019abord \u00bb. Il a souligne\u0301 que cette organisation, bien que non partisane, demeure profonde\u0301ment engage\u0301e dans le service a\u0300 la communaute\u0301 et la gestion des enjeux socie\u0301taux.<\/p>\n<p>Dans un message mobilisateur, Alain Van de Poel a exhorte\u0301 les rotariens a\u0300 rester fide\u0300les a\u0300 leurs valeurs face aux replis individualistes, rappelant que \u00ab le monde a encore besoin du Rotary \u00bb.<\/p>\n<p>Une vision ambitieuse pour le District 9101<\/p>\n<p>Prenant la parole a\u0300 son tour, le Gouverneur du District 9101, Monsieur Abou-Bakar Ouattara, a salue\u0301 la forte mobilisation des participants, avec pre\u0300s de 1 300 personnes re\u0301unies pour cette confe\u0301rence, symbole de la confiance accorde\u0301e au Rotary et a\u0300 ses actions.<\/p>\n<p>Revenant sur son mandat, il a mis en avant une vision porte\u0301e par un mot d\u2019ordre fort: \u00ab oser re\u0302ver grand \u00bb, articule\u0301e autour de quatre priorite\u0301s majeures: le renforcement de l\u2019image du Rotary, le de\u0301veloppement du leadership et des actions a\u0300 fort impact, la contribution accrue a\u0300 la Fondation Rotary et l\u2019augmentation des effectifs des clubs.<\/p>\n<p>Notons qu\u2019un panel de haut niveau a e\u0301te\u0301 anime\u0301 par Monsieur Te\u0301ne\u0301 Birahima Ouattara, Vice-Premier Ministre et Ministre de la De\u0301fense et Monsieur Alain Van De Poel, Vice-Pre\u0301sident Mondial du Rotary International sur le the\u0300me: \u00ab Le Rotary International: Briser les barrie\u0300res, construire la paix \u00bb.<\/p>\n<p><strong>Pour plus d&rsquo;informations et d&rsquo;analyses sur la <span style=\"color: #ff6600\">C\u00f4te d&rsquo;Ivoire<\/span>, suivez <span style=\"color: #ff6600\">Africa-Press<\/span><\/strong><\/p>\n","protected":false},"excerpt":{"rendered":"<p>Africa-Press &#8211; C\u00f4te d&rsquo;Ivoire. La Premie\u0300re Dame, Madame Dominique Ouattara, a pre\u0301side\u0301 ce vendredi 24 avril 2026, au Sofitel Abidjan Ho\u0302tel Ivoire, la 13e Confe\u0301rence du District 9101 du Rotary International consacre\u0301e a\u0300 la paix. Cette rencontre d\u2019envergure a re\u0301uni plus de 1 300 rotariens venus de dix pays d\u2019Afrique et d\u2019Europe, autour du the\u0300me: [&hellip;]<\/p>\n","protected":false},"author":82,"featured_media":115239,"comment_status":"open","ping_status":"closed","sticky":false,"template":"","format":"standard","meta":{"footnotes":""},"categories":[2,10],"tags":[29,5507],"class_list":["post-115240","post","type-post","status-publish","format-standard","has-post-thumbnail","hentry","category-politique","category-toutes-les-actualites","tag-cote-divoire","tag-premiere-dame-ci"],"yoast_head":"<!-- This site is optimized with the Yoast SEO Premium plugin v26.1 (Yoast SEO v27.0) - https:\/\/yoast.com\/product\/yoast-seo-premium-wordpress\/ -->\n<title>Dominique Ouattara Salue L&#039;Engagement Du Rotary International - C\u00f4te d&#039;Ivoire<\/title>\n<meta name=\"description\" content=\"La Premie\u0300re Dame, Madame Dominique Ouattara, a pre\u0301side\u0301 ce vendredi 24 avril 2026, au Sofitel Abidjan Ho\u0302tel Ivoire, l ...\" \/>\n<meta name=\"robots\" content=\"index, follow, max-snippet:-1, max-image-preview:large, max-video-preview:-1\" \/>\n<link rel=\"canonical\" href=\"https:\/\/www.africa-press.net\/cotedivoire\/politique\/dominique-ouattara-salue-lengagement-du-rotary-international\" \/>\n<meta property=\"og:locale\" content=\"fr_FR\" \/>\n<meta property=\"og:type\" content=\"article\" \/>\n<meta property=\"og:title\" content=\"Dominique Ouattara Salue L&#039;Engagement Du Rotary International\" \/>\n<meta property=\"og:description\" content=\"La Premie\u0300re Dame, Madame Dominique Ouattara, a pre\u0301side\u0301 ce vendredi 24 avril 2026, au Sofitel Abidjan Ho\u0302tel Ivoire, l ...\" \/>\n<meta property=\"og:url\" content=\"https:\/\/www.africa-press.net\/cotedivoire\/politique\/dominique-ouattara-salue-lengagement-du-rotary-international\" \/>\n<meta property=\"og:site_name\" content=\"C\u00f4te d&#039;Ivoire\" \/>\n<meta property=\"article:published_time\" content=\"2026-04-27T12:06:22+00:00\" \/>\n<meta property=\"article:modified_time\" content=\"2026-04-27T13:16:13+00:00\" \/>\n<meta property=\"og:image\" content=\"https:\/\/static.africa-press.net\/cote\/sites\/43\/2026\/04\/sm_1777282796.572357.jpg\" \/>\n\t<meta property=\"og:image:width\" content=\"720\" \/>\n\t<meta property=\"og:image:height\" content=\"480\" \/>\n\t<meta property=\"og:image:type\" content=\"image\/jpeg\" \/>\n<meta name=\"author\" content=\"cfeditorfr\" \/>\n<meta name=\"twitter:card\" content=\"summary_large_image\" \/>\n<meta name=\"twitter:label1\" content=\"\u00c9crit par\" \/>\n\t<meta name=\"twitter:data1\" content=\"cfeditorfr\" \/>\n\t<meta name=\"twitter:label2\" content=\"Dur\u00e9e de lecture estim\u00e9e\" \/>\n\t<meta name=\"twitter:data2\" content=\"5 minutes\" \/>\n<script type=\"application\/ld+json\" class=\"yoast-schema-graph\">{\"@context\":\"https:\/\/schema.org\",\"@graph\":[{\"@type\":\"Article\",\"@id\":\"https:\/\/www.africa-press.net\/cotedivoire\/politique\/dominique-ouattara-salue-lengagement-du-rotary-international#article\",\"isPartOf\":{\"@id\":\"https:\/\/www.africa-press.net\/cotedivoire\/politique\/dominique-ouattara-salue-lengagement-du-rotary-international\"},\"author\":{\"name\":\"cfeditorfr\",\"@id\":\"https:\/\/www.africa-press.net\/cotedivoire\/#\/schema\/person\/2b1cf3cd81a31e3cd26889ca66d677f1\"},\"headline\":\"Dominique Ouattara Salue L&rsquo;Engagement Du Rotary International\",\"datePublished\":\"2026-04-27T12:06:22+00:00\",\"dateModified\":\"2026-04-27T13:16:13+00:00\",\"mainEntityOfPage\":{\"@id\":\"https:\/\/www.africa-press.net\/cotedivoire\/politique\/dominique-ouattara-salue-lengagement-du-rotary-international\"},\"wordCount\":984,\"commentCount\":0,\"image\":{\"@id\":\"https:\/\/www.africa-press.net\/cotedivoire\/politique\/dominique-ouattara-salue-lengagement-du-rotary-international#primaryimage\"},\"thumbnailUrl\":\"https:\/\/static.africa-press.net\/cote\/sites\/43\/2026\/04\/sm_1777282796.572357.jpg\",\"keywords\":[\"C\u00d4TE D'IVOIRE\",\"PREMIERE DAME CI\"],\"articleSection\":[\"Politique\",\"Toutes les actualit\u00e9s\"],\"inLanguage\":\"fr-FR\",\"potentialAction\":[{\"@type\":\"CommentAction\",\"name\":\"Comment\",\"target\":[\"https:\/\/www.africa-press.net\/cotedivoire\/politique\/dominique-ouattara-salue-lengagement-du-rotary-international#respond\"]}]},{\"@type\":\"WebPage\",\"@id\":\"https:\/\/www.africa-press.net\/cotedivoire\/politique\/dominique-ouattara-salue-lengagement-du-rotary-international\",\"url\":\"https:\/\/www.africa-press.net\/cotedivoire\/politique\/dominique-ouattara-salue-lengagement-du-rotary-international\",\"name\":\"Dominique Ouattara Salue L'Engagement Du Rotary International - C\u00f4te d&#039;Ivoire\",\"isPartOf\":{\"@id\":\"https:\/\/www.africa-press.net\/cotedivoire\/#website\"},\"primaryImageOfPage\":{\"@id\":\"https:\/\/www.africa-press.net\/cotedivoire\/politique\/dominique-ouattara-salue-lengagement-du-rotary-international#primaryimage\"},\"image\":{\"@id\":\"https:\/\/www.africa-press.net\/cotedivoire\/politique\/dominique-ouattara-salue-lengagement-du-rotary-international#primaryimage\"},\"thumbnailUrl\":\"https:\/\/static.africa-press.net\/cote\/sites\/43\/2026\/04\/sm_1777282796.572357.jpg\",\"datePublished\":\"2026-04-27T12:06:22+00:00\",\"dateModified\":\"2026-04-27T13:16:13+00:00\",\"author\":{\"@id\":\"https:\/\/www.africa-press.net\/cotedivoire\/#\/schema\/person\/2b1cf3cd81a31e3cd26889ca66d677f1\"},\"description\":\"La Premie\u0300re Dame, Madame Dominique Ouattara, a pre\u0301side\u0301 ce vendredi 24 avril 2026, au Sofitel Abidjan Ho\u0302tel Ivoire, l ...\",\"breadcrumb\":{\"@id\":\"https:\/\/www.africa-press.net\/cotedivoire\/politique\/dominique-ouattara-salue-lengagement-du-rotary-international#breadcrumb\"},\"inLanguage\":\"fr-FR\",\"potentialAction\":[{\"@type\":\"ReadAction\",\"target\":[\"https:\/\/www.africa-press.net\/cotedivoire\/politique\/dominique-ouattara-salue-lengagement-du-rotary-international\"]}]},{\"@type\":\"ImageObject\",\"inLanguage\":\"fr-FR\",\"@id\":\"https:\/\/www.africa-press.net\/cotedivoire\/politique\/dominique-ouattara-salue-lengagement-du-rotary-international#primaryimage\",\"url\":\"https:\/\/static.africa-press.net\/cote\/sites\/43\/2026\/04\/sm_1777282796.572357.jpg\",\"contentUrl\":\"https:\/\/static.africa-press.net\/cote\/sites\/43\/2026\/04\/sm_1777282796.572357.jpg\",\"width\":720,\"height\":480,\"caption\":\"Dominique Ouattara Salue L'Engagement Du Rotary International\"},{\"@type\":\"BreadcrumbList\",\"@id\":\"https:\/\/www.africa-press.net\/cotedivoire\/politique\/dominique-ouattara-salue-lengagement-du-rotary-international#breadcrumb\",\"itemListElement\":[{\"@type\":\"ListItem\",\"position\":1,\"name\":\"Accueil\",\"item\":\"https:\/\/www.africa-press.net\/cotedivoire\/\"},{\"@type\":\"ListItem\",\"position\":2,\"name\":\"Dominique Ouattara Salue L&#8217;Engagement Du Rotary International\"}]},{\"@type\":\"WebSite\",\"@id\":\"https:\/\/www.africa-press.net\/cotedivoire\/#website\",\"url\":\"https:\/\/www.africa-press.net\/cotedivoire\/\",\"name\":\"C\u00f4te d&#039;Ivoire\",\"description\":\"Just another Africa News Agency Sites site\",\"potentialAction\":[{\"@type\":\"SearchAction\",\"target\":{\"@type\":\"EntryPoint\",\"urlTemplate\":\"https:\/\/www.africa-press.net\/cotedivoire\/?s={search_term_string}\"},\"query-input\":{\"@type\":\"PropertyValueSpecification\",\"valueRequired\":true,\"valueName\":\"search_term_string\"}}],\"inLanguage\":\"fr-FR\"},{\"@type\":\"Person\",\"@id\":\"https:\/\/www.africa-press.net\/cotedivoire\/#\/schema\/person\/2b1cf3cd81a31e3cd26889ca66d677f1\",\"name\":\"cfeditorfr\"}]}<\/script>\n<!-- \/ Yoast SEO Premium plugin. -->","yoast_head_json":{"title":"Dominique Ouattara Salue L'Engagement Du Rotary International - C\u00f4te d&#039;Ivoire","description":"La Premie\u0300re Dame, Madame Dominique Ouattara, a pre\u0301side\u0301 ce vendredi 24 avril 2026, au Sofitel Abidjan Ho\u0302tel Ivoire, l ...","robots":{"index":"index","follow":"follow","max-snippet":"max-snippet:-1","max-image-preview":"max-image-preview:large","max-video-preview":"max-video-preview:-1"},"canonical":"https:\/\/www.africa-press.net\/cotedivoire\/politique\/dominique-ouattara-salue-lengagement-du-rotary-international","og_locale":"fr_FR","og_type":"article","og_title":"Dominique Ouattara Salue L'Engagement Du Rotary International","og_description":"La Premie\u0300re Dame, Madame Dominique Ouattara, a pre\u0301side\u0301 ce vendredi 24 avril 2026, au Sofitel Abidjan Ho\u0302tel Ivoire, l ...","og_url":"https:\/\/www.africa-press.net\/cotedivoire\/politique\/dominique-ouattara-salue-lengagement-du-rotary-international","og_site_name":"C\u00f4te d&#039;Ivoire","article_published_time":"2026-04-27T12:06:22+00:00","article_modified_time":"2026-04-27T13:16:13+00:00","og_image":[{"width":720,"height":480,"url":"https:\/\/static.africa-press.net\/cote\/sites\/43\/2026\/04\/sm_1777282796.572357.jpg","type":"image\/jpeg"}],"author":"cfeditorfr","twitter_card":"summary_large_image","twitter_misc":{"\u00c9crit par":"cfeditorfr","Dur\u00e9e de lecture estim\u00e9e":"5 minutes"},"schema":{"@context":"https:\/\/schema.org","@graph":[{"@type":"Article","@id":"https:\/\/www.africa-press.net\/cotedivoire\/politique\/dominique-ouattara-salue-lengagement-du-rotary-international#article","isPartOf":{"@id":"https:\/\/www.africa-press.net\/cotedivoire\/politique\/dominique-ouattara-salue-lengagement-du-rotary-international"},"author":{"name":"cfeditorfr","@id":"https:\/\/www.africa-press.net\/cotedivoire\/#\/schema\/person\/2b1cf3cd81a31e3cd26889ca66d677f1"},"headline":"Dominique Ouattara Salue L&rsquo;Engagement Du Rotary International","datePublished":"2026-04-27T12:06:22+00:00","dateModified":"2026-04-27T13:16:13+00:00","mainEntityOfPage":{"@id":"https:\/\/www.africa-press.net\/cotedivoire\/politique\/dominique-ouattara-salue-lengagement-du-rotary-international"},"wordCount":984,"commentCount":0,"image":{"@id":"https:\/\/www.africa-press.net\/cotedivoire\/politique\/dominique-ouattara-salue-lengagement-du-rotary-international#primaryimage"},"thumbnailUrl":"https:\/\/static.africa-press.net\/cote\/sites\/43\/2026\/04\/sm_1777282796.572357.jpg","keywords":["C\u00d4TE D'IVOIRE","PREMIERE DAME CI"],"articleSection":["Politique","Toutes les actualit\u00e9s"],"inLanguage":"fr-FR","potentialAction":[{"@type":"CommentAction","name":"Comment","target":["https:\/\/www.africa-press.net\/cotedivoire\/politique\/dominique-ouattara-salue-lengagement-du-rotary-international#respond"]}]},{"@type":"WebPage","@id":"https:\/\/www.africa-press.net\/cotedivoire\/politique\/dominique-ouattara-salue-lengagement-du-rotary-international","url":"https:\/\/www.africa-press.net\/cotedivoire\/politique\/dominique-ouattara-salue-lengagement-du-rotary-international","name":"Dominique Ouattara Salue L'Engagement Du Rotary International - C\u00f4te d&#039;Ivoire","isPartOf":{"@id":"https:\/\/www.africa-press.net\/cotedivoire\/#website"},"primaryImageOfPage":{"@id":"https:\/\/www.africa-press.net\/cotedivoire\/politique\/dominique-ouattara-salue-lengagement-du-rotary-international#primaryimage"},"image":{"@id":"https:\/\/www.africa-press.net\/cotedivoire\/politique\/dominique-ouattara-salue-lengagement-du-rotary-international#primaryimage"},"thumbnailUrl":"https:\/\/static.africa-press.net\/cote\/sites\/43\/2026\/04\/sm_1777282796.572357.jpg","datePublished":"2026-04-27T12:06:22+00:00","dateModified":"2026-04-27T13:16:13+00:00","author":{"@id":"https:\/\/www.africa-press.net\/cotedivoire\/#\/schema\/person\/2b1cf3cd81a31e3cd26889ca66d677f1"},"description":"La Premie\u0300re Dame, Madame Dominique Ouattara, a pre\u0301side\u0301 ce vendredi 24 avril 2026, au Sofitel Abidjan Ho\u0302tel Ivoire, l ...","breadcrumb":{"@id":"https:\/\/www.africa-press.net\/cotedivoire\/politique\/dominique-ouattara-salue-lengagement-du-rotary-international#breadcrumb"},"inLanguage":"fr-FR","potentialAction":[{"@type":"ReadAction","target":["https:\/\/www.africa-press.net\/cotedivoire\/politique\/dominique-ouattara-salue-lengagement-du-rotary-international"]}]},{"@type":"ImageObject","inLanguage":"fr-FR","@id":"https:\/\/www.africa-press.net\/cotedivoire\/politique\/dominique-ouattara-salue-lengagement-du-rotary-international#primaryimage","url":"https:\/\/static.africa-press.net\/cote\/sites\/43\/2026\/04\/sm_1777282796.572357.jpg","contentUrl":"https:\/\/static.africa-press.net\/cote\/sites\/43\/2026\/04\/sm_1777282796.572357.jpg","width":720,"height":480,"caption":"Dominique Ouattara Salue L'Engagement Du Rotary International"},{"@type":"BreadcrumbList","@id":"https:\/\/www.africa-press.net\/cotedivoire\/politique\/dominique-ouattara-salue-lengagement-du-rotary-international#breadcrumb","itemListElement":[{"@type":"ListItem","position":1,"name":"Accueil","item":"https:\/\/www.africa-press.net\/cotedivoire\/"},{"@type":"ListItem","position":2,"name":"Dominique Ouattara Salue L&#8217;Engagement Du Rotary International"}]},{"@type":"WebSite","@id":"https:\/\/www.africa-press.net\/cotedivoire\/#website","url":"https:\/\/www.africa-press.net\/cotedivoire\/","name":"C\u00f4te d&#039;Ivoire","description":"Just another Africa News Agency Sites site","potentialAction":[{"@type":"SearchAction","target":{"@type":"EntryPoint","urlTemplate":"https:\/\/www.africa-press.net\/cotedivoire\/?s={search_term_string}"},"query-input":{"@type":"PropertyValueSpecification","valueRequired":true,"valueName":"search_term_string"}}],"inLanguage":"fr-FR"},{"@type":"Person","@id":"https:\/\/www.africa-press.net\/cotedivoire\/#\/schema\/person\/2b1cf3cd81a31e3cd26889ca66d677f1","name":"cfeditorfr"}]}},"_links":{"self":[{"href":"https:\/\/www.africa-press.net\/cotedivoire\/wp-json\/wp\/v2\/posts\/115240","targetHints":{"allow":["GET"]}}],"collection":[{"href":"https:\/\/www.africa-press.net\/cotedivoire\/wp-json\/wp\/v2\/posts"}],"about":[{"href":"https:\/\/www.africa-press.net\/cotedivoire\/wp-json\/wp\/v2\/types\/post"}],"author":[{"embeddable":true,"href":"https:\/\/www.africa-press.net\/cotedivoire\/wp-json\/wp\/v2\/users\/82"}],"replies":[{"embeddable":true,"href":"https:\/\/www.africa-press.net\/cotedivoire\/wp-json\/wp\/v2\/comments?post=115240"}],"version-history":[{"count":1,"href":"https:\/\/www.africa-press.net\/cotedivoire\/wp-json\/wp\/v2\/posts\/115240\/revisions"}],"predecessor-version":[{"id":115253,"href":"https:\/\/www.africa-press.net\/cotedivoire\/wp-json\/wp\/v2\/posts\/115240\/revisions\/115253"}],"wp:featuredmedia":[{"embeddable":true,"href":"https:\/\/www.africa-press.net\/cotedivoire\/wp-json\/wp\/v2\/media\/115239"}],"wp:attachment":[{"href":"https:\/\/www.africa-press.net\/cotedivoire\/wp-json\/wp\/v2\/media?parent=115240"}],"wp:term":[{"taxonomy":"category","embeddable":true,"href":"https:\/\/www.africa-press.net\/cotedivoire\/wp-json\/wp\/v2\/categories?post=115240"},{"taxonomy":"post_tag","embeddable":true,"href":"https:\/\/www.africa-press.net\/cotedivoire\/wp-json\/wp\/v2\/tags?post=115240"}],"curies":[{"name":"wp","href":"https:\/\/api.w.org\/{rel}","templated":true}]}}