{"id":115242,"date":"2026-04-27T12:07:09","date_gmt":"2026-04-27T12:07:09","guid":{"rendered":"https:\/\/www.africa-press.net\/cotedivoire\/politique\/communications-electroniques-lartci-evalue-obligations-reglementaires"},"modified":"2026-04-27T13:16:28","modified_gmt":"2026-04-27T13:16:28","slug":"communications-electroniques-lartci-evalue-obligations-reglementaires","status":"publish","type":"post","link":"https:\/\/www.africa-press.net\/cotedivoire\/politique\/communications-electroniques-lartci-evalue-obligations-reglementaires","title":{"rendered":"Communications \u00c9lectroniques L&rsquo;ARTCI \u00c9value Obligations R\u00e9glementaires"},"content":{"rendered":"<p><span style=\"color: #ff6600\"><strong>Africa-Press &#8211; C\u00f4te d&rsquo;Ivoire. <\/strong><\/span>Dans le cadre de la consolidation du cadre le\u0301gal re\u0301gissant le secteur de la communication e\u0301lectronique en Co\u0302te d\u2019Ivoire, l\u2019Autorite\u0301 de Re\u0301gulation des Te\u0301le\u0301communications\/TIC (ARTCI) a organise\u0301, du 15 au 17 avril 2026 a\u0300 Yamoussoukro, son se\u0301minaire annuel de\u0301die\u0301 a\u0300 la conformite\u0301 re\u0301glementaire, apprend KOACI de sources officielles.<\/p>\n<p>Re\u0301unissant plus d\u2019une cinquantaine de participants, dont des repre\u0301sentants du Ministe\u0300re de la Transition Nume\u0301rique et de l\u2019Innovation Technologique, des institutions sectorielles (AIGF, ANSUT et ANSSI) et les principaux ope\u0301rateurs du secteur, cette rencontre s\u2019inscrivait dans la mise en \u0153uvre de la loi n\u00b02024-352 du 06 juin 2024 relative aux communications e\u0301lectroniques.<\/p>\n<p>Faisant suite a\u0300 l\u2019e\u0301dition 2025, qui avait permis l\u2019e\u0301laboration de plans d\u2019actions de mise en conformite\u0301 par cate\u0301gorie d\u2019acteurs, les travaux l\u2019e\u0301dition 2026 ont porte\u0301 notamment sur:<\/p>\n<p>Le bilan de mise en \u0153uvre des plans d\u2019actions 2025 ; La finalisation du processus de re\u0301vision des cahiers des charges des titulaires de licences individuelles conforme\u0301ment a\u0300 l\u2019article 251 de la loi n\u00b02024-352 ; La pre\u0301sentation des orientations d\u2019un re\u0301fe\u0301rentiel commun de conformite\u0301 ; L\u2019examen de propositions relatives au renforcement de la protection des consommateurs ;<\/p>\n<p>L\u2019e\u0301laboration de recommandations relatives aux e\u0301volutions du marche\u0301 suivantes: le de\u0301veloppement des offres satellitaires et les pratiques de partage de connectivite\u0301.<\/p>\n<p>Il faut noter la participation de Mme Patricia Amand , membre du Conseil de Re\u0301gulation de l\u2019ARTCI, qui a assure\u0301 la pre\u0301sidence des travaux en ple\u0301nie\u0300re. Pour son mot d\u2019ouverture, au nom du Directeur Ge\u0301ne\u0301ral de l\u2019ARTCI, M. Kouakou Guy Michel, Directeur de la Re\u0301gulation des Te\u0301le\u0301communications (DRT), a re\u0301affirme\u0301 la vision d\u2019une \u00ab re\u0301gulation d&rsquo;accompagnement et participative \u00bb, soulignant ainsi que la conformite\u0301 est un processus e\u0301volutif essentiel pour garantir un environnement concurrentiel sain et transparent.<\/p>\n<p>Au nom du Ministe\u0300re de la Transition Nume\u0301rique et de l\u2019Innovation Technologique, M. Kanvoli Stanislas a salue\u0301 la dynamique de concertation engage\u0301e entre l\u2019ARTCI et les ope\u0301rateurs et a encourage\u0301 la poursuite des efforts afin de produire des re\u0301sultats tangibles, notamment sur les dossiers prioritaires de la qualite\u0301 de service et du de\u0301ploiement de la 5G.<\/p>\n<p>Les travaux se sont acheve\u0301s par l&rsquo;adoption d&rsquo;un rapport de synthe\u0300se et de recommandations destine\u0301es a\u0300 renforcer la conformite\u0301 re\u0301glementaire et a\u0300 consolider la re\u0301gulation du secteur des communications e\u0301lectroniques face aux e\u0301volutions technologiques et aux nouveaux usages.<\/p>\n<p>A travers cette de\u0301marche participative, l\u2019ARTCI re\u0301affirme sa volonte\u0301 a\u0300 transformer les exigences re\u0301glementaires en leviers de de\u0301veloppement et d\u2019investissement pour le secteur des communications e\u0301lectroniques en Co\u0302te d\u2019Ivoire.<\/p>\n<p><strong>Pour plus d&rsquo;informations et d&rsquo;analyses sur la <span style=\"color: #ff6600\">C\u00f4te d&rsquo;Ivoire<\/span>, suivez <span style=\"color: #ff6600\">Africa-Press<\/span><\/strong><\/p>\n","protected":false},"excerpt":{"rendered":"<p>Africa-Press &#8211; C\u00f4te d&rsquo;Ivoire. Dans le cadre de la consolidation du cadre le\u0301gal re\u0301gissant le secteur de la communication e\u0301lectronique en Co\u0302te d\u2019Ivoire, l\u2019Autorite\u0301 de Re\u0301gulation des Te\u0301le\u0301communications\/TIC (ARTCI) a organise\u0301, du 15 au 17 avril 2026 a\u0300 Yamoussoukro, son se\u0301minaire annuel de\u0301die\u0301 a\u0300 la conformite\u0301 re\u0301glementaire, apprend KOACI de sources officielles. Re\u0301unissant plus d\u2019une [&hellip;]<\/p>\n","protected":false},"author":82,"featured_media":115241,"comment_status":"open","ping_status":"closed","sticky":false,"template":"","format":"standard","meta":{"footnotes":""},"categories":[2,10],"tags":[1875,2987,29,1495],"class_list":["post-115242","post","type-post","status-publish","format-standard","has-post-thumbnail","hentry","category-politique","category-toutes-les-actualites","tag-artci","tag-communication","tag-cote-divoire","tag-electroniques"],"yoast_head":"<!-- This site is optimized with the Yoast SEO Premium plugin v26.1 (Yoast SEO v27.0) - https:\/\/yoast.com\/product\/yoast-seo-premium-wordpress\/ -->\n<title>Communications \u00c9lectroniques L&#039;ARTCI \u00c9value Obligations R\u00e9glementaires - C\u00f4te d&#039;Ivoire<\/title>\n<meta name=\"description\" content=\"Dans le cadre de la consolidation du cadre le\u0301gal re\u0301gissant le secteur de la communication e\u0301lectronique en Co\u0302te d\u2019Ivo ...\" \/>\n<meta name=\"robots\" content=\"index, follow, max-snippet:-1, max-image-preview:large, max-video-preview:-1\" \/>\n<link rel=\"canonical\" href=\"https:\/\/www.africa-press.net\/cotedivoire\/politique\/communications-electroniques-lartci-evalue-obligations-reglementaires\" \/>\n<meta property=\"og:locale\" content=\"fr_FR\" \/>\n<meta property=\"og:type\" content=\"article\" \/>\n<meta property=\"og:title\" content=\"Communications \u00c9lectroniques L&#039;ARTCI \u00c9value Obligations R\u00e9glementaires\" \/>\n<meta property=\"og:description\" content=\"Dans le cadre de la consolidation du cadre le\u0301gal re\u0301gissant le secteur de la communication e\u0301lectronique en Co\u0302te d\u2019Ivo ...\" \/>\n<meta property=\"og:url\" content=\"https:\/\/www.africa-press.net\/cotedivoire\/politique\/communications-electroniques-lartci-evalue-obligations-reglementaires\" \/>\n<meta property=\"og:site_name\" content=\"C\u00f4te d&#039;Ivoire\" \/>\n<meta property=\"article:published_time\" content=\"2026-04-27T12:07:09+00:00\" \/>\n<meta property=\"article:modified_time\" content=\"2026-04-27T13:16:28+00:00\" \/>\n<meta property=\"og:image\" content=\"https:\/\/static.africa-press.net\/cote\/sites\/43\/2026\/04\/sm_1777282811.678037.jpg\" \/>\n\t<meta property=\"og:image:width\" content=\"720\" \/>\n\t<meta property=\"og:image:height\" content=\"363\" \/>\n\t<meta property=\"og:image:type\" content=\"image\/jpeg\" \/>\n<meta name=\"author\" content=\"cfeditorfr\" \/>\n<meta name=\"twitter:card\" content=\"summary_large_image\" \/>\n<meta name=\"twitter:label1\" content=\"\u00c9crit par\" \/>\n\t<meta name=\"twitter:data1\" content=\"cfeditorfr\" \/>\n\t<meta name=\"twitter:label2\" content=\"Dur\u00e9e de lecture estim\u00e9e\" \/>\n\t<meta name=\"twitter:data2\" content=\"3 minutes\" \/>\n<script type=\"application\/ld+json\" class=\"yoast-schema-graph\">{\"@context\":\"https:\/\/schema.org\",\"@graph\":[{\"@type\":\"Article\",\"@id\":\"https:\/\/www.africa-press.net\/cotedivoire\/politique\/communications-electroniques-lartci-evalue-obligations-reglementaires#article\",\"isPartOf\":{\"@id\":\"https:\/\/www.africa-press.net\/cotedivoire\/politique\/communications-electroniques-lartci-evalue-obligations-reglementaires\"},\"author\":{\"name\":\"cfeditorfr\",\"@id\":\"https:\/\/www.africa-press.net\/cotedivoire\/#\/schema\/person\/2b1cf3cd81a31e3cd26889ca66d677f1\"},\"headline\":\"Communications \u00c9lectroniques L&rsquo;ARTCI \u00c9value Obligations R\u00e9glementaires\",\"datePublished\":\"2026-04-27T12:07:09+00:00\",\"dateModified\":\"2026-04-27T13:16:28+00:00\",\"mainEntityOfPage\":{\"@id\":\"https:\/\/www.africa-press.net\/cotedivoire\/politique\/communications-electroniques-lartci-evalue-obligations-reglementaires\"},\"wordCount\":507,\"commentCount\":0,\"image\":{\"@id\":\"https:\/\/www.africa-press.net\/cotedivoire\/politique\/communications-electroniques-lartci-evalue-obligations-reglementaires#primaryimage\"},\"thumbnailUrl\":\"https:\/\/static.africa-press.net\/cote\/sites\/43\/2026\/04\/sm_1777282811.678037.jpg\",\"keywords\":[\"ARTCI\",\"COMMUNICATION\",\"C\u00d4TE D'IVOIRE\",\"\u00e9lectroniques\"],\"articleSection\":[\"Politique\",\"Toutes les actualit\u00e9s\"],\"inLanguage\":\"fr-FR\",\"potentialAction\":[{\"@type\":\"CommentAction\",\"name\":\"Comment\",\"target\":[\"https:\/\/www.africa-press.net\/cotedivoire\/politique\/communications-electroniques-lartci-evalue-obligations-reglementaires#respond\"]}]},{\"@type\":\"WebPage\",\"@id\":\"https:\/\/www.africa-press.net\/cotedivoire\/politique\/communications-electroniques-lartci-evalue-obligations-reglementaires\",\"url\":\"https:\/\/www.africa-press.net\/cotedivoire\/politique\/communications-electroniques-lartci-evalue-obligations-reglementaires\",\"name\":\"Communications \u00c9lectroniques L'ARTCI \u00c9value Obligations R\u00e9glementaires - C\u00f4te d&#039;Ivoire\",\"isPartOf\":{\"@id\":\"https:\/\/www.africa-press.net\/cotedivoire\/#website\"},\"primaryImageOfPage\":{\"@id\":\"https:\/\/www.africa-press.net\/cotedivoire\/politique\/communications-electroniques-lartci-evalue-obligations-reglementaires#primaryimage\"},\"image\":{\"@id\":\"https:\/\/www.africa-press.net\/cotedivoire\/politique\/communications-electroniques-lartci-evalue-obligations-reglementaires#primaryimage\"},\"thumbnailUrl\":\"https:\/\/static.africa-press.net\/cote\/sites\/43\/2026\/04\/sm_1777282811.678037.jpg\",\"datePublished\":\"2026-04-27T12:07:09+00:00\",\"dateModified\":\"2026-04-27T13:16:28+00:00\",\"author\":{\"@id\":\"https:\/\/www.africa-press.net\/cotedivoire\/#\/schema\/person\/2b1cf3cd81a31e3cd26889ca66d677f1\"},\"description\":\"Dans le cadre de la consolidation du cadre le\u0301gal re\u0301gissant le secteur de la communication e\u0301lectronique en Co\u0302te d\u2019Ivo ...\",\"breadcrumb\":{\"@id\":\"https:\/\/www.africa-press.net\/cotedivoire\/politique\/communications-electroniques-lartci-evalue-obligations-reglementaires#breadcrumb\"},\"inLanguage\":\"fr-FR\",\"potentialAction\":[{\"@type\":\"ReadAction\",\"target\":[\"https:\/\/www.africa-press.net\/cotedivoire\/politique\/communications-electroniques-lartci-evalue-obligations-reglementaires\"]}]},{\"@type\":\"ImageObject\",\"inLanguage\":\"fr-FR\",\"@id\":\"https:\/\/www.africa-press.net\/cotedivoire\/politique\/communications-electroniques-lartci-evalue-obligations-reglementaires#primaryimage\",\"url\":\"https:\/\/static.africa-press.net\/cote\/sites\/43\/2026\/04\/sm_1777282811.678037.jpg\",\"contentUrl\":\"https:\/\/static.africa-press.net\/cote\/sites\/43\/2026\/04\/sm_1777282811.678037.jpg\",\"width\":720,\"height\":363,\"caption\":\"Communications \u00c9lectroniques L'ARTCI \u00c9value Obligations R\u00e9glementaires\"},{\"@type\":\"BreadcrumbList\",\"@id\":\"https:\/\/www.africa-press.net\/cotedivoire\/politique\/communications-electroniques-lartci-evalue-obligations-reglementaires#breadcrumb\",\"itemListElement\":[{\"@type\":\"ListItem\",\"position\":1,\"name\":\"Accueil\",\"item\":\"https:\/\/www.africa-press.net\/cotedivoire\/\"},{\"@type\":\"ListItem\",\"position\":2,\"name\":\"Communications \u00c9lectroniques L&#8217;ARTCI \u00c9value Obligations R\u00e9glementaires\"}]},{\"@type\":\"WebSite\",\"@id\":\"https:\/\/www.africa-press.net\/cotedivoire\/#website\",\"url\":\"https:\/\/www.africa-press.net\/cotedivoire\/\",\"name\":\"C\u00f4te d&#039;Ivoire\",\"description\":\"Just another Africa News Agency Sites site\",\"potentialAction\":[{\"@type\":\"SearchAction\",\"target\":{\"@type\":\"EntryPoint\",\"urlTemplate\":\"https:\/\/www.africa-press.net\/cotedivoire\/?s={search_term_string}\"},\"query-input\":{\"@type\":\"PropertyValueSpecification\",\"valueRequired\":true,\"valueName\":\"search_term_string\"}}],\"inLanguage\":\"fr-FR\"},{\"@type\":\"Person\",\"@id\":\"https:\/\/www.africa-press.net\/cotedivoire\/#\/schema\/person\/2b1cf3cd81a31e3cd26889ca66d677f1\",\"name\":\"cfeditorfr\"}]}<\/script>\n<!-- \/ Yoast SEO Premium plugin. -->","yoast_head_json":{"title":"Communications \u00c9lectroniques L'ARTCI \u00c9value Obligations R\u00e9glementaires - C\u00f4te d&#039;Ivoire","description":"Dans le cadre de la consolidation du cadre le\u0301gal re\u0301gissant le secteur de la communication e\u0301lectronique en Co\u0302te d\u2019Ivo ...","robots":{"index":"index","follow":"follow","max-snippet":"max-snippet:-1","max-image-preview":"max-image-preview:large","max-video-preview":"max-video-preview:-1"},"canonical":"https:\/\/www.africa-press.net\/cotedivoire\/politique\/communications-electroniques-lartci-evalue-obligations-reglementaires","og_locale":"fr_FR","og_type":"article","og_title":"Communications \u00c9lectroniques L'ARTCI \u00c9value Obligations R\u00e9glementaires","og_description":"Dans le cadre de la consolidation du cadre le\u0301gal re\u0301gissant le secteur de la communication e\u0301lectronique en Co\u0302te d\u2019Ivo ...","og_url":"https:\/\/www.africa-press.net\/cotedivoire\/politique\/communications-electroniques-lartci-evalue-obligations-reglementaires","og_site_name":"C\u00f4te d&#039;Ivoire","article_published_time":"2026-04-27T12:07:09+00:00","article_modified_time":"2026-04-27T13:16:28+00:00","og_image":[{"width":720,"height":363,"url":"https:\/\/static.africa-press.net\/cote\/sites\/43\/2026\/04\/sm_1777282811.678037.jpg","type":"image\/jpeg"}],"author":"cfeditorfr","twitter_card":"summary_large_image","twitter_misc":{"\u00c9crit par":"cfeditorfr","Dur\u00e9e de lecture estim\u00e9e":"3 minutes"},"schema":{"@context":"https:\/\/schema.org","@graph":[{"@type":"Article","@id":"https:\/\/www.africa-press.net\/cotedivoire\/politique\/communications-electroniques-lartci-evalue-obligations-reglementaires#article","isPartOf":{"@id":"https:\/\/www.africa-press.net\/cotedivoire\/politique\/communications-electroniques-lartci-evalue-obligations-reglementaires"},"author":{"name":"cfeditorfr","@id":"https:\/\/www.africa-press.net\/cotedivoire\/#\/schema\/person\/2b1cf3cd81a31e3cd26889ca66d677f1"},"headline":"Communications \u00c9lectroniques L&rsquo;ARTCI \u00c9value Obligations R\u00e9glementaires","datePublished":"2026-04-27T12:07:09+00:00","dateModified":"2026-04-27T13:16:28+00:00","mainEntityOfPage":{"@id":"https:\/\/www.africa-press.net\/cotedivoire\/politique\/communications-electroniques-lartci-evalue-obligations-reglementaires"},"wordCount":507,"commentCount":0,"image":{"@id":"https:\/\/www.africa-press.net\/cotedivoire\/politique\/communications-electroniques-lartci-evalue-obligations-reglementaires#primaryimage"},"thumbnailUrl":"https:\/\/static.africa-press.net\/cote\/sites\/43\/2026\/04\/sm_1777282811.678037.jpg","keywords":["ARTCI","COMMUNICATION","C\u00d4TE D'IVOIRE","\u00e9lectroniques"],"articleSection":["Politique","Toutes les actualit\u00e9s"],"inLanguage":"fr-FR","potentialAction":[{"@type":"CommentAction","name":"Comment","target":["https:\/\/www.africa-press.net\/cotedivoire\/politique\/communications-electroniques-lartci-evalue-obligations-reglementaires#respond"]}]},{"@type":"WebPage","@id":"https:\/\/www.africa-press.net\/cotedivoire\/politique\/communications-electroniques-lartci-evalue-obligations-reglementaires","url":"https:\/\/www.africa-press.net\/cotedivoire\/politique\/communications-electroniques-lartci-evalue-obligations-reglementaires","name":"Communications \u00c9lectroniques L'ARTCI \u00c9value Obligations R\u00e9glementaires - C\u00f4te d&#039;Ivoire","isPartOf":{"@id":"https:\/\/www.africa-press.net\/cotedivoire\/#website"},"primaryImageOfPage":{"@id":"https:\/\/www.africa-press.net\/cotedivoire\/politique\/communications-electroniques-lartci-evalue-obligations-reglementaires#primaryimage"},"image":{"@id":"https:\/\/www.africa-press.net\/cotedivoire\/politique\/communications-electroniques-lartci-evalue-obligations-reglementaires#primaryimage"},"thumbnailUrl":"https:\/\/static.africa-press.net\/cote\/sites\/43\/2026\/04\/sm_1777282811.678037.jpg","datePublished":"2026-04-27T12:07:09+00:00","dateModified":"2026-04-27T13:16:28+00:00","author":{"@id":"https:\/\/www.africa-press.net\/cotedivoire\/#\/schema\/person\/2b1cf3cd81a31e3cd26889ca66d677f1"},"description":"Dans le cadre de la consolidation du cadre le\u0301gal re\u0301gissant le secteur de la communication e\u0301lectronique en Co\u0302te d\u2019Ivo ...","breadcrumb":{"@id":"https:\/\/www.africa-press.net\/cotedivoire\/politique\/communications-electroniques-lartci-evalue-obligations-reglementaires#breadcrumb"},"inLanguage":"fr-FR","potentialAction":[{"@type":"ReadAction","target":["https:\/\/www.africa-press.net\/cotedivoire\/politique\/communications-electroniques-lartci-evalue-obligations-reglementaires"]}]},{"@type":"ImageObject","inLanguage":"fr-FR","@id":"https:\/\/www.africa-press.net\/cotedivoire\/politique\/communications-electroniques-lartci-evalue-obligations-reglementaires#primaryimage","url":"https:\/\/static.africa-press.net\/cote\/sites\/43\/2026\/04\/sm_1777282811.678037.jpg","contentUrl":"https:\/\/static.africa-press.net\/cote\/sites\/43\/2026\/04\/sm_1777282811.678037.jpg","width":720,"height":363,"caption":"Communications \u00c9lectroniques L'ARTCI \u00c9value Obligations R\u00e9glementaires"},{"@type":"BreadcrumbList","@id":"https:\/\/www.africa-press.net\/cotedivoire\/politique\/communications-electroniques-lartci-evalue-obligations-reglementaires#breadcrumb","itemListElement":[{"@type":"ListItem","position":1,"name":"Accueil","item":"https:\/\/www.africa-press.net\/cotedivoire\/"},{"@type":"ListItem","position":2,"name":"Communications \u00c9lectroniques L&#8217;ARTCI \u00c9value Obligations R\u00e9glementaires"}]},{"@type":"WebSite","@id":"https:\/\/www.africa-press.net\/cotedivoire\/#website","url":"https:\/\/www.africa-press.net\/cotedivoire\/","name":"C\u00f4te d&#039;Ivoire","description":"Just another Africa News Agency Sites site","potentialAction":[{"@type":"SearchAction","target":{"@type":"EntryPoint","urlTemplate":"https:\/\/www.africa-press.net\/cotedivoire\/?s={search_term_string}"},"query-input":{"@type":"PropertyValueSpecification","valueRequired":true,"valueName":"search_term_string"}}],"inLanguage":"fr-FR"},{"@type":"Person","@id":"https:\/\/www.africa-press.net\/cotedivoire\/#\/schema\/person\/2b1cf3cd81a31e3cd26889ca66d677f1","name":"cfeditorfr"}]}},"_links":{"self":[{"href":"https:\/\/www.africa-press.net\/cotedivoire\/wp-json\/wp\/v2\/posts\/115242","targetHints":{"allow":["GET"]}}],"collection":[{"href":"https:\/\/www.africa-press.net\/cotedivoire\/wp-json\/wp\/v2\/posts"}],"about":[{"href":"https:\/\/www.africa-press.net\/cotedivoire\/wp-json\/wp\/v2\/types\/post"}],"author":[{"embeddable":true,"href":"https:\/\/www.africa-press.net\/cotedivoire\/wp-json\/wp\/v2\/users\/82"}],"replies":[{"embeddable":true,"href":"https:\/\/www.africa-press.net\/cotedivoire\/wp-json\/wp\/v2\/comments?post=115242"}],"version-history":[{"count":1,"href":"https:\/\/www.africa-press.net\/cotedivoire\/wp-json\/wp\/v2\/posts\/115242\/revisions"}],"predecessor-version":[{"id":115254,"href":"https:\/\/www.africa-press.net\/cotedivoire\/wp-json\/wp\/v2\/posts\/115242\/revisions\/115254"}],"wp:featuredmedia":[{"embeddable":true,"href":"https:\/\/www.africa-press.net\/cotedivoire\/wp-json\/wp\/v2\/media\/115241"}],"wp:attachment":[{"href":"https:\/\/www.africa-press.net\/cotedivoire\/wp-json\/wp\/v2\/media?parent=115242"}],"wp:term":[{"taxonomy":"category","embeddable":true,"href":"https:\/\/www.africa-press.net\/cotedivoire\/wp-json\/wp\/v2\/categories?post=115242"},{"taxonomy":"post_tag","embeddable":true,"href":"https:\/\/www.africa-press.net\/cotedivoire\/wp-json\/wp\/v2\/tags?post=115242"}],"curies":[{"name":"wp","href":"https:\/\/api.w.org\/{rel}","templated":true}]}}