{"id":115244,"date":"2026-04-27T12:07:39","date_gmt":"2026-04-27T12:07:39","guid":{"rendered":"https:\/\/www.africa-press.net\/cotedivoire\/politique\/mbatto-bascule-depute-maire-kangah-rejoint-rhdp"},"modified":"2026-04-27T13:16:46","modified_gmt":"2026-04-27T13:16:46","slug":"mbatto-bascule-depute-maire-kangah-rejoint-rhdp","status":"publish","type":"post","link":"https:\/\/www.africa-press.net\/cotedivoire\/parties\/mbatto-bascule-depute-maire-kangah-rejoint-rhdp","title":{"rendered":"M&rsquo;Batto Bascul\u00e9, D\u00e9put\u00e9-Maire Kangah Rejoint RHDP"},"content":{"rendered":"<p><span style=\"color: #ff6600\"><strong>Africa-Press &#8211; C\u00f4te d&rsquo;Ivoire. <\/strong><\/span>La sce\u0300ne politique ivoirienne enregistre un nouveau mouvement dans la re\u0301gion du Moronou, ou\u0300 plusieurs responsables du Parti des Peuples Africains-Co\u0302te d\u2019Ivoire ont de\u0301cide\u0301 de changer de cap. Le samedi 25 avril 2026, a\u0300 M\u2019Batto, le de\u0301pute\u0301-maire Antoine Kangah, accompagne\u0301 de cadres et militants, a officiellement rejoint les rangs du Rassemblement des Houphoue\u0308tistes pour la De\u0301mocratie et la Paix.<\/p>\n<p>Organise\u0301e en pre\u0301sence de figures majeures du parti au pouvoir, notamment Kandia Camara et Ibrahima Cisse\u0301 Bacongo, cette ce\u0301re\u0301monie a pris des allures de de\u0301monstration politique dans une localite\u0301 longtemps conside\u0301re\u0301e comme favorable a\u0300 l\u2019opposition. Les intervenants ont pre\u0301sente\u0301 ces adhe\u0301sions comme le reflet d\u2019une dynamique nouvelle, marquant un basculement progressif des e\u0301quilibres politiques dans la zone.<\/p>\n<p>Ce de\u0301part collectif met en lumie\u0300re les difficulte\u0301s que rencontre actuellement le parti dirige\u0301 par Laurent Gbagbo a\u0300 consolider son ancrage local. Alors que les e\u0301che\u0301ances e\u0301lectorales se profilent, ces de\u0301fections successives pourraient peser sur sa capacite\u0301 de mobilisation et sur son influence dans certaines re\u0301gions du pays.<\/p>\n<p>Au-dela\u0300 du cas de M\u2019Batto, cet e\u0301pisode illustre les recompositions en cours sur la sce\u0300ne politique nationale, ou\u0300 alliances et repositionnements strate\u0301giques redessinent progressivement le paysage partisan ivoirien.<\/p>\n<p><strong>Pour plus d&rsquo;informations et d&rsquo;analyses sur la <span style=\"color: #ff6600\">C\u00f4te d&rsquo;Ivoire<\/span>, suivez <span style=\"color: #ff6600\">Africa-Press<\/span><\/strong><\/p>\n","protected":false},"excerpt":{"rendered":"<p>Africa-Press &#8211; C\u00f4te d&rsquo;Ivoire. La sce\u0300ne politique ivoirienne enregistre un nouveau mouvement dans la re\u0301gion du Moronou, ou\u0300 plusieurs responsables du Parti des Peuples Africains-Co\u0302te d\u2019Ivoire ont de\u0301cide\u0301 de changer de cap. Le samedi 25 avril 2026, a\u0300 M\u2019Batto, le de\u0301pute\u0301-maire Antoine Kangah, accompagne\u0301 de cadres et militants, a officiellement rejoint les rangs du Rassemblement [&hellip;]<\/p>\n","protected":false},"author":82,"featured_media":115243,"comment_status":"open","ping_status":"closed","sticky":false,"template":"","format":"standard","meta":{"footnotes":""},"categories":[4,10],"tags":[2825,951,29,320,10457,20859,1311,1952],"class_list":["post-115244","post","type-post","status-publish","format-standard","has-post-thumbnail","hentry","category-parties","category-toutes-les-actualites","tag-cadre","tag-cisse-bacongo","tag-cote-divoire","tag-gbagbo","tag-kandia","tag-kangah","tag-mbatto","tag-ppa-ci"],"yoast_head":"<!-- This site is optimized with the Yoast SEO Premium plugin v26.1 (Yoast SEO v27.0) - https:\/\/yoast.com\/product\/yoast-seo-premium-wordpress\/ -->\n<title>M&#039;Batto Bascul\u00e9, D\u00e9put\u00e9-Maire Kangah Rejoint RHDP - C\u00f4te d&#039;Ivoire<\/title>\n<meta name=\"description\" content=\"La sce\u0300ne politique ivoirienne enregistre un nouveau mouvement dans la re\u0301gion du Moronou, ou\u0300 plusieurs responsables du ...\" \/>\n<meta name=\"robots\" content=\"index, follow, max-snippet:-1, max-image-preview:large, max-video-preview:-1\" \/>\n<link rel=\"canonical\" href=\"https:\/\/www.africa-press.net\/cotedivoire\/parties\/mbatto-bascule-depute-maire-kangah-rejoint-rhdp\" \/>\n<meta property=\"og:locale\" content=\"fr_FR\" \/>\n<meta property=\"og:type\" content=\"article\" \/>\n<meta property=\"og:title\" content=\"M&#039;Batto Bascul\u00e9, D\u00e9put\u00e9-Maire Kangah Rejoint RHDP\" \/>\n<meta property=\"og:description\" content=\"La sce\u0300ne politique ivoirienne enregistre un nouveau mouvement dans la re\u0301gion du Moronou, ou\u0300 plusieurs responsables du ...\" \/>\n<meta property=\"og:url\" content=\"https:\/\/www.africa-press.net\/cotedivoire\/parties\/mbatto-bascule-depute-maire-kangah-rejoint-rhdp\" \/>\n<meta property=\"og:site_name\" content=\"C\u00f4te d&#039;Ivoire\" \/>\n<meta property=\"article:published_time\" content=\"2026-04-27T12:07:39+00:00\" \/>\n<meta property=\"article:modified_time\" content=\"2026-04-27T13:16:46+00:00\" \/>\n<meta property=\"og:image\" content=\"https:\/\/static.africa-press.net\/cote\/sites\/43\/2026\/04\/sm_1777282842.249635.jpg\" \/>\n\t<meta property=\"og:image:width\" content=\"720\" \/>\n\t<meta property=\"og:image:height\" content=\"386\" \/>\n\t<meta property=\"og:image:type\" content=\"image\/jpeg\" \/>\n<meta name=\"author\" content=\"cfeditorfr\" \/>\n<meta name=\"twitter:card\" content=\"summary_large_image\" \/>\n<meta name=\"twitter:label1\" content=\"\u00c9crit par\" \/>\n\t<meta name=\"twitter:data1\" content=\"cfeditorfr\" \/>\n\t<meta name=\"twitter:label2\" content=\"Dur\u00e9e de lecture estim\u00e9e\" \/>\n\t<meta name=\"twitter:data2\" content=\"2 minutes\" \/>\n<script type=\"application\/ld+json\" class=\"yoast-schema-graph\">{\"@context\":\"https:\/\/schema.org\",\"@graph\":[{\"@type\":\"Article\",\"@id\":\"https:\/\/www.africa-press.net\/cotedivoire\/parties\/mbatto-bascule-depute-maire-kangah-rejoint-rhdp#article\",\"isPartOf\":{\"@id\":\"https:\/\/www.africa-press.net\/cotedivoire\/parties\/mbatto-bascule-depute-maire-kangah-rejoint-rhdp\"},\"author\":{\"name\":\"cfeditorfr\",\"@id\":\"https:\/\/www.africa-press.net\/cotedivoire\/#\/schema\/person\/2b1cf3cd81a31e3cd26889ca66d677f1\"},\"headline\":\"M&rsquo;Batto Bascul\u00e9, D\u00e9put\u00e9-Maire Kangah Rejoint RHDP\",\"datePublished\":\"2026-04-27T12:07:39+00:00\",\"dateModified\":\"2026-04-27T13:16:46+00:00\",\"mainEntityOfPage\":{\"@id\":\"https:\/\/www.africa-press.net\/cotedivoire\/parties\/mbatto-bascule-depute-maire-kangah-rejoint-rhdp\"},\"wordCount\":254,\"commentCount\":0,\"image\":{\"@id\":\"https:\/\/www.africa-press.net\/cotedivoire\/parties\/mbatto-bascule-depute-maire-kangah-rejoint-rhdp#primaryimage\"},\"thumbnailUrl\":\"https:\/\/static.africa-press.net\/cote\/sites\/43\/2026\/04\/sm_1777282842.249635.jpg\",\"keywords\":[\"cadre\",\"Ciss\u00e9 Bacongo\",\"C\u00d4TE D'IVOIRE\",\"Gbagbo\",\"Kandia\",\"Kangah\",\"M'Batto\",\"PPA-CI\"],\"articleSection\":[\"Parties\",\"Toutes les actualit\u00e9s\"],\"inLanguage\":\"fr-FR\",\"potentialAction\":[{\"@type\":\"CommentAction\",\"name\":\"Comment\",\"target\":[\"https:\/\/www.africa-press.net\/cotedivoire\/parties\/mbatto-bascule-depute-maire-kangah-rejoint-rhdp#respond\"]}]},{\"@type\":\"WebPage\",\"@id\":\"https:\/\/www.africa-press.net\/cotedivoire\/parties\/mbatto-bascule-depute-maire-kangah-rejoint-rhdp\",\"url\":\"https:\/\/www.africa-press.net\/cotedivoire\/parties\/mbatto-bascule-depute-maire-kangah-rejoint-rhdp\",\"name\":\"M'Batto Bascul\u00e9, D\u00e9put\u00e9-Maire Kangah Rejoint RHDP - C\u00f4te d&#039;Ivoire\",\"isPartOf\":{\"@id\":\"https:\/\/www.africa-press.net\/cotedivoire\/#website\"},\"primaryImageOfPage\":{\"@id\":\"https:\/\/www.africa-press.net\/cotedivoire\/parties\/mbatto-bascule-depute-maire-kangah-rejoint-rhdp#primaryimage\"},\"image\":{\"@id\":\"https:\/\/www.africa-press.net\/cotedivoire\/parties\/mbatto-bascule-depute-maire-kangah-rejoint-rhdp#primaryimage\"},\"thumbnailUrl\":\"https:\/\/static.africa-press.net\/cote\/sites\/43\/2026\/04\/sm_1777282842.249635.jpg\",\"datePublished\":\"2026-04-27T12:07:39+00:00\",\"dateModified\":\"2026-04-27T13:16:46+00:00\",\"author\":{\"@id\":\"https:\/\/www.africa-press.net\/cotedivoire\/#\/schema\/person\/2b1cf3cd81a31e3cd26889ca66d677f1\"},\"description\":\"La sce\u0300ne politique ivoirienne enregistre un nouveau mouvement dans la re\u0301gion du Moronou, ou\u0300 plusieurs responsables du ...\",\"breadcrumb\":{\"@id\":\"https:\/\/www.africa-press.net\/cotedivoire\/parties\/mbatto-bascule-depute-maire-kangah-rejoint-rhdp#breadcrumb\"},\"inLanguage\":\"fr-FR\",\"potentialAction\":[{\"@type\":\"ReadAction\",\"target\":[\"https:\/\/www.africa-press.net\/cotedivoire\/parties\/mbatto-bascule-depute-maire-kangah-rejoint-rhdp\"]}]},{\"@type\":\"ImageObject\",\"inLanguage\":\"fr-FR\",\"@id\":\"https:\/\/www.africa-press.net\/cotedivoire\/parties\/mbatto-bascule-depute-maire-kangah-rejoint-rhdp#primaryimage\",\"url\":\"https:\/\/static.africa-press.net\/cote\/sites\/43\/2026\/04\/sm_1777282842.249635.jpg\",\"contentUrl\":\"https:\/\/static.africa-press.net\/cote\/sites\/43\/2026\/04\/sm_1777282842.249635.jpg\",\"width\":720,\"height\":386,\"caption\":\"M'Batto Bascul\u00e9, D\u00e9put\u00e9-Maire Kangah Rejoint RHDP\"},{\"@type\":\"BreadcrumbList\",\"@id\":\"https:\/\/www.africa-press.net\/cotedivoire\/parties\/mbatto-bascule-depute-maire-kangah-rejoint-rhdp#breadcrumb\",\"itemListElement\":[{\"@type\":\"ListItem\",\"position\":1,\"name\":\"Accueil\",\"item\":\"https:\/\/www.africa-press.net\/cotedivoire\/\"},{\"@type\":\"ListItem\",\"position\":2,\"name\":\"M&#8217;Batto Bascul\u00e9, D\u00e9put\u00e9-Maire Kangah Rejoint RHDP\"}]},{\"@type\":\"WebSite\",\"@id\":\"https:\/\/www.africa-press.net\/cotedivoire\/#website\",\"url\":\"https:\/\/www.africa-press.net\/cotedivoire\/\",\"name\":\"C\u00f4te d&#039;Ivoire\",\"description\":\"Just another Africa News Agency Sites site\",\"potentialAction\":[{\"@type\":\"SearchAction\",\"target\":{\"@type\":\"EntryPoint\",\"urlTemplate\":\"https:\/\/www.africa-press.net\/cotedivoire\/?s={search_term_string}\"},\"query-input\":{\"@type\":\"PropertyValueSpecification\",\"valueRequired\":true,\"valueName\":\"search_term_string\"}}],\"inLanguage\":\"fr-FR\"},{\"@type\":\"Person\",\"@id\":\"https:\/\/www.africa-press.net\/cotedivoire\/#\/schema\/person\/2b1cf3cd81a31e3cd26889ca66d677f1\",\"name\":\"cfeditorfr\"}]}<\/script>\n<!-- \/ Yoast SEO Premium plugin. -->","yoast_head_json":{"title":"M'Batto Bascul\u00e9, D\u00e9put\u00e9-Maire Kangah Rejoint RHDP - C\u00f4te d&#039;Ivoire","description":"La sce\u0300ne politique ivoirienne enregistre un nouveau mouvement dans la re\u0301gion du Moronou, ou\u0300 plusieurs responsables du ...","robots":{"index":"index","follow":"follow","max-snippet":"max-snippet:-1","max-image-preview":"max-image-preview:large","max-video-preview":"max-video-preview:-1"},"canonical":"https:\/\/www.africa-press.net\/cotedivoire\/parties\/mbatto-bascule-depute-maire-kangah-rejoint-rhdp","og_locale":"fr_FR","og_type":"article","og_title":"M'Batto Bascul\u00e9, D\u00e9put\u00e9-Maire Kangah Rejoint RHDP","og_description":"La sce\u0300ne politique ivoirienne enregistre un nouveau mouvement dans la re\u0301gion du Moronou, ou\u0300 plusieurs responsables du ...","og_url":"https:\/\/www.africa-press.net\/cotedivoire\/parties\/mbatto-bascule-depute-maire-kangah-rejoint-rhdp","og_site_name":"C\u00f4te d&#039;Ivoire","article_published_time":"2026-04-27T12:07:39+00:00","article_modified_time":"2026-04-27T13:16:46+00:00","og_image":[{"width":720,"height":386,"url":"https:\/\/static.africa-press.net\/cote\/sites\/43\/2026\/04\/sm_1777282842.249635.jpg","type":"image\/jpeg"}],"author":"cfeditorfr","twitter_card":"summary_large_image","twitter_misc":{"\u00c9crit par":"cfeditorfr","Dur\u00e9e de lecture estim\u00e9e":"2 minutes"},"schema":{"@context":"https:\/\/schema.org","@graph":[{"@type":"Article","@id":"https:\/\/www.africa-press.net\/cotedivoire\/parties\/mbatto-bascule-depute-maire-kangah-rejoint-rhdp#article","isPartOf":{"@id":"https:\/\/www.africa-press.net\/cotedivoire\/parties\/mbatto-bascule-depute-maire-kangah-rejoint-rhdp"},"author":{"name":"cfeditorfr","@id":"https:\/\/www.africa-press.net\/cotedivoire\/#\/schema\/person\/2b1cf3cd81a31e3cd26889ca66d677f1"},"headline":"M&rsquo;Batto Bascul\u00e9, D\u00e9put\u00e9-Maire Kangah Rejoint RHDP","datePublished":"2026-04-27T12:07:39+00:00","dateModified":"2026-04-27T13:16:46+00:00","mainEntityOfPage":{"@id":"https:\/\/www.africa-press.net\/cotedivoire\/parties\/mbatto-bascule-depute-maire-kangah-rejoint-rhdp"},"wordCount":254,"commentCount":0,"image":{"@id":"https:\/\/www.africa-press.net\/cotedivoire\/parties\/mbatto-bascule-depute-maire-kangah-rejoint-rhdp#primaryimage"},"thumbnailUrl":"https:\/\/static.africa-press.net\/cote\/sites\/43\/2026\/04\/sm_1777282842.249635.jpg","keywords":["cadre","Ciss\u00e9 Bacongo","C\u00d4TE D'IVOIRE","Gbagbo","Kandia","Kangah","M'Batto","PPA-CI"],"articleSection":["Parties","Toutes les actualit\u00e9s"],"inLanguage":"fr-FR","potentialAction":[{"@type":"CommentAction","name":"Comment","target":["https:\/\/www.africa-press.net\/cotedivoire\/parties\/mbatto-bascule-depute-maire-kangah-rejoint-rhdp#respond"]}]},{"@type":"WebPage","@id":"https:\/\/www.africa-press.net\/cotedivoire\/parties\/mbatto-bascule-depute-maire-kangah-rejoint-rhdp","url":"https:\/\/www.africa-press.net\/cotedivoire\/parties\/mbatto-bascule-depute-maire-kangah-rejoint-rhdp","name":"M'Batto Bascul\u00e9, D\u00e9put\u00e9-Maire Kangah Rejoint RHDP - C\u00f4te d&#039;Ivoire","isPartOf":{"@id":"https:\/\/www.africa-press.net\/cotedivoire\/#website"},"primaryImageOfPage":{"@id":"https:\/\/www.africa-press.net\/cotedivoire\/parties\/mbatto-bascule-depute-maire-kangah-rejoint-rhdp#primaryimage"},"image":{"@id":"https:\/\/www.africa-press.net\/cotedivoire\/parties\/mbatto-bascule-depute-maire-kangah-rejoint-rhdp#primaryimage"},"thumbnailUrl":"https:\/\/static.africa-press.net\/cote\/sites\/43\/2026\/04\/sm_1777282842.249635.jpg","datePublished":"2026-04-27T12:07:39+00:00","dateModified":"2026-04-27T13:16:46+00:00","author":{"@id":"https:\/\/www.africa-press.net\/cotedivoire\/#\/schema\/person\/2b1cf3cd81a31e3cd26889ca66d677f1"},"description":"La sce\u0300ne politique ivoirienne enregistre un nouveau mouvement dans la re\u0301gion du Moronou, ou\u0300 plusieurs responsables du ...","breadcrumb":{"@id":"https:\/\/www.africa-press.net\/cotedivoire\/parties\/mbatto-bascule-depute-maire-kangah-rejoint-rhdp#breadcrumb"},"inLanguage":"fr-FR","potentialAction":[{"@type":"ReadAction","target":["https:\/\/www.africa-press.net\/cotedivoire\/parties\/mbatto-bascule-depute-maire-kangah-rejoint-rhdp"]}]},{"@type":"ImageObject","inLanguage":"fr-FR","@id":"https:\/\/www.africa-press.net\/cotedivoire\/parties\/mbatto-bascule-depute-maire-kangah-rejoint-rhdp#primaryimage","url":"https:\/\/static.africa-press.net\/cote\/sites\/43\/2026\/04\/sm_1777282842.249635.jpg","contentUrl":"https:\/\/static.africa-press.net\/cote\/sites\/43\/2026\/04\/sm_1777282842.249635.jpg","width":720,"height":386,"caption":"M'Batto Bascul\u00e9, D\u00e9put\u00e9-Maire Kangah Rejoint RHDP"},{"@type":"BreadcrumbList","@id":"https:\/\/www.africa-press.net\/cotedivoire\/parties\/mbatto-bascule-depute-maire-kangah-rejoint-rhdp#breadcrumb","itemListElement":[{"@type":"ListItem","position":1,"name":"Accueil","item":"https:\/\/www.africa-press.net\/cotedivoire\/"},{"@type":"ListItem","position":2,"name":"M&#8217;Batto Bascul\u00e9, D\u00e9put\u00e9-Maire Kangah Rejoint RHDP"}]},{"@type":"WebSite","@id":"https:\/\/www.africa-press.net\/cotedivoire\/#website","url":"https:\/\/www.africa-press.net\/cotedivoire\/","name":"C\u00f4te d&#039;Ivoire","description":"Just another Africa News Agency Sites site","potentialAction":[{"@type":"SearchAction","target":{"@type":"EntryPoint","urlTemplate":"https:\/\/www.africa-press.net\/cotedivoire\/?s={search_term_string}"},"query-input":{"@type":"PropertyValueSpecification","valueRequired":true,"valueName":"search_term_string"}}],"inLanguage":"fr-FR"},{"@type":"Person","@id":"https:\/\/www.africa-press.net\/cotedivoire\/#\/schema\/person\/2b1cf3cd81a31e3cd26889ca66d677f1","name":"cfeditorfr"}]}},"_links":{"self":[{"href":"https:\/\/www.africa-press.net\/cotedivoire\/wp-json\/wp\/v2\/posts\/115244","targetHints":{"allow":["GET"]}}],"collection":[{"href":"https:\/\/www.africa-press.net\/cotedivoire\/wp-json\/wp\/v2\/posts"}],"about":[{"href":"https:\/\/www.africa-press.net\/cotedivoire\/wp-json\/wp\/v2\/types\/post"}],"author":[{"embeddable":true,"href":"https:\/\/www.africa-press.net\/cotedivoire\/wp-json\/wp\/v2\/users\/82"}],"replies":[{"embeddable":true,"href":"https:\/\/www.africa-press.net\/cotedivoire\/wp-json\/wp\/v2\/comments?post=115244"}],"version-history":[{"count":1,"href":"https:\/\/www.africa-press.net\/cotedivoire\/wp-json\/wp\/v2\/posts\/115244\/revisions"}],"predecessor-version":[{"id":115255,"href":"https:\/\/www.africa-press.net\/cotedivoire\/wp-json\/wp\/v2\/posts\/115244\/revisions\/115255"}],"wp:featuredmedia":[{"embeddable":true,"href":"https:\/\/www.africa-press.net\/cotedivoire\/wp-json\/wp\/v2\/media\/115243"}],"wp:attachment":[{"href":"https:\/\/www.africa-press.net\/cotedivoire\/wp-json\/wp\/v2\/media?parent=115244"}],"wp:term":[{"taxonomy":"category","embeddable":true,"href":"https:\/\/www.africa-press.net\/cotedivoire\/wp-json\/wp\/v2\/categories?post=115244"},{"taxonomy":"post_tag","embeddable":true,"href":"https:\/\/www.africa-press.net\/cotedivoire\/wp-json\/wp\/v2\/tags?post=115244"}],"curies":[{"name":"wp","href":"https:\/\/api.w.org\/{rel}","templated":true}]}}