{"id":115250,"date":"2026-04-27T12:12:43","date_gmt":"2026-04-27T12:12:43","guid":{"rendered":"https:\/\/www.africa-press.net\/cotedivoire\/politique\/sangafowa-coulibaly-renforce-souverainete-energetique"},"modified":"2026-04-27T13:18:21","modified_gmt":"2026-04-27T13:18:21","slug":"sangafowa-coulibaly-renforce-souverainete-energetique","status":"publish","type":"post","link":"https:\/\/www.africa-press.net\/cotedivoire\/economie\/sangafowa-coulibaly-renforce-souverainete-energetique","title":{"rendered":"Sangafowa-Coulibaly Renforce Souverainet\u00e9 \u00c9nerg\u00e9tique"},"content":{"rendered":"<p><span style=\"color: #ff6600\"><strong>Africa-Press &#8211; C\u00f4te d&rsquo;Ivoire. <\/strong><\/span>A\u0300 Washington, le gouvernement ivoirien de\u0301fend une strate\u0301gie axe\u0301e sur la transformation locale du gaz, au service de l\u2019e\u0301lectricite\u0301 et de l\u2019industrialisation.<\/p>\n<p>La Co\u0302te d\u2019Ivoire affirme un tournant strate\u0301gique majeur dans sa politique e\u0301nerge\u0301tique. A\u0300 l\u2019occasion des re\u0301unions de printemps de la Banque mondiale a\u0300 Washington, le ministre ivoirien des Mines, du Pe\u0301trole et de l\u2019E\u0301nergie, Mamadou Sangafowa-Coulibaly, a de\u0301fendu une vision claire, faire du gaz naturel un levier central de souverainete\u0301 e\u0301nerge\u0301tique et de transformation e\u0301conomique.<\/p>\n<p>Dans une intervention marque\u0301e par un ton a\u0300 la fois direct et politique, le ministre a souligne\u0301 ce qu\u2019il conside\u0300re comme un paradoxe devenu intenable: l\u2019Afrique regorge de ressources e\u0301nerge\u0301tiques, mais reste confronte\u0301e a\u0300 un de\u0301ficit chronique.<\/p>\n<p>\u00ab Qui aurait cru, il y a encore quelques anne\u0301es, que nous de\u0301battrions ici du ro\u0302le du gaz pour l\u2019Afrique? \u00bb, a-t-il lance\u0301 devant un parterre de de\u0301cideurs publics et d\u2019acteurs prive\u0301s, dont plusieurs majors pe\u0301trolie\u0300res.<\/p>\n<p>Les chiffres avance\u0301s illustrent ce de\u0301se\u0301quilibre: environ 120 milliards de barils de pe\u0301trole et 650 trillions de pieds cubes de gaz sur le continent. Pourtant, entre 70 % et 80 % du pe\u0301trole africain est exporte\u0301 brut avant d\u2019e\u0302tre re\u0301importe\u0301 sous forme raffine\u0301e, a\u0300 des cou\u0302ts bien plus e\u0301leve\u0301s. Le gaz suit une logique similaire, avec plus de la moitie\u0301 de la production destine\u0301e aux marche\u0301s exte\u0301rieurs.<\/p>\n<p>Dans le me\u0302me temps, la demande e\u0301nerge\u0301tique explose. Elle est porte\u0301e par la croissance de\u0301mographique, l\u2019urbanisation rapide, mais aussi par de nouveaux besoins lie\u0301s a\u0300 la transition nume\u0301rique, notamment les centres de donne\u0301es et les technologies d\u2019intelligence artificielle, particulie\u0300rement e\u0301nergivores.<\/p>\n<p>Face a\u0300 cette situation, la Co\u0302te d\u2019Ivoire a de\u0301cide\u0301 de rompre avec le mode\u0300le classique d\u2019exportation des ressources brutes. Le pays privile\u0301gie de\u0301sormais l\u2019utilisation domestique du gaz, en particulier pour la production d\u2019e\u0301lectricite\u0301.<\/p>\n<p>\u00ab Tout le gaz de\u0301couvert jusqu\u2019ici a e\u0301te\u0301 utilise\u0301 pour produire de l\u2019e\u0301lectricite\u0301 \u00bb, a insiste\u0301 le ministre.<\/p>\n<p>Ce choix s\u2019inscrit dans un contexte de forte croissance de la demande e\u0301nerge\u0301tique. La consommation d\u2019e\u0301lectricite\u0301 progresse de 10 % a\u0300 15 % par an, alimente\u0301e a\u0300 la fois par les besoins nationaux et par les exportations vers les pays voisins, interconnecte\u0301s au re\u0301seau ivoirien.<\/p>\n<p>Mais cette dynamique cre\u0301e e\u0301galement une pression accrue sur l\u2019approvisionnement en gaz, rendant indispensable l\u2019acce\u0301le\u0301ration des investissements dans le secteur.<\/p>\n<p>Parmi les perspectives les plus prometteuses figure le gisement de Calao, dont les re\u0301serves sont estime\u0301es a\u0300 environ 5 trillions de pieds cubes de gaz. Selon les autorite\u0301s, ce potentiel pourrait permettre de multiplier par trois la production e\u0301nerge\u0301tique nationale dans les anne\u0301es a\u0300 venir.<\/p>\n<p>Au-dela\u0300 de son ampleur, cette de\u0301couverte pourrait renforcer durablement la se\u0301curite\u0301 e\u0301nerge\u0301tique du pays et consolider sa position de hub re\u0301gional en matie\u0300re d\u2019e\u0301lectricite\u0301.<\/p>\n<p>Toutefois, le passage du potentiel a\u0300 la re\u0301alite\u0301 reste conditionne\u0301 par des investissements lourds. Le de\u0301veloppement du gaz naturel ne\u0301cessite une chai\u0302ne d\u2019infrastructures complexe: pipelines pour le transport, unite\u0301s de traitement pour l\u2019extraction du me\u0301thane, et re\u0301seaux de distribution vers les centrales thermiques.<\/p>\n<p>\u00ab Nos besoins imme\u0301diats sont clairs: des pipelines, des installations de traitement et des infrastructures pour acheminer le gaz vers les centrales \u00bb, a pre\u0301cise\u0301 Mamadou Sangafowa Coulibaly.<\/p>\n<p>Le gouvernement ivoirien affirme e\u0302tre engage\u0301 dans cette dynamique, avec pour objectif d\u2019assurer a\u0300 terme une ve\u0301ritable inde\u0301pendance e\u0301nerge\u0301tique.<\/p>\n<p>Dans cette optique, Abidjan fait un choix assume\u0301: diffe\u0301rer les investissements dans les infrastructures d\u2019exportation, notamment les installations de lique\u0301faction.<\/p>\n<p>\u00ab De\u0301libe\u0301re\u0301ment, je ne parle pas d\u2019installations de lique\u0301faction pour l\u2019exportation \u00bb, a souligne\u0301 le ministre. \u00ab Il faut d\u2019abord satisfaire la demande nationale avant d\u2019envisager l\u2019exportation du surplus. \u00bb<\/p>\n<p>Cette orientation traduit une volonte\u0301 politique forte: faire du gaz un moteur d\u2019industrialisation et de de\u0301veloppement interne, pluto\u0302t qu\u2019une simple source de devises.<\/p>\n<p>En repositionnant le gaz au c\u0153ur de sa strate\u0301gie e\u0301nerge\u0301tique, la Co\u0302te d\u2019Ivoire entend transformer une ressource longtemps tourne\u0301e vers l\u2019exte\u0301rieur en outil de croissance domestique.<\/p>\n<p>Ce virage pourrait non seulement ame\u0301liorer l\u2019acce\u0300s a\u0300 l\u2019e\u0301lectricite\u0301, mais aussi soutenir le de\u0301veloppement industriel, renforcer la compe\u0301titivite\u0301 e\u0301conomique et consolider le ro\u0302le du pays comme acteur e\u0301nerge\u0301tique cle\u0301 en Afrique de l\u2019Ouest.<\/p>\n<p><strong>Pour plus d&rsquo;informations et d&rsquo;analyses sur la <span style=\"color: #ff6600\">C\u00f4te d&rsquo;Ivoire<\/span>, suivez <span style=\"color: #ff6600\">Africa-Press<\/span><\/strong><\/p>\n","protected":false},"excerpt":{"rendered":"<p>Africa-Press &#8211; C\u00f4te d&rsquo;Ivoire. A\u0300 Washington, le gouvernement ivoirien de\u0301fend une strate\u0301gie axe\u0301e sur la transformation locale du gaz, au service de l\u2019e\u0301lectricite\u0301 et de l\u2019industrialisation. La Co\u0302te d\u2019Ivoire affirme un tournant strate\u0301gique majeur dans sa politique e\u0301nerge\u0301tique. A\u0300 l\u2019occasion des re\u0301unions de printemps de la Banque mondiale a\u0300 Washington, le ministre ivoirien des Mines, [&hellip;]<\/p>\n","protected":false},"author":82,"featured_media":115249,"comment_status":"open","ping_status":"closed","sticky":false,"template":"","format":"standard","meta":{"footnotes":""},"categories":[3,20,10],"tags":[35,782,12836,29,4128,10915,6798,9896,13708,9729,5441],"class_list":["post-115250","post","type-post","status-publish","format-standard","has-post-thumbnail","hentry","category-economie","category-top-nouvelles","category-toutes-les-actualites","tag-afrique","tag-banque-mondiale","tag-calao","tag-cote-divoire","tag-electricite","tag-energetique","tag-energie","tag-gaz-naturel","tag-industrialisation","tag-sangafowa-coulibaly-2","tag-souverainete"],"yoast_head":"<!-- This site is optimized with the Yoast SEO Premium plugin v26.1 (Yoast SEO v27.0) - https:\/\/yoast.com\/product\/yoast-seo-premium-wordpress\/ -->\n<title>Sangafowa-Coulibaly Renforce Souverainet\u00e9 \u00c9nerg\u00e9tique - C\u00f4te d&#039;Ivoire<\/title>\n<meta name=\"description\" content=\"A\u0300 Washington, le gouvernement ivoirien de\u0301fend une strate\u0301gie axe\u0301e sur la transformation locale du gaz, au service de ...\" \/>\n<meta name=\"robots\" content=\"index, follow, max-snippet:-1, max-image-preview:large, max-video-preview:-1\" \/>\n<link rel=\"canonical\" href=\"https:\/\/www.africa-press.net\/cotedivoire\/economie\/sangafowa-coulibaly-renforce-souverainete-energetique\" \/>\n<meta property=\"og:locale\" content=\"fr_FR\" \/>\n<meta property=\"og:type\" content=\"article\" \/>\n<meta property=\"og:title\" content=\"Sangafowa-Coulibaly Renforce Souverainet\u00e9 \u00c9nerg\u00e9tique\" \/>\n<meta property=\"og:description\" content=\"A\u0300 Washington, le gouvernement ivoirien de\u0301fend une strate\u0301gie axe\u0301e sur la transformation locale du gaz, au service de ...\" \/>\n<meta property=\"og:url\" content=\"https:\/\/www.africa-press.net\/cotedivoire\/economie\/sangafowa-coulibaly-renforce-souverainete-energetique\" \/>\n<meta property=\"og:site_name\" content=\"C\u00f4te d&#039;Ivoire\" \/>\n<meta property=\"article:published_time\" content=\"2026-04-27T12:12:43+00:00\" \/>\n<meta property=\"article:modified_time\" content=\"2026-04-27T13:18:21+00:00\" \/>\n<meta property=\"og:image\" content=\"https:\/\/static.africa-press.net\/cote\/sites\/43\/2026\/04\/sm_1777282950.673123.jpg\" \/>\n\t<meta property=\"og:image:width\" content=\"720\" \/>\n\t<meta property=\"og:image:height\" content=\"480\" \/>\n\t<meta property=\"og:image:type\" content=\"image\/jpeg\" \/>\n<meta name=\"author\" content=\"cfeditorfr\" \/>\n<meta name=\"twitter:card\" content=\"summary_large_image\" \/>\n<meta name=\"twitter:label1\" content=\"\u00c9crit par\" \/>\n\t<meta name=\"twitter:data1\" content=\"cfeditorfr\" \/>\n\t<meta name=\"twitter:label2\" content=\"Dur\u00e9e de lecture estim\u00e9e\" \/>\n\t<meta name=\"twitter:data2\" content=\"4 minutes\" \/>\n<script type=\"application\/ld+json\" class=\"yoast-schema-graph\">{\"@context\":\"https:\/\/schema.org\",\"@graph\":[{\"@type\":\"Article\",\"@id\":\"https:\/\/www.africa-press.net\/cotedivoire\/economie\/sangafowa-coulibaly-renforce-souverainete-energetique#article\",\"isPartOf\":{\"@id\":\"https:\/\/www.africa-press.net\/cotedivoire\/economie\/sangafowa-coulibaly-renforce-souverainete-energetique\"},\"author\":{\"name\":\"cfeditorfr\",\"@id\":\"https:\/\/www.africa-press.net\/cotedivoire\/#\/schema\/person\/2b1cf3cd81a31e3cd26889ca66d677f1\"},\"headline\":\"Sangafowa-Coulibaly Renforce Souverainet\u00e9 \u00c9nerg\u00e9tique\",\"datePublished\":\"2026-04-27T12:12:43+00:00\",\"dateModified\":\"2026-04-27T13:18:21+00:00\",\"mainEntityOfPage\":{\"@id\":\"https:\/\/www.africa-press.net\/cotedivoire\/economie\/sangafowa-coulibaly-renforce-souverainete-energetique\"},\"wordCount\":830,\"commentCount\":0,\"image\":{\"@id\":\"https:\/\/www.africa-press.net\/cotedivoire\/economie\/sangafowa-coulibaly-renforce-souverainete-energetique#primaryimage\"},\"thumbnailUrl\":\"https:\/\/static.africa-press.net\/cote\/sites\/43\/2026\/04\/sm_1777282950.673123.jpg\",\"keywords\":[\"Afrique\",\"Banque Mondiale\",\"Calao\",\"C\u00d4TE D'IVOIRE\",\"\u00e9lectricit\u00e9\",\"\u00e9nerg\u00e9tique\",\"Energie\",\"gaz naturel\",\"Industrialisation\",\"Sangafowa-Coulibaly\",\"souverainet\u00e9\"],\"articleSection\":[\"\u00c9conomie\",\"Top Nouvelles\",\"Toutes les actualit\u00e9s\"],\"inLanguage\":\"fr-FR\",\"potentialAction\":[{\"@type\":\"CommentAction\",\"name\":\"Comment\",\"target\":[\"https:\/\/www.africa-press.net\/cotedivoire\/economie\/sangafowa-coulibaly-renforce-souverainete-energetique#respond\"]}]},{\"@type\":\"WebPage\",\"@id\":\"https:\/\/www.africa-press.net\/cotedivoire\/economie\/sangafowa-coulibaly-renforce-souverainete-energetique\",\"url\":\"https:\/\/www.africa-press.net\/cotedivoire\/economie\/sangafowa-coulibaly-renforce-souverainete-energetique\",\"name\":\"Sangafowa-Coulibaly Renforce Souverainet\u00e9 \u00c9nerg\u00e9tique - C\u00f4te d&#039;Ivoire\",\"isPartOf\":{\"@id\":\"https:\/\/www.africa-press.net\/cotedivoire\/#website\"},\"primaryImageOfPage\":{\"@id\":\"https:\/\/www.africa-press.net\/cotedivoire\/economie\/sangafowa-coulibaly-renforce-souverainete-energetique#primaryimage\"},\"image\":{\"@id\":\"https:\/\/www.africa-press.net\/cotedivoire\/economie\/sangafowa-coulibaly-renforce-souverainete-energetique#primaryimage\"},\"thumbnailUrl\":\"https:\/\/static.africa-press.net\/cote\/sites\/43\/2026\/04\/sm_1777282950.673123.jpg\",\"datePublished\":\"2026-04-27T12:12:43+00:00\",\"dateModified\":\"2026-04-27T13:18:21+00:00\",\"author\":{\"@id\":\"https:\/\/www.africa-press.net\/cotedivoire\/#\/schema\/person\/2b1cf3cd81a31e3cd26889ca66d677f1\"},\"description\":\"A\u0300 Washington, le gouvernement ivoirien de\u0301fend une strate\u0301gie axe\u0301e sur la transformation locale du gaz, au service de ...\",\"breadcrumb\":{\"@id\":\"https:\/\/www.africa-press.net\/cotedivoire\/economie\/sangafowa-coulibaly-renforce-souverainete-energetique#breadcrumb\"},\"inLanguage\":\"fr-FR\",\"potentialAction\":[{\"@type\":\"ReadAction\",\"target\":[\"https:\/\/www.africa-press.net\/cotedivoire\/economie\/sangafowa-coulibaly-renforce-souverainete-energetique\"]}]},{\"@type\":\"ImageObject\",\"inLanguage\":\"fr-FR\",\"@id\":\"https:\/\/www.africa-press.net\/cotedivoire\/economie\/sangafowa-coulibaly-renforce-souverainete-energetique#primaryimage\",\"url\":\"https:\/\/static.africa-press.net\/cote\/sites\/43\/2026\/04\/sm_1777282950.673123.jpg\",\"contentUrl\":\"https:\/\/static.africa-press.net\/cote\/sites\/43\/2026\/04\/sm_1777282950.673123.jpg\",\"width\":720,\"height\":480,\"caption\":\"Sangafowa-Coulibaly Renforce Souverainet\u00e9 \u00c9nerg\u00e9tique\"},{\"@type\":\"BreadcrumbList\",\"@id\":\"https:\/\/www.africa-press.net\/cotedivoire\/economie\/sangafowa-coulibaly-renforce-souverainete-energetique#breadcrumb\",\"itemListElement\":[{\"@type\":\"ListItem\",\"position\":1,\"name\":\"Accueil\",\"item\":\"https:\/\/www.africa-press.net\/cotedivoire\/\"},{\"@type\":\"ListItem\",\"position\":2,\"name\":\"Sangafowa-Coulibaly Renforce Souverainet\u00e9 \u00c9nerg\u00e9tique\"}]},{\"@type\":\"WebSite\",\"@id\":\"https:\/\/www.africa-press.net\/cotedivoire\/#website\",\"url\":\"https:\/\/www.africa-press.net\/cotedivoire\/\",\"name\":\"C\u00f4te d&#039;Ivoire\",\"description\":\"Just another Africa News Agency Sites site\",\"potentialAction\":[{\"@type\":\"SearchAction\",\"target\":{\"@type\":\"EntryPoint\",\"urlTemplate\":\"https:\/\/www.africa-press.net\/cotedivoire\/?s={search_term_string}\"},\"query-input\":{\"@type\":\"PropertyValueSpecification\",\"valueRequired\":true,\"valueName\":\"search_term_string\"}}],\"inLanguage\":\"fr-FR\"},{\"@type\":\"Person\",\"@id\":\"https:\/\/www.africa-press.net\/cotedivoire\/#\/schema\/person\/2b1cf3cd81a31e3cd26889ca66d677f1\",\"name\":\"cfeditorfr\"}]}<\/script>\n<!-- \/ Yoast SEO Premium plugin. -->","yoast_head_json":{"title":"Sangafowa-Coulibaly Renforce Souverainet\u00e9 \u00c9nerg\u00e9tique - C\u00f4te d&#039;Ivoire","description":"A\u0300 Washington, le gouvernement ivoirien de\u0301fend une strate\u0301gie axe\u0301e sur la transformation locale du gaz, au service de ...","robots":{"index":"index","follow":"follow","max-snippet":"max-snippet:-1","max-image-preview":"max-image-preview:large","max-video-preview":"max-video-preview:-1"},"canonical":"https:\/\/www.africa-press.net\/cotedivoire\/economie\/sangafowa-coulibaly-renforce-souverainete-energetique","og_locale":"fr_FR","og_type":"article","og_title":"Sangafowa-Coulibaly Renforce Souverainet\u00e9 \u00c9nerg\u00e9tique","og_description":"A\u0300 Washington, le gouvernement ivoirien de\u0301fend une strate\u0301gie axe\u0301e sur la transformation locale du gaz, au service de ...","og_url":"https:\/\/www.africa-press.net\/cotedivoire\/economie\/sangafowa-coulibaly-renforce-souverainete-energetique","og_site_name":"C\u00f4te d&#039;Ivoire","article_published_time":"2026-04-27T12:12:43+00:00","article_modified_time":"2026-04-27T13:18:21+00:00","og_image":[{"width":720,"height":480,"url":"https:\/\/static.africa-press.net\/cote\/sites\/43\/2026\/04\/sm_1777282950.673123.jpg","type":"image\/jpeg"}],"author":"cfeditorfr","twitter_card":"summary_large_image","twitter_misc":{"\u00c9crit par":"cfeditorfr","Dur\u00e9e de lecture estim\u00e9e":"4 minutes"},"schema":{"@context":"https:\/\/schema.org","@graph":[{"@type":"Article","@id":"https:\/\/www.africa-press.net\/cotedivoire\/economie\/sangafowa-coulibaly-renforce-souverainete-energetique#article","isPartOf":{"@id":"https:\/\/www.africa-press.net\/cotedivoire\/economie\/sangafowa-coulibaly-renforce-souverainete-energetique"},"author":{"name":"cfeditorfr","@id":"https:\/\/www.africa-press.net\/cotedivoire\/#\/schema\/person\/2b1cf3cd81a31e3cd26889ca66d677f1"},"headline":"Sangafowa-Coulibaly Renforce Souverainet\u00e9 \u00c9nerg\u00e9tique","datePublished":"2026-04-27T12:12:43+00:00","dateModified":"2026-04-27T13:18:21+00:00","mainEntityOfPage":{"@id":"https:\/\/www.africa-press.net\/cotedivoire\/economie\/sangafowa-coulibaly-renforce-souverainete-energetique"},"wordCount":830,"commentCount":0,"image":{"@id":"https:\/\/www.africa-press.net\/cotedivoire\/economie\/sangafowa-coulibaly-renforce-souverainete-energetique#primaryimage"},"thumbnailUrl":"https:\/\/static.africa-press.net\/cote\/sites\/43\/2026\/04\/sm_1777282950.673123.jpg","keywords":["Afrique","Banque Mondiale","Calao","C\u00d4TE D'IVOIRE","\u00e9lectricit\u00e9","\u00e9nerg\u00e9tique","Energie","gaz naturel","Industrialisation","Sangafowa-Coulibaly","souverainet\u00e9"],"articleSection":["\u00c9conomie","Top Nouvelles","Toutes les actualit\u00e9s"],"inLanguage":"fr-FR","potentialAction":[{"@type":"CommentAction","name":"Comment","target":["https:\/\/www.africa-press.net\/cotedivoire\/economie\/sangafowa-coulibaly-renforce-souverainete-energetique#respond"]}]},{"@type":"WebPage","@id":"https:\/\/www.africa-press.net\/cotedivoire\/economie\/sangafowa-coulibaly-renforce-souverainete-energetique","url":"https:\/\/www.africa-press.net\/cotedivoire\/economie\/sangafowa-coulibaly-renforce-souverainete-energetique","name":"Sangafowa-Coulibaly Renforce Souverainet\u00e9 \u00c9nerg\u00e9tique - C\u00f4te d&#039;Ivoire","isPartOf":{"@id":"https:\/\/www.africa-press.net\/cotedivoire\/#website"},"primaryImageOfPage":{"@id":"https:\/\/www.africa-press.net\/cotedivoire\/economie\/sangafowa-coulibaly-renforce-souverainete-energetique#primaryimage"},"image":{"@id":"https:\/\/www.africa-press.net\/cotedivoire\/economie\/sangafowa-coulibaly-renforce-souverainete-energetique#primaryimage"},"thumbnailUrl":"https:\/\/static.africa-press.net\/cote\/sites\/43\/2026\/04\/sm_1777282950.673123.jpg","datePublished":"2026-04-27T12:12:43+00:00","dateModified":"2026-04-27T13:18:21+00:00","author":{"@id":"https:\/\/www.africa-press.net\/cotedivoire\/#\/schema\/person\/2b1cf3cd81a31e3cd26889ca66d677f1"},"description":"A\u0300 Washington, le gouvernement ivoirien de\u0301fend une strate\u0301gie axe\u0301e sur la transformation locale du gaz, au service de ...","breadcrumb":{"@id":"https:\/\/www.africa-press.net\/cotedivoire\/economie\/sangafowa-coulibaly-renforce-souverainete-energetique#breadcrumb"},"inLanguage":"fr-FR","potentialAction":[{"@type":"ReadAction","target":["https:\/\/www.africa-press.net\/cotedivoire\/economie\/sangafowa-coulibaly-renforce-souverainete-energetique"]}]},{"@type":"ImageObject","inLanguage":"fr-FR","@id":"https:\/\/www.africa-press.net\/cotedivoire\/economie\/sangafowa-coulibaly-renforce-souverainete-energetique#primaryimage","url":"https:\/\/static.africa-press.net\/cote\/sites\/43\/2026\/04\/sm_1777282950.673123.jpg","contentUrl":"https:\/\/static.africa-press.net\/cote\/sites\/43\/2026\/04\/sm_1777282950.673123.jpg","width":720,"height":480,"caption":"Sangafowa-Coulibaly Renforce Souverainet\u00e9 \u00c9nerg\u00e9tique"},{"@type":"BreadcrumbList","@id":"https:\/\/www.africa-press.net\/cotedivoire\/economie\/sangafowa-coulibaly-renforce-souverainete-energetique#breadcrumb","itemListElement":[{"@type":"ListItem","position":1,"name":"Accueil","item":"https:\/\/www.africa-press.net\/cotedivoire\/"},{"@type":"ListItem","position":2,"name":"Sangafowa-Coulibaly Renforce Souverainet\u00e9 \u00c9nerg\u00e9tique"}]},{"@type":"WebSite","@id":"https:\/\/www.africa-press.net\/cotedivoire\/#website","url":"https:\/\/www.africa-press.net\/cotedivoire\/","name":"C\u00f4te d&#039;Ivoire","description":"Just another Africa News Agency Sites site","potentialAction":[{"@type":"SearchAction","target":{"@type":"EntryPoint","urlTemplate":"https:\/\/www.africa-press.net\/cotedivoire\/?s={search_term_string}"},"query-input":{"@type":"PropertyValueSpecification","valueRequired":true,"valueName":"search_term_string"}}],"inLanguage":"fr-FR"},{"@type":"Person","@id":"https:\/\/www.africa-press.net\/cotedivoire\/#\/schema\/person\/2b1cf3cd81a31e3cd26889ca66d677f1","name":"cfeditorfr"}]}},"_links":{"self":[{"href":"https:\/\/www.africa-press.net\/cotedivoire\/wp-json\/wp\/v2\/posts\/115250","targetHints":{"allow":["GET"]}}],"collection":[{"href":"https:\/\/www.africa-press.net\/cotedivoire\/wp-json\/wp\/v2\/posts"}],"about":[{"href":"https:\/\/www.africa-press.net\/cotedivoire\/wp-json\/wp\/v2\/types\/post"}],"author":[{"embeddable":true,"href":"https:\/\/www.africa-press.net\/cotedivoire\/wp-json\/wp\/v2\/users\/82"}],"replies":[{"embeddable":true,"href":"https:\/\/www.africa-press.net\/cotedivoire\/wp-json\/wp\/v2\/comments?post=115250"}],"version-history":[{"count":1,"href":"https:\/\/www.africa-press.net\/cotedivoire\/wp-json\/wp\/v2\/posts\/115250\/revisions"}],"predecessor-version":[{"id":115258,"href":"https:\/\/www.africa-press.net\/cotedivoire\/wp-json\/wp\/v2\/posts\/115250\/revisions\/115258"}],"wp:featuredmedia":[{"embeddable":true,"href":"https:\/\/www.africa-press.net\/cotedivoire\/wp-json\/wp\/v2\/media\/115249"}],"wp:attachment":[{"href":"https:\/\/www.africa-press.net\/cotedivoire\/wp-json\/wp\/v2\/media?parent=115250"}],"wp:term":[{"taxonomy":"category","embeddable":true,"href":"https:\/\/www.africa-press.net\/cotedivoire\/wp-json\/wp\/v2\/categories?post=115250"},{"taxonomy":"post_tag","embeddable":true,"href":"https:\/\/www.africa-press.net\/cotedivoire\/wp-json\/wp\/v2\/tags?post=115250"}],"curies":[{"name":"wp","href":"https:\/\/api.w.org\/{rel}","templated":true}]}}