{"id":115252,"date":"2026-04-27T12:13:57","date_gmt":"2026-04-27T12:13:57","guid":{"rendered":"https:\/\/www.africa-press.net\/cotedivoire\/politique\/loh-djiboua-approuve-compte-administratif-2025"},"modified":"2026-04-27T13:19:01","modified_gmt":"2026-04-27T13:19:01","slug":"loh-djiboua-approuve-compte-administratif-2025","status":"publish","type":"post","link":"https:\/\/www.africa-press.net\/cotedivoire\/politique\/loh-djiboua-approuve-compte-administratif-2025","title":{"rendered":"Loh-Djiboua Approuve Compte Administratif 2025"},"content":{"rendered":"<p><span style=\"color: #ff6600\"><strong>Africa-Press &#8211; C\u00f4te d&rsquo;Ivoire. <\/strong><\/span>C\u2019est a\u0300 l\u2019unanimite\u0301 que les conseillers re\u0301gionaux du Loh-Djiboua ont approuve\u0301 le compte administratif 2025 du pre\u0301sident Ame\u0301de\u0301 Koffi Kouakou.<\/p>\n<p>Dans la foule\u0301e, ils ont e\u0301galement adopte\u0301 l\u2019e\u0301tat d\u2019exe\u0301cution du budget primitif de l\u2019exercice 2026, arre\u0302te\u0301 au mois de mars, qui s\u2019e\u0301le\u0300ve a\u0300 cinquante-trois millions soixante et onze mille quatre cents francs CFA (53 071 400 FCFA).<\/p>\n<p>L\u2019approbation de ces diffe\u0301rents actes a eu lieu le samedi 25 avril 2026, a\u0300 Divo, au cours de la deuxie\u0300me session du conseil re\u0301gional au titre de l\u2019exercice 2026. S\u2019agissant du compte administratif 2025, il fait ressortir un budget global de six milliards cent cinq millions cent soixante-douze mille six cent vingt-quatre francs CFA (6 105 172 624 FCFA).<\/p>\n<p>Sur ce montant, un investissement de deux milliards sept cent soixante-quatre millions deux cent onze mille sept cent quatre-vingt-onze francs CFA (2 764 211 791 FCFA) a e\u0301te\u0301 re\u0301alise\u0301. Il reste ainsi en caisse un solde de trois milliards trois cent quarante millions neuf cent soixante mille huit cent trente-trois francs CFA (3 340 960 833 FCFA). Par la voix du pre\u0301sident de se\u0301ance, le doyen d\u2019a\u0302ge Dogo Basile, les conseillers ont donne\u0301 quitus au pre\u0301sident du conseil re\u0301gional pour sa gestion, en adoptant ce compte administratif.<\/p>\n<p>Concernant le dernier point inscrit a\u0300 l\u2019ordre du jour, a\u0300 savoir l\u2019e\u0301tat d\u2019exe\u0301cution du budget primitif de l\u2019exercice 2026 a\u0300 fin mars, celui-ci a e\u0301galement e\u0301te\u0301 adopte\u0301. A\u0300 l\u2019issue de cette session, le pre\u0301sident du conseil re\u0301gional du Loh-Djiboua, Dr Ame\u0301de\u0301 Koffi Kouakou, s\u2019est re\u0301joui du bon de\u0301roulement des travaux, marque\u0301 par la satisfaction des conseillers quant a\u0300 la gestion de l\u2019exercice 2025. Toutefois, il a releve\u0301 des difficulte\u0301s au niveau des investissements.<\/p>\n<p>Selon lui, les ressources sont disponibles pour financer les projets pre\u0301vus, mais leur exe\u0301cution est freine\u0301e par certaines contraintes. Il a notamment indique\u0301 qu\u2019en premier lieu, \u00ab toute la proce\u0301dure de passation des marche\u0301s fait que les projets ne sont pas attribue\u0301s a\u0300 temps aux entreprises \u00bb. En second lieu, il a de\u0301plore\u0301 le manque de diligence de certaines entreprises retenues, qui ne respectent pas le rythme souhaite\u0301. Pour lui, cette situation n\u2019est pas acceptable, car \u00ab les populations attendent beaucoup du conseil re\u0301gional \u00bb.<\/p>\n<p>Il a, par ailleurs, rappele\u0301 l\u2019engagement du pre\u0301sident de la Re\u0301publique en faveur de la de\u0301centralisation. A\u0300 ce titre, il souhaite que les proce\u0301dures soient suffisamment alle\u0301ge\u0301es afin de permettre aux conseils re\u0301gionaux et aux mairies de fonctionner dans de meilleures conditions et d\u2019exe\u0301cuter efficacement les projets programme\u0301s.<\/p>\n<p>\u00ab Nous disposons de ressources importantes destine\u0301es aux projets, qui malheureusement ne peuvent pas e\u0302tre de\u0301caisse\u0301es. Tant que les infrastructures ; e\u0301coles, forages, colle\u0300ges ou centres de sante\u0301 ne sont pas re\u0301alise\u0301es, les fonds ne peuvent e\u0302tre engage\u0301s. C\u2019est ce que nous constatons \u00bb, a-t-il regrette\u0301.<\/p>\n<p>Le pre\u0301sident du conseil re\u0301gional a annonce\u0301 son intention de porter ces pre\u0301occupations a\u0300 la tutelle, afin que des mesures soient envisage\u0301es pour ame\u0301liorer les proce\u0301dures d\u2019attribution des marche\u0301s. Enfin, il a lance\u0301 un appel aux entreprises attributaires des marche\u0301s publics:<\/p>\n<p>\u00ab Nous demandons aux entreprises qui remportent les appels d\u2019offres d\u2019e\u0302tre plus diligentes dans la mise en \u0153uvre des projets dans nos diffe\u0301rentes localite\u0301s \u00bb, a-t-il exhorte\u0301.<\/p>\n<p><strong>Pour plus d&rsquo;informations et d&rsquo;analyses sur la <span style=\"color: #ff6600\">C\u00f4te d&rsquo;Ivoire<\/span>, suivez <span style=\"color: #ff6600\">Africa-Press<\/span><\/strong><\/p>\n","protected":false},"excerpt":{"rendered":"<p>Africa-Press &#8211; C\u00f4te d&rsquo;Ivoire. C\u2019est a\u0300 l\u2019unanimite\u0301 que les conseillers re\u0301gionaux du Loh-Djiboua ont approuve\u0301 le compte administratif 2025 du pre\u0301sident Ame\u0301de\u0301 Koffi Kouakou. Dans la foule\u0301e, ils ont e\u0301galement adopte\u0301 l\u2019e\u0301tat d\u2019exe\u0301cution du budget primitif de l\u2019exercice 2026, arre\u0302te\u0301 au mois de mars, qui s\u2019e\u0301le\u0300ve a\u0300 cinquante-trois millions soixante et onze mille quatre cents [&hellip;]<\/p>\n","protected":false},"author":82,"featured_media":115251,"comment_status":"open","ping_status":"closed","sticky":false,"template":"","format":"standard","meta":{"footnotes":""},"categories":[2,10],"tags":[1914,29,7913],"class_list":["post-115252","post","type-post","status-publish","format-standard","has-post-thumbnail","hentry","category-politique","category-toutes-les-actualites","tag-amede-kouakou","tag-cote-divoire","tag-loh-djiboua-2"],"yoast_head":"<!-- This site is optimized with the Yoast SEO Premium plugin v26.1 (Yoast SEO v27.0) - https:\/\/yoast.com\/product\/yoast-seo-premium-wordpress\/ -->\n<title>Loh-Djiboua Approuve Compte Administratif 2025 - C\u00f4te d&#039;Ivoire<\/title>\n<meta name=\"description\" content=\"C\u2019est a\u0300 l\u2019unanimite\u0301 que les conseillers re\u0301gionaux du Loh-Djiboua ont approuve\u0301 le compte administratif 2025 du pre\u0301si ...\" \/>\n<meta name=\"robots\" content=\"index, follow, max-snippet:-1, max-image-preview:large, max-video-preview:-1\" \/>\n<link rel=\"canonical\" href=\"https:\/\/www.africa-press.net\/cotedivoire\/politique\/loh-djiboua-approuve-compte-administratif-2025\" \/>\n<meta property=\"og:locale\" content=\"fr_FR\" \/>\n<meta property=\"og:type\" content=\"article\" \/>\n<meta property=\"og:title\" content=\"Loh-Djiboua Approuve Compte Administratif 2025\" \/>\n<meta property=\"og:description\" content=\"C\u2019est a\u0300 l\u2019unanimite\u0301 que les conseillers re\u0301gionaux du Loh-Djiboua ont approuve\u0301 le compte administratif 2025 du pre\u0301si ...\" \/>\n<meta property=\"og:url\" content=\"https:\/\/www.africa-press.net\/cotedivoire\/politique\/loh-djiboua-approuve-compte-administratif-2025\" \/>\n<meta property=\"og:site_name\" content=\"C\u00f4te d&#039;Ivoire\" \/>\n<meta property=\"article:published_time\" content=\"2026-04-27T12:13:57+00:00\" \/>\n<meta property=\"article:modified_time\" content=\"2026-04-27T13:19:01+00:00\" \/>\n<meta property=\"og:image\" content=\"https:\/\/static.africa-press.net\/cote\/sites\/43\/2026\/04\/sm_1777282970.751401.jpg\" \/>\n\t<meta property=\"og:image:width\" content=\"720\" \/>\n\t<meta property=\"og:image:height\" content=\"480\" \/>\n\t<meta property=\"og:image:type\" content=\"image\/jpeg\" \/>\n<meta name=\"author\" content=\"cfeditorfr\" \/>\n<meta name=\"twitter:card\" content=\"summary_large_image\" \/>\n<meta name=\"twitter:label1\" content=\"\u00c9crit par\" \/>\n\t<meta name=\"twitter:data1\" content=\"cfeditorfr\" \/>\n\t<meta name=\"twitter:label2\" content=\"Dur\u00e9e de lecture estim\u00e9e\" \/>\n\t<meta name=\"twitter:data2\" content=\"3 minutes\" \/>\n<script type=\"application\/ld+json\" class=\"yoast-schema-graph\">{\"@context\":\"https:\/\/schema.org\",\"@graph\":[{\"@type\":\"Article\",\"@id\":\"https:\/\/www.africa-press.net\/cotedivoire\/politique\/loh-djiboua-approuve-compte-administratif-2025#article\",\"isPartOf\":{\"@id\":\"https:\/\/www.africa-press.net\/cotedivoire\/politique\/loh-djiboua-approuve-compte-administratif-2025\"},\"author\":{\"name\":\"cfeditorfr\",\"@id\":\"https:\/\/www.africa-press.net\/cotedivoire\/#\/schema\/person\/2b1cf3cd81a31e3cd26889ca66d677f1\"},\"headline\":\"Loh-Djiboua Approuve Compte Administratif 2025\",\"datePublished\":\"2026-04-27T12:13:57+00:00\",\"dateModified\":\"2026-04-27T13:19:01+00:00\",\"mainEntityOfPage\":{\"@id\":\"https:\/\/www.africa-press.net\/cotedivoire\/politique\/loh-djiboua-approuve-compte-administratif-2025\"},\"wordCount\":609,\"commentCount\":0,\"image\":{\"@id\":\"https:\/\/www.africa-press.net\/cotedivoire\/politique\/loh-djiboua-approuve-compte-administratif-2025#primaryimage\"},\"thumbnailUrl\":\"https:\/\/static.africa-press.net\/cote\/sites\/43\/2026\/04\/sm_1777282970.751401.jpg\",\"keywords\":[\"Am\u00e9d\u00e9 Kouakou\",\"C\u00d4TE D'IVOIRE\",\"L\u00f4h Djiboua\"],\"articleSection\":[\"Politique\",\"Toutes les actualit\u00e9s\"],\"inLanguage\":\"fr-FR\",\"potentialAction\":[{\"@type\":\"CommentAction\",\"name\":\"Comment\",\"target\":[\"https:\/\/www.africa-press.net\/cotedivoire\/politique\/loh-djiboua-approuve-compte-administratif-2025#respond\"]}]},{\"@type\":\"WebPage\",\"@id\":\"https:\/\/www.africa-press.net\/cotedivoire\/politique\/loh-djiboua-approuve-compte-administratif-2025\",\"url\":\"https:\/\/www.africa-press.net\/cotedivoire\/politique\/loh-djiboua-approuve-compte-administratif-2025\",\"name\":\"Loh-Djiboua Approuve Compte Administratif 2025 - C\u00f4te d&#039;Ivoire\",\"isPartOf\":{\"@id\":\"https:\/\/www.africa-press.net\/cotedivoire\/#website\"},\"primaryImageOfPage\":{\"@id\":\"https:\/\/www.africa-press.net\/cotedivoire\/politique\/loh-djiboua-approuve-compte-administratif-2025#primaryimage\"},\"image\":{\"@id\":\"https:\/\/www.africa-press.net\/cotedivoire\/politique\/loh-djiboua-approuve-compte-administratif-2025#primaryimage\"},\"thumbnailUrl\":\"https:\/\/static.africa-press.net\/cote\/sites\/43\/2026\/04\/sm_1777282970.751401.jpg\",\"datePublished\":\"2026-04-27T12:13:57+00:00\",\"dateModified\":\"2026-04-27T13:19:01+00:00\",\"author\":{\"@id\":\"https:\/\/www.africa-press.net\/cotedivoire\/#\/schema\/person\/2b1cf3cd81a31e3cd26889ca66d677f1\"},\"description\":\"C\u2019est a\u0300 l\u2019unanimite\u0301 que les conseillers re\u0301gionaux du Loh-Djiboua ont approuve\u0301 le compte administratif 2025 du pre\u0301si ...\",\"breadcrumb\":{\"@id\":\"https:\/\/www.africa-press.net\/cotedivoire\/politique\/loh-djiboua-approuve-compte-administratif-2025#breadcrumb\"},\"inLanguage\":\"fr-FR\",\"potentialAction\":[{\"@type\":\"ReadAction\",\"target\":[\"https:\/\/www.africa-press.net\/cotedivoire\/politique\/loh-djiboua-approuve-compte-administratif-2025\"]}]},{\"@type\":\"ImageObject\",\"inLanguage\":\"fr-FR\",\"@id\":\"https:\/\/www.africa-press.net\/cotedivoire\/politique\/loh-djiboua-approuve-compte-administratif-2025#primaryimage\",\"url\":\"https:\/\/static.africa-press.net\/cote\/sites\/43\/2026\/04\/sm_1777282970.751401.jpg\",\"contentUrl\":\"https:\/\/static.africa-press.net\/cote\/sites\/43\/2026\/04\/sm_1777282970.751401.jpg\",\"width\":720,\"height\":480,\"caption\":\"Loh-Djiboua Approuve Compte Administratif 2025\"},{\"@type\":\"BreadcrumbList\",\"@id\":\"https:\/\/www.africa-press.net\/cotedivoire\/politique\/loh-djiboua-approuve-compte-administratif-2025#breadcrumb\",\"itemListElement\":[{\"@type\":\"ListItem\",\"position\":1,\"name\":\"Accueil\",\"item\":\"https:\/\/www.africa-press.net\/cotedivoire\/\"},{\"@type\":\"ListItem\",\"position\":2,\"name\":\"Loh-Djiboua Approuve Compte Administratif 2025\"}]},{\"@type\":\"WebSite\",\"@id\":\"https:\/\/www.africa-press.net\/cotedivoire\/#website\",\"url\":\"https:\/\/www.africa-press.net\/cotedivoire\/\",\"name\":\"C\u00f4te d&#039;Ivoire\",\"description\":\"Just another Africa News Agency Sites site\",\"potentialAction\":[{\"@type\":\"SearchAction\",\"target\":{\"@type\":\"EntryPoint\",\"urlTemplate\":\"https:\/\/www.africa-press.net\/cotedivoire\/?s={search_term_string}\"},\"query-input\":{\"@type\":\"PropertyValueSpecification\",\"valueRequired\":true,\"valueName\":\"search_term_string\"}}],\"inLanguage\":\"fr-FR\"},{\"@type\":\"Person\",\"@id\":\"https:\/\/www.africa-press.net\/cotedivoire\/#\/schema\/person\/2b1cf3cd81a31e3cd26889ca66d677f1\",\"name\":\"cfeditorfr\"}]}<\/script>\n<!-- \/ Yoast SEO Premium plugin. -->","yoast_head_json":{"title":"Loh-Djiboua Approuve Compte Administratif 2025 - C\u00f4te d&#039;Ivoire","description":"C\u2019est a\u0300 l\u2019unanimite\u0301 que les conseillers re\u0301gionaux du Loh-Djiboua ont approuve\u0301 le compte administratif 2025 du pre\u0301si ...","robots":{"index":"index","follow":"follow","max-snippet":"max-snippet:-1","max-image-preview":"max-image-preview:large","max-video-preview":"max-video-preview:-1"},"canonical":"https:\/\/www.africa-press.net\/cotedivoire\/politique\/loh-djiboua-approuve-compte-administratif-2025","og_locale":"fr_FR","og_type":"article","og_title":"Loh-Djiboua Approuve Compte Administratif 2025","og_description":"C\u2019est a\u0300 l\u2019unanimite\u0301 que les conseillers re\u0301gionaux du Loh-Djiboua ont approuve\u0301 le compte administratif 2025 du pre\u0301si ...","og_url":"https:\/\/www.africa-press.net\/cotedivoire\/politique\/loh-djiboua-approuve-compte-administratif-2025","og_site_name":"C\u00f4te d&#039;Ivoire","article_published_time":"2026-04-27T12:13:57+00:00","article_modified_time":"2026-04-27T13:19:01+00:00","og_image":[{"width":720,"height":480,"url":"https:\/\/static.africa-press.net\/cote\/sites\/43\/2026\/04\/sm_1777282970.751401.jpg","type":"image\/jpeg"}],"author":"cfeditorfr","twitter_card":"summary_large_image","twitter_misc":{"\u00c9crit par":"cfeditorfr","Dur\u00e9e de lecture estim\u00e9e":"3 minutes"},"schema":{"@context":"https:\/\/schema.org","@graph":[{"@type":"Article","@id":"https:\/\/www.africa-press.net\/cotedivoire\/politique\/loh-djiboua-approuve-compte-administratif-2025#article","isPartOf":{"@id":"https:\/\/www.africa-press.net\/cotedivoire\/politique\/loh-djiboua-approuve-compte-administratif-2025"},"author":{"name":"cfeditorfr","@id":"https:\/\/www.africa-press.net\/cotedivoire\/#\/schema\/person\/2b1cf3cd81a31e3cd26889ca66d677f1"},"headline":"Loh-Djiboua Approuve Compte Administratif 2025","datePublished":"2026-04-27T12:13:57+00:00","dateModified":"2026-04-27T13:19:01+00:00","mainEntityOfPage":{"@id":"https:\/\/www.africa-press.net\/cotedivoire\/politique\/loh-djiboua-approuve-compte-administratif-2025"},"wordCount":609,"commentCount":0,"image":{"@id":"https:\/\/www.africa-press.net\/cotedivoire\/politique\/loh-djiboua-approuve-compte-administratif-2025#primaryimage"},"thumbnailUrl":"https:\/\/static.africa-press.net\/cote\/sites\/43\/2026\/04\/sm_1777282970.751401.jpg","keywords":["Am\u00e9d\u00e9 Kouakou","C\u00d4TE D'IVOIRE","L\u00f4h Djiboua"],"articleSection":["Politique","Toutes les actualit\u00e9s"],"inLanguage":"fr-FR","potentialAction":[{"@type":"CommentAction","name":"Comment","target":["https:\/\/www.africa-press.net\/cotedivoire\/politique\/loh-djiboua-approuve-compte-administratif-2025#respond"]}]},{"@type":"WebPage","@id":"https:\/\/www.africa-press.net\/cotedivoire\/politique\/loh-djiboua-approuve-compte-administratif-2025","url":"https:\/\/www.africa-press.net\/cotedivoire\/politique\/loh-djiboua-approuve-compte-administratif-2025","name":"Loh-Djiboua Approuve Compte Administratif 2025 - C\u00f4te d&#039;Ivoire","isPartOf":{"@id":"https:\/\/www.africa-press.net\/cotedivoire\/#website"},"primaryImageOfPage":{"@id":"https:\/\/www.africa-press.net\/cotedivoire\/politique\/loh-djiboua-approuve-compte-administratif-2025#primaryimage"},"image":{"@id":"https:\/\/www.africa-press.net\/cotedivoire\/politique\/loh-djiboua-approuve-compte-administratif-2025#primaryimage"},"thumbnailUrl":"https:\/\/static.africa-press.net\/cote\/sites\/43\/2026\/04\/sm_1777282970.751401.jpg","datePublished":"2026-04-27T12:13:57+00:00","dateModified":"2026-04-27T13:19:01+00:00","author":{"@id":"https:\/\/www.africa-press.net\/cotedivoire\/#\/schema\/person\/2b1cf3cd81a31e3cd26889ca66d677f1"},"description":"C\u2019est a\u0300 l\u2019unanimite\u0301 que les conseillers re\u0301gionaux du Loh-Djiboua ont approuve\u0301 le compte administratif 2025 du pre\u0301si ...","breadcrumb":{"@id":"https:\/\/www.africa-press.net\/cotedivoire\/politique\/loh-djiboua-approuve-compte-administratif-2025#breadcrumb"},"inLanguage":"fr-FR","potentialAction":[{"@type":"ReadAction","target":["https:\/\/www.africa-press.net\/cotedivoire\/politique\/loh-djiboua-approuve-compte-administratif-2025"]}]},{"@type":"ImageObject","inLanguage":"fr-FR","@id":"https:\/\/www.africa-press.net\/cotedivoire\/politique\/loh-djiboua-approuve-compte-administratif-2025#primaryimage","url":"https:\/\/static.africa-press.net\/cote\/sites\/43\/2026\/04\/sm_1777282970.751401.jpg","contentUrl":"https:\/\/static.africa-press.net\/cote\/sites\/43\/2026\/04\/sm_1777282970.751401.jpg","width":720,"height":480,"caption":"Loh-Djiboua Approuve Compte Administratif 2025"},{"@type":"BreadcrumbList","@id":"https:\/\/www.africa-press.net\/cotedivoire\/politique\/loh-djiboua-approuve-compte-administratif-2025#breadcrumb","itemListElement":[{"@type":"ListItem","position":1,"name":"Accueil","item":"https:\/\/www.africa-press.net\/cotedivoire\/"},{"@type":"ListItem","position":2,"name":"Loh-Djiboua Approuve Compte Administratif 2025"}]},{"@type":"WebSite","@id":"https:\/\/www.africa-press.net\/cotedivoire\/#website","url":"https:\/\/www.africa-press.net\/cotedivoire\/","name":"C\u00f4te d&#039;Ivoire","description":"Just another Africa News Agency Sites site","potentialAction":[{"@type":"SearchAction","target":{"@type":"EntryPoint","urlTemplate":"https:\/\/www.africa-press.net\/cotedivoire\/?s={search_term_string}"},"query-input":{"@type":"PropertyValueSpecification","valueRequired":true,"valueName":"search_term_string"}}],"inLanguage":"fr-FR"},{"@type":"Person","@id":"https:\/\/www.africa-press.net\/cotedivoire\/#\/schema\/person\/2b1cf3cd81a31e3cd26889ca66d677f1","name":"cfeditorfr"}]}},"_links":{"self":[{"href":"https:\/\/www.africa-press.net\/cotedivoire\/wp-json\/wp\/v2\/posts\/115252","targetHints":{"allow":["GET"]}}],"collection":[{"href":"https:\/\/www.africa-press.net\/cotedivoire\/wp-json\/wp\/v2\/posts"}],"about":[{"href":"https:\/\/www.africa-press.net\/cotedivoire\/wp-json\/wp\/v2\/types\/post"}],"author":[{"embeddable":true,"href":"https:\/\/www.africa-press.net\/cotedivoire\/wp-json\/wp\/v2\/users\/82"}],"replies":[{"embeddable":true,"href":"https:\/\/www.africa-press.net\/cotedivoire\/wp-json\/wp\/v2\/comments?post=115252"}],"version-history":[{"count":1,"href":"https:\/\/www.africa-press.net\/cotedivoire\/wp-json\/wp\/v2\/posts\/115252\/revisions"}],"predecessor-version":[{"id":115259,"href":"https:\/\/www.africa-press.net\/cotedivoire\/wp-json\/wp\/v2\/posts\/115252\/revisions\/115259"}],"wp:featuredmedia":[{"embeddable":true,"href":"https:\/\/www.africa-press.net\/cotedivoire\/wp-json\/wp\/v2\/media\/115251"}],"wp:attachment":[{"href":"https:\/\/www.africa-press.net\/cotedivoire\/wp-json\/wp\/v2\/media?parent=115252"}],"wp:term":[{"taxonomy":"category","embeddable":true,"href":"https:\/\/www.africa-press.net\/cotedivoire\/wp-json\/wp\/v2\/categories?post=115252"},{"taxonomy":"post_tag","embeddable":true,"href":"https:\/\/www.africa-press.net\/cotedivoire\/wp-json\/wp\/v2\/tags?post=115252"}],"curies":[{"name":"wp","href":"https:\/\/api.w.org\/{rel}","templated":true}]}}