{"id":115268,"date":"2026-04-28T12:56:16","date_gmt":"2026-04-28T12:56:16","guid":{"rendered":"https:\/\/www.africa-press.net\/cotedivoire\/politique\/deces-de-sidibe-amara-figure-syndicale-dabobo"},"modified":"2026-04-28T13:06:39","modified_gmt":"2026-04-28T13:06:39","slug":"deces-de-sidibe-amara-figure-syndicale-dabobo","status":"publish","type":"post","link":"https:\/\/www.africa-press.net\/cotedivoire\/toutes-les-actualites\/deces-de-sidibe-amara-figure-syndicale-dabobo","title":{"rendered":"D\u00e9c\u00e8s de Sidib\u00e9 Amara Figure Syndicale d&rsquo;Abobo"},"content":{"rendered":"<p><span style=\"color: #ff6600\"><strong>Africa-Press &#8211; C\u00f4te d&rsquo;Ivoire. <\/strong><\/span>La commune d\u2019Abobo est en deuil suite au de\u0301ce\u0300s, survenu ce lundi 27 avril 2026 de Sidibe\u0301 Amara, plus connu sous le sobriquet \u00ab Amara le Gros \u00bb, chef syndical reconnu dans la zone.<\/p>\n<p>Selon des sources proches, il e\u0301tait souffrant depuis un certain temps. Sa disparition marque la fin du parcours d\u2019un acteur engage\u0301 du milieu syndical.<\/p>\n<p>A\u0300 ce stade, aucune information officielle n\u2019a e\u0301te\u0301 communique\u0301e concernant la date et les modalite\u0301s des obse\u0300ques.<\/p>\n<p><strong>Pour plus d&rsquo;informations et d&rsquo;analyses sur la <span style=\"color: #ff6600\">C\u00f4te d&rsquo;Ivoire<\/span>, suivez <span style=\"color: #ff6600\">Africa-Press<\/span><\/strong><\/p>\n","protected":false},"excerpt":{"rendered":"<p>Africa-Press &#8211; C\u00f4te d&rsquo;Ivoire. La commune d\u2019Abobo est en deuil suite au de\u0301ce\u0300s, survenu ce lundi 27 avril 2026 de Sidibe\u0301 Amara, plus connu sous le sobriquet \u00ab Amara le Gros \u00bb, chef syndical reconnu dans la zone. Selon des sources proches, il e\u0301tait souffrant depuis un certain temps. Sa disparition marque la fin du [&hellip;]<\/p>\n","protected":false},"author":82,"featured_media":115267,"comment_status":"open","ping_status":"closed","sticky":false,"template":"","format":"standard","meta":{"footnotes":""},"categories":[21,10],"tags":[787,10311,29,13414],"class_list":["post-115268","post","type-post","status-publish","format-standard","has-post-thumbnail","hentry","category-communaute","category-toutes-les-actualites","tag-abobo","tag-amara","tag-cote-divoire","tag-syndical"],"yoast_head":"<!-- This site is optimized with the Yoast SEO Premium plugin v26.1 (Yoast SEO v27.0) - https:\/\/yoast.com\/product\/yoast-seo-premium-wordpress\/ -->\n<title>D\u00e9c\u00e8s de Sidib\u00e9 Amara Figure Syndicale d&#039;Abobo - C\u00f4te d&#039;Ivoire<\/title>\n<meta name=\"description\" content=\"La commune d\u2019Abobo est en deuil suite au de\u0301ce\u0300s, survenu ce lundi 27 avril 2026 de Sidibe\u0301 Amara, plus connu sous le so ...\" \/>\n<meta name=\"robots\" content=\"index, follow, max-snippet:-1, max-image-preview:large, max-video-preview:-1\" \/>\n<link rel=\"canonical\" href=\"https:\/\/www.africa-press.net\/cotedivoire\/toutes-les-actualites\/deces-de-sidibe-amara-figure-syndicale-dabobo\" \/>\n<meta property=\"og:locale\" content=\"fr_FR\" \/>\n<meta property=\"og:type\" content=\"article\" \/>\n<meta property=\"og:title\" content=\"D\u00e9c\u00e8s de Sidib\u00e9 Amara Figure Syndicale d&#039;Abobo\" \/>\n<meta property=\"og:description\" content=\"La commune d\u2019Abobo est en deuil suite au de\u0301ce\u0300s, survenu ce lundi 27 avril 2026 de Sidibe\u0301 Amara, plus connu sous le so ...\" \/>\n<meta property=\"og:url\" content=\"https:\/\/www.africa-press.net\/cotedivoire\/toutes-les-actualites\/deces-de-sidibe-amara-figure-syndicale-dabobo\" \/>\n<meta property=\"og:site_name\" content=\"C\u00f4te d&#039;Ivoire\" \/>\n<meta property=\"article:published_time\" content=\"2026-04-28T12:56:16+00:00\" \/>\n<meta property=\"article:modified_time\" content=\"2026-04-28T13:06:39+00:00\" \/>\n<meta property=\"og:image\" content=\"https:\/\/static.africa-press.net\/cote\/sites\/43\/2026\/04\/sm_1777368921.188283.jpg\" \/>\n\t<meta property=\"og:image:width\" content=\"720\" \/>\n\t<meta property=\"og:image:height\" content=\"474\" \/>\n\t<meta property=\"og:image:type\" content=\"image\/jpeg\" \/>\n<meta name=\"author\" content=\"cfeditorfr\" \/>\n<meta name=\"twitter:card\" content=\"summary_large_image\" \/>\n<meta name=\"twitter:label1\" content=\"\u00c9crit par\" \/>\n\t<meta name=\"twitter:data1\" content=\"cfeditorfr\" \/>\n\t<meta name=\"twitter:label2\" content=\"Dur\u00e9e de lecture estim\u00e9e\" \/>\n\t<meta name=\"twitter:data2\" content=\"1 minute\" \/>\n<script type=\"application\/ld+json\" class=\"yoast-schema-graph\">{\"@context\":\"https:\/\/schema.org\",\"@graph\":[{\"@type\":\"Article\",\"@id\":\"https:\/\/www.africa-press.net\/cotedivoire\/toutes-les-actualites\/deces-de-sidibe-amara-figure-syndicale-dabobo#article\",\"isPartOf\":{\"@id\":\"https:\/\/www.africa-press.net\/cotedivoire\/toutes-les-actualites\/deces-de-sidibe-amara-figure-syndicale-dabobo\"},\"author\":{\"name\":\"cfeditorfr\",\"@id\":\"https:\/\/www.africa-press.net\/cotedivoire\/#\/schema\/person\/2b1cf3cd81a31e3cd26889ca66d677f1\"},\"headline\":\"D\u00e9c\u00e8s de Sidib\u00e9 Amara Figure Syndicale d&rsquo;Abobo\",\"datePublished\":\"2026-04-28T12:56:16+00:00\",\"dateModified\":\"2026-04-28T13:06:39+00:00\",\"mainEntityOfPage\":{\"@id\":\"https:\/\/www.africa-press.net\/cotedivoire\/toutes-les-actualites\/deces-de-sidibe-amara-figure-syndicale-dabobo\"},\"wordCount\":112,\"commentCount\":0,\"image\":{\"@id\":\"https:\/\/www.africa-press.net\/cotedivoire\/toutes-les-actualites\/deces-de-sidibe-amara-figure-syndicale-dabobo#primaryimage\"},\"thumbnailUrl\":\"https:\/\/static.africa-press.net\/cote\/sites\/43\/2026\/04\/sm_1777368921.188283.jpg\",\"keywords\":[\"Abobo\",\"Amara\",\"C\u00d4TE D'IVOIRE\",\"syndical\"],\"articleSection\":[\"Communaut\u00e9\",\"Toutes les actualit\u00e9s\"],\"inLanguage\":\"fr-FR\",\"potentialAction\":[{\"@type\":\"CommentAction\",\"name\":\"Comment\",\"target\":[\"https:\/\/www.africa-press.net\/cotedivoire\/toutes-les-actualites\/deces-de-sidibe-amara-figure-syndicale-dabobo#respond\"]}]},{\"@type\":\"WebPage\",\"@id\":\"https:\/\/www.africa-press.net\/cotedivoire\/toutes-les-actualites\/deces-de-sidibe-amara-figure-syndicale-dabobo\",\"url\":\"https:\/\/www.africa-press.net\/cotedivoire\/toutes-les-actualites\/deces-de-sidibe-amara-figure-syndicale-dabobo\",\"name\":\"D\u00e9c\u00e8s de Sidib\u00e9 Amara Figure Syndicale d'Abobo - C\u00f4te d&#039;Ivoire\",\"isPartOf\":{\"@id\":\"https:\/\/www.africa-press.net\/cotedivoire\/#website\"},\"primaryImageOfPage\":{\"@id\":\"https:\/\/www.africa-press.net\/cotedivoire\/toutes-les-actualites\/deces-de-sidibe-amara-figure-syndicale-dabobo#primaryimage\"},\"image\":{\"@id\":\"https:\/\/www.africa-press.net\/cotedivoire\/toutes-les-actualites\/deces-de-sidibe-amara-figure-syndicale-dabobo#primaryimage\"},\"thumbnailUrl\":\"https:\/\/static.africa-press.net\/cote\/sites\/43\/2026\/04\/sm_1777368921.188283.jpg\",\"datePublished\":\"2026-04-28T12:56:16+00:00\",\"dateModified\":\"2026-04-28T13:06:39+00:00\",\"author\":{\"@id\":\"https:\/\/www.africa-press.net\/cotedivoire\/#\/schema\/person\/2b1cf3cd81a31e3cd26889ca66d677f1\"},\"description\":\"La commune d\u2019Abobo est en deuil suite au de\u0301ce\u0300s, survenu ce lundi 27 avril 2026 de Sidibe\u0301 Amara, plus connu sous le so ...\",\"breadcrumb\":{\"@id\":\"https:\/\/www.africa-press.net\/cotedivoire\/toutes-les-actualites\/deces-de-sidibe-amara-figure-syndicale-dabobo#breadcrumb\"},\"inLanguage\":\"fr-FR\",\"potentialAction\":[{\"@type\":\"ReadAction\",\"target\":[\"https:\/\/www.africa-press.net\/cotedivoire\/toutes-les-actualites\/deces-de-sidibe-amara-figure-syndicale-dabobo\"]}]},{\"@type\":\"ImageObject\",\"inLanguage\":\"fr-FR\",\"@id\":\"https:\/\/www.africa-press.net\/cotedivoire\/toutes-les-actualites\/deces-de-sidibe-amara-figure-syndicale-dabobo#primaryimage\",\"url\":\"https:\/\/static.africa-press.net\/cote\/sites\/43\/2026\/04\/sm_1777368921.188283.jpg\",\"contentUrl\":\"https:\/\/static.africa-press.net\/cote\/sites\/43\/2026\/04\/sm_1777368921.188283.jpg\",\"width\":720,\"height\":474,\"caption\":\"D\u00e9c\u00e8s de Sidib\u00e9 Amara Figure Syndicale d'Abobo\"},{\"@type\":\"BreadcrumbList\",\"@id\":\"https:\/\/www.africa-press.net\/cotedivoire\/toutes-les-actualites\/deces-de-sidibe-amara-figure-syndicale-dabobo#breadcrumb\",\"itemListElement\":[{\"@type\":\"ListItem\",\"position\":1,\"name\":\"Accueil\",\"item\":\"https:\/\/www.africa-press.net\/cotedivoire\/\"},{\"@type\":\"ListItem\",\"position\":2,\"name\":\"D\u00e9c\u00e8s de Sidib\u00e9 Amara Figure Syndicale d&#8217;Abobo\"}]},{\"@type\":\"WebSite\",\"@id\":\"https:\/\/www.africa-press.net\/cotedivoire\/#website\",\"url\":\"https:\/\/www.africa-press.net\/cotedivoire\/\",\"name\":\"C\u00f4te d&#039;Ivoire\",\"description\":\"Just another Africa News Agency Sites site\",\"potentialAction\":[{\"@type\":\"SearchAction\",\"target\":{\"@type\":\"EntryPoint\",\"urlTemplate\":\"https:\/\/www.africa-press.net\/cotedivoire\/?s={search_term_string}\"},\"query-input\":{\"@type\":\"PropertyValueSpecification\",\"valueRequired\":true,\"valueName\":\"search_term_string\"}}],\"inLanguage\":\"fr-FR\"},{\"@type\":\"Person\",\"@id\":\"https:\/\/www.africa-press.net\/cotedivoire\/#\/schema\/person\/2b1cf3cd81a31e3cd26889ca66d677f1\",\"name\":\"cfeditorfr\"}]}<\/script>\n<!-- \/ Yoast SEO Premium plugin. -->","yoast_head_json":{"title":"D\u00e9c\u00e8s de Sidib\u00e9 Amara Figure Syndicale d'Abobo - C\u00f4te d&#039;Ivoire","description":"La commune d\u2019Abobo est en deuil suite au de\u0301ce\u0300s, survenu ce lundi 27 avril 2026 de Sidibe\u0301 Amara, plus connu sous le so ...","robots":{"index":"index","follow":"follow","max-snippet":"max-snippet:-1","max-image-preview":"max-image-preview:large","max-video-preview":"max-video-preview:-1"},"canonical":"https:\/\/www.africa-press.net\/cotedivoire\/toutes-les-actualites\/deces-de-sidibe-amara-figure-syndicale-dabobo","og_locale":"fr_FR","og_type":"article","og_title":"D\u00e9c\u00e8s de Sidib\u00e9 Amara Figure Syndicale d'Abobo","og_description":"La commune d\u2019Abobo est en deuil suite au de\u0301ce\u0300s, survenu ce lundi 27 avril 2026 de Sidibe\u0301 Amara, plus connu sous le so ...","og_url":"https:\/\/www.africa-press.net\/cotedivoire\/toutes-les-actualites\/deces-de-sidibe-amara-figure-syndicale-dabobo","og_site_name":"C\u00f4te d&#039;Ivoire","article_published_time":"2026-04-28T12:56:16+00:00","article_modified_time":"2026-04-28T13:06:39+00:00","og_image":[{"width":720,"height":474,"url":"https:\/\/static.africa-press.net\/cote\/sites\/43\/2026\/04\/sm_1777368921.188283.jpg","type":"image\/jpeg"}],"author":"cfeditorfr","twitter_card":"summary_large_image","twitter_misc":{"\u00c9crit par":"cfeditorfr","Dur\u00e9e de lecture estim\u00e9e":"1 minute"},"schema":{"@context":"https:\/\/schema.org","@graph":[{"@type":"Article","@id":"https:\/\/www.africa-press.net\/cotedivoire\/toutes-les-actualites\/deces-de-sidibe-amara-figure-syndicale-dabobo#article","isPartOf":{"@id":"https:\/\/www.africa-press.net\/cotedivoire\/toutes-les-actualites\/deces-de-sidibe-amara-figure-syndicale-dabobo"},"author":{"name":"cfeditorfr","@id":"https:\/\/www.africa-press.net\/cotedivoire\/#\/schema\/person\/2b1cf3cd81a31e3cd26889ca66d677f1"},"headline":"D\u00e9c\u00e8s de Sidib\u00e9 Amara Figure Syndicale d&rsquo;Abobo","datePublished":"2026-04-28T12:56:16+00:00","dateModified":"2026-04-28T13:06:39+00:00","mainEntityOfPage":{"@id":"https:\/\/www.africa-press.net\/cotedivoire\/toutes-les-actualites\/deces-de-sidibe-amara-figure-syndicale-dabobo"},"wordCount":112,"commentCount":0,"image":{"@id":"https:\/\/www.africa-press.net\/cotedivoire\/toutes-les-actualites\/deces-de-sidibe-amara-figure-syndicale-dabobo#primaryimage"},"thumbnailUrl":"https:\/\/static.africa-press.net\/cote\/sites\/43\/2026\/04\/sm_1777368921.188283.jpg","keywords":["Abobo","Amara","C\u00d4TE D'IVOIRE","syndical"],"articleSection":["Communaut\u00e9","Toutes les actualit\u00e9s"],"inLanguage":"fr-FR","potentialAction":[{"@type":"CommentAction","name":"Comment","target":["https:\/\/www.africa-press.net\/cotedivoire\/toutes-les-actualites\/deces-de-sidibe-amara-figure-syndicale-dabobo#respond"]}]},{"@type":"WebPage","@id":"https:\/\/www.africa-press.net\/cotedivoire\/toutes-les-actualites\/deces-de-sidibe-amara-figure-syndicale-dabobo","url":"https:\/\/www.africa-press.net\/cotedivoire\/toutes-les-actualites\/deces-de-sidibe-amara-figure-syndicale-dabobo","name":"D\u00e9c\u00e8s de Sidib\u00e9 Amara Figure Syndicale d'Abobo - C\u00f4te d&#039;Ivoire","isPartOf":{"@id":"https:\/\/www.africa-press.net\/cotedivoire\/#website"},"primaryImageOfPage":{"@id":"https:\/\/www.africa-press.net\/cotedivoire\/toutes-les-actualites\/deces-de-sidibe-amara-figure-syndicale-dabobo#primaryimage"},"image":{"@id":"https:\/\/www.africa-press.net\/cotedivoire\/toutes-les-actualites\/deces-de-sidibe-amara-figure-syndicale-dabobo#primaryimage"},"thumbnailUrl":"https:\/\/static.africa-press.net\/cote\/sites\/43\/2026\/04\/sm_1777368921.188283.jpg","datePublished":"2026-04-28T12:56:16+00:00","dateModified":"2026-04-28T13:06:39+00:00","author":{"@id":"https:\/\/www.africa-press.net\/cotedivoire\/#\/schema\/person\/2b1cf3cd81a31e3cd26889ca66d677f1"},"description":"La commune d\u2019Abobo est en deuil suite au de\u0301ce\u0300s, survenu ce lundi 27 avril 2026 de Sidibe\u0301 Amara, plus connu sous le so ...","breadcrumb":{"@id":"https:\/\/www.africa-press.net\/cotedivoire\/toutes-les-actualites\/deces-de-sidibe-amara-figure-syndicale-dabobo#breadcrumb"},"inLanguage":"fr-FR","potentialAction":[{"@type":"ReadAction","target":["https:\/\/www.africa-press.net\/cotedivoire\/toutes-les-actualites\/deces-de-sidibe-amara-figure-syndicale-dabobo"]}]},{"@type":"ImageObject","inLanguage":"fr-FR","@id":"https:\/\/www.africa-press.net\/cotedivoire\/toutes-les-actualites\/deces-de-sidibe-amara-figure-syndicale-dabobo#primaryimage","url":"https:\/\/static.africa-press.net\/cote\/sites\/43\/2026\/04\/sm_1777368921.188283.jpg","contentUrl":"https:\/\/static.africa-press.net\/cote\/sites\/43\/2026\/04\/sm_1777368921.188283.jpg","width":720,"height":474,"caption":"D\u00e9c\u00e8s de Sidib\u00e9 Amara Figure Syndicale d'Abobo"},{"@type":"BreadcrumbList","@id":"https:\/\/www.africa-press.net\/cotedivoire\/toutes-les-actualites\/deces-de-sidibe-amara-figure-syndicale-dabobo#breadcrumb","itemListElement":[{"@type":"ListItem","position":1,"name":"Accueil","item":"https:\/\/www.africa-press.net\/cotedivoire\/"},{"@type":"ListItem","position":2,"name":"D\u00e9c\u00e8s de Sidib\u00e9 Amara Figure Syndicale d&#8217;Abobo"}]},{"@type":"WebSite","@id":"https:\/\/www.africa-press.net\/cotedivoire\/#website","url":"https:\/\/www.africa-press.net\/cotedivoire\/","name":"C\u00f4te d&#039;Ivoire","description":"Just another Africa News Agency Sites site","potentialAction":[{"@type":"SearchAction","target":{"@type":"EntryPoint","urlTemplate":"https:\/\/www.africa-press.net\/cotedivoire\/?s={search_term_string}"},"query-input":{"@type":"PropertyValueSpecification","valueRequired":true,"valueName":"search_term_string"}}],"inLanguage":"fr-FR"},{"@type":"Person","@id":"https:\/\/www.africa-press.net\/cotedivoire\/#\/schema\/person\/2b1cf3cd81a31e3cd26889ca66d677f1","name":"cfeditorfr"}]}},"_links":{"self":[{"href":"https:\/\/www.africa-press.net\/cotedivoire\/wp-json\/wp\/v2\/posts\/115268","targetHints":{"allow":["GET"]}}],"collection":[{"href":"https:\/\/www.africa-press.net\/cotedivoire\/wp-json\/wp\/v2\/posts"}],"about":[{"href":"https:\/\/www.africa-press.net\/cotedivoire\/wp-json\/wp\/v2\/types\/post"}],"author":[{"embeddable":true,"href":"https:\/\/www.africa-press.net\/cotedivoire\/wp-json\/wp\/v2\/users\/82"}],"replies":[{"embeddable":true,"href":"https:\/\/www.africa-press.net\/cotedivoire\/wp-json\/wp\/v2\/comments?post=115268"}],"version-history":[{"count":1,"href":"https:\/\/www.africa-press.net\/cotedivoire\/wp-json\/wp\/v2\/posts\/115268\/revisions"}],"predecessor-version":[{"id":115280,"href":"https:\/\/www.africa-press.net\/cotedivoire\/wp-json\/wp\/v2\/posts\/115268\/revisions\/115280"}],"wp:featuredmedia":[{"embeddable":true,"href":"https:\/\/www.africa-press.net\/cotedivoire\/wp-json\/wp\/v2\/media\/115267"}],"wp:attachment":[{"href":"https:\/\/www.africa-press.net\/cotedivoire\/wp-json\/wp\/v2\/media?parent=115268"}],"wp:term":[{"taxonomy":"category","embeddable":true,"href":"https:\/\/www.africa-press.net\/cotedivoire\/wp-json\/wp\/v2\/categories?post=115268"},{"taxonomy":"post_tag","embeddable":true,"href":"https:\/\/www.africa-press.net\/cotedivoire\/wp-json\/wp\/v2\/tags?post=115268"}],"curies":[{"name":"wp","href":"https:\/\/api.w.org\/{rel}","templated":true}]}}