{"id":115277,"date":"2026-04-28T12:57:39","date_gmt":"2026-04-28T12:57:39","guid":{"rendered":"https:\/\/www.africa-press.net\/cotedivoire\/politique\/simon-deli-se-retire-et-lance-projet-de-formation"},"modified":"2026-04-28T13:07:53","modified_gmt":"2026-04-28T13:07:53","slug":"simon-deli-se-retire-et-lance-projet-de-formation","status":"publish","type":"post","link":"https:\/\/www.africa-press.net\/cotedivoire\/sports\/simon-deli-se-retire-et-lance-projet-de-formation","title":{"rendered":"Simon Deli Se Retire et Lance Projet de Formation"},"content":{"rendered":"<p><span style=\"color: #ff6600\"><strong>Africa-Press &#8211; C\u00f4te d&rsquo;Ivoire. <\/strong><\/span>Une page se tourne pour l\u2019ex-international ivoirien Simon Deli, et une autre s\u2019ouvre, re\u0301solument tourne\u0301e vers l\u2019avenir du football ivoirien. L\u2019ancien de\u0301fenseur des E\u0301le\u0301phants de Co\u0302te d\u2019Ivoire, du Slavia Prague, mais aussi de l\u2019Africa Sports d\u2019Abidjan, a e\u0301te\u0301 rec\u0327u ce 27 avril 2026 par le ministre des Sports, Adje\u0301 Silas Metch, a\u0300 son cabinet a\u0300 Abidjan.<\/p>\n<p>Au c\u0153ur de cette rencontre, une annonce majeure: apre\u0300s plusieurs anne\u0301es passe\u0301es sur les pelouses internationales, Simon Deli a officiellement mis fin a\u0300 sa carrie\u0300re professionnelle. De retour de\u0301finitivement en Co\u0302te d\u2019Ivoire, il entend de\u0301sormais mettre son expe\u0301rience et son expertise au service du de\u0301veloppement du football local.<\/p>\n<p>L\u2019ex-international n\u2019arrive pas les mains vides. Il a profite\u0301 de cette audience pour pre\u0301senter au ministre des projets concrets, axe\u0301s sur la formation des jeunes talents. De\u0301sormais a\u0300 la te\u0302te de l\u2019Acade\u0301mie de football Slavia d\u2019Abidjan ainsi que du FC Slavia d\u2019Abidjan, il ambitionne de ba\u0302tir un ve\u0301ritable vivier de futurs talents ivoiriens. Son objectif est de transmettre les exigences du haut niveau et d\u2019accompagner l\u2019e\u0301mergence d\u2019une nouvelle ge\u0301ne\u0301ration capable de porter haut les couleurs nationales.<\/p>\n<p>Se\u0301duit par cette de\u0301marche, le ministre Adje\u0301 Silas Metch a salue\u0301 une reconversion exemplaire. Il a notamment souligne\u0301 l\u2019importance de telles initiatives pour renforcer les bases du football ivoirien. Le membre du gouvernement a e\u0301galement re\u0301affirme\u0301 l\u2019engagement de son de\u0301partement a\u0300 soutenir les acteurs investis dans la structuration et la promotion du sport en Co\u0302te d\u2019Ivoire.<\/p>\n<p>A\u0300 travers cette nouvelle e\u0301tape, Simon Deli s\u2019inscrit dans une dynamique de transmission et de construction, illustrant le ro\u0302le cle\u0301 que peuvent jouer les anciens internationaux dans le de\u0301veloppement durable du football africain.<\/p>\n<p><strong>Pour plus d&rsquo;informations et d&rsquo;analyses sur la <span style=\"color: #ff6600\">C\u00f4te d&rsquo;Ivoire<\/span>, suivez <span style=\"color: #ff6600\">Africa-Press<\/span><\/strong><\/p>\n","protected":false},"excerpt":{"rendered":"<p>Africa-Press &#8211; C\u00f4te d&rsquo;Ivoire. Une page se tourne pour l\u2019ex-international ivoirien Simon Deli, et une autre s\u2019ouvre, re\u0301solument tourne\u0301e vers l\u2019avenir du football ivoirien. L\u2019ancien de\u0301fenseur des E\u0301le\u0301phants de Co\u0302te d\u2019Ivoire, du Slavia Prague, mais aussi de l\u2019Africa Sports d\u2019Abidjan, a e\u0301te\u0301 rec\u0327u ce 27 avril 2026 par le ministre des Sports, Adje\u0301 Silas Metch, [&hellip;]<\/p>\n","protected":false},"author":82,"featured_media":115275,"comment_status":"open","ping_status":"closed","sticky":false,"template":"","format":"standard","meta":{"footnotes":""},"categories":[6,10],"tags":[7616,11686,29,65,586,1208,20864,20863,13594],"class_list":["post-115277","post","type-post","status-publish","format-standard","has-post-thumbnail","hentry","category-sports","category-toutes-les-actualites","tag-academie","tag-adje-silas-metch","tag-cote-divoire","tag-football","tag-ivoirien","tag-jeunes","tag-retraite-sportive","tag-simon-deli","tag-talents"],"yoast_head":"<!-- This site is optimized with the Yoast SEO Premium plugin v26.1 (Yoast SEO v27.0) - https:\/\/yoast.com\/product\/yoast-seo-premium-wordpress\/ -->\n<title>Simon Deli Se Retire et Lance Projet de Formation - C\u00f4te d&#039;Ivoire<\/title>\n<meta name=\"description\" content=\"Une page se tourne pour l\u2019ex-international ivoirien Simon Deli, et une autre s\u2019ouvre, re\u0301solument tourne\u0301e vers l\u2019avenir ...\" \/>\n<meta name=\"robots\" content=\"index, follow, max-snippet:-1, max-image-preview:large, max-video-preview:-1\" \/>\n<link rel=\"canonical\" href=\"https:\/\/www.africa-press.net\/cotedivoire\/sports\/simon-deli-se-retire-et-lance-projet-de-formation\" \/>\n<meta property=\"og:locale\" content=\"fr_FR\" \/>\n<meta property=\"og:type\" content=\"article\" \/>\n<meta property=\"og:title\" content=\"Simon Deli Se Retire et Lance Projet de Formation\" \/>\n<meta property=\"og:description\" content=\"Une page se tourne pour l\u2019ex-international ivoirien Simon Deli, et une autre s\u2019ouvre, re\u0301solument tourne\u0301e vers l\u2019avenir ...\" \/>\n<meta property=\"og:url\" content=\"https:\/\/www.africa-press.net\/cotedivoire\/sports\/simon-deli-se-retire-et-lance-projet-de-formation\" \/>\n<meta property=\"og:site_name\" content=\"C\u00f4te d&#039;Ivoire\" \/>\n<meta property=\"article:published_time\" content=\"2026-04-28T12:57:39+00:00\" \/>\n<meta property=\"article:modified_time\" content=\"2026-04-28T13:07:53+00:00\" \/>\n<meta property=\"og:image\" content=\"https:\/\/static.africa-press.net\/cote\/sites\/43\/2026\/04\/sm_1777368968.067538.jpg\" \/>\n\t<meta property=\"og:image:width\" content=\"720\" \/>\n\t<meta property=\"og:image:height\" content=\"453\" \/>\n\t<meta property=\"og:image:type\" content=\"image\/jpeg\" \/>\n<meta name=\"author\" content=\"cfeditorfr\" \/>\n<meta name=\"twitter:card\" content=\"summary_large_image\" \/>\n<meta name=\"twitter:label1\" content=\"\u00c9crit par\" \/>\n\t<meta name=\"twitter:data1\" content=\"cfeditorfr\" \/>\n\t<meta name=\"twitter:label2\" content=\"Dur\u00e9e de lecture estim\u00e9e\" \/>\n\t<meta name=\"twitter:data2\" content=\"2 minutes\" \/>\n<script type=\"application\/ld+json\" class=\"yoast-schema-graph\">{\"@context\":\"https:\/\/schema.org\",\"@graph\":[{\"@type\":\"Article\",\"@id\":\"https:\/\/www.africa-press.net\/cotedivoire\/sports\/simon-deli-se-retire-et-lance-projet-de-formation#article\",\"isPartOf\":{\"@id\":\"https:\/\/www.africa-press.net\/cotedivoire\/sports\/simon-deli-se-retire-et-lance-projet-de-formation\"},\"author\":{\"name\":\"cfeditorfr\",\"@id\":\"https:\/\/www.africa-press.net\/cotedivoire\/#\/schema\/person\/2b1cf3cd81a31e3cd26889ca66d677f1\"},\"headline\":\"Simon Deli Se Retire et Lance Projet de Formation\",\"datePublished\":\"2026-04-28T12:57:39+00:00\",\"dateModified\":\"2026-04-28T13:07:53+00:00\",\"mainEntityOfPage\":{\"@id\":\"https:\/\/www.africa-press.net\/cotedivoire\/sports\/simon-deli-se-retire-et-lance-projet-de-formation\"},\"wordCount\":354,\"commentCount\":0,\"image\":{\"@id\":\"https:\/\/www.africa-press.net\/cotedivoire\/sports\/simon-deli-se-retire-et-lance-projet-de-formation#primaryimage\"},\"thumbnailUrl\":\"https:\/\/static.africa-press.net\/cote\/sites\/43\/2026\/04\/sm_1777368968.067538.jpg\",\"keywords\":[\"Acad\u00e9mie\",\"Adj\u00e9 Silas Metch\",\"C\u00d4TE D'IVOIRE\",\"Football\",\"ivoirien\",\"jeunes\",\"retraite sportive\",\"Simon Deli\",\"talents\"],\"articleSection\":[\"Sports\",\"Toutes les actualit\u00e9s\"],\"inLanguage\":\"fr-FR\",\"potentialAction\":[{\"@type\":\"CommentAction\",\"name\":\"Comment\",\"target\":[\"https:\/\/www.africa-press.net\/cotedivoire\/sports\/simon-deli-se-retire-et-lance-projet-de-formation#respond\"]}]},{\"@type\":\"WebPage\",\"@id\":\"https:\/\/www.africa-press.net\/cotedivoire\/sports\/simon-deli-se-retire-et-lance-projet-de-formation\",\"url\":\"https:\/\/www.africa-press.net\/cotedivoire\/sports\/simon-deli-se-retire-et-lance-projet-de-formation\",\"name\":\"Simon Deli Se Retire et Lance Projet de Formation - C\u00f4te d&#039;Ivoire\",\"isPartOf\":{\"@id\":\"https:\/\/www.africa-press.net\/cotedivoire\/#website\"},\"primaryImageOfPage\":{\"@id\":\"https:\/\/www.africa-press.net\/cotedivoire\/sports\/simon-deli-se-retire-et-lance-projet-de-formation#primaryimage\"},\"image\":{\"@id\":\"https:\/\/www.africa-press.net\/cotedivoire\/sports\/simon-deli-se-retire-et-lance-projet-de-formation#primaryimage\"},\"thumbnailUrl\":\"https:\/\/static.africa-press.net\/cote\/sites\/43\/2026\/04\/sm_1777368968.067538.jpg\",\"datePublished\":\"2026-04-28T12:57:39+00:00\",\"dateModified\":\"2026-04-28T13:07:53+00:00\",\"author\":{\"@id\":\"https:\/\/www.africa-press.net\/cotedivoire\/#\/schema\/person\/2b1cf3cd81a31e3cd26889ca66d677f1\"},\"description\":\"Une page se tourne pour l\u2019ex-international ivoirien Simon Deli, et une autre s\u2019ouvre, re\u0301solument tourne\u0301e vers l\u2019avenir ...\",\"breadcrumb\":{\"@id\":\"https:\/\/www.africa-press.net\/cotedivoire\/sports\/simon-deli-se-retire-et-lance-projet-de-formation#breadcrumb\"},\"inLanguage\":\"fr-FR\",\"potentialAction\":[{\"@type\":\"ReadAction\",\"target\":[\"https:\/\/www.africa-press.net\/cotedivoire\/sports\/simon-deli-se-retire-et-lance-projet-de-formation\"]}]},{\"@type\":\"ImageObject\",\"inLanguage\":\"fr-FR\",\"@id\":\"https:\/\/www.africa-press.net\/cotedivoire\/sports\/simon-deli-se-retire-et-lance-projet-de-formation#primaryimage\",\"url\":\"https:\/\/static.africa-press.net\/cote\/sites\/43\/2026\/04\/sm_1777368968.067538.jpg\",\"contentUrl\":\"https:\/\/static.africa-press.net\/cote\/sites\/43\/2026\/04\/sm_1777368968.067538.jpg\",\"width\":720,\"height\":453,\"caption\":\"Simon Deli Se Retire et Lance Projet de Formation\"},{\"@type\":\"BreadcrumbList\",\"@id\":\"https:\/\/www.africa-press.net\/cotedivoire\/sports\/simon-deli-se-retire-et-lance-projet-de-formation#breadcrumb\",\"itemListElement\":[{\"@type\":\"ListItem\",\"position\":1,\"name\":\"Accueil\",\"item\":\"https:\/\/www.africa-press.net\/cotedivoire\/\"},{\"@type\":\"ListItem\",\"position\":2,\"name\":\"Simon Deli Se Retire et Lance Projet de Formation\"}]},{\"@type\":\"WebSite\",\"@id\":\"https:\/\/www.africa-press.net\/cotedivoire\/#website\",\"url\":\"https:\/\/www.africa-press.net\/cotedivoire\/\",\"name\":\"C\u00f4te d&#039;Ivoire\",\"description\":\"Just another Africa News Agency Sites site\",\"potentialAction\":[{\"@type\":\"SearchAction\",\"target\":{\"@type\":\"EntryPoint\",\"urlTemplate\":\"https:\/\/www.africa-press.net\/cotedivoire\/?s={search_term_string}\"},\"query-input\":{\"@type\":\"PropertyValueSpecification\",\"valueRequired\":true,\"valueName\":\"search_term_string\"}}],\"inLanguage\":\"fr-FR\"},{\"@type\":\"Person\",\"@id\":\"https:\/\/www.africa-press.net\/cotedivoire\/#\/schema\/person\/2b1cf3cd81a31e3cd26889ca66d677f1\",\"name\":\"cfeditorfr\"}]}<\/script>\n<!-- \/ Yoast SEO Premium plugin. -->","yoast_head_json":{"title":"Simon Deli Se Retire et Lance Projet de Formation - C\u00f4te d&#039;Ivoire","description":"Une page se tourne pour l\u2019ex-international ivoirien Simon Deli, et une autre s\u2019ouvre, re\u0301solument tourne\u0301e vers l\u2019avenir ...","robots":{"index":"index","follow":"follow","max-snippet":"max-snippet:-1","max-image-preview":"max-image-preview:large","max-video-preview":"max-video-preview:-1"},"canonical":"https:\/\/www.africa-press.net\/cotedivoire\/sports\/simon-deli-se-retire-et-lance-projet-de-formation","og_locale":"fr_FR","og_type":"article","og_title":"Simon Deli Se Retire et Lance Projet de Formation","og_description":"Une page se tourne pour l\u2019ex-international ivoirien Simon Deli, et une autre s\u2019ouvre, re\u0301solument tourne\u0301e vers l\u2019avenir ...","og_url":"https:\/\/www.africa-press.net\/cotedivoire\/sports\/simon-deli-se-retire-et-lance-projet-de-formation","og_site_name":"C\u00f4te d&#039;Ivoire","article_published_time":"2026-04-28T12:57:39+00:00","article_modified_time":"2026-04-28T13:07:53+00:00","og_image":[{"width":720,"height":453,"url":"https:\/\/static.africa-press.net\/cote\/sites\/43\/2026\/04\/sm_1777368968.067538.jpg","type":"image\/jpeg"}],"author":"cfeditorfr","twitter_card":"summary_large_image","twitter_misc":{"\u00c9crit par":"cfeditorfr","Dur\u00e9e de lecture estim\u00e9e":"2 minutes"},"schema":{"@context":"https:\/\/schema.org","@graph":[{"@type":"Article","@id":"https:\/\/www.africa-press.net\/cotedivoire\/sports\/simon-deli-se-retire-et-lance-projet-de-formation#article","isPartOf":{"@id":"https:\/\/www.africa-press.net\/cotedivoire\/sports\/simon-deli-se-retire-et-lance-projet-de-formation"},"author":{"name":"cfeditorfr","@id":"https:\/\/www.africa-press.net\/cotedivoire\/#\/schema\/person\/2b1cf3cd81a31e3cd26889ca66d677f1"},"headline":"Simon Deli Se Retire et Lance Projet de Formation","datePublished":"2026-04-28T12:57:39+00:00","dateModified":"2026-04-28T13:07:53+00:00","mainEntityOfPage":{"@id":"https:\/\/www.africa-press.net\/cotedivoire\/sports\/simon-deli-se-retire-et-lance-projet-de-formation"},"wordCount":354,"commentCount":0,"image":{"@id":"https:\/\/www.africa-press.net\/cotedivoire\/sports\/simon-deli-se-retire-et-lance-projet-de-formation#primaryimage"},"thumbnailUrl":"https:\/\/static.africa-press.net\/cote\/sites\/43\/2026\/04\/sm_1777368968.067538.jpg","keywords":["Acad\u00e9mie","Adj\u00e9 Silas Metch","C\u00d4TE D'IVOIRE","Football","ivoirien","jeunes","retraite sportive","Simon Deli","talents"],"articleSection":["Sports","Toutes les actualit\u00e9s"],"inLanguage":"fr-FR","potentialAction":[{"@type":"CommentAction","name":"Comment","target":["https:\/\/www.africa-press.net\/cotedivoire\/sports\/simon-deli-se-retire-et-lance-projet-de-formation#respond"]}]},{"@type":"WebPage","@id":"https:\/\/www.africa-press.net\/cotedivoire\/sports\/simon-deli-se-retire-et-lance-projet-de-formation","url":"https:\/\/www.africa-press.net\/cotedivoire\/sports\/simon-deli-se-retire-et-lance-projet-de-formation","name":"Simon Deli Se Retire et Lance Projet de Formation - C\u00f4te d&#039;Ivoire","isPartOf":{"@id":"https:\/\/www.africa-press.net\/cotedivoire\/#website"},"primaryImageOfPage":{"@id":"https:\/\/www.africa-press.net\/cotedivoire\/sports\/simon-deli-se-retire-et-lance-projet-de-formation#primaryimage"},"image":{"@id":"https:\/\/www.africa-press.net\/cotedivoire\/sports\/simon-deli-se-retire-et-lance-projet-de-formation#primaryimage"},"thumbnailUrl":"https:\/\/static.africa-press.net\/cote\/sites\/43\/2026\/04\/sm_1777368968.067538.jpg","datePublished":"2026-04-28T12:57:39+00:00","dateModified":"2026-04-28T13:07:53+00:00","author":{"@id":"https:\/\/www.africa-press.net\/cotedivoire\/#\/schema\/person\/2b1cf3cd81a31e3cd26889ca66d677f1"},"description":"Une page se tourne pour l\u2019ex-international ivoirien Simon Deli, et une autre s\u2019ouvre, re\u0301solument tourne\u0301e vers l\u2019avenir ...","breadcrumb":{"@id":"https:\/\/www.africa-press.net\/cotedivoire\/sports\/simon-deli-se-retire-et-lance-projet-de-formation#breadcrumb"},"inLanguage":"fr-FR","potentialAction":[{"@type":"ReadAction","target":["https:\/\/www.africa-press.net\/cotedivoire\/sports\/simon-deli-se-retire-et-lance-projet-de-formation"]}]},{"@type":"ImageObject","inLanguage":"fr-FR","@id":"https:\/\/www.africa-press.net\/cotedivoire\/sports\/simon-deli-se-retire-et-lance-projet-de-formation#primaryimage","url":"https:\/\/static.africa-press.net\/cote\/sites\/43\/2026\/04\/sm_1777368968.067538.jpg","contentUrl":"https:\/\/static.africa-press.net\/cote\/sites\/43\/2026\/04\/sm_1777368968.067538.jpg","width":720,"height":453,"caption":"Simon Deli Se Retire et Lance Projet de Formation"},{"@type":"BreadcrumbList","@id":"https:\/\/www.africa-press.net\/cotedivoire\/sports\/simon-deli-se-retire-et-lance-projet-de-formation#breadcrumb","itemListElement":[{"@type":"ListItem","position":1,"name":"Accueil","item":"https:\/\/www.africa-press.net\/cotedivoire\/"},{"@type":"ListItem","position":2,"name":"Simon Deli Se Retire et Lance Projet de Formation"}]},{"@type":"WebSite","@id":"https:\/\/www.africa-press.net\/cotedivoire\/#website","url":"https:\/\/www.africa-press.net\/cotedivoire\/","name":"C\u00f4te d&#039;Ivoire","description":"Just another Africa News Agency Sites site","potentialAction":[{"@type":"SearchAction","target":{"@type":"EntryPoint","urlTemplate":"https:\/\/www.africa-press.net\/cotedivoire\/?s={search_term_string}"},"query-input":{"@type":"PropertyValueSpecification","valueRequired":true,"valueName":"search_term_string"}}],"inLanguage":"fr-FR"},{"@type":"Person","@id":"https:\/\/www.africa-press.net\/cotedivoire\/#\/schema\/person\/2b1cf3cd81a31e3cd26889ca66d677f1","name":"cfeditorfr"}]}},"_links":{"self":[{"href":"https:\/\/www.africa-press.net\/cotedivoire\/wp-json\/wp\/v2\/posts\/115277","targetHints":{"allow":["GET"]}}],"collection":[{"href":"https:\/\/www.africa-press.net\/cotedivoire\/wp-json\/wp\/v2\/posts"}],"about":[{"href":"https:\/\/www.africa-press.net\/cotedivoire\/wp-json\/wp\/v2\/types\/post"}],"author":[{"embeddable":true,"href":"https:\/\/www.africa-press.net\/cotedivoire\/wp-json\/wp\/v2\/users\/82"}],"replies":[{"embeddable":true,"href":"https:\/\/www.africa-press.net\/cotedivoire\/wp-json\/wp\/v2\/comments?post=115277"}],"version-history":[{"count":1,"href":"https:\/\/www.africa-press.net\/cotedivoire\/wp-json\/wp\/v2\/posts\/115277\/revisions"}],"predecessor-version":[{"id":115283,"href":"https:\/\/www.africa-press.net\/cotedivoire\/wp-json\/wp\/v2\/posts\/115277\/revisions\/115283"}],"wp:featuredmedia":[{"embeddable":true,"href":"https:\/\/www.africa-press.net\/cotedivoire\/wp-json\/wp\/v2\/media\/115275"}],"wp:attachment":[{"href":"https:\/\/www.africa-press.net\/cotedivoire\/wp-json\/wp\/v2\/media?parent=115277"}],"wp:term":[{"taxonomy":"category","embeddable":true,"href":"https:\/\/www.africa-press.net\/cotedivoire\/wp-json\/wp\/v2\/categories?post=115277"},{"taxonomy":"post_tag","embeddable":true,"href":"https:\/\/www.africa-press.net\/cotedivoire\/wp-json\/wp\/v2\/tags?post=115277"}],"curies":[{"name":"wp","href":"https:\/\/api.w.org\/{rel}","templated":true}]}}