{"id":115279,"date":"2026-04-28T12:57:53","date_gmt":"2026-04-28T12:57:53","guid":{"rendered":"https:\/\/www.africa-press.net\/cotedivoire\/politique\/incident-industriel-a-ferke-2-sauvetage-dun-affluent"},"modified":"2026-04-28T13:09:02","modified_gmt":"2026-04-28T13:09:02","slug":"incident-industriel-a-ferke-2-sauvetage-dun-affluent","status":"publish","type":"post","link":"https:\/\/www.africa-press.net\/cotedivoire\/economie\/incident-industriel-a-ferke-2-sauvetage-dun-affluent","title":{"rendered":"Incident Industriel \u00e0 Ferk\u00e9 2 Sauvetage d&rsquo;un Affluent"},"content":{"rendered":"<p><span style=\"color: #ff6600\"><strong>Africa-Press &#8211; C\u00f4te d&rsquo;Ivoire. <\/strong><\/span>Dans un communique\u0301 publie\u0301 le 23 avril 2026, les Sucreries africaines de Co\u0302te d\u2019Ivoire (Sucaf-CI), implante\u0301es entre les re\u0301gions du Tchologo et du Hambol, ont fait e\u0301tat d\u2019un incident technique sur leur site de Ferke\u0301 2. Ce dysfonctionnement a entrai\u0302ne\u0301 un de\u0301versement de me\u0301lasse qui a perturbe\u0301 la vie des riverains et provoque\u0301 l\u2019e\u0301coulement d\u2019eaux me\u0301lasse\u0301es vers un affluent du fleuve Bandama.<\/p>\n<p>Le lundi 27 avril 2026, l\u2019entreprise a diffuse\u0301 une note a\u0300 la presse locale de\u0301taillant les actions techniques et environnementales engage\u0301es pour prote\u0301ger les populations proches de son site industriel.<\/p>\n<p>D\u2019apre\u0300s ce document, une digue en terre avait e\u0301te\u0301 e\u0301rige\u0301e pour contenir la me\u0301lasse et pre\u0301venir une pollution de l\u2019environnement. Toutefois, les fortes pluies survenues par la suite ont affaibli ce dispositif de confinement. Des e\u0301quipes techniques ont e\u0301te\u0301 mobilise\u0301es pour re\u0301parer la bre\u0300che et stopper l\u2019e\u0301coulement.<\/p>\n<p>La Sucaf-CI indique avoir imme\u0301diatement mis en place plusieurs actions. L\u2019entreprise a informe\u0301 les autorite\u0301s administratives et coutumie\u0300res et travaille en e\u0301troite collaboration avec les services techniques du Hambol et du Tchologo. Sont notamment implique\u0301s la Sous-Pre\u0301fecture de Badikaha, la Direction re\u0301gionale des ressources animales et halieutiques du Hambol, le cantonnement des Eaux et Fore\u0302ts de Tafire\u0301 et le Centre ivoirien antipollution (CIAPOL). Un pompage intensif des eaux me\u0301lasse\u0301es a e\u0301te\u0301 lance\u0301. Celles-ci sont valorise\u0301es par irrigation des parcelles agricoles et par e\u0301pandage sur les pistes.<\/p>\n<p>Pour pre\u0301server la qualite\u0301 de l\u2019eau destine\u0301e aux me\u0301nages, la Sucaf-CI a proce\u0301de\u0301 a\u0300 un contro\u0302le imme\u0301diat de l\u2019eau potable dans les villages environnants. Les populations riveraines ont e\u0301te\u0301 sensibilise\u0301es a\u0300 l\u2019interdiction de consommer les produits halieutiques provenant des zones impacte\u0301es. Une distribution d\u2019eau potable est assure\u0301e re\u0301gulie\u0300rement depuis le de\u0301but de l\u2019incident.<\/p>\n<p>Sur le plan technique, des analyses physico-chimiques des eaux de surface sont re\u0301alise\u0301es en amont et en aval du point de rejet. L\u2019entreprise effectue aussi une observation de la faune aquatique et un suivi de la re\u0301ge\u0301ne\u0301ration du milieu.<\/p>\n<p>La Sucaf-CI affirme que toutes les dispositions ne\u0301cessaires sont de\u0301ploye\u0301es sans de\u0301lai pour prote\u0301ger l\u2019environnement et la sante\u0301 publique. Gra\u0302ce a\u0300 ces mesures, une ame\u0301lioration de la situation est observe\u0301e depuis le 25 avril 2026.<\/p>\n<p><strong>Pour plus d&rsquo;informations et d&rsquo;analyses sur la <span style=\"color: #ff6600\">C\u00f4te d&rsquo;Ivoire<\/span>, suivez <span style=\"color: #ff6600\">Africa-Press<\/span><\/strong><\/p>\n","protected":false},"excerpt":{"rendered":"<p>Africa-Press &#8211; C\u00f4te d&rsquo;Ivoire. Dans un communique\u0301 publie\u0301 le 23 avril 2026, les Sucreries africaines de Co\u0302te d\u2019Ivoire (Sucaf-CI), implante\u0301es entre les re\u0301gions du Tchologo et du Hambol, ont fait e\u0301tat d\u2019un incident technique sur leur site de Ferke\u0301 2. Ce dysfonctionnement a entrai\u0302ne\u0301 un de\u0301versement de me\u0301lasse qui a perturbe\u0301 la vie des riverains [&hellip;]<\/p>\n","protected":false},"author":82,"featured_media":115278,"comment_status":"open","ping_status":"closed","sticky":false,"template":"","format":"standard","meta":{"footnotes":""},"categories":[3,10],"tags":[3767,29,20865,3284,20866,6083,893,20867],"class_list":["post-115279","post","type-post","status-publish","format-standard","has-post-thumbnail","hentry","category-economie","category-toutes-les-actualites","tag-bandama","tag-cote-divoire","tag-ferke-2","tag-hambol","tag-melasse","tag-sucaf-ci","tag-tchologo","tag-villages-eau"],"yoast_head":"<!-- This site is optimized with the Yoast SEO Premium plugin v26.1 (Yoast SEO v27.0) - https:\/\/yoast.com\/product\/yoast-seo-premium-wordpress\/ -->\n<title>Incident Industriel \u00e0 Ferk\u00e9 2 Sauvetage d&#039;un Affluent - C\u00f4te d&#039;Ivoire<\/title>\n<meta name=\"description\" content=\"Dans un communique\u0301 publie\u0301 le 23 avril 2026, les Sucreries africaines de Co\u0302te d\u2019Ivoire (Sucaf-CI), implante\u0301es entre l ...\" \/>\n<meta name=\"robots\" content=\"index, follow, max-snippet:-1, max-image-preview:large, max-video-preview:-1\" \/>\n<link rel=\"canonical\" href=\"https:\/\/www.africa-press.net\/cotedivoire\/economie\/incident-industriel-a-ferke-2-sauvetage-dun-affluent\" \/>\n<meta property=\"og:locale\" content=\"fr_FR\" \/>\n<meta property=\"og:type\" content=\"article\" \/>\n<meta property=\"og:title\" content=\"Incident Industriel \u00e0 Ferk\u00e9 2 Sauvetage d&#039;un Affluent\" \/>\n<meta property=\"og:description\" content=\"Dans un communique\u0301 publie\u0301 le 23 avril 2026, les Sucreries africaines de Co\u0302te d\u2019Ivoire (Sucaf-CI), implante\u0301es entre l ...\" \/>\n<meta property=\"og:url\" content=\"https:\/\/www.africa-press.net\/cotedivoire\/economie\/incident-industriel-a-ferke-2-sauvetage-dun-affluent\" \/>\n<meta property=\"og:site_name\" content=\"C\u00f4te d&#039;Ivoire\" \/>\n<meta property=\"article:published_time\" content=\"2026-04-28T12:57:53+00:00\" \/>\n<meta property=\"article:modified_time\" content=\"2026-04-28T13:09:02+00:00\" \/>\n<meta property=\"og:image\" content=\"https:\/\/static.africa-press.net\/cote\/sites\/43\/2026\/04\/sm_1777368981.508427.jpg\" \/>\n\t<meta property=\"og:image:width\" content=\"720\" \/>\n\t<meta property=\"og:image:height\" content=\"405\" \/>\n\t<meta property=\"og:image:type\" content=\"image\/jpeg\" \/>\n<meta name=\"author\" content=\"cfeditorfr\" \/>\n<meta name=\"twitter:card\" content=\"summary_large_image\" \/>\n<meta name=\"twitter:label1\" content=\"\u00c9crit par\" \/>\n\t<meta name=\"twitter:data1\" content=\"cfeditorfr\" \/>\n\t<meta name=\"twitter:label2\" content=\"Dur\u00e9e de lecture estim\u00e9e\" \/>\n\t<meta name=\"twitter:data2\" content=\"3 minutes\" \/>\n<script type=\"application\/ld+json\" class=\"yoast-schema-graph\">{\"@context\":\"https:\/\/schema.org\",\"@graph\":[{\"@type\":\"Article\",\"@id\":\"https:\/\/www.africa-press.net\/cotedivoire\/economie\/incident-industriel-a-ferke-2-sauvetage-dun-affluent#article\",\"isPartOf\":{\"@id\":\"https:\/\/www.africa-press.net\/cotedivoire\/economie\/incident-industriel-a-ferke-2-sauvetage-dun-affluent\"},\"author\":{\"name\":\"cfeditorfr\",\"@id\":\"https:\/\/www.africa-press.net\/cotedivoire\/#\/schema\/person\/2b1cf3cd81a31e3cd26889ca66d677f1\"},\"headline\":\"Incident Industriel \u00e0 Ferk\u00e9 2 Sauvetage d&rsquo;un Affluent\",\"datePublished\":\"2026-04-28T12:57:53+00:00\",\"dateModified\":\"2026-04-28T13:09:02+00:00\",\"mainEntityOfPage\":{\"@id\":\"https:\/\/www.africa-press.net\/cotedivoire\/economie\/incident-industriel-a-ferke-2-sauvetage-dun-affluent\"},\"wordCount\":453,\"commentCount\":0,\"image\":{\"@id\":\"https:\/\/www.africa-press.net\/cotedivoire\/economie\/incident-industriel-a-ferke-2-sauvetage-dun-affluent#primaryimage\"},\"thumbnailUrl\":\"https:\/\/static.africa-press.net\/cote\/sites\/43\/2026\/04\/sm_1777368981.508427.jpg\",\"keywords\":[\"Bandama\",\"C\u00d4TE D'IVOIRE\",\"Ferk\u00e9 2\",\"Hambol\",\"m\u00e9lasse\",\"SUCAF-CI\",\"Tchologo\",\"villages eau\"],\"articleSection\":[\"\u00c9conomie\",\"Toutes les actualit\u00e9s\"],\"inLanguage\":\"fr-FR\",\"potentialAction\":[{\"@type\":\"CommentAction\",\"name\":\"Comment\",\"target\":[\"https:\/\/www.africa-press.net\/cotedivoire\/economie\/incident-industriel-a-ferke-2-sauvetage-dun-affluent#respond\"]}]},{\"@type\":\"WebPage\",\"@id\":\"https:\/\/www.africa-press.net\/cotedivoire\/economie\/incident-industriel-a-ferke-2-sauvetage-dun-affluent\",\"url\":\"https:\/\/www.africa-press.net\/cotedivoire\/economie\/incident-industriel-a-ferke-2-sauvetage-dun-affluent\",\"name\":\"Incident Industriel \u00e0 Ferk\u00e9 2 Sauvetage d'un Affluent - C\u00f4te d&#039;Ivoire\",\"isPartOf\":{\"@id\":\"https:\/\/www.africa-press.net\/cotedivoire\/#website\"},\"primaryImageOfPage\":{\"@id\":\"https:\/\/www.africa-press.net\/cotedivoire\/economie\/incident-industriel-a-ferke-2-sauvetage-dun-affluent#primaryimage\"},\"image\":{\"@id\":\"https:\/\/www.africa-press.net\/cotedivoire\/economie\/incident-industriel-a-ferke-2-sauvetage-dun-affluent#primaryimage\"},\"thumbnailUrl\":\"https:\/\/static.africa-press.net\/cote\/sites\/43\/2026\/04\/sm_1777368981.508427.jpg\",\"datePublished\":\"2026-04-28T12:57:53+00:00\",\"dateModified\":\"2026-04-28T13:09:02+00:00\",\"author\":{\"@id\":\"https:\/\/www.africa-press.net\/cotedivoire\/#\/schema\/person\/2b1cf3cd81a31e3cd26889ca66d677f1\"},\"description\":\"Dans un communique\u0301 publie\u0301 le 23 avril 2026, les Sucreries africaines de Co\u0302te d\u2019Ivoire (Sucaf-CI), implante\u0301es entre l ...\",\"breadcrumb\":{\"@id\":\"https:\/\/www.africa-press.net\/cotedivoire\/economie\/incident-industriel-a-ferke-2-sauvetage-dun-affluent#breadcrumb\"},\"inLanguage\":\"fr-FR\",\"potentialAction\":[{\"@type\":\"ReadAction\",\"target\":[\"https:\/\/www.africa-press.net\/cotedivoire\/economie\/incident-industriel-a-ferke-2-sauvetage-dun-affluent\"]}]},{\"@type\":\"ImageObject\",\"inLanguage\":\"fr-FR\",\"@id\":\"https:\/\/www.africa-press.net\/cotedivoire\/economie\/incident-industriel-a-ferke-2-sauvetage-dun-affluent#primaryimage\",\"url\":\"https:\/\/static.africa-press.net\/cote\/sites\/43\/2026\/04\/sm_1777368981.508427.jpg\",\"contentUrl\":\"https:\/\/static.africa-press.net\/cote\/sites\/43\/2026\/04\/sm_1777368981.508427.jpg\",\"width\":720,\"height\":405,\"caption\":\"Incident Industriel \u00e0 Ferk\u00e9 2 Sauvetage d'un Affluent\"},{\"@type\":\"BreadcrumbList\",\"@id\":\"https:\/\/www.africa-press.net\/cotedivoire\/economie\/incident-industriel-a-ferke-2-sauvetage-dun-affluent#breadcrumb\",\"itemListElement\":[{\"@type\":\"ListItem\",\"position\":1,\"name\":\"Accueil\",\"item\":\"https:\/\/www.africa-press.net\/cotedivoire\/\"},{\"@type\":\"ListItem\",\"position\":2,\"name\":\"Incident Industriel \u00e0 Ferk\u00e9 2 Sauvetage d&#8217;un Affluent\"}]},{\"@type\":\"WebSite\",\"@id\":\"https:\/\/www.africa-press.net\/cotedivoire\/#website\",\"url\":\"https:\/\/www.africa-press.net\/cotedivoire\/\",\"name\":\"C\u00f4te d&#039;Ivoire\",\"description\":\"Just another Africa News Agency Sites site\",\"potentialAction\":[{\"@type\":\"SearchAction\",\"target\":{\"@type\":\"EntryPoint\",\"urlTemplate\":\"https:\/\/www.africa-press.net\/cotedivoire\/?s={search_term_string}\"},\"query-input\":{\"@type\":\"PropertyValueSpecification\",\"valueRequired\":true,\"valueName\":\"search_term_string\"}}],\"inLanguage\":\"fr-FR\"},{\"@type\":\"Person\",\"@id\":\"https:\/\/www.africa-press.net\/cotedivoire\/#\/schema\/person\/2b1cf3cd81a31e3cd26889ca66d677f1\",\"name\":\"cfeditorfr\"}]}<\/script>\n<!-- \/ Yoast SEO Premium plugin. -->","yoast_head_json":{"title":"Incident Industriel \u00e0 Ferk\u00e9 2 Sauvetage d'un Affluent - C\u00f4te d&#039;Ivoire","description":"Dans un communique\u0301 publie\u0301 le 23 avril 2026, les Sucreries africaines de Co\u0302te d\u2019Ivoire (Sucaf-CI), implante\u0301es entre l ...","robots":{"index":"index","follow":"follow","max-snippet":"max-snippet:-1","max-image-preview":"max-image-preview:large","max-video-preview":"max-video-preview:-1"},"canonical":"https:\/\/www.africa-press.net\/cotedivoire\/economie\/incident-industriel-a-ferke-2-sauvetage-dun-affluent","og_locale":"fr_FR","og_type":"article","og_title":"Incident Industriel \u00e0 Ferk\u00e9 2 Sauvetage d'un Affluent","og_description":"Dans un communique\u0301 publie\u0301 le 23 avril 2026, les Sucreries africaines de Co\u0302te d\u2019Ivoire (Sucaf-CI), implante\u0301es entre l ...","og_url":"https:\/\/www.africa-press.net\/cotedivoire\/economie\/incident-industriel-a-ferke-2-sauvetage-dun-affluent","og_site_name":"C\u00f4te d&#039;Ivoire","article_published_time":"2026-04-28T12:57:53+00:00","article_modified_time":"2026-04-28T13:09:02+00:00","og_image":[{"width":720,"height":405,"url":"https:\/\/static.africa-press.net\/cote\/sites\/43\/2026\/04\/sm_1777368981.508427.jpg","type":"image\/jpeg"}],"author":"cfeditorfr","twitter_card":"summary_large_image","twitter_misc":{"\u00c9crit par":"cfeditorfr","Dur\u00e9e de lecture estim\u00e9e":"3 minutes"},"schema":{"@context":"https:\/\/schema.org","@graph":[{"@type":"Article","@id":"https:\/\/www.africa-press.net\/cotedivoire\/economie\/incident-industriel-a-ferke-2-sauvetage-dun-affluent#article","isPartOf":{"@id":"https:\/\/www.africa-press.net\/cotedivoire\/economie\/incident-industriel-a-ferke-2-sauvetage-dun-affluent"},"author":{"name":"cfeditorfr","@id":"https:\/\/www.africa-press.net\/cotedivoire\/#\/schema\/person\/2b1cf3cd81a31e3cd26889ca66d677f1"},"headline":"Incident Industriel \u00e0 Ferk\u00e9 2 Sauvetage d&rsquo;un Affluent","datePublished":"2026-04-28T12:57:53+00:00","dateModified":"2026-04-28T13:09:02+00:00","mainEntityOfPage":{"@id":"https:\/\/www.africa-press.net\/cotedivoire\/economie\/incident-industriel-a-ferke-2-sauvetage-dun-affluent"},"wordCount":453,"commentCount":0,"image":{"@id":"https:\/\/www.africa-press.net\/cotedivoire\/economie\/incident-industriel-a-ferke-2-sauvetage-dun-affluent#primaryimage"},"thumbnailUrl":"https:\/\/static.africa-press.net\/cote\/sites\/43\/2026\/04\/sm_1777368981.508427.jpg","keywords":["Bandama","C\u00d4TE D'IVOIRE","Ferk\u00e9 2","Hambol","m\u00e9lasse","SUCAF-CI","Tchologo","villages eau"],"articleSection":["\u00c9conomie","Toutes les actualit\u00e9s"],"inLanguage":"fr-FR","potentialAction":[{"@type":"CommentAction","name":"Comment","target":["https:\/\/www.africa-press.net\/cotedivoire\/economie\/incident-industriel-a-ferke-2-sauvetage-dun-affluent#respond"]}]},{"@type":"WebPage","@id":"https:\/\/www.africa-press.net\/cotedivoire\/economie\/incident-industriel-a-ferke-2-sauvetage-dun-affluent","url":"https:\/\/www.africa-press.net\/cotedivoire\/economie\/incident-industriel-a-ferke-2-sauvetage-dun-affluent","name":"Incident Industriel \u00e0 Ferk\u00e9 2 Sauvetage d'un Affluent - C\u00f4te d&#039;Ivoire","isPartOf":{"@id":"https:\/\/www.africa-press.net\/cotedivoire\/#website"},"primaryImageOfPage":{"@id":"https:\/\/www.africa-press.net\/cotedivoire\/economie\/incident-industriel-a-ferke-2-sauvetage-dun-affluent#primaryimage"},"image":{"@id":"https:\/\/www.africa-press.net\/cotedivoire\/economie\/incident-industriel-a-ferke-2-sauvetage-dun-affluent#primaryimage"},"thumbnailUrl":"https:\/\/static.africa-press.net\/cote\/sites\/43\/2026\/04\/sm_1777368981.508427.jpg","datePublished":"2026-04-28T12:57:53+00:00","dateModified":"2026-04-28T13:09:02+00:00","author":{"@id":"https:\/\/www.africa-press.net\/cotedivoire\/#\/schema\/person\/2b1cf3cd81a31e3cd26889ca66d677f1"},"description":"Dans un communique\u0301 publie\u0301 le 23 avril 2026, les Sucreries africaines de Co\u0302te d\u2019Ivoire (Sucaf-CI), implante\u0301es entre l ...","breadcrumb":{"@id":"https:\/\/www.africa-press.net\/cotedivoire\/economie\/incident-industriel-a-ferke-2-sauvetage-dun-affluent#breadcrumb"},"inLanguage":"fr-FR","potentialAction":[{"@type":"ReadAction","target":["https:\/\/www.africa-press.net\/cotedivoire\/economie\/incident-industriel-a-ferke-2-sauvetage-dun-affluent"]}]},{"@type":"ImageObject","inLanguage":"fr-FR","@id":"https:\/\/www.africa-press.net\/cotedivoire\/economie\/incident-industriel-a-ferke-2-sauvetage-dun-affluent#primaryimage","url":"https:\/\/static.africa-press.net\/cote\/sites\/43\/2026\/04\/sm_1777368981.508427.jpg","contentUrl":"https:\/\/static.africa-press.net\/cote\/sites\/43\/2026\/04\/sm_1777368981.508427.jpg","width":720,"height":405,"caption":"Incident Industriel \u00e0 Ferk\u00e9 2 Sauvetage d'un Affluent"},{"@type":"BreadcrumbList","@id":"https:\/\/www.africa-press.net\/cotedivoire\/economie\/incident-industriel-a-ferke-2-sauvetage-dun-affluent#breadcrumb","itemListElement":[{"@type":"ListItem","position":1,"name":"Accueil","item":"https:\/\/www.africa-press.net\/cotedivoire\/"},{"@type":"ListItem","position":2,"name":"Incident Industriel \u00e0 Ferk\u00e9 2 Sauvetage d&#8217;un Affluent"}]},{"@type":"WebSite","@id":"https:\/\/www.africa-press.net\/cotedivoire\/#website","url":"https:\/\/www.africa-press.net\/cotedivoire\/","name":"C\u00f4te d&#039;Ivoire","description":"Just another Africa News Agency Sites site","potentialAction":[{"@type":"SearchAction","target":{"@type":"EntryPoint","urlTemplate":"https:\/\/www.africa-press.net\/cotedivoire\/?s={search_term_string}"},"query-input":{"@type":"PropertyValueSpecification","valueRequired":true,"valueName":"search_term_string"}}],"inLanguage":"fr-FR"},{"@type":"Person","@id":"https:\/\/www.africa-press.net\/cotedivoire\/#\/schema\/person\/2b1cf3cd81a31e3cd26889ca66d677f1","name":"cfeditorfr"}]}},"_links":{"self":[{"href":"https:\/\/www.africa-press.net\/cotedivoire\/wp-json\/wp\/v2\/posts\/115279","targetHints":{"allow":["GET"]}}],"collection":[{"href":"https:\/\/www.africa-press.net\/cotedivoire\/wp-json\/wp\/v2\/posts"}],"about":[{"href":"https:\/\/www.africa-press.net\/cotedivoire\/wp-json\/wp\/v2\/types\/post"}],"author":[{"embeddable":true,"href":"https:\/\/www.africa-press.net\/cotedivoire\/wp-json\/wp\/v2\/users\/82"}],"replies":[{"embeddable":true,"href":"https:\/\/www.africa-press.net\/cotedivoire\/wp-json\/wp\/v2\/comments?post=115279"}],"version-history":[{"count":1,"href":"https:\/\/www.africa-press.net\/cotedivoire\/wp-json\/wp\/v2\/posts\/115279\/revisions"}],"predecessor-version":[{"id":115284,"href":"https:\/\/www.africa-press.net\/cotedivoire\/wp-json\/wp\/v2\/posts\/115279\/revisions\/115284"}],"wp:featuredmedia":[{"embeddable":true,"href":"https:\/\/www.africa-press.net\/cotedivoire\/wp-json\/wp\/v2\/media\/115278"}],"wp:attachment":[{"href":"https:\/\/www.africa-press.net\/cotedivoire\/wp-json\/wp\/v2\/media?parent=115279"}],"wp:term":[{"taxonomy":"category","embeddable":true,"href":"https:\/\/www.africa-press.net\/cotedivoire\/wp-json\/wp\/v2\/categories?post=115279"},{"taxonomy":"post_tag","embeddable":true,"href":"https:\/\/www.africa-press.net\/cotedivoire\/wp-json\/wp\/v2\/tags?post=115279"}],"curies":[{"name":"wp","href":"https:\/\/api.w.org\/{rel}","templated":true}]}}