{"id":11625,"date":"2021-08-17T16:31:33","date_gmt":"2021-08-17T16:31:33","guid":{"rendered":"https:\/\/www.africa-press.net\/cotedivoire\/?p=11625"},"modified":"2021-08-18T22:54:24","modified_gmt":"2021-08-18T22:54:24","slug":"cote-divoire-lida-kouassi-moise-convoque-ce-mardi-a-la-gendarmerie-la-raison","status":"publish","type":"post","link":"https:\/\/www.africa-press.net\/cotedivoire\/parties\/cote-divoire-lida-kouassi-moise-convoque-ce-mardi-a-la-gendarmerie-la-raison","title":{"rendered":"Lida Kouassi Mo\u00efse convoqu\u00e9 ce mardi \u00e0 la Gendarmerie, la raison"},"content":{"rendered":"<p><span style=\"color: #ff6600\"><strong><a href=\"https:\/\/www.africa-press.net\/\">Africa-Press<\/a> &#8211; <a href=\"https:\/\/www.africa-press.net\/cotedivoire\">C\u00f4te d&rsquo;Ivoire<\/a>.\u00a0 <\/strong><\/span>L\u2019ancien Ministre d\u2019Etat, Lida Kouassi Moise a \u00e9t\u00e9 convoqu\u00e9 \u00e0 la gendarmerie ce mardi 17 ao\u00fbt 2021 \u00e0 09 h 15.<\/p>\n<p>C\u2019est ce proche de Laurent Gbagbo qui lui a m\u00eame livr\u00e9 l\u2019information aux militants de son parti, tout en r\u00e9v\u00e9lant les raisons de sa convocation.<\/p>\n<p>\u00ab Chers amis, militantes et militants, je viens par ce poste vous informer que je suis convoqu\u00e9 ce mardi \u00e0 la section de recherches d&rsquo;Abidjan pour motif d&rsquo;enqu\u00eate judiciaire \u00bb, a-t-il indiqu\u00e9.<\/p>\n<p>Que reprochent les autorit\u00e9s s\u00e9curitaires ou judiciaires une nouvelle fois \u00e0 l\u2019ancien Ministre de la D\u00e9fense qui a s\u00e9journ\u00e9 \u00e0 plusieurs reprises en prison depuis la fin de la crise post\u00e9lectorale de 2010-2011 ? L\u2019opinion sera situ\u00e9e certainement apr\u00e8s son audition dans les heures qui suivent&#8230;<\/p>\n<p>&nbsp;<\/p>\n","protected":false},"excerpt":{"rendered":"<p>Africa-Press &#8211; C\u00f4te d&rsquo;Ivoire.\u00a0 L\u2019ancien Ministre d\u2019Etat, Lida Kouassi Moise a \u00e9t\u00e9 convoqu\u00e9 \u00e0 la gendarmerie ce mardi 17 ao\u00fbt 2021 \u00e0 09 h 15. C\u2019est ce proche de Laurent Gbagbo qui lui a m\u00eame livr\u00e9 l\u2019information aux militants de son parti, tout en r\u00e9v\u00e9lant les raisons de sa convocation. \u00ab Chers amis, militantes et [&hellip;]<\/p>\n","protected":false},"author":82,"featured_media":11624,"comment_status":"open","ping_status":"closed","sticky":false,"template":"","format":"standard","meta":{"footnotes":""},"categories":[11,4,20,10],"tags":[56,63,29,450,447,449,50,448],"class_list":["post-11625","post","type-post","status-publish","format-standard","has-post-thumbnail","hentry","category-homepage-french","category-parties","category-top-nouvelles","category-toutes-les-actualites","tag-africa-press","tag-africa-press-cote-divoire","tag-cote-divoire","tag-enquete","tag-gendarmerie","tag-judiciaire","tag-laurent-gbagbo","tag-lida-kouassi"],"yoast_head":"<!-- This site is optimized with the Yoast SEO Premium plugin v26.1 (Yoast SEO v27.0) - https:\/\/yoast.com\/product\/yoast-seo-premium-wordpress\/ -->\n<title>Lida Kouassi Mo\u00efse convoqu\u00e9 ce mardi \u00e0 la Gendarmerie, la raison - C\u00f4te d&#039;Ivoire<\/title>\n<meta name=\"description\" content=\"Lida Kouassi (Ph) L\u2019ancien Ministre d\u2019Etat, Lida Kouassi Moise a \u00e9t\u00e9 convoqu\u00e9 \u00e0 la gendarmerie ce mardi 17 ao\u00fbt ...\" \/>\n<meta name=\"robots\" content=\"index, follow, max-snippet:-1, max-image-preview:large, max-video-preview:-1\" \/>\n<link rel=\"canonical\" href=\"https:\/\/www.africa-press.net\/cotedivoire\/parties\/cote-divoire-lida-kouassi-moise-convoque-ce-mardi-a-la-gendarmerie-la-raison\" \/>\n<meta property=\"og:locale\" content=\"fr_FR\" \/>\n<meta property=\"og:type\" content=\"article\" \/>\n<meta property=\"og:title\" content=\"Lida Kouassi Mo\u00efse convoqu\u00e9 ce mardi \u00e0 la Gendarmerie, la raison\" \/>\n<meta property=\"og:description\" content=\"Lida Kouassi (Ph) L\u2019ancien Ministre d\u2019Etat, Lida Kouassi Moise a \u00e9t\u00e9 convoqu\u00e9 \u00e0 la gendarmerie ce mardi 17 ao\u00fbt ...\" \/>\n<meta property=\"og:url\" content=\"https:\/\/www.africa-press.net\/cotedivoire\/parties\/cote-divoire-lida-kouassi-moise-convoque-ce-mardi-a-la-gendarmerie-la-raison\" \/>\n<meta property=\"og:site_name\" content=\"C\u00f4te d&#039;Ivoire\" \/>\n<meta property=\"article:published_time\" content=\"2021-08-17T16:31:33+00:00\" \/>\n<meta property=\"article:modified_time\" content=\"2021-08-18T22:54:24+00:00\" \/>\n<meta property=\"og:image\" content=\"https:\/\/static.africa-press.net\/cote\/sites\/43\/2021\/08\/img-611bd0f8ead98.jpg\" \/>\n\t<meta property=\"og:image:width\" content=\"720\" \/>\n\t<meta property=\"og:image:height\" content=\"448\" \/>\n\t<meta property=\"og:image:type\" content=\"image\/jpeg\" \/>\n<meta name=\"author\" content=\"cfeditorfr\" \/>\n<meta name=\"twitter:card\" content=\"summary_large_image\" \/>\n<meta name=\"twitter:label1\" content=\"\u00c9crit par\" \/>\n\t<meta name=\"twitter:data1\" content=\"cfeditorfr\" \/>\n\t<meta name=\"twitter:label2\" content=\"Dur\u00e9e de lecture estim\u00e9e\" \/>\n\t<meta name=\"twitter:data2\" content=\"1 minute\" \/>\n<script type=\"application\/ld+json\" class=\"yoast-schema-graph\">{\"@context\":\"https:\/\/schema.org\",\"@graph\":[{\"@type\":\"Article\",\"@id\":\"https:\/\/www.africa-press.net\/cotedivoire\/parties\/cote-divoire-lida-kouassi-moise-convoque-ce-mardi-a-la-gendarmerie-la-raison#article\",\"isPartOf\":{\"@id\":\"https:\/\/www.africa-press.net\/cotedivoire\/parties\/cote-divoire-lida-kouassi-moise-convoque-ce-mardi-a-la-gendarmerie-la-raison\"},\"author\":{\"name\":\"cfeditorfr\",\"@id\":\"https:\/\/www.africa-press.net\/cotedivoire\/#\/schema\/person\/2b1cf3cd81a31e3cd26889ca66d677f1\"},\"headline\":\"Lida Kouassi Mo\u00efse convoqu\u00e9 ce mardi \u00e0 la Gendarmerie, la raison\",\"datePublished\":\"2021-08-17T16:31:33+00:00\",\"dateModified\":\"2021-08-18T22:54:24+00:00\",\"mainEntityOfPage\":{\"@id\":\"https:\/\/www.africa-press.net\/cotedivoire\/parties\/cote-divoire-lida-kouassi-moise-convoque-ce-mardi-a-la-gendarmerie-la-raison\"},\"wordCount\":150,\"commentCount\":0,\"image\":{\"@id\":\"https:\/\/www.africa-press.net\/cotedivoire\/parties\/cote-divoire-lida-kouassi-moise-convoque-ce-mardi-a-la-gendarmerie-la-raison#primaryimage\"},\"thumbnailUrl\":\"https:\/\/static.africa-press.net\/cote\/sites\/43\/2021\/08\/img-611bd0f8ead98.jpg\",\"keywords\":[\"Africa Press\",\"Africa Press-C\u00f4te d'Ivoire\",\"C\u00d4TE D'IVOIRE\",\"enqu\u00eate\",\"Gendarmerie\",\"judiciaire\",\"Laurent Gbagbo\",\"Lida Kouassi\"],\"articleSection\":[\"homepage-french\",\"Parties\",\"Top Nouvelles\",\"Toutes les actualit\u00e9s\"],\"inLanguage\":\"fr-FR\",\"potentialAction\":[{\"@type\":\"CommentAction\",\"name\":\"Comment\",\"target\":[\"https:\/\/www.africa-press.net\/cotedivoire\/parties\/cote-divoire-lida-kouassi-moise-convoque-ce-mardi-a-la-gendarmerie-la-raison#respond\"]}]},{\"@type\":\"WebPage\",\"@id\":\"https:\/\/www.africa-press.net\/cotedivoire\/parties\/cote-divoire-lida-kouassi-moise-convoque-ce-mardi-a-la-gendarmerie-la-raison\",\"url\":\"https:\/\/www.africa-press.net\/cotedivoire\/parties\/cote-divoire-lida-kouassi-moise-convoque-ce-mardi-a-la-gendarmerie-la-raison\",\"name\":\"Lida Kouassi Mo\u00efse convoqu\u00e9 ce mardi \u00e0 la Gendarmerie, la raison - C\u00f4te d&#039;Ivoire\",\"isPartOf\":{\"@id\":\"https:\/\/www.africa-press.net\/cotedivoire\/#website\"},\"primaryImageOfPage\":{\"@id\":\"https:\/\/www.africa-press.net\/cotedivoire\/parties\/cote-divoire-lida-kouassi-moise-convoque-ce-mardi-a-la-gendarmerie-la-raison#primaryimage\"},\"image\":{\"@id\":\"https:\/\/www.africa-press.net\/cotedivoire\/parties\/cote-divoire-lida-kouassi-moise-convoque-ce-mardi-a-la-gendarmerie-la-raison#primaryimage\"},\"thumbnailUrl\":\"https:\/\/static.africa-press.net\/cote\/sites\/43\/2021\/08\/img-611bd0f8ead98.jpg\",\"datePublished\":\"2021-08-17T16:31:33+00:00\",\"dateModified\":\"2021-08-18T22:54:24+00:00\",\"author\":{\"@id\":\"https:\/\/www.africa-press.net\/cotedivoire\/#\/schema\/person\/2b1cf3cd81a31e3cd26889ca66d677f1\"},\"description\":\"Lida Kouassi (Ph) L\u2019ancien Ministre d\u2019Etat, Lida Kouassi Moise a \u00e9t\u00e9 convoqu\u00e9 \u00e0 la gendarmerie ce mardi 17 ao\u00fbt ...\",\"breadcrumb\":{\"@id\":\"https:\/\/www.africa-press.net\/cotedivoire\/parties\/cote-divoire-lida-kouassi-moise-convoque-ce-mardi-a-la-gendarmerie-la-raison#breadcrumb\"},\"inLanguage\":\"fr-FR\",\"potentialAction\":[{\"@type\":\"ReadAction\",\"target\":[\"https:\/\/www.africa-press.net\/cotedivoire\/parties\/cote-divoire-lida-kouassi-moise-convoque-ce-mardi-a-la-gendarmerie-la-raison\"]}]},{\"@type\":\"ImageObject\",\"inLanguage\":\"fr-FR\",\"@id\":\"https:\/\/www.africa-press.net\/cotedivoire\/parties\/cote-divoire-lida-kouassi-moise-convoque-ce-mardi-a-la-gendarmerie-la-raison#primaryimage\",\"url\":\"https:\/\/static.africa-press.net\/cote\/sites\/43\/2021\/08\/img-611bd0f8ead98.jpg\",\"contentUrl\":\"https:\/\/static.africa-press.net\/cote\/sites\/43\/2021\/08\/img-611bd0f8ead98.jpg\",\"width\":720,\"height\":448,\"caption\":\"C\u00f4te d'Ivoire : Lida Kouassi Mo\u00efse convoqu\u00e9 ce mardi \u00e0 la Gendarmerie, la raison\"},{\"@type\":\"BreadcrumbList\",\"@id\":\"https:\/\/www.africa-press.net\/cotedivoire\/parties\/cote-divoire-lida-kouassi-moise-convoque-ce-mardi-a-la-gendarmerie-la-raison#breadcrumb\",\"itemListElement\":[{\"@type\":\"ListItem\",\"position\":1,\"name\":\"Accueil\",\"item\":\"https:\/\/www.africa-press.net\/cotedivoire\/\"},{\"@type\":\"ListItem\",\"position\":2,\"name\":\"Lida Kouassi Mo\u00efse convoqu\u00e9 ce mardi \u00e0 la Gendarmerie, la raison\"}]},{\"@type\":\"WebSite\",\"@id\":\"https:\/\/www.africa-press.net\/cotedivoire\/#website\",\"url\":\"https:\/\/www.africa-press.net\/cotedivoire\/\",\"name\":\"C\u00f4te d&#039;Ivoire\",\"description\":\"Just another Africa News Agency Sites site\",\"potentialAction\":[{\"@type\":\"SearchAction\",\"target\":{\"@type\":\"EntryPoint\",\"urlTemplate\":\"https:\/\/www.africa-press.net\/cotedivoire\/?s={search_term_string}\"},\"query-input\":{\"@type\":\"PropertyValueSpecification\",\"valueRequired\":true,\"valueName\":\"search_term_string\"}}],\"inLanguage\":\"fr-FR\"},{\"@type\":\"Person\",\"@id\":\"https:\/\/www.africa-press.net\/cotedivoire\/#\/schema\/person\/2b1cf3cd81a31e3cd26889ca66d677f1\",\"name\":\"cfeditorfr\"}]}<\/script>\n<!-- \/ Yoast SEO Premium plugin. -->","yoast_head_json":{"title":"Lida Kouassi Mo\u00efse convoqu\u00e9 ce mardi \u00e0 la Gendarmerie, la raison - C\u00f4te d&#039;Ivoire","description":"Lida Kouassi (Ph) L\u2019ancien Ministre d\u2019Etat, Lida Kouassi Moise a \u00e9t\u00e9 convoqu\u00e9 \u00e0 la gendarmerie ce mardi 17 ao\u00fbt ...","robots":{"index":"index","follow":"follow","max-snippet":"max-snippet:-1","max-image-preview":"max-image-preview:large","max-video-preview":"max-video-preview:-1"},"canonical":"https:\/\/www.africa-press.net\/cotedivoire\/parties\/cote-divoire-lida-kouassi-moise-convoque-ce-mardi-a-la-gendarmerie-la-raison","og_locale":"fr_FR","og_type":"article","og_title":"Lida Kouassi Mo\u00efse convoqu\u00e9 ce mardi \u00e0 la Gendarmerie, la raison","og_description":"Lida Kouassi (Ph) L\u2019ancien Ministre d\u2019Etat, Lida Kouassi Moise a \u00e9t\u00e9 convoqu\u00e9 \u00e0 la gendarmerie ce mardi 17 ao\u00fbt ...","og_url":"https:\/\/www.africa-press.net\/cotedivoire\/parties\/cote-divoire-lida-kouassi-moise-convoque-ce-mardi-a-la-gendarmerie-la-raison","og_site_name":"C\u00f4te d&#039;Ivoire","article_published_time":"2021-08-17T16:31:33+00:00","article_modified_time":"2021-08-18T22:54:24+00:00","og_image":[{"width":720,"height":448,"url":"https:\/\/static.africa-press.net\/cote\/sites\/43\/2021\/08\/img-611bd0f8ead98.jpg","type":"image\/jpeg"}],"author":"cfeditorfr","twitter_card":"summary_large_image","twitter_misc":{"\u00c9crit par":"cfeditorfr","Dur\u00e9e de lecture estim\u00e9e":"1 minute"},"schema":{"@context":"https:\/\/schema.org","@graph":[{"@type":"Article","@id":"https:\/\/www.africa-press.net\/cotedivoire\/parties\/cote-divoire-lida-kouassi-moise-convoque-ce-mardi-a-la-gendarmerie-la-raison#article","isPartOf":{"@id":"https:\/\/www.africa-press.net\/cotedivoire\/parties\/cote-divoire-lida-kouassi-moise-convoque-ce-mardi-a-la-gendarmerie-la-raison"},"author":{"name":"cfeditorfr","@id":"https:\/\/www.africa-press.net\/cotedivoire\/#\/schema\/person\/2b1cf3cd81a31e3cd26889ca66d677f1"},"headline":"Lida Kouassi Mo\u00efse convoqu\u00e9 ce mardi \u00e0 la Gendarmerie, la raison","datePublished":"2021-08-17T16:31:33+00:00","dateModified":"2021-08-18T22:54:24+00:00","mainEntityOfPage":{"@id":"https:\/\/www.africa-press.net\/cotedivoire\/parties\/cote-divoire-lida-kouassi-moise-convoque-ce-mardi-a-la-gendarmerie-la-raison"},"wordCount":150,"commentCount":0,"image":{"@id":"https:\/\/www.africa-press.net\/cotedivoire\/parties\/cote-divoire-lida-kouassi-moise-convoque-ce-mardi-a-la-gendarmerie-la-raison#primaryimage"},"thumbnailUrl":"https:\/\/static.africa-press.net\/cote\/sites\/43\/2021\/08\/img-611bd0f8ead98.jpg","keywords":["Africa Press","Africa Press-C\u00f4te d'Ivoire","C\u00d4TE D'IVOIRE","enqu\u00eate","Gendarmerie","judiciaire","Laurent Gbagbo","Lida Kouassi"],"articleSection":["homepage-french","Parties","Top Nouvelles","Toutes les actualit\u00e9s"],"inLanguage":"fr-FR","potentialAction":[{"@type":"CommentAction","name":"Comment","target":["https:\/\/www.africa-press.net\/cotedivoire\/parties\/cote-divoire-lida-kouassi-moise-convoque-ce-mardi-a-la-gendarmerie-la-raison#respond"]}]},{"@type":"WebPage","@id":"https:\/\/www.africa-press.net\/cotedivoire\/parties\/cote-divoire-lida-kouassi-moise-convoque-ce-mardi-a-la-gendarmerie-la-raison","url":"https:\/\/www.africa-press.net\/cotedivoire\/parties\/cote-divoire-lida-kouassi-moise-convoque-ce-mardi-a-la-gendarmerie-la-raison","name":"Lida Kouassi Mo\u00efse convoqu\u00e9 ce mardi \u00e0 la Gendarmerie, la raison - C\u00f4te d&#039;Ivoire","isPartOf":{"@id":"https:\/\/www.africa-press.net\/cotedivoire\/#website"},"primaryImageOfPage":{"@id":"https:\/\/www.africa-press.net\/cotedivoire\/parties\/cote-divoire-lida-kouassi-moise-convoque-ce-mardi-a-la-gendarmerie-la-raison#primaryimage"},"image":{"@id":"https:\/\/www.africa-press.net\/cotedivoire\/parties\/cote-divoire-lida-kouassi-moise-convoque-ce-mardi-a-la-gendarmerie-la-raison#primaryimage"},"thumbnailUrl":"https:\/\/static.africa-press.net\/cote\/sites\/43\/2021\/08\/img-611bd0f8ead98.jpg","datePublished":"2021-08-17T16:31:33+00:00","dateModified":"2021-08-18T22:54:24+00:00","author":{"@id":"https:\/\/www.africa-press.net\/cotedivoire\/#\/schema\/person\/2b1cf3cd81a31e3cd26889ca66d677f1"},"description":"Lida Kouassi (Ph) L\u2019ancien Ministre d\u2019Etat, Lida Kouassi Moise a \u00e9t\u00e9 convoqu\u00e9 \u00e0 la gendarmerie ce mardi 17 ao\u00fbt ...","breadcrumb":{"@id":"https:\/\/www.africa-press.net\/cotedivoire\/parties\/cote-divoire-lida-kouassi-moise-convoque-ce-mardi-a-la-gendarmerie-la-raison#breadcrumb"},"inLanguage":"fr-FR","potentialAction":[{"@type":"ReadAction","target":["https:\/\/www.africa-press.net\/cotedivoire\/parties\/cote-divoire-lida-kouassi-moise-convoque-ce-mardi-a-la-gendarmerie-la-raison"]}]},{"@type":"ImageObject","inLanguage":"fr-FR","@id":"https:\/\/www.africa-press.net\/cotedivoire\/parties\/cote-divoire-lida-kouassi-moise-convoque-ce-mardi-a-la-gendarmerie-la-raison#primaryimage","url":"https:\/\/static.africa-press.net\/cote\/sites\/43\/2021\/08\/img-611bd0f8ead98.jpg","contentUrl":"https:\/\/static.africa-press.net\/cote\/sites\/43\/2021\/08\/img-611bd0f8ead98.jpg","width":720,"height":448,"caption":"C\u00f4te d'Ivoire : Lida Kouassi Mo\u00efse convoqu\u00e9 ce mardi \u00e0 la Gendarmerie, la raison"},{"@type":"BreadcrumbList","@id":"https:\/\/www.africa-press.net\/cotedivoire\/parties\/cote-divoire-lida-kouassi-moise-convoque-ce-mardi-a-la-gendarmerie-la-raison#breadcrumb","itemListElement":[{"@type":"ListItem","position":1,"name":"Accueil","item":"https:\/\/www.africa-press.net\/cotedivoire\/"},{"@type":"ListItem","position":2,"name":"Lida Kouassi Mo\u00efse convoqu\u00e9 ce mardi \u00e0 la Gendarmerie, la raison"}]},{"@type":"WebSite","@id":"https:\/\/www.africa-press.net\/cotedivoire\/#website","url":"https:\/\/www.africa-press.net\/cotedivoire\/","name":"C\u00f4te d&#039;Ivoire","description":"Just another Africa News Agency Sites site","potentialAction":[{"@type":"SearchAction","target":{"@type":"EntryPoint","urlTemplate":"https:\/\/www.africa-press.net\/cotedivoire\/?s={search_term_string}"},"query-input":{"@type":"PropertyValueSpecification","valueRequired":true,"valueName":"search_term_string"}}],"inLanguage":"fr-FR"},{"@type":"Person","@id":"https:\/\/www.africa-press.net\/cotedivoire\/#\/schema\/person\/2b1cf3cd81a31e3cd26889ca66d677f1","name":"cfeditorfr"}]}},"_links":{"self":[{"href":"https:\/\/www.africa-press.net\/cotedivoire\/wp-json\/wp\/v2\/posts\/11625","targetHints":{"allow":["GET"]}}],"collection":[{"href":"https:\/\/www.africa-press.net\/cotedivoire\/wp-json\/wp\/v2\/posts"}],"about":[{"href":"https:\/\/www.africa-press.net\/cotedivoire\/wp-json\/wp\/v2\/types\/post"}],"author":[{"embeddable":true,"href":"https:\/\/www.africa-press.net\/cotedivoire\/wp-json\/wp\/v2\/users\/82"}],"replies":[{"embeddable":true,"href":"https:\/\/www.africa-press.net\/cotedivoire\/wp-json\/wp\/v2\/comments?post=11625"}],"version-history":[{"count":0,"href":"https:\/\/www.africa-press.net\/cotedivoire\/wp-json\/wp\/v2\/posts\/11625\/revisions"}],"wp:featuredmedia":[{"embeddable":true,"href":"https:\/\/www.africa-press.net\/cotedivoire\/wp-json\/wp\/v2\/media\/11624"}],"wp:attachment":[{"href":"https:\/\/www.africa-press.net\/cotedivoire\/wp-json\/wp\/v2\/media?parent=11625"}],"wp:term":[{"taxonomy":"category","embeddable":true,"href":"https:\/\/www.africa-press.net\/cotedivoire\/wp-json\/wp\/v2\/categories?post=11625"},{"taxonomy":"post_tag","embeddable":true,"href":"https:\/\/www.africa-press.net\/cotedivoire\/wp-json\/wp\/v2\/tags?post=11625"}],"curies":[{"name":"wp","href":"https:\/\/api.w.org\/{rel}","templated":true}]}}