{"id":11628,"date":"2021-08-17T16:38:27","date_gmt":"2021-08-17T16:38:27","guid":{"rendered":"https:\/\/www.africa-press.net\/cotedivoire\/?p=11628"},"modified":"2021-08-18T22:54:37","modified_gmt":"2021-08-18T22:54:37","slug":"cote-divoire-mali-extraditions-vers-un-echange-karim-keita-et-ben-souk-entre-abidjan-et-bamako","status":"publish","type":"post","link":"https:\/\/www.africa-press.net\/cotedivoire\/politique\/cote-divoire-mali-extraditions-vers-un-echange-karim-keita-et-ben-souk-entre-abidjan-et-bamako","title":{"rendered":"Mali : Extraditions, vers un \u00e9change Karim Keita et Ben Souk entre Abidjan et Bamako"},"content":{"rendered":"<p><span style=\"color: #ff6600\"><strong><a href=\"https:\/\/www.africa-press.net\/\">Africa-Press<\/a> &#8211; <a href=\"https:\/\/www.africa-press.net\/cotedivoire\">C\u00f4te d&rsquo;Ivoire<\/a>. <\/strong><\/span>L\u2019extradition \u00e0 Abidjan de Sess Soukou Mohamed dit Ben Souk, arr\u00eat\u00e9 le 10 ao\u00fbt 2021 \u00e0 Bamako ne fait plus question d\u2019aucun doute, selon plusieurs sources maliennes.<\/p>\n<p>Le proche de Guillaume Soro a \u00e9t\u00e9 interpell\u00e9 sur instruction du procureur de la R\u00e9publique du tribunal de grande instance de la Commune 4 de la capitale Malienne.<\/p>\n<p>Le Procureur Idrissa Hamidou Tour\u00e9 a ordonn\u00e9 son arrestation sur ordre d\u2019un juge ivoirien du 9e cabinet du tribunal de premi\u00e8re instance d\u2019Abidjan-Plateau qui a d\u00e9cern\u00e9 un mandat d\u2019arr\u00eat, enfin ex\u00e9cut\u00e9, contre l\u2019ex-d\u00e9put\u00e9 pour des actes pr\u00e9sum\u00e9s \u00ab subversifs \u00bb.<\/p>\n<p>Une semaine apr\u00e8s son arrestation la question de son extradition \u00e0 Abidjan fait d\u00e9bat. Mais nous apprenons que les autorit\u00e9s maliennes aurait conditionn\u00e9 l\u2019ex\u00e9cution du mandat d\u2019arr\u00eat \u00e9mis contre Ben Souk, \u00e0 la r\u00e9ciprocit\u00e9 du Gouvernement ivoirien d\u2019extrader \u00e0 son tour, le fils de l\u2019ex-pr\u00e9sident Malien Ibrahim Boubakar Keita, Karim Keita.<\/p>\n<p>R\u00e9fugi\u00e9 \u00e0 Abidjan depuis la chute de son p\u00e8re en aout 2020, il est vis\u00e9 par un mandat d\u2019arr\u00eat international dans le cadre d\u2019une enqu\u00eate sur la disparition du journaliste Birama Tour\u00e9 en 2016.<\/p>\n<p>En juillet dernier, le porte-parole du Gouvernement ivoirien, Amadou Coulibaly, relevait qu\u2019aucune d\u00e9cision concernant l\u2019extradition de Karim Keita n\u2019avait \u00e9t\u00e9 prise \u00e0 ce stade.<\/p>\n<p>Mais l\u2019arrestation de Ben Souk par Bamako pourrait changer la donne dans les prochains jours, d\u2019o\u00f9 il serait de plus en plus question d\u2019\u00e9changer les deux personnalit\u00e9s recherch\u00e9es dans le but de maintenir les bonnes relations qui existent entre la C\u00f4te d\u2019Ivoire et le Mali.<\/p>\n<p>&nbsp;<\/p>\n","protected":false},"excerpt":{"rendered":"<p>Africa-Press &#8211; C\u00f4te d&rsquo;Ivoire. L\u2019extradition \u00e0 Abidjan de Sess Soukou Mohamed dit Ben Souk, arr\u00eat\u00e9 le 10 ao\u00fbt 2021 \u00e0 Bamako ne fait plus question d\u2019aucun doute, selon plusieurs sources maliennes. Le proche de Guillaume Soro a \u00e9t\u00e9 interpell\u00e9 sur instruction du procureur de la R\u00e9publique du tribunal de grande instance de la Commune 4 [&hellip;]<\/p>\n","protected":false},"author":82,"featured_media":11627,"comment_status":"open","ping_status":"closed","sticky":false,"template":"","format":"standard","meta":{"footnotes":""},"categories":[11,2,10],"tags":[30,56,63,456,455,454,29,453,451,452],"class_list":["post-11628","post","type-post","status-publish","format-standard","has-post-thumbnail","hentry","category-homepage-french","category-politique","category-toutes-les-actualites","tag-abidjan","tag-africa-press","tag-africa-press-cote-divoire","tag-amadou-coulibaly","tag-bamako","tag-ben-souk","tag-cote-divoire","tag-extraditions","tag-hamidou-toure","tag-karim-keita"],"yoast_head":"<!-- This site is optimized with the Yoast SEO Premium plugin v26.1 (Yoast SEO v27.0) - https:\/\/yoast.com\/product\/yoast-seo-premium-wordpress\/ -->\n<title>Mali : Extraditions, vers un \u00e9change Karim Keita et Ben Souk entre Abidjan et Bamako - C\u00f4te d&#039;Ivoire<\/title>\n<meta name=\"description\" content=\"Ben Souk L\u2019extradition \u00e0 Abidjan de Sess Soukou Mohamed dit Ben Souk, arr\u00eat\u00e9 le 10 ao\u00fbt 2021 \u00e0 Bamako ne fait pl ...\" \/>\n<meta name=\"robots\" content=\"index, follow, max-snippet:-1, max-image-preview:large, max-video-preview:-1\" \/>\n<link rel=\"canonical\" href=\"https:\/\/www.africa-press.net\/cotedivoire\/politique\/cote-divoire-mali-extraditions-vers-un-echange-karim-keita-et-ben-souk-entre-abidjan-et-bamako\" \/>\n<meta property=\"og:locale\" content=\"fr_FR\" \/>\n<meta property=\"og:type\" content=\"article\" \/>\n<meta property=\"og:title\" content=\"Mali : Extraditions, vers un \u00e9change Karim Keita et Ben Souk entre Abidjan et Bamako\" \/>\n<meta property=\"og:description\" content=\"Ben Souk L\u2019extradition \u00e0 Abidjan de Sess Soukou Mohamed dit Ben Souk, arr\u00eat\u00e9 le 10 ao\u00fbt 2021 \u00e0 Bamako ne fait pl ...\" \/>\n<meta property=\"og:url\" content=\"https:\/\/www.africa-press.net\/cotedivoire\/politique\/cote-divoire-mali-extraditions-vers-un-echange-karim-keita-et-ben-souk-entre-abidjan-et-bamako\" \/>\n<meta property=\"og:site_name\" content=\"C\u00f4te d&#039;Ivoire\" \/>\n<meta property=\"article:published_time\" content=\"2021-08-17T16:38:27+00:00\" \/>\n<meta property=\"article:modified_time\" content=\"2021-08-18T22:54:37+00:00\" \/>\n<meta property=\"og:image\" content=\"https:\/\/static.africa-press.net\/cote\/sites\/43\/2021\/08\/img-611bd15a98741.jpg\" \/>\n\t<meta property=\"og:image:width\" content=\"720\" \/>\n\t<meta property=\"og:image:height\" content=\"380\" \/>\n\t<meta property=\"og:image:type\" content=\"image\/jpeg\" \/>\n<meta name=\"author\" content=\"cfeditorfr\" \/>\n<meta name=\"twitter:card\" content=\"summary_large_image\" \/>\n<meta name=\"twitter:label1\" content=\"\u00c9crit par\" \/>\n\t<meta name=\"twitter:data1\" content=\"cfeditorfr\" \/>\n\t<meta name=\"twitter:label2\" content=\"Dur\u00e9e de lecture estim\u00e9e\" \/>\n\t<meta name=\"twitter:data2\" content=\"1 minute\" \/>\n<script type=\"application\/ld+json\" class=\"yoast-schema-graph\">{\"@context\":\"https:\/\/schema.org\",\"@graph\":[{\"@type\":\"Article\",\"@id\":\"https:\/\/www.africa-press.net\/cotedivoire\/politique\/cote-divoire-mali-extraditions-vers-un-echange-karim-keita-et-ben-souk-entre-abidjan-et-bamako#article\",\"isPartOf\":{\"@id\":\"https:\/\/www.africa-press.net\/cotedivoire\/politique\/cote-divoire-mali-extraditions-vers-un-echange-karim-keita-et-ben-souk-entre-abidjan-et-bamako\"},\"author\":{\"name\":\"cfeditorfr\",\"@id\":\"https:\/\/www.africa-press.net\/cotedivoire\/#\/schema\/person\/2b1cf3cd81a31e3cd26889ca66d677f1\"},\"headline\":\"Mali : Extraditions, vers un \u00e9change Karim Keita et Ben Souk entre Abidjan et Bamako\",\"datePublished\":\"2021-08-17T16:38:27+00:00\",\"dateModified\":\"2021-08-18T22:54:37+00:00\",\"mainEntityOfPage\":{\"@id\":\"https:\/\/www.africa-press.net\/cotedivoire\/politique\/cote-divoire-mali-extraditions-vers-un-echange-karim-keita-et-ben-souk-entre-abidjan-et-bamako\"},\"wordCount\":300,\"commentCount\":0,\"image\":{\"@id\":\"https:\/\/www.africa-press.net\/cotedivoire\/politique\/cote-divoire-mali-extraditions-vers-un-echange-karim-keita-et-ben-souk-entre-abidjan-et-bamako#primaryimage\"},\"thumbnailUrl\":\"https:\/\/static.africa-press.net\/cote\/sites\/43\/2021\/08\/img-611bd15a98741.jpg\",\"keywords\":[\"Abidjan\",\"Africa Press\",\"Africa Press-C\u00f4te d'Ivoire\",\"Amadou Coulibaly\",\"Bamako\",\"Ben Souk\",\"C\u00d4TE D'IVOIRE\",\"extraditions\",\"Hamidou Tour\u00e9\",\"Karim Keita\"],\"articleSection\":[\"homepage-french\",\"Politique\",\"Toutes les actualit\u00e9s\"],\"inLanguage\":\"fr-FR\",\"potentialAction\":[{\"@type\":\"CommentAction\",\"name\":\"Comment\",\"target\":[\"https:\/\/www.africa-press.net\/cotedivoire\/politique\/cote-divoire-mali-extraditions-vers-un-echange-karim-keita-et-ben-souk-entre-abidjan-et-bamako#respond\"]}]},{\"@type\":\"WebPage\",\"@id\":\"https:\/\/www.africa-press.net\/cotedivoire\/politique\/cote-divoire-mali-extraditions-vers-un-echange-karim-keita-et-ben-souk-entre-abidjan-et-bamako\",\"url\":\"https:\/\/www.africa-press.net\/cotedivoire\/politique\/cote-divoire-mali-extraditions-vers-un-echange-karim-keita-et-ben-souk-entre-abidjan-et-bamako\",\"name\":\"Mali : Extraditions, vers un \u00e9change Karim Keita et Ben Souk entre Abidjan et Bamako - C\u00f4te d&#039;Ivoire\",\"isPartOf\":{\"@id\":\"https:\/\/www.africa-press.net\/cotedivoire\/#website\"},\"primaryImageOfPage\":{\"@id\":\"https:\/\/www.africa-press.net\/cotedivoire\/politique\/cote-divoire-mali-extraditions-vers-un-echange-karim-keita-et-ben-souk-entre-abidjan-et-bamako#primaryimage\"},\"image\":{\"@id\":\"https:\/\/www.africa-press.net\/cotedivoire\/politique\/cote-divoire-mali-extraditions-vers-un-echange-karim-keita-et-ben-souk-entre-abidjan-et-bamako#primaryimage\"},\"thumbnailUrl\":\"https:\/\/static.africa-press.net\/cote\/sites\/43\/2021\/08\/img-611bd15a98741.jpg\",\"datePublished\":\"2021-08-17T16:38:27+00:00\",\"dateModified\":\"2021-08-18T22:54:37+00:00\",\"author\":{\"@id\":\"https:\/\/www.africa-press.net\/cotedivoire\/#\/schema\/person\/2b1cf3cd81a31e3cd26889ca66d677f1\"},\"description\":\"Ben Souk L\u2019extradition \u00e0 Abidjan de Sess Soukou Mohamed dit Ben Souk, arr\u00eat\u00e9 le 10 ao\u00fbt 2021 \u00e0 Bamako ne fait pl ...\",\"breadcrumb\":{\"@id\":\"https:\/\/www.africa-press.net\/cotedivoire\/politique\/cote-divoire-mali-extraditions-vers-un-echange-karim-keita-et-ben-souk-entre-abidjan-et-bamako#breadcrumb\"},\"inLanguage\":\"fr-FR\",\"potentialAction\":[{\"@type\":\"ReadAction\",\"target\":[\"https:\/\/www.africa-press.net\/cotedivoire\/politique\/cote-divoire-mali-extraditions-vers-un-echange-karim-keita-et-ben-souk-entre-abidjan-et-bamako\"]}]},{\"@type\":\"ImageObject\",\"inLanguage\":\"fr-FR\",\"@id\":\"https:\/\/www.africa-press.net\/cotedivoire\/politique\/cote-divoire-mali-extraditions-vers-un-echange-karim-keita-et-ben-souk-entre-abidjan-et-bamako#primaryimage\",\"url\":\"https:\/\/static.africa-press.net\/cote\/sites\/43\/2021\/08\/img-611bd15a98741.jpg\",\"contentUrl\":\"https:\/\/static.africa-press.net\/cote\/sites\/43\/2021\/08\/img-611bd15a98741.jpg\",\"width\":720,\"height\":380,\"caption\":\"C\u00f4te d'Ivoire-Mali : Extraditions, vers un \u00e9change Karim Keita et Ben Souk entre Abidjan et Bamako\"},{\"@type\":\"BreadcrumbList\",\"@id\":\"https:\/\/www.africa-press.net\/cotedivoire\/politique\/cote-divoire-mali-extraditions-vers-un-echange-karim-keita-et-ben-souk-entre-abidjan-et-bamako#breadcrumb\",\"itemListElement\":[{\"@type\":\"ListItem\",\"position\":1,\"name\":\"Accueil\",\"item\":\"https:\/\/www.africa-press.net\/cotedivoire\/\"},{\"@type\":\"ListItem\",\"position\":2,\"name\":\"Mali : Extraditions, vers un \u00e9change Karim Keita et Ben Souk entre Abidjan et Bamako\"}]},{\"@type\":\"WebSite\",\"@id\":\"https:\/\/www.africa-press.net\/cotedivoire\/#website\",\"url\":\"https:\/\/www.africa-press.net\/cotedivoire\/\",\"name\":\"C\u00f4te d&#039;Ivoire\",\"description\":\"Just another Africa News Agency Sites site\",\"potentialAction\":[{\"@type\":\"SearchAction\",\"target\":{\"@type\":\"EntryPoint\",\"urlTemplate\":\"https:\/\/www.africa-press.net\/cotedivoire\/?s={search_term_string}\"},\"query-input\":{\"@type\":\"PropertyValueSpecification\",\"valueRequired\":true,\"valueName\":\"search_term_string\"}}],\"inLanguage\":\"fr-FR\"},{\"@type\":\"Person\",\"@id\":\"https:\/\/www.africa-press.net\/cotedivoire\/#\/schema\/person\/2b1cf3cd81a31e3cd26889ca66d677f1\",\"name\":\"cfeditorfr\"}]}<\/script>\n<!-- \/ Yoast SEO Premium plugin. -->","yoast_head_json":{"title":"Mali : Extraditions, vers un \u00e9change Karim Keita et Ben Souk entre Abidjan et Bamako - C\u00f4te d&#039;Ivoire","description":"Ben Souk L\u2019extradition \u00e0 Abidjan de Sess Soukou Mohamed dit Ben Souk, arr\u00eat\u00e9 le 10 ao\u00fbt 2021 \u00e0 Bamako ne fait pl ...","robots":{"index":"index","follow":"follow","max-snippet":"max-snippet:-1","max-image-preview":"max-image-preview:large","max-video-preview":"max-video-preview:-1"},"canonical":"https:\/\/www.africa-press.net\/cotedivoire\/politique\/cote-divoire-mali-extraditions-vers-un-echange-karim-keita-et-ben-souk-entre-abidjan-et-bamako","og_locale":"fr_FR","og_type":"article","og_title":"Mali : Extraditions, vers un \u00e9change Karim Keita et Ben Souk entre Abidjan et Bamako","og_description":"Ben Souk L\u2019extradition \u00e0 Abidjan de Sess Soukou Mohamed dit Ben Souk, arr\u00eat\u00e9 le 10 ao\u00fbt 2021 \u00e0 Bamako ne fait pl ...","og_url":"https:\/\/www.africa-press.net\/cotedivoire\/politique\/cote-divoire-mali-extraditions-vers-un-echange-karim-keita-et-ben-souk-entre-abidjan-et-bamako","og_site_name":"C\u00f4te d&#039;Ivoire","article_published_time":"2021-08-17T16:38:27+00:00","article_modified_time":"2021-08-18T22:54:37+00:00","og_image":[{"width":720,"height":380,"url":"https:\/\/static.africa-press.net\/cote\/sites\/43\/2021\/08\/img-611bd15a98741.jpg","type":"image\/jpeg"}],"author":"cfeditorfr","twitter_card":"summary_large_image","twitter_misc":{"\u00c9crit par":"cfeditorfr","Dur\u00e9e de lecture estim\u00e9e":"1 minute"},"schema":{"@context":"https:\/\/schema.org","@graph":[{"@type":"Article","@id":"https:\/\/www.africa-press.net\/cotedivoire\/politique\/cote-divoire-mali-extraditions-vers-un-echange-karim-keita-et-ben-souk-entre-abidjan-et-bamako#article","isPartOf":{"@id":"https:\/\/www.africa-press.net\/cotedivoire\/politique\/cote-divoire-mali-extraditions-vers-un-echange-karim-keita-et-ben-souk-entre-abidjan-et-bamako"},"author":{"name":"cfeditorfr","@id":"https:\/\/www.africa-press.net\/cotedivoire\/#\/schema\/person\/2b1cf3cd81a31e3cd26889ca66d677f1"},"headline":"Mali : Extraditions, vers un \u00e9change Karim Keita et Ben Souk entre Abidjan et Bamako","datePublished":"2021-08-17T16:38:27+00:00","dateModified":"2021-08-18T22:54:37+00:00","mainEntityOfPage":{"@id":"https:\/\/www.africa-press.net\/cotedivoire\/politique\/cote-divoire-mali-extraditions-vers-un-echange-karim-keita-et-ben-souk-entre-abidjan-et-bamako"},"wordCount":300,"commentCount":0,"image":{"@id":"https:\/\/www.africa-press.net\/cotedivoire\/politique\/cote-divoire-mali-extraditions-vers-un-echange-karim-keita-et-ben-souk-entre-abidjan-et-bamako#primaryimage"},"thumbnailUrl":"https:\/\/static.africa-press.net\/cote\/sites\/43\/2021\/08\/img-611bd15a98741.jpg","keywords":["Abidjan","Africa Press","Africa Press-C\u00f4te d'Ivoire","Amadou Coulibaly","Bamako","Ben Souk","C\u00d4TE D'IVOIRE","extraditions","Hamidou Tour\u00e9","Karim Keita"],"articleSection":["homepage-french","Politique","Toutes les actualit\u00e9s"],"inLanguage":"fr-FR","potentialAction":[{"@type":"CommentAction","name":"Comment","target":["https:\/\/www.africa-press.net\/cotedivoire\/politique\/cote-divoire-mali-extraditions-vers-un-echange-karim-keita-et-ben-souk-entre-abidjan-et-bamako#respond"]}]},{"@type":"WebPage","@id":"https:\/\/www.africa-press.net\/cotedivoire\/politique\/cote-divoire-mali-extraditions-vers-un-echange-karim-keita-et-ben-souk-entre-abidjan-et-bamako","url":"https:\/\/www.africa-press.net\/cotedivoire\/politique\/cote-divoire-mali-extraditions-vers-un-echange-karim-keita-et-ben-souk-entre-abidjan-et-bamako","name":"Mali : Extraditions, vers un \u00e9change Karim Keita et Ben Souk entre Abidjan et Bamako - C\u00f4te d&#039;Ivoire","isPartOf":{"@id":"https:\/\/www.africa-press.net\/cotedivoire\/#website"},"primaryImageOfPage":{"@id":"https:\/\/www.africa-press.net\/cotedivoire\/politique\/cote-divoire-mali-extraditions-vers-un-echange-karim-keita-et-ben-souk-entre-abidjan-et-bamako#primaryimage"},"image":{"@id":"https:\/\/www.africa-press.net\/cotedivoire\/politique\/cote-divoire-mali-extraditions-vers-un-echange-karim-keita-et-ben-souk-entre-abidjan-et-bamako#primaryimage"},"thumbnailUrl":"https:\/\/static.africa-press.net\/cote\/sites\/43\/2021\/08\/img-611bd15a98741.jpg","datePublished":"2021-08-17T16:38:27+00:00","dateModified":"2021-08-18T22:54:37+00:00","author":{"@id":"https:\/\/www.africa-press.net\/cotedivoire\/#\/schema\/person\/2b1cf3cd81a31e3cd26889ca66d677f1"},"description":"Ben Souk L\u2019extradition \u00e0 Abidjan de Sess Soukou Mohamed dit Ben Souk, arr\u00eat\u00e9 le 10 ao\u00fbt 2021 \u00e0 Bamako ne fait pl ...","breadcrumb":{"@id":"https:\/\/www.africa-press.net\/cotedivoire\/politique\/cote-divoire-mali-extraditions-vers-un-echange-karim-keita-et-ben-souk-entre-abidjan-et-bamako#breadcrumb"},"inLanguage":"fr-FR","potentialAction":[{"@type":"ReadAction","target":["https:\/\/www.africa-press.net\/cotedivoire\/politique\/cote-divoire-mali-extraditions-vers-un-echange-karim-keita-et-ben-souk-entre-abidjan-et-bamako"]}]},{"@type":"ImageObject","inLanguage":"fr-FR","@id":"https:\/\/www.africa-press.net\/cotedivoire\/politique\/cote-divoire-mali-extraditions-vers-un-echange-karim-keita-et-ben-souk-entre-abidjan-et-bamako#primaryimage","url":"https:\/\/static.africa-press.net\/cote\/sites\/43\/2021\/08\/img-611bd15a98741.jpg","contentUrl":"https:\/\/static.africa-press.net\/cote\/sites\/43\/2021\/08\/img-611bd15a98741.jpg","width":720,"height":380,"caption":"C\u00f4te d'Ivoire-Mali : Extraditions, vers un \u00e9change Karim Keita et Ben Souk entre Abidjan et Bamako"},{"@type":"BreadcrumbList","@id":"https:\/\/www.africa-press.net\/cotedivoire\/politique\/cote-divoire-mali-extraditions-vers-un-echange-karim-keita-et-ben-souk-entre-abidjan-et-bamako#breadcrumb","itemListElement":[{"@type":"ListItem","position":1,"name":"Accueil","item":"https:\/\/www.africa-press.net\/cotedivoire\/"},{"@type":"ListItem","position":2,"name":"Mali : Extraditions, vers un \u00e9change Karim Keita et Ben Souk entre Abidjan et Bamako"}]},{"@type":"WebSite","@id":"https:\/\/www.africa-press.net\/cotedivoire\/#website","url":"https:\/\/www.africa-press.net\/cotedivoire\/","name":"C\u00f4te d&#039;Ivoire","description":"Just another Africa News Agency Sites site","potentialAction":[{"@type":"SearchAction","target":{"@type":"EntryPoint","urlTemplate":"https:\/\/www.africa-press.net\/cotedivoire\/?s={search_term_string}"},"query-input":{"@type":"PropertyValueSpecification","valueRequired":true,"valueName":"search_term_string"}}],"inLanguage":"fr-FR"},{"@type":"Person","@id":"https:\/\/www.africa-press.net\/cotedivoire\/#\/schema\/person\/2b1cf3cd81a31e3cd26889ca66d677f1","name":"cfeditorfr"}]}},"_links":{"self":[{"href":"https:\/\/www.africa-press.net\/cotedivoire\/wp-json\/wp\/v2\/posts\/11628","targetHints":{"allow":["GET"]}}],"collection":[{"href":"https:\/\/www.africa-press.net\/cotedivoire\/wp-json\/wp\/v2\/posts"}],"about":[{"href":"https:\/\/www.africa-press.net\/cotedivoire\/wp-json\/wp\/v2\/types\/post"}],"author":[{"embeddable":true,"href":"https:\/\/www.africa-press.net\/cotedivoire\/wp-json\/wp\/v2\/users\/82"}],"replies":[{"embeddable":true,"href":"https:\/\/www.africa-press.net\/cotedivoire\/wp-json\/wp\/v2\/comments?post=11628"}],"version-history":[{"count":0,"href":"https:\/\/www.africa-press.net\/cotedivoire\/wp-json\/wp\/v2\/posts\/11628\/revisions"}],"wp:featuredmedia":[{"embeddable":true,"href":"https:\/\/www.africa-press.net\/cotedivoire\/wp-json\/wp\/v2\/media\/11627"}],"wp:attachment":[{"href":"https:\/\/www.africa-press.net\/cotedivoire\/wp-json\/wp\/v2\/media?parent=11628"}],"wp:term":[{"taxonomy":"category","embeddable":true,"href":"https:\/\/www.africa-press.net\/cotedivoire\/wp-json\/wp\/v2\/categories?post=11628"},{"taxonomy":"post_tag","embeddable":true,"href":"https:\/\/www.africa-press.net\/cotedivoire\/wp-json\/wp\/v2\/tags?post=11628"}],"curies":[{"name":"wp","href":"https:\/\/api.w.org\/{rel}","templated":true}]}}