{"id":12349,"date":"2021-08-23T11:32:38","date_gmt":"2021-08-23T11:32:38","guid":{"rendered":"https:\/\/www.africa-press.net\/cotedivoire\/?p=12349"},"modified":"2021-08-26T19:53:15","modified_gmt":"2021-08-26T19:53:15","slug":"cote-divoire-upci-un-nouveau-president-nomme-en-remplacement-de-lancien-appele-a-de-nouvelles-fonctions-incompatibles-a-la-presidence","status":"publish","type":"post","link":"https:\/\/www.africa-press.net\/cotedivoire\/politique\/cote-divoire-upci-un-nouveau-president-nomme-en-remplacement-de-lancien-appele-a-de-nouvelles-fonctions-incompatibles-a-la-presidence","title":{"rendered":"UPCI, un nouveau Pr\u00e9sident nomm\u00e9 en remplacement de l&rsquo;ancien appel\u00e9 \u00e0 de nouvelles fonctions incompatibles \u00e0 la pr\u00e9sidence"},"content":{"rendered":"<p><span style=\"color: #ff6600\"><strong><a href=\"https:\/\/www.africa-press.net\/\">Africa-Press<\/a> &#8211; <a href=\"https:\/\/www.africa-press.net\/cotedivoire\">C\u00f4te d&rsquo;Ivoire<\/a>. <\/strong><\/span>La tendance de l\u2019Union pour la C\u00f4te d&rsquo;Ivoire (UPCI) proche du RHDP annonce la nomination d&rsquo;un nouveau Pr\u00e9sident \u00e0 la t\u00eate de cette formation politique en remplacement de Dr Brou Anicet nomm\u00e9 diplomate Ministre pl\u00e9nipotentiaire. Son successeur est Sidib\u00e9 Yacouba pr\u00e9c\u00e9demment Pr\u00e9sident d&rsquo;honneur de l&rsquo;UPCI.<\/p>\n<p>\u00abUne r\u00e9union du Directoire politique de l&rsquo;Union pour la C\u00f4te d&rsquo;lvoire (UPCI) s&rsquo;est tenue au si\u00e8ge du parti le 21 ao\u00fct 2021. L&rsquo;ordre du jour de cette r\u00e9union \u00e9tait le r\u00e9am\u00e9nagement de la pr\u00e9sidence du parti.<\/p>\n<p>Le Directoire politique, note avec une l\u00e9gitime fiert\u00e9 la nomination de son Pr\u00e9sident ex\u00e9cutif le Docteur BROU Anicet, en qualit\u00e9 de diplomate Ministre pl\u00e9nipotentiaire;<\/p>\n<p>Le Directoire politique exprime toute sa gratitude au Pr\u00e9sident de la R\u00e9publique, son Excellence Monsieur Alassane OUATTARA pour sa constante sollicitude \u00e0 l&rsquo;\u00e9gard des cadres de notre parti;<\/p>\n<p>Le Directoire politique, apr\u00e8s avoir act\u00e9 la nomination de Dr BROU Anicet, consid\u00e9rant l\u2019incompatibilit\u00e9 des fonctions politiques avec le statut de diplomate et sur proposition conjointe de ce dernier et du Secr\u00e9taire G\u00e9n\u00e9ral Fadiga Mamadou et apr\u00e8s l&rsquo;aval du directoire politique proclame: M. SIDIBE Yacouba pr\u00e9c\u00e9demment Pr\u00e9sident d&rsquo;honneur a \u00e9t\u00e9 d\u00e9sign\u00e9 \u00e0 l&rsquo;unanimit\u00e9 Pr\u00e9sident Ex\u00e9cutif. Par cons\u00e9quent, Dr BROU Anicet en assurera d\u00e9sormais la pr\u00e9sidence d\u2019honneur \u00bb,pr\u00e9cise un communiqu\u00e9 du parti.<\/p>\n<p>Le Directoire politique de l&rsquo;UPCI r\u00e9affirme avec force et d\u00e9termination son appartenance enti\u00e8re au RHDP \u00e9galement aux id\u00e9aux et valeurs incarn\u00e9s par son leader charismatique Son Excellence Alassane OUATTARA.<\/p>\n<p>\u00abL&rsquo;UPCI demeure solidement ancr\u00e9 au sein du RHDP et jouera pleinement sa partition aux cot\u00e9s du Pr\u00e9sident Alassane OUATTARA pour le rayonnement de notre formation politique \u00bb, soutient le communiqu\u00e9 sign\u00e9 du Secr\u00e9taire G\u00e9n\u00e9ral de l&rsquo;UPCI, Fadiga Mamadou.<\/p>\n<p>&nbsp;<\/p>\n","protected":false},"excerpt":{"rendered":"<p>Africa-Press &#8211; C\u00f4te d&rsquo;Ivoire. La tendance de l\u2019Union pour la C\u00f4te d&rsquo;Ivoire (UPCI) proche du RHDP annonce la nomination d&rsquo;un nouveau Pr\u00e9sident \u00e0 la t\u00eate de cette formation politique en remplacement de Dr Brou Anicet nomm\u00e9 diplomate Ministre pl\u00e9nipotentiaire. Son successeur est Sidib\u00e9 Yacouba pr\u00e9c\u00e9demment Pr\u00e9sident d&rsquo;honneur de l&rsquo;UPCI. \u00abUne r\u00e9union du Directoire politique de [&hellip;]<\/p>\n","protected":false},"author":82,"featured_media":12348,"comment_status":"open","ping_status":"closed","sticky":false,"template":"","format":"standard","meta":{"footnotes":""},"categories":[11,2,20,10],"tags":[56,63,29,669,371,670,668],"class_list":["post-12349","post","type-post","status-publish","format-standard","has-post-thumbnail","hentry","category-homepage-french","category-politique","category-top-nouvelles","category-toutes-les-actualites","tag-africa-press","tag-africa-press-cote-divoire","tag-cote-divoire","tag-dr-brou-anicet","tag-rhdp","tag-sidibe-yacouba","tag-upci"],"yoast_head":"<!-- This site is optimized with the Yoast SEO Premium plugin v26.1 (Yoast SEO v27.0) - https:\/\/yoast.com\/product\/yoast-seo-premium-wordpress\/ -->\n<title>UPCI, un nouveau Pr\u00e9sident nomm\u00e9 en remplacement de l&#039;ancien appel\u00e9 \u00e0 de nouvelles fonctions incompatibles \u00e0 la pr\u00e9sidence - C\u00f4te d&#039;Ivoire<\/title>\n<meta name=\"description\" content=\"La tendance de l\u2019Union pour la C\u00f4te d&#039;Ivoire (UPCI) proche du RHDP annonce la nomination d&#039;un nouveau Pr\u00e9sident \u00e0 la t\u00eat ...\" \/>\n<meta name=\"robots\" content=\"index, follow, max-snippet:-1, max-image-preview:large, max-video-preview:-1\" \/>\n<link rel=\"canonical\" href=\"https:\/\/www.africa-press.net\/cotedivoire\/politique\/cote-divoire-upci-un-nouveau-president-nomme-en-remplacement-de-lancien-appele-a-de-nouvelles-fonctions-incompatibles-a-la-presidence\" \/>\n<meta property=\"og:locale\" content=\"fr_FR\" \/>\n<meta property=\"og:type\" content=\"article\" \/>\n<meta property=\"og:title\" content=\"UPCI, un nouveau Pr\u00e9sident nomm\u00e9 en remplacement de l&#039;ancien appel\u00e9 \u00e0 de nouvelles fonctions incompatibles \u00e0 la pr\u00e9sidence\" \/>\n<meta property=\"og:description\" content=\"La tendance de l\u2019Union pour la C\u00f4te d&#039;Ivoire (UPCI) proche du RHDP annonce la nomination d&#039;un nouveau Pr\u00e9sident \u00e0 la t\u00eat ...\" \/>\n<meta property=\"og:url\" content=\"https:\/\/www.africa-press.net\/cotedivoire\/politique\/cote-divoire-upci-un-nouveau-president-nomme-en-remplacement-de-lancien-appele-a-de-nouvelles-fonctions-incompatibles-a-la-presidence\" \/>\n<meta property=\"og:site_name\" content=\"C\u00f4te d&#039;Ivoire\" \/>\n<meta property=\"article:published_time\" content=\"2021-08-23T11:32:38+00:00\" \/>\n<meta property=\"article:modified_time\" content=\"2021-08-26T19:53:15+00:00\" \/>\n<meta property=\"og:image\" content=\"https:\/\/static.africa-press.net\/cote\/sites\/43\/2021\/08\/img-61237a9c3f595.jpg\" \/>\n\t<meta property=\"og:image:width\" content=\"720\" \/>\n\t<meta property=\"og:image:height\" content=\"480\" \/>\n\t<meta property=\"og:image:type\" content=\"image\/jpeg\" \/>\n<meta name=\"author\" content=\"cfeditorfr\" \/>\n<meta name=\"twitter:card\" content=\"summary_large_image\" \/>\n<meta name=\"twitter:label1\" content=\"\u00c9crit par\" \/>\n\t<meta name=\"twitter:data1\" content=\"cfeditorfr\" \/>\n\t<meta name=\"twitter:label2\" content=\"Dur\u00e9e de lecture estim\u00e9e\" \/>\n\t<meta name=\"twitter:data2\" content=\"2 minutes\" \/>\n<script type=\"application\/ld+json\" class=\"yoast-schema-graph\">{\"@context\":\"https:\/\/schema.org\",\"@graph\":[{\"@type\":\"Article\",\"@id\":\"https:\/\/www.africa-press.net\/cotedivoire\/politique\/cote-divoire-upci-un-nouveau-president-nomme-en-remplacement-de-lancien-appele-a-de-nouvelles-fonctions-incompatibles-a-la-presidence#article\",\"isPartOf\":{\"@id\":\"https:\/\/www.africa-press.net\/cotedivoire\/politique\/cote-divoire-upci-un-nouveau-president-nomme-en-remplacement-de-lancien-appele-a-de-nouvelles-fonctions-incompatibles-a-la-presidence\"},\"author\":{\"name\":\"cfeditorfr\",\"@id\":\"https:\/\/www.africa-press.net\/cotedivoire\/#\/schema\/person\/2b1cf3cd81a31e3cd26889ca66d677f1\"},\"headline\":\"UPCI, un nouveau Pr\u00e9sident nomm\u00e9 en remplacement de l&rsquo;ancien appel\u00e9 \u00e0 de nouvelles fonctions incompatibles \u00e0 la pr\u00e9sidence\",\"datePublished\":\"2021-08-23T11:32:38+00:00\",\"dateModified\":\"2021-08-26T19:53:15+00:00\",\"mainEntityOfPage\":{\"@id\":\"https:\/\/www.africa-press.net\/cotedivoire\/politique\/cote-divoire-upci-un-nouveau-president-nomme-en-remplacement-de-lancien-appele-a-de-nouvelles-fonctions-incompatibles-a-la-presidence\"},\"wordCount\":356,\"commentCount\":0,\"image\":{\"@id\":\"https:\/\/www.africa-press.net\/cotedivoire\/politique\/cote-divoire-upci-un-nouveau-president-nomme-en-remplacement-de-lancien-appele-a-de-nouvelles-fonctions-incompatibles-a-la-presidence#primaryimage\"},\"thumbnailUrl\":\"https:\/\/static.africa-press.net\/cote\/sites\/43\/2021\/08\/img-61237a9c3f595.jpg\",\"keywords\":[\"Africa Press\",\"Africa Press-C\u00f4te d'Ivoire\",\"C\u00d4TE D'IVOIRE\",\"Dr Brou Anicet\",\"RHDP\",\"Sidib\u00e9 Yacouba\",\"UPCI\"],\"articleSection\":[\"homepage-french\",\"Politique\",\"Top Nouvelles\",\"Toutes les actualit\u00e9s\"],\"inLanguage\":\"fr-FR\",\"potentialAction\":[{\"@type\":\"CommentAction\",\"name\":\"Comment\",\"target\":[\"https:\/\/www.africa-press.net\/cotedivoire\/politique\/cote-divoire-upci-un-nouveau-president-nomme-en-remplacement-de-lancien-appele-a-de-nouvelles-fonctions-incompatibles-a-la-presidence#respond\"]}]},{\"@type\":\"WebPage\",\"@id\":\"https:\/\/www.africa-press.net\/cotedivoire\/politique\/cote-divoire-upci-un-nouveau-president-nomme-en-remplacement-de-lancien-appele-a-de-nouvelles-fonctions-incompatibles-a-la-presidence\",\"url\":\"https:\/\/www.africa-press.net\/cotedivoire\/politique\/cote-divoire-upci-un-nouveau-president-nomme-en-remplacement-de-lancien-appele-a-de-nouvelles-fonctions-incompatibles-a-la-presidence\",\"name\":\"UPCI, un nouveau Pr\u00e9sident nomm\u00e9 en remplacement de l'ancien appel\u00e9 \u00e0 de nouvelles fonctions incompatibles \u00e0 la pr\u00e9sidence - C\u00f4te d&#039;Ivoire\",\"isPartOf\":{\"@id\":\"https:\/\/www.africa-press.net\/cotedivoire\/#website\"},\"primaryImageOfPage\":{\"@id\":\"https:\/\/www.africa-press.net\/cotedivoire\/politique\/cote-divoire-upci-un-nouveau-president-nomme-en-remplacement-de-lancien-appele-a-de-nouvelles-fonctions-incompatibles-a-la-presidence#primaryimage\"},\"image\":{\"@id\":\"https:\/\/www.africa-press.net\/cotedivoire\/politique\/cote-divoire-upci-un-nouveau-president-nomme-en-remplacement-de-lancien-appele-a-de-nouvelles-fonctions-incompatibles-a-la-presidence#primaryimage\"},\"thumbnailUrl\":\"https:\/\/static.africa-press.net\/cote\/sites\/43\/2021\/08\/img-61237a9c3f595.jpg\",\"datePublished\":\"2021-08-23T11:32:38+00:00\",\"dateModified\":\"2021-08-26T19:53:15+00:00\",\"author\":{\"@id\":\"https:\/\/www.africa-press.net\/cotedivoire\/#\/schema\/person\/2b1cf3cd81a31e3cd26889ca66d677f1\"},\"description\":\"La tendance de l\u2019Union pour la C\u00f4te d'Ivoire (UPCI) proche du RHDP annonce la nomination d'un nouveau Pr\u00e9sident \u00e0 la t\u00eat ...\",\"breadcrumb\":{\"@id\":\"https:\/\/www.africa-press.net\/cotedivoire\/politique\/cote-divoire-upci-un-nouveau-president-nomme-en-remplacement-de-lancien-appele-a-de-nouvelles-fonctions-incompatibles-a-la-presidence#breadcrumb\"},\"inLanguage\":\"fr-FR\",\"potentialAction\":[{\"@type\":\"ReadAction\",\"target\":[\"https:\/\/www.africa-press.net\/cotedivoire\/politique\/cote-divoire-upci-un-nouveau-president-nomme-en-remplacement-de-lancien-appele-a-de-nouvelles-fonctions-incompatibles-a-la-presidence\"]}]},{\"@type\":\"ImageObject\",\"inLanguage\":\"fr-FR\",\"@id\":\"https:\/\/www.africa-press.net\/cotedivoire\/politique\/cote-divoire-upci-un-nouveau-president-nomme-en-remplacement-de-lancien-appele-a-de-nouvelles-fonctions-incompatibles-a-la-presidence#primaryimage\",\"url\":\"https:\/\/static.africa-press.net\/cote\/sites\/43\/2021\/08\/img-61237a9c3f595.jpg\",\"contentUrl\":\"https:\/\/static.africa-press.net\/cote\/sites\/43\/2021\/08\/img-61237a9c3f595.jpg\",\"width\":720,\"height\":480,\"caption\":\"C\u00f4te d'Ivoire : UPCI, un nouveau Pr\u00e9sident nomm\u00e9 en remplacement de l'ancien appel\u00e9 \u00e0 de nouvelles fonctions incompatibles \u00e0 la pr\u00e9sidence\"},{\"@type\":\"BreadcrumbList\",\"@id\":\"https:\/\/www.africa-press.net\/cotedivoire\/politique\/cote-divoire-upci-un-nouveau-president-nomme-en-remplacement-de-lancien-appele-a-de-nouvelles-fonctions-incompatibles-a-la-presidence#breadcrumb\",\"itemListElement\":[{\"@type\":\"ListItem\",\"position\":1,\"name\":\"Accueil\",\"item\":\"https:\/\/www.africa-press.net\/cotedivoire\/\"},{\"@type\":\"ListItem\",\"position\":2,\"name\":\"UPCI, un nouveau Pr\u00e9sident nomm\u00e9 en remplacement de l&#8217;ancien appel\u00e9 \u00e0 de nouvelles fonctions incompatibles \u00e0 la pr\u00e9sidence\"}]},{\"@type\":\"WebSite\",\"@id\":\"https:\/\/www.africa-press.net\/cotedivoire\/#website\",\"url\":\"https:\/\/www.africa-press.net\/cotedivoire\/\",\"name\":\"C\u00f4te d&#039;Ivoire\",\"description\":\"Just another Africa News Agency Sites site\",\"potentialAction\":[{\"@type\":\"SearchAction\",\"target\":{\"@type\":\"EntryPoint\",\"urlTemplate\":\"https:\/\/www.africa-press.net\/cotedivoire\/?s={search_term_string}\"},\"query-input\":{\"@type\":\"PropertyValueSpecification\",\"valueRequired\":true,\"valueName\":\"search_term_string\"}}],\"inLanguage\":\"fr-FR\"},{\"@type\":\"Person\",\"@id\":\"https:\/\/www.africa-press.net\/cotedivoire\/#\/schema\/person\/2b1cf3cd81a31e3cd26889ca66d677f1\",\"name\":\"cfeditorfr\"}]}<\/script>\n<!-- \/ Yoast SEO Premium plugin. -->","yoast_head_json":{"title":"UPCI, un nouveau Pr\u00e9sident nomm\u00e9 en remplacement de l'ancien appel\u00e9 \u00e0 de nouvelles fonctions incompatibles \u00e0 la pr\u00e9sidence - C\u00f4te d&#039;Ivoire","description":"La tendance de l\u2019Union pour la C\u00f4te d'Ivoire (UPCI) proche du RHDP annonce la nomination d'un nouveau Pr\u00e9sident \u00e0 la t\u00eat ...","robots":{"index":"index","follow":"follow","max-snippet":"max-snippet:-1","max-image-preview":"max-image-preview:large","max-video-preview":"max-video-preview:-1"},"canonical":"https:\/\/www.africa-press.net\/cotedivoire\/politique\/cote-divoire-upci-un-nouveau-president-nomme-en-remplacement-de-lancien-appele-a-de-nouvelles-fonctions-incompatibles-a-la-presidence","og_locale":"fr_FR","og_type":"article","og_title":"UPCI, un nouveau Pr\u00e9sident nomm\u00e9 en remplacement de l'ancien appel\u00e9 \u00e0 de nouvelles fonctions incompatibles \u00e0 la pr\u00e9sidence","og_description":"La tendance de l\u2019Union pour la C\u00f4te d'Ivoire (UPCI) proche du RHDP annonce la nomination d'un nouveau Pr\u00e9sident \u00e0 la t\u00eat ...","og_url":"https:\/\/www.africa-press.net\/cotedivoire\/politique\/cote-divoire-upci-un-nouveau-president-nomme-en-remplacement-de-lancien-appele-a-de-nouvelles-fonctions-incompatibles-a-la-presidence","og_site_name":"C\u00f4te d&#039;Ivoire","article_published_time":"2021-08-23T11:32:38+00:00","article_modified_time":"2021-08-26T19:53:15+00:00","og_image":[{"width":720,"height":480,"url":"https:\/\/static.africa-press.net\/cote\/sites\/43\/2021\/08\/img-61237a9c3f595.jpg","type":"image\/jpeg"}],"author":"cfeditorfr","twitter_card":"summary_large_image","twitter_misc":{"\u00c9crit par":"cfeditorfr","Dur\u00e9e de lecture estim\u00e9e":"2 minutes"},"schema":{"@context":"https:\/\/schema.org","@graph":[{"@type":"Article","@id":"https:\/\/www.africa-press.net\/cotedivoire\/politique\/cote-divoire-upci-un-nouveau-president-nomme-en-remplacement-de-lancien-appele-a-de-nouvelles-fonctions-incompatibles-a-la-presidence#article","isPartOf":{"@id":"https:\/\/www.africa-press.net\/cotedivoire\/politique\/cote-divoire-upci-un-nouveau-president-nomme-en-remplacement-de-lancien-appele-a-de-nouvelles-fonctions-incompatibles-a-la-presidence"},"author":{"name":"cfeditorfr","@id":"https:\/\/www.africa-press.net\/cotedivoire\/#\/schema\/person\/2b1cf3cd81a31e3cd26889ca66d677f1"},"headline":"UPCI, un nouveau Pr\u00e9sident nomm\u00e9 en remplacement de l&rsquo;ancien appel\u00e9 \u00e0 de nouvelles fonctions incompatibles \u00e0 la pr\u00e9sidence","datePublished":"2021-08-23T11:32:38+00:00","dateModified":"2021-08-26T19:53:15+00:00","mainEntityOfPage":{"@id":"https:\/\/www.africa-press.net\/cotedivoire\/politique\/cote-divoire-upci-un-nouveau-president-nomme-en-remplacement-de-lancien-appele-a-de-nouvelles-fonctions-incompatibles-a-la-presidence"},"wordCount":356,"commentCount":0,"image":{"@id":"https:\/\/www.africa-press.net\/cotedivoire\/politique\/cote-divoire-upci-un-nouveau-president-nomme-en-remplacement-de-lancien-appele-a-de-nouvelles-fonctions-incompatibles-a-la-presidence#primaryimage"},"thumbnailUrl":"https:\/\/static.africa-press.net\/cote\/sites\/43\/2021\/08\/img-61237a9c3f595.jpg","keywords":["Africa Press","Africa Press-C\u00f4te d'Ivoire","C\u00d4TE D'IVOIRE","Dr Brou Anicet","RHDP","Sidib\u00e9 Yacouba","UPCI"],"articleSection":["homepage-french","Politique","Top Nouvelles","Toutes les actualit\u00e9s"],"inLanguage":"fr-FR","potentialAction":[{"@type":"CommentAction","name":"Comment","target":["https:\/\/www.africa-press.net\/cotedivoire\/politique\/cote-divoire-upci-un-nouveau-president-nomme-en-remplacement-de-lancien-appele-a-de-nouvelles-fonctions-incompatibles-a-la-presidence#respond"]}]},{"@type":"WebPage","@id":"https:\/\/www.africa-press.net\/cotedivoire\/politique\/cote-divoire-upci-un-nouveau-president-nomme-en-remplacement-de-lancien-appele-a-de-nouvelles-fonctions-incompatibles-a-la-presidence","url":"https:\/\/www.africa-press.net\/cotedivoire\/politique\/cote-divoire-upci-un-nouveau-president-nomme-en-remplacement-de-lancien-appele-a-de-nouvelles-fonctions-incompatibles-a-la-presidence","name":"UPCI, un nouveau Pr\u00e9sident nomm\u00e9 en remplacement de l'ancien appel\u00e9 \u00e0 de nouvelles fonctions incompatibles \u00e0 la pr\u00e9sidence - C\u00f4te d&#039;Ivoire","isPartOf":{"@id":"https:\/\/www.africa-press.net\/cotedivoire\/#website"},"primaryImageOfPage":{"@id":"https:\/\/www.africa-press.net\/cotedivoire\/politique\/cote-divoire-upci-un-nouveau-president-nomme-en-remplacement-de-lancien-appele-a-de-nouvelles-fonctions-incompatibles-a-la-presidence#primaryimage"},"image":{"@id":"https:\/\/www.africa-press.net\/cotedivoire\/politique\/cote-divoire-upci-un-nouveau-president-nomme-en-remplacement-de-lancien-appele-a-de-nouvelles-fonctions-incompatibles-a-la-presidence#primaryimage"},"thumbnailUrl":"https:\/\/static.africa-press.net\/cote\/sites\/43\/2021\/08\/img-61237a9c3f595.jpg","datePublished":"2021-08-23T11:32:38+00:00","dateModified":"2021-08-26T19:53:15+00:00","author":{"@id":"https:\/\/www.africa-press.net\/cotedivoire\/#\/schema\/person\/2b1cf3cd81a31e3cd26889ca66d677f1"},"description":"La tendance de l\u2019Union pour la C\u00f4te d'Ivoire (UPCI) proche du RHDP annonce la nomination d'un nouveau Pr\u00e9sident \u00e0 la t\u00eat ...","breadcrumb":{"@id":"https:\/\/www.africa-press.net\/cotedivoire\/politique\/cote-divoire-upci-un-nouveau-president-nomme-en-remplacement-de-lancien-appele-a-de-nouvelles-fonctions-incompatibles-a-la-presidence#breadcrumb"},"inLanguage":"fr-FR","potentialAction":[{"@type":"ReadAction","target":["https:\/\/www.africa-press.net\/cotedivoire\/politique\/cote-divoire-upci-un-nouveau-president-nomme-en-remplacement-de-lancien-appele-a-de-nouvelles-fonctions-incompatibles-a-la-presidence"]}]},{"@type":"ImageObject","inLanguage":"fr-FR","@id":"https:\/\/www.africa-press.net\/cotedivoire\/politique\/cote-divoire-upci-un-nouveau-president-nomme-en-remplacement-de-lancien-appele-a-de-nouvelles-fonctions-incompatibles-a-la-presidence#primaryimage","url":"https:\/\/static.africa-press.net\/cote\/sites\/43\/2021\/08\/img-61237a9c3f595.jpg","contentUrl":"https:\/\/static.africa-press.net\/cote\/sites\/43\/2021\/08\/img-61237a9c3f595.jpg","width":720,"height":480,"caption":"C\u00f4te d'Ivoire : UPCI, un nouveau Pr\u00e9sident nomm\u00e9 en remplacement de l'ancien appel\u00e9 \u00e0 de nouvelles fonctions incompatibles \u00e0 la pr\u00e9sidence"},{"@type":"BreadcrumbList","@id":"https:\/\/www.africa-press.net\/cotedivoire\/politique\/cote-divoire-upci-un-nouveau-president-nomme-en-remplacement-de-lancien-appele-a-de-nouvelles-fonctions-incompatibles-a-la-presidence#breadcrumb","itemListElement":[{"@type":"ListItem","position":1,"name":"Accueil","item":"https:\/\/www.africa-press.net\/cotedivoire\/"},{"@type":"ListItem","position":2,"name":"UPCI, un nouveau Pr\u00e9sident nomm\u00e9 en remplacement de l&#8217;ancien appel\u00e9 \u00e0 de nouvelles fonctions incompatibles \u00e0 la pr\u00e9sidence"}]},{"@type":"WebSite","@id":"https:\/\/www.africa-press.net\/cotedivoire\/#website","url":"https:\/\/www.africa-press.net\/cotedivoire\/","name":"C\u00f4te d&#039;Ivoire","description":"Just another Africa News Agency Sites site","potentialAction":[{"@type":"SearchAction","target":{"@type":"EntryPoint","urlTemplate":"https:\/\/www.africa-press.net\/cotedivoire\/?s={search_term_string}"},"query-input":{"@type":"PropertyValueSpecification","valueRequired":true,"valueName":"search_term_string"}}],"inLanguage":"fr-FR"},{"@type":"Person","@id":"https:\/\/www.africa-press.net\/cotedivoire\/#\/schema\/person\/2b1cf3cd81a31e3cd26889ca66d677f1","name":"cfeditorfr"}]}},"_links":{"self":[{"href":"https:\/\/www.africa-press.net\/cotedivoire\/wp-json\/wp\/v2\/posts\/12349","targetHints":{"allow":["GET"]}}],"collection":[{"href":"https:\/\/www.africa-press.net\/cotedivoire\/wp-json\/wp\/v2\/posts"}],"about":[{"href":"https:\/\/www.africa-press.net\/cotedivoire\/wp-json\/wp\/v2\/types\/post"}],"author":[{"embeddable":true,"href":"https:\/\/www.africa-press.net\/cotedivoire\/wp-json\/wp\/v2\/users\/82"}],"replies":[{"embeddable":true,"href":"https:\/\/www.africa-press.net\/cotedivoire\/wp-json\/wp\/v2\/comments?post=12349"}],"version-history":[{"count":0,"href":"https:\/\/www.africa-press.net\/cotedivoire\/wp-json\/wp\/v2\/posts\/12349\/revisions"}],"wp:featuredmedia":[{"embeddable":true,"href":"https:\/\/www.africa-press.net\/cotedivoire\/wp-json\/wp\/v2\/media\/12348"}],"wp:attachment":[{"href":"https:\/\/www.africa-press.net\/cotedivoire\/wp-json\/wp\/v2\/media?parent=12349"}],"wp:term":[{"taxonomy":"category","embeddable":true,"href":"https:\/\/www.africa-press.net\/cotedivoire\/wp-json\/wp\/v2\/categories?post=12349"},{"taxonomy":"post_tag","embeddable":true,"href":"https:\/\/www.africa-press.net\/cotedivoire\/wp-json\/wp\/v2\/tags?post=12349"}],"curies":[{"name":"wp","href":"https:\/\/api.w.org\/{rel}","templated":true}]}}