{"id":12410,"date":"2021-08-24T16:07:57","date_gmt":"2021-08-24T16:07:57","guid":{"rendered":"https:\/\/www.africa-press.net\/cotedivoire\/?p=12410"},"modified":"2021-08-26T19:49:21","modified_gmt":"2021-08-26T19:49:21","slug":"cote-divoire-affaire-du-fdfp-joel-nguessan-donne-les-raisons-de-la-suspension-a-titre-conservatoire-du-secretaire-general-ouattara-informe","status":"publish","type":"post","link":"https:\/\/www.africa-press.net\/cotedivoire\/toutes-les-actualites\/cote-divoire-affaire-du-fdfp-joel-nguessan-donne-les-raisons-de-la-suspension-a-titre-conservatoire-du-secretaire-general-ouattara-informe","title":{"rendered":"Affaire du FDFP, Jo\u00ebl N&rsquo;Guessan donne les raisons de la suspension \u00e0 titre conservatoire du Secr\u00e9taire General, Ouattara inform\u00e9"},"content":{"rendered":"<p><span style=\"color: #ff6600\"><strong><a href=\"https:\/\/www.africa-press.net\/\">Africa-Press<\/a> &#8211; <a href=\"https:\/\/www.africa-press.net\/cotedivoire\">C\u00f4te d&rsquo;Ivoire<\/a>. <\/strong><\/span>Comme nous le relayions dans un pr\u00e9c\u00e9dent article, le feu couve au Fonds de D\u00e9veloppement de la Formation Professionnelle (FDFP).<\/p>\n<p>Un bras de fer oppose le pr\u00e9sident du Comit\u00e9 de Gestion, Jo\u00ebl N\u2019Guessan, et son secr\u00e9taire General Ange L\u00e9onid Barry-Battesti.<\/p>\n<p>L\u2019ancien Ministre a suspendu \u00e0 titre conservatoire le son num\u00e9ro deux. Suite \u00e0 notre publication du jour, un collaborateur du pr\u00e9sident du comit\u00e9 de gestion du FDFP nous a fait parvenir un communiqu\u00e9 donnant les raisons de la mesure prise par son patron.<\/p>\n<p>Donatien Kautcha, Abidjan<\/p>\n<p>Ci-dessous l\u2019int\u00e9gralit\u00e9 de la r\u00e9action de Jo\u00ebl N\u2019Guessan.<\/p>\n<p>COMMUNIQUE DE PRESSE<\/p>\n<p>Depuis quelques semaines le Fonds de D\u00e9veloppement de la Formation Professionnelle (FDFP) dont j\u2019assure la Pr\u00e9sidence suite au d\u00e9cret n\u00b02019-44 du 09 janvier 2019 portant nomination du Pr\u00e9sident du Comit\u00e9 de Gestion du Fonds de D\u00e9veloppement de la Formation Professionnelle fait l\u2019objet de plusieurs informations dans les m\u00e9dias et les r\u00e9seaux sociaux.<\/p>\n<p>Je tiens, \u00e0 travers ce communiqu\u00e9 de presse, \u00e0 informer l\u2019opinion nationale, surtout les m\u00e9dias et organes de presse, sur la r\u00e9alit\u00e9 du dossier FDFP.<\/p>\n<p>Les faits<\/p>\n<p>Suite \u00e0 des all\u00e9gations de d\u00e9tournements relay\u00e9es par les m\u00e9dias et les r\u00e9seaux sociaux, la Haute Autorit\u00e9 pour la Bonne Gouvernance (HABG) a instruit l\u2019Inspection G\u00e9n\u00e9rale d\u2019Etat (IGE) en vue de diligenter une mission d\u2019audit et d\u2019investigations.<\/p>\n<p>Le rapport d\u2019audit qui m\u2019a \u00e9t\u00e9 transmis d\u00e9montre qu\u2019il y a eu effectivement des actes de mal gouvernance et des dysfonctionnements graves dans la gestion administrative, financi\u00e8re et comptable.<\/p>\n<p>A la suite de ce rapport, une r\u00e9union extraordinaire du Comit\u00e9 de Gestion s\u2019est tenue le mardi 17 ao\u00fbt 2021. L\u2019objet de cette r\u00e9union portait essentiellement sur l\u2019analyse du rapport de l\u2019IGE.<\/p>\n<p>Sur un total de 12 administrateurs que compte le Comit\u00e9 de Gestion du FDFP, 8 \u00e9taient pr\u00e9sents, le quorum \u00e9tait atteint.<\/p>\n<p>Ensemble, nous avons d\u00e9cid\u00e9 que sous 48 heures, chaque coll\u00e8ge repr\u00e9sent\u00e9 \u00e0 cette r\u00e9union donne ses observations sur le rapport.<\/p>\n<p>Au bout des 48 heures, 5 administrateurs sur les 8 ont donn\u00e9 leur accord pour la prise d\u2019une mesure conservatoire pour suspendre le Secr\u00e9taire G\u00e9n\u00e9ral.<\/p>\n<p>Ce qui m\u2019a amen\u00e9 \u00e0 prendre une mesure de suspension \u00e0 titre conservatoire du Secr\u00e9taire G\u00e9n\u00e9ral et de nommer un nouveau Secr\u00e9taire G\u00e9n\u00e9ral par int\u00e9rim.<\/p>\n<p>A toute fin utile, je joins au pr\u00e9sent communiqu\u00e9 de presse, les documents qui prouvent les niveaux des actes malveillants pos\u00e9s.<\/p>\n<p>Je voudrais aussi vous informer que j\u2019ai rendu compte de la situation au Pr\u00e9sident de la R\u00e9publique avant de prendre la d\u00e9cision, vu la gravit\u00e9 des faits.<\/p>\n<p>&nbsp;<\/p>\n<p>&nbsp;<\/p>\n","protected":false},"excerpt":{"rendered":"<p>Africa-Press &#8211; C\u00f4te d&rsquo;Ivoire. Comme nous le relayions dans un pr\u00e9c\u00e9dent article, le feu couve au Fonds de D\u00e9veloppement de la Formation Professionnelle (FDFP). Un bras de fer oppose le pr\u00e9sident du Comit\u00e9 de Gestion, Jo\u00ebl N\u2019Guessan, et son secr\u00e9taire General Ange L\u00e9onid Barry-Battesti. L\u2019ancien Ministre a suspendu \u00e0 titre conservatoire le son num\u00e9ro deux. [&hellip;]<\/p>\n","protected":false},"author":82,"featured_media":12409,"comment_status":"open","ping_status":"closed","sticky":false,"template":"","format":"standard","meta":{"footnotes":""},"categories":[21,11,10],"tags":[56,63,725,29,714,715,727,726],"class_list":["post-12410","post","type-post","status-publish","format-standard","has-post-thumbnail","hentry","category-communaute","category-homepage-french","category-toutes-les-actualites","tag-africa-press","tag-africa-press-cote-divoire","tag-barry-battesti-2","tag-cote-divoire","tag-fdfp","tag-joel-nguessan","tag-ouattara","tag-suspension"],"yoast_head":"<!-- This site is optimized with the Yoast SEO Premium plugin v26.1 (Yoast SEO v27.0) - https:\/\/yoast.com\/product\/yoast-seo-premium-wordpress\/ -->\n<title>Affaire du FDFP, Jo\u00ebl N&#039;Guessan donne les raisons de la suspension \u00e0 titre conservatoire du Secr\u00e9taire General, Ouattara inform\u00e9 - C\u00f4te d&#039;Ivoire<\/title>\n<meta name=\"description\" content=\"Comme nous le relayions dans un pr\u00e9c\u00e9dent article, le feu couve au Fonds de D\u00e9veloppement de la Formation Professionnell ...\" \/>\n<meta name=\"robots\" content=\"index, follow, max-snippet:-1, max-image-preview:large, max-video-preview:-1\" \/>\n<link rel=\"canonical\" href=\"https:\/\/www.africa-press.net\/cotedivoire\/toutes-les-actualites\/cote-divoire-affaire-du-fdfp-joel-nguessan-donne-les-raisons-de-la-suspension-a-titre-conservatoire-du-secretaire-general-ouattara-informe\" \/>\n<meta property=\"og:locale\" content=\"fr_FR\" \/>\n<meta property=\"og:type\" content=\"article\" \/>\n<meta property=\"og:title\" content=\"Affaire du FDFP, Jo\u00ebl N&#039;Guessan donne les raisons de la suspension \u00e0 titre conservatoire du Secr\u00e9taire General, Ouattara inform\u00e9\" \/>\n<meta property=\"og:description\" content=\"Comme nous le relayions dans un pr\u00e9c\u00e9dent article, le feu couve au Fonds de D\u00e9veloppement de la Formation Professionnell ...\" \/>\n<meta property=\"og:url\" content=\"https:\/\/www.africa-press.net\/cotedivoire\/toutes-les-actualites\/cote-divoire-affaire-du-fdfp-joel-nguessan-donne-les-raisons-de-la-suspension-a-titre-conservatoire-du-secretaire-general-ouattara-informe\" \/>\n<meta property=\"og:site_name\" content=\"C\u00f4te d&#039;Ivoire\" \/>\n<meta property=\"article:published_time\" content=\"2021-08-24T16:07:57+00:00\" \/>\n<meta property=\"article:modified_time\" content=\"2021-08-26T19:49:21+00:00\" \/>\n<meta property=\"og:image\" content=\"https:\/\/static.africa-press.net\/cote\/sites\/43\/2021\/08\/img-612512066c088.jpg\" \/>\n\t<meta property=\"og:image:width\" content=\"720\" \/>\n\t<meta property=\"og:image:height\" content=\"384\" \/>\n\t<meta property=\"og:image:type\" content=\"image\/jpeg\" \/>\n<meta name=\"author\" content=\"cfeditorfr\" \/>\n<meta name=\"twitter:card\" content=\"summary_large_image\" \/>\n<meta name=\"twitter:label1\" content=\"\u00c9crit par\" \/>\n\t<meta name=\"twitter:data1\" content=\"cfeditorfr\" \/>\n\t<meta name=\"twitter:label2\" content=\"Dur\u00e9e de lecture estim\u00e9e\" \/>\n\t<meta name=\"twitter:data2\" content=\"2 minutes\" \/>\n<script type=\"application\/ld+json\" class=\"yoast-schema-graph\">{\"@context\":\"https:\/\/schema.org\",\"@graph\":[{\"@type\":\"Article\",\"@id\":\"https:\/\/www.africa-press.net\/cotedivoire\/toutes-les-actualites\/cote-divoire-affaire-du-fdfp-joel-nguessan-donne-les-raisons-de-la-suspension-a-titre-conservatoire-du-secretaire-general-ouattara-informe#article\",\"isPartOf\":{\"@id\":\"https:\/\/www.africa-press.net\/cotedivoire\/toutes-les-actualites\/cote-divoire-affaire-du-fdfp-joel-nguessan-donne-les-raisons-de-la-suspension-a-titre-conservatoire-du-secretaire-general-ouattara-informe\"},\"author\":{\"name\":\"cfeditorfr\",\"@id\":\"https:\/\/www.africa-press.net\/cotedivoire\/#\/schema\/person\/2b1cf3cd81a31e3cd26889ca66d677f1\"},\"headline\":\"Affaire du FDFP, Jo\u00ebl N&rsquo;Guessan donne les raisons de la suspension \u00e0 titre conservatoire du Secr\u00e9taire General, Ouattara inform\u00e9\",\"datePublished\":\"2021-08-24T16:07:57+00:00\",\"dateModified\":\"2021-08-26T19:49:21+00:00\",\"mainEntityOfPage\":{\"@id\":\"https:\/\/www.africa-press.net\/cotedivoire\/toutes-les-actualites\/cote-divoire-affaire-du-fdfp-joel-nguessan-donne-les-raisons-de-la-suspension-a-titre-conservatoire-du-secretaire-general-ouattara-informe\"},\"wordCount\":499,\"commentCount\":0,\"image\":{\"@id\":\"https:\/\/www.africa-press.net\/cotedivoire\/toutes-les-actualites\/cote-divoire-affaire-du-fdfp-joel-nguessan-donne-les-raisons-de-la-suspension-a-titre-conservatoire-du-secretaire-general-ouattara-informe#primaryimage\"},\"thumbnailUrl\":\"https:\/\/static.africa-press.net\/cote\/sites\/43\/2021\/08\/img-612512066c088.jpg\",\"keywords\":[\"Africa Press\",\"Africa Press-C\u00f4te d'Ivoire\",\"Barry Battesti\",\"C\u00d4TE D'IVOIRE\",\"FDFP\",\"Jo\u00ebl N'Guessan\",\"Ouattara\",\"suspension\"],\"articleSection\":[\"Communaut\u00e9\",\"homepage-french\",\"Toutes les actualit\u00e9s\"],\"inLanguage\":\"fr-FR\",\"potentialAction\":[{\"@type\":\"CommentAction\",\"name\":\"Comment\",\"target\":[\"https:\/\/www.africa-press.net\/cotedivoire\/toutes-les-actualites\/cote-divoire-affaire-du-fdfp-joel-nguessan-donne-les-raisons-de-la-suspension-a-titre-conservatoire-du-secretaire-general-ouattara-informe#respond\"]}]},{\"@type\":\"WebPage\",\"@id\":\"https:\/\/www.africa-press.net\/cotedivoire\/toutes-les-actualites\/cote-divoire-affaire-du-fdfp-joel-nguessan-donne-les-raisons-de-la-suspension-a-titre-conservatoire-du-secretaire-general-ouattara-informe\",\"url\":\"https:\/\/www.africa-press.net\/cotedivoire\/toutes-les-actualites\/cote-divoire-affaire-du-fdfp-joel-nguessan-donne-les-raisons-de-la-suspension-a-titre-conservatoire-du-secretaire-general-ouattara-informe\",\"name\":\"Affaire du FDFP, Jo\u00ebl N'Guessan donne les raisons de la suspension \u00e0 titre conservatoire du Secr\u00e9taire General, Ouattara inform\u00e9 - C\u00f4te d&#039;Ivoire\",\"isPartOf\":{\"@id\":\"https:\/\/www.africa-press.net\/cotedivoire\/#website\"},\"primaryImageOfPage\":{\"@id\":\"https:\/\/www.africa-press.net\/cotedivoire\/toutes-les-actualites\/cote-divoire-affaire-du-fdfp-joel-nguessan-donne-les-raisons-de-la-suspension-a-titre-conservatoire-du-secretaire-general-ouattara-informe#primaryimage\"},\"image\":{\"@id\":\"https:\/\/www.africa-press.net\/cotedivoire\/toutes-les-actualites\/cote-divoire-affaire-du-fdfp-joel-nguessan-donne-les-raisons-de-la-suspension-a-titre-conservatoire-du-secretaire-general-ouattara-informe#primaryimage\"},\"thumbnailUrl\":\"https:\/\/static.africa-press.net\/cote\/sites\/43\/2021\/08\/img-612512066c088.jpg\",\"datePublished\":\"2021-08-24T16:07:57+00:00\",\"dateModified\":\"2021-08-26T19:49:21+00:00\",\"author\":{\"@id\":\"https:\/\/www.africa-press.net\/cotedivoire\/#\/schema\/person\/2b1cf3cd81a31e3cd26889ca66d677f1\"},\"description\":\"Comme nous le relayions dans un pr\u00e9c\u00e9dent article, le feu couve au Fonds de D\u00e9veloppement de la Formation Professionnell ...\",\"breadcrumb\":{\"@id\":\"https:\/\/www.africa-press.net\/cotedivoire\/toutes-les-actualites\/cote-divoire-affaire-du-fdfp-joel-nguessan-donne-les-raisons-de-la-suspension-a-titre-conservatoire-du-secretaire-general-ouattara-informe#breadcrumb\"},\"inLanguage\":\"fr-FR\",\"potentialAction\":[{\"@type\":\"ReadAction\",\"target\":[\"https:\/\/www.africa-press.net\/cotedivoire\/toutes-les-actualites\/cote-divoire-affaire-du-fdfp-joel-nguessan-donne-les-raisons-de-la-suspension-a-titre-conservatoire-du-secretaire-general-ouattara-informe\"]}]},{\"@type\":\"ImageObject\",\"inLanguage\":\"fr-FR\",\"@id\":\"https:\/\/www.africa-press.net\/cotedivoire\/toutes-les-actualites\/cote-divoire-affaire-du-fdfp-joel-nguessan-donne-les-raisons-de-la-suspension-a-titre-conservatoire-du-secretaire-general-ouattara-informe#primaryimage\",\"url\":\"https:\/\/static.africa-press.net\/cote\/sites\/43\/2021\/08\/img-612512066c088.jpg\",\"contentUrl\":\"https:\/\/static.africa-press.net\/cote\/sites\/43\/2021\/08\/img-612512066c088.jpg\",\"width\":720,\"height\":384,\"caption\":\"C\u00f4te d'Ivoire : Affaire du FDFP, Jo\u00ebl N'Guessan donne les raisons de la suspension \u00e0 titre conservatoire du Secr\u00e9taire General, Ouattara inform\u00e9\"},{\"@type\":\"BreadcrumbList\",\"@id\":\"https:\/\/www.africa-press.net\/cotedivoire\/toutes-les-actualites\/cote-divoire-affaire-du-fdfp-joel-nguessan-donne-les-raisons-de-la-suspension-a-titre-conservatoire-du-secretaire-general-ouattara-informe#breadcrumb\",\"itemListElement\":[{\"@type\":\"ListItem\",\"position\":1,\"name\":\"Accueil\",\"item\":\"https:\/\/www.africa-press.net\/cotedivoire\/\"},{\"@type\":\"ListItem\",\"position\":2,\"name\":\"Affaire du FDFP, Jo\u00ebl N&#8217;Guessan donne les raisons de la suspension \u00e0 titre conservatoire du Secr\u00e9taire General, Ouattara inform\u00e9\"}]},{\"@type\":\"WebSite\",\"@id\":\"https:\/\/www.africa-press.net\/cotedivoire\/#website\",\"url\":\"https:\/\/www.africa-press.net\/cotedivoire\/\",\"name\":\"C\u00f4te d&#039;Ivoire\",\"description\":\"Just another Africa News Agency Sites site\",\"potentialAction\":[{\"@type\":\"SearchAction\",\"target\":{\"@type\":\"EntryPoint\",\"urlTemplate\":\"https:\/\/www.africa-press.net\/cotedivoire\/?s={search_term_string}\"},\"query-input\":{\"@type\":\"PropertyValueSpecification\",\"valueRequired\":true,\"valueName\":\"search_term_string\"}}],\"inLanguage\":\"fr-FR\"},{\"@type\":\"Person\",\"@id\":\"https:\/\/www.africa-press.net\/cotedivoire\/#\/schema\/person\/2b1cf3cd81a31e3cd26889ca66d677f1\",\"name\":\"cfeditorfr\"}]}<\/script>\n<!-- \/ Yoast SEO Premium plugin. -->","yoast_head_json":{"title":"Affaire du FDFP, Jo\u00ebl N'Guessan donne les raisons de la suspension \u00e0 titre conservatoire du Secr\u00e9taire General, Ouattara inform\u00e9 - C\u00f4te d&#039;Ivoire","description":"Comme nous le relayions dans un pr\u00e9c\u00e9dent article, le feu couve au Fonds de D\u00e9veloppement de la Formation Professionnell ...","robots":{"index":"index","follow":"follow","max-snippet":"max-snippet:-1","max-image-preview":"max-image-preview:large","max-video-preview":"max-video-preview:-1"},"canonical":"https:\/\/www.africa-press.net\/cotedivoire\/toutes-les-actualites\/cote-divoire-affaire-du-fdfp-joel-nguessan-donne-les-raisons-de-la-suspension-a-titre-conservatoire-du-secretaire-general-ouattara-informe","og_locale":"fr_FR","og_type":"article","og_title":"Affaire du FDFP, Jo\u00ebl N'Guessan donne les raisons de la suspension \u00e0 titre conservatoire du Secr\u00e9taire General, Ouattara inform\u00e9","og_description":"Comme nous le relayions dans un pr\u00e9c\u00e9dent article, le feu couve au Fonds de D\u00e9veloppement de la Formation Professionnell ...","og_url":"https:\/\/www.africa-press.net\/cotedivoire\/toutes-les-actualites\/cote-divoire-affaire-du-fdfp-joel-nguessan-donne-les-raisons-de-la-suspension-a-titre-conservatoire-du-secretaire-general-ouattara-informe","og_site_name":"C\u00f4te d&#039;Ivoire","article_published_time":"2021-08-24T16:07:57+00:00","article_modified_time":"2021-08-26T19:49:21+00:00","og_image":[{"width":720,"height":384,"url":"https:\/\/static.africa-press.net\/cote\/sites\/43\/2021\/08\/img-612512066c088.jpg","type":"image\/jpeg"}],"author":"cfeditorfr","twitter_card":"summary_large_image","twitter_misc":{"\u00c9crit par":"cfeditorfr","Dur\u00e9e de lecture estim\u00e9e":"2 minutes"},"schema":{"@context":"https:\/\/schema.org","@graph":[{"@type":"Article","@id":"https:\/\/www.africa-press.net\/cotedivoire\/toutes-les-actualites\/cote-divoire-affaire-du-fdfp-joel-nguessan-donne-les-raisons-de-la-suspension-a-titre-conservatoire-du-secretaire-general-ouattara-informe#article","isPartOf":{"@id":"https:\/\/www.africa-press.net\/cotedivoire\/toutes-les-actualites\/cote-divoire-affaire-du-fdfp-joel-nguessan-donne-les-raisons-de-la-suspension-a-titre-conservatoire-du-secretaire-general-ouattara-informe"},"author":{"name":"cfeditorfr","@id":"https:\/\/www.africa-press.net\/cotedivoire\/#\/schema\/person\/2b1cf3cd81a31e3cd26889ca66d677f1"},"headline":"Affaire du FDFP, Jo\u00ebl N&rsquo;Guessan donne les raisons de la suspension \u00e0 titre conservatoire du Secr\u00e9taire General, Ouattara inform\u00e9","datePublished":"2021-08-24T16:07:57+00:00","dateModified":"2021-08-26T19:49:21+00:00","mainEntityOfPage":{"@id":"https:\/\/www.africa-press.net\/cotedivoire\/toutes-les-actualites\/cote-divoire-affaire-du-fdfp-joel-nguessan-donne-les-raisons-de-la-suspension-a-titre-conservatoire-du-secretaire-general-ouattara-informe"},"wordCount":499,"commentCount":0,"image":{"@id":"https:\/\/www.africa-press.net\/cotedivoire\/toutes-les-actualites\/cote-divoire-affaire-du-fdfp-joel-nguessan-donne-les-raisons-de-la-suspension-a-titre-conservatoire-du-secretaire-general-ouattara-informe#primaryimage"},"thumbnailUrl":"https:\/\/static.africa-press.net\/cote\/sites\/43\/2021\/08\/img-612512066c088.jpg","keywords":["Africa Press","Africa Press-C\u00f4te d'Ivoire","Barry Battesti","C\u00d4TE D'IVOIRE","FDFP","Jo\u00ebl N'Guessan","Ouattara","suspension"],"articleSection":["Communaut\u00e9","homepage-french","Toutes les actualit\u00e9s"],"inLanguage":"fr-FR","potentialAction":[{"@type":"CommentAction","name":"Comment","target":["https:\/\/www.africa-press.net\/cotedivoire\/toutes-les-actualites\/cote-divoire-affaire-du-fdfp-joel-nguessan-donne-les-raisons-de-la-suspension-a-titre-conservatoire-du-secretaire-general-ouattara-informe#respond"]}]},{"@type":"WebPage","@id":"https:\/\/www.africa-press.net\/cotedivoire\/toutes-les-actualites\/cote-divoire-affaire-du-fdfp-joel-nguessan-donne-les-raisons-de-la-suspension-a-titre-conservatoire-du-secretaire-general-ouattara-informe","url":"https:\/\/www.africa-press.net\/cotedivoire\/toutes-les-actualites\/cote-divoire-affaire-du-fdfp-joel-nguessan-donne-les-raisons-de-la-suspension-a-titre-conservatoire-du-secretaire-general-ouattara-informe","name":"Affaire du FDFP, Jo\u00ebl N'Guessan donne les raisons de la suspension \u00e0 titre conservatoire du Secr\u00e9taire General, Ouattara inform\u00e9 - C\u00f4te d&#039;Ivoire","isPartOf":{"@id":"https:\/\/www.africa-press.net\/cotedivoire\/#website"},"primaryImageOfPage":{"@id":"https:\/\/www.africa-press.net\/cotedivoire\/toutes-les-actualites\/cote-divoire-affaire-du-fdfp-joel-nguessan-donne-les-raisons-de-la-suspension-a-titre-conservatoire-du-secretaire-general-ouattara-informe#primaryimage"},"image":{"@id":"https:\/\/www.africa-press.net\/cotedivoire\/toutes-les-actualites\/cote-divoire-affaire-du-fdfp-joel-nguessan-donne-les-raisons-de-la-suspension-a-titre-conservatoire-du-secretaire-general-ouattara-informe#primaryimage"},"thumbnailUrl":"https:\/\/static.africa-press.net\/cote\/sites\/43\/2021\/08\/img-612512066c088.jpg","datePublished":"2021-08-24T16:07:57+00:00","dateModified":"2021-08-26T19:49:21+00:00","author":{"@id":"https:\/\/www.africa-press.net\/cotedivoire\/#\/schema\/person\/2b1cf3cd81a31e3cd26889ca66d677f1"},"description":"Comme nous le relayions dans un pr\u00e9c\u00e9dent article, le feu couve au Fonds de D\u00e9veloppement de la Formation Professionnell ...","breadcrumb":{"@id":"https:\/\/www.africa-press.net\/cotedivoire\/toutes-les-actualites\/cote-divoire-affaire-du-fdfp-joel-nguessan-donne-les-raisons-de-la-suspension-a-titre-conservatoire-du-secretaire-general-ouattara-informe#breadcrumb"},"inLanguage":"fr-FR","potentialAction":[{"@type":"ReadAction","target":["https:\/\/www.africa-press.net\/cotedivoire\/toutes-les-actualites\/cote-divoire-affaire-du-fdfp-joel-nguessan-donne-les-raisons-de-la-suspension-a-titre-conservatoire-du-secretaire-general-ouattara-informe"]}]},{"@type":"ImageObject","inLanguage":"fr-FR","@id":"https:\/\/www.africa-press.net\/cotedivoire\/toutes-les-actualites\/cote-divoire-affaire-du-fdfp-joel-nguessan-donne-les-raisons-de-la-suspension-a-titre-conservatoire-du-secretaire-general-ouattara-informe#primaryimage","url":"https:\/\/static.africa-press.net\/cote\/sites\/43\/2021\/08\/img-612512066c088.jpg","contentUrl":"https:\/\/static.africa-press.net\/cote\/sites\/43\/2021\/08\/img-612512066c088.jpg","width":720,"height":384,"caption":"C\u00f4te d'Ivoire : Affaire du FDFP, Jo\u00ebl N'Guessan donne les raisons de la suspension \u00e0 titre conservatoire du Secr\u00e9taire General, Ouattara inform\u00e9"},{"@type":"BreadcrumbList","@id":"https:\/\/www.africa-press.net\/cotedivoire\/toutes-les-actualites\/cote-divoire-affaire-du-fdfp-joel-nguessan-donne-les-raisons-de-la-suspension-a-titre-conservatoire-du-secretaire-general-ouattara-informe#breadcrumb","itemListElement":[{"@type":"ListItem","position":1,"name":"Accueil","item":"https:\/\/www.africa-press.net\/cotedivoire\/"},{"@type":"ListItem","position":2,"name":"Affaire du FDFP, Jo\u00ebl N&#8217;Guessan donne les raisons de la suspension \u00e0 titre conservatoire du Secr\u00e9taire General, Ouattara inform\u00e9"}]},{"@type":"WebSite","@id":"https:\/\/www.africa-press.net\/cotedivoire\/#website","url":"https:\/\/www.africa-press.net\/cotedivoire\/","name":"C\u00f4te d&#039;Ivoire","description":"Just another Africa News Agency Sites site","potentialAction":[{"@type":"SearchAction","target":{"@type":"EntryPoint","urlTemplate":"https:\/\/www.africa-press.net\/cotedivoire\/?s={search_term_string}"},"query-input":{"@type":"PropertyValueSpecification","valueRequired":true,"valueName":"search_term_string"}}],"inLanguage":"fr-FR"},{"@type":"Person","@id":"https:\/\/www.africa-press.net\/cotedivoire\/#\/schema\/person\/2b1cf3cd81a31e3cd26889ca66d677f1","name":"cfeditorfr"}]}},"_links":{"self":[{"href":"https:\/\/www.africa-press.net\/cotedivoire\/wp-json\/wp\/v2\/posts\/12410","targetHints":{"allow":["GET"]}}],"collection":[{"href":"https:\/\/www.africa-press.net\/cotedivoire\/wp-json\/wp\/v2\/posts"}],"about":[{"href":"https:\/\/www.africa-press.net\/cotedivoire\/wp-json\/wp\/v2\/types\/post"}],"author":[{"embeddable":true,"href":"https:\/\/www.africa-press.net\/cotedivoire\/wp-json\/wp\/v2\/users\/82"}],"replies":[{"embeddable":true,"href":"https:\/\/www.africa-press.net\/cotedivoire\/wp-json\/wp\/v2\/comments?post=12410"}],"version-history":[{"count":0,"href":"https:\/\/www.africa-press.net\/cotedivoire\/wp-json\/wp\/v2\/posts\/12410\/revisions"}],"wp:featuredmedia":[{"embeddable":true,"href":"https:\/\/www.africa-press.net\/cotedivoire\/wp-json\/wp\/v2\/media\/12409"}],"wp:attachment":[{"href":"https:\/\/www.africa-press.net\/cotedivoire\/wp-json\/wp\/v2\/media?parent=12410"}],"wp:term":[{"taxonomy":"category","embeddable":true,"href":"https:\/\/www.africa-press.net\/cotedivoire\/wp-json\/wp\/v2\/categories?post=12410"},{"taxonomy":"post_tag","embeddable":true,"href":"https:\/\/www.africa-press.net\/cotedivoire\/wp-json\/wp\/v2\/tags?post=12410"}],"curies":[{"name":"wp","href":"https:\/\/api.w.org\/{rel}","templated":true}]}}