{"id":12648,"date":"2021-08-26T16:55:55","date_gmt":"2021-08-26T16:55:55","guid":{"rendered":"https:\/\/www.africa-press.net\/cotedivoire\/?p=12648"},"modified":"2021-08-26T19:17:30","modified_gmt":"2021-08-26T19:17:30","slug":"cote-divoire-lutte-contre-linsecurite-des-gangs-demanteles-a-bondoukou-et-yamoussoukro","status":"publish","type":"post","link":"https:\/\/www.africa-press.net\/cotedivoire\/toutes-les-actualites\/cote-divoire-lutte-contre-linsecurite-des-gangs-demanteles-a-bondoukou-et-yamoussoukro","title":{"rendered":"Lutte contre l&rsquo;ins\u00e9curit\u00e9, des gangs d\u00e9mantel\u00e9s \u00e0 Bondoukou et Yamoussoukro"},"content":{"rendered":"<p><span style=\"color: #ff6600\"><strong><a href=\"https:\/\/www.africa-press.net\/\">Africa-Press<\/a> &#8211; <a href=\"https:\/\/www.africa-press.net\/cotedivoire\">C\u00f4te d&rsquo;Ivoire<\/a>.\u00a0 <\/strong><\/span>Dans le cadre de la lutte contre l\u2019ins\u00e9curit\u00e9, la police nationale a d\u00e9mantel\u00e9 deux (02) dans les Districts de Yamoussoukro et de Bondoukou.<\/p>\n<p>Dans la capitale politique, suite \u00e0 une plainte faisant cas d\u2019une agression par un individu, les agents de la Police du Service R\u00e9gional de la Police Judiciaire (SRPJ) ont us\u00e9 de stratag\u00e8mes pour interpeller le nomm\u00e9 AC, 18 ans.<\/p>\n<p>Interrog\u00e9, ce dernier a reconnu les faits et a m\u00eame avou\u00e9 appartenir \u00e0 un gang sp\u00e9cialis\u00e9 dans les vols \u00e0 mains arm\u00e9es. Sous sa conduite, lesdits ont proc\u00e9d\u00e9 \u00e0 l\u2019interpellation des autres membres du gang. Il s\u2019agit des nomm\u00e9s, DY, 23 ans et AL 16 ans.<\/p>\n<p>Par ailleurs, les perquisitions faites \u00e0 leurs diff\u00e9rents domiciles ont permis de saisir:<\/p>\n<p>15 machettes ; 02 fusils de calibre 12 ; 02 arrache-clous ; 02 paires de ciseaux et divers autres objets.<\/p>\n<p>Dans la r\u00e9gion du Zanzan, quatre redoutables malfrats dit-on sp\u00e9cialis\u00e9s dans le vol des engins \u00e0 deux et trois roues, ont \u00e9t\u00e9 appr\u00e9hend\u00e9s, par la Police Criminelle de Bondoukou. Il s&rsquo;agirait des nomm\u00e9s, K.A, SA, CM et SS, auteurs de plusieurs motos vol\u00e9es et revendues au Ghana.<\/p>\n<p>Tous ces malfrats interpell\u00e9s par les forces de l\u2019ordre seront conduits devant les tribunaux pour r\u00e9pondre de leurs actes, assure-t-on.<\/p>\n<p>&nbsp;<\/p>\n","protected":false},"excerpt":{"rendered":"<p>Africa-Press &#8211; C\u00f4te d&rsquo;Ivoire.\u00a0 Dans le cadre de la lutte contre l\u2019ins\u00e9curit\u00e9, la police nationale a d\u00e9mantel\u00e9 deux (02) dans les Districts de Yamoussoukro et de Bondoukou. Dans la capitale politique, suite \u00e0 une plainte faisant cas d\u2019une agression par un individu, les agents de la Police du Service R\u00e9gional de la Police Judiciaire (SRPJ) [&hellip;]<\/p>\n","protected":false},"author":82,"featured_media":12647,"comment_status":"open","ping_status":"closed","sticky":false,"template":"","format":"standard","meta":{"footnotes":""},"categories":[21,11,10],"tags":[56,63,839,29,838,817,309,837,33],"class_list":["post-12648","post","type-post","status-publish","format-standard","has-post-thumbnail","hentry","category-communaute","category-homepage-french","category-toutes-les-actualites","tag-africa-press","tag-africa-press-cote-divoire","tag-bondoukou","tag-cote-divoire","tag-demanteles","tag-gangs","tag-police","tag-tribunaux","tag-yamoussoukro"],"yoast_head":"<!-- This site is optimized with the Yoast SEO Premium plugin v26.1 (Yoast SEO v27.0) - https:\/\/yoast.com\/product\/yoast-seo-premium-wordpress\/ -->\n<title>Lutte contre l&#039;ins\u00e9curit\u00e9, des gangs d\u00e9mantel\u00e9s \u00e0 Bondoukou et Yamoussoukro - C\u00f4te d&#039;Ivoire<\/title>\n<meta name=\"description\" content=\"Le gang d\u00e9mantel\u00e9 \u00e0 Bondoukou (Ph DR) Dans le cadre de la lutte contre l\u2019ins\u00e9curit\u00e9, la police nationale a d\u00e9mantel\u00e9 de ...\" \/>\n<meta name=\"robots\" content=\"index, follow, max-snippet:-1, max-image-preview:large, max-video-preview:-1\" \/>\n<link rel=\"canonical\" href=\"https:\/\/www.africa-press.net\/cotedivoire\/toutes-les-actualites\/cote-divoire-lutte-contre-linsecurite-des-gangs-demanteles-a-bondoukou-et-yamoussoukro\" \/>\n<meta property=\"og:locale\" content=\"fr_FR\" \/>\n<meta property=\"og:type\" content=\"article\" \/>\n<meta property=\"og:title\" content=\"Lutte contre l&#039;ins\u00e9curit\u00e9, des gangs d\u00e9mantel\u00e9s \u00e0 Bondoukou et Yamoussoukro\" \/>\n<meta property=\"og:description\" content=\"Le gang d\u00e9mantel\u00e9 \u00e0 Bondoukou (Ph DR) Dans le cadre de la lutte contre l\u2019ins\u00e9curit\u00e9, la police nationale a d\u00e9mantel\u00e9 de ...\" \/>\n<meta property=\"og:url\" content=\"https:\/\/www.africa-press.net\/cotedivoire\/toutes-les-actualites\/cote-divoire-lutte-contre-linsecurite-des-gangs-demanteles-a-bondoukou-et-yamoussoukro\" \/>\n<meta property=\"og:site_name\" content=\"C\u00f4te d&#039;Ivoire\" \/>\n<meta property=\"article:published_time\" content=\"2021-08-26T16:55:55+00:00\" \/>\n<meta property=\"article:modified_time\" content=\"2021-08-26T19:17:30+00:00\" \/>\n<meta property=\"og:image\" content=\"https:\/\/static.africa-press.net\/cote\/sites\/43\/2021\/08\/img-61278b8694624.jpg\" \/>\n\t<meta property=\"og:image:width\" content=\"720\" \/>\n\t<meta property=\"og:image:height\" content=\"447\" \/>\n\t<meta property=\"og:image:type\" content=\"image\/jpeg\" \/>\n<meta name=\"author\" content=\"cfeditorfr\" \/>\n<meta name=\"twitter:card\" content=\"summary_large_image\" \/>\n<meta name=\"twitter:label1\" content=\"\u00c9crit par\" \/>\n\t<meta name=\"twitter:data1\" content=\"cfeditorfr\" \/>\n\t<meta name=\"twitter:label2\" content=\"Dur\u00e9e de lecture estim\u00e9e\" \/>\n\t<meta name=\"twitter:data2\" content=\"1 minute\" \/>\n<script type=\"application\/ld+json\" class=\"yoast-schema-graph\">{\"@context\":\"https:\/\/schema.org\",\"@graph\":[{\"@type\":\"Article\",\"@id\":\"https:\/\/www.africa-press.net\/cotedivoire\/toutes-les-actualites\/cote-divoire-lutte-contre-linsecurite-des-gangs-demanteles-a-bondoukou-et-yamoussoukro#article\",\"isPartOf\":{\"@id\":\"https:\/\/www.africa-press.net\/cotedivoire\/toutes-les-actualites\/cote-divoire-lutte-contre-linsecurite-des-gangs-demanteles-a-bondoukou-et-yamoussoukro\"},\"author\":{\"name\":\"cfeditorfr\",\"@id\":\"https:\/\/www.africa-press.net\/cotedivoire\/#\/schema\/person\/2b1cf3cd81a31e3cd26889ca66d677f1\"},\"headline\":\"Lutte contre l&rsquo;ins\u00e9curit\u00e9, des gangs d\u00e9mantel\u00e9s \u00e0 Bondoukou et Yamoussoukro\",\"datePublished\":\"2021-08-26T16:55:55+00:00\",\"dateModified\":\"2021-08-26T19:17:30+00:00\",\"mainEntityOfPage\":{\"@id\":\"https:\/\/www.africa-press.net\/cotedivoire\/toutes-les-actualites\/cote-divoire-lutte-contre-linsecurite-des-gangs-demanteles-a-bondoukou-et-yamoussoukro\"},\"wordCount\":236,\"commentCount\":0,\"image\":{\"@id\":\"https:\/\/www.africa-press.net\/cotedivoire\/toutes-les-actualites\/cote-divoire-lutte-contre-linsecurite-des-gangs-demanteles-a-bondoukou-et-yamoussoukro#primaryimage\"},\"thumbnailUrl\":\"https:\/\/static.africa-press.net\/cote\/sites\/43\/2021\/08\/img-61278b8694624.jpg\",\"keywords\":[\"Africa Press\",\"Africa Press-C\u00f4te d'Ivoire\",\"Bondoukou\",\"C\u00d4TE D'IVOIRE\",\"d\u00e9mantel\u00e9s\",\"gangs\",\"police\",\"tribunaux\",\"Yamoussoukro\"],\"articleSection\":[\"Communaut\u00e9\",\"homepage-french\",\"Toutes les actualit\u00e9s\"],\"inLanguage\":\"fr-FR\",\"potentialAction\":[{\"@type\":\"CommentAction\",\"name\":\"Comment\",\"target\":[\"https:\/\/www.africa-press.net\/cotedivoire\/toutes-les-actualites\/cote-divoire-lutte-contre-linsecurite-des-gangs-demanteles-a-bondoukou-et-yamoussoukro#respond\"]}]},{\"@type\":\"WebPage\",\"@id\":\"https:\/\/www.africa-press.net\/cotedivoire\/toutes-les-actualites\/cote-divoire-lutte-contre-linsecurite-des-gangs-demanteles-a-bondoukou-et-yamoussoukro\",\"url\":\"https:\/\/www.africa-press.net\/cotedivoire\/toutes-les-actualites\/cote-divoire-lutte-contre-linsecurite-des-gangs-demanteles-a-bondoukou-et-yamoussoukro\",\"name\":\"Lutte contre l'ins\u00e9curit\u00e9, des gangs d\u00e9mantel\u00e9s \u00e0 Bondoukou et Yamoussoukro - C\u00f4te d&#039;Ivoire\",\"isPartOf\":{\"@id\":\"https:\/\/www.africa-press.net\/cotedivoire\/#website\"},\"primaryImageOfPage\":{\"@id\":\"https:\/\/www.africa-press.net\/cotedivoire\/toutes-les-actualites\/cote-divoire-lutte-contre-linsecurite-des-gangs-demanteles-a-bondoukou-et-yamoussoukro#primaryimage\"},\"image\":{\"@id\":\"https:\/\/www.africa-press.net\/cotedivoire\/toutes-les-actualites\/cote-divoire-lutte-contre-linsecurite-des-gangs-demanteles-a-bondoukou-et-yamoussoukro#primaryimage\"},\"thumbnailUrl\":\"https:\/\/static.africa-press.net\/cote\/sites\/43\/2021\/08\/img-61278b8694624.jpg\",\"datePublished\":\"2021-08-26T16:55:55+00:00\",\"dateModified\":\"2021-08-26T19:17:30+00:00\",\"author\":{\"@id\":\"https:\/\/www.africa-press.net\/cotedivoire\/#\/schema\/person\/2b1cf3cd81a31e3cd26889ca66d677f1\"},\"description\":\"Le gang d\u00e9mantel\u00e9 \u00e0 Bondoukou (Ph DR) Dans le cadre de la lutte contre l\u2019ins\u00e9curit\u00e9, la police nationale a d\u00e9mantel\u00e9 de ...\",\"breadcrumb\":{\"@id\":\"https:\/\/www.africa-press.net\/cotedivoire\/toutes-les-actualites\/cote-divoire-lutte-contre-linsecurite-des-gangs-demanteles-a-bondoukou-et-yamoussoukro#breadcrumb\"},\"inLanguage\":\"fr-FR\",\"potentialAction\":[{\"@type\":\"ReadAction\",\"target\":[\"https:\/\/www.africa-press.net\/cotedivoire\/toutes-les-actualites\/cote-divoire-lutte-contre-linsecurite-des-gangs-demanteles-a-bondoukou-et-yamoussoukro\"]}]},{\"@type\":\"ImageObject\",\"inLanguage\":\"fr-FR\",\"@id\":\"https:\/\/www.africa-press.net\/cotedivoire\/toutes-les-actualites\/cote-divoire-lutte-contre-linsecurite-des-gangs-demanteles-a-bondoukou-et-yamoussoukro#primaryimage\",\"url\":\"https:\/\/static.africa-press.net\/cote\/sites\/43\/2021\/08\/img-61278b8694624.jpg\",\"contentUrl\":\"https:\/\/static.africa-press.net\/cote\/sites\/43\/2021\/08\/img-61278b8694624.jpg\",\"width\":720,\"height\":447,\"caption\":\"C\u00f4te d'Ivoire : Lutte contre l'ins\u00e9curit\u00e9, des gangs d\u00e9mantel\u00e9s \u00e0 Bondoukou et Yamoussoukro\"},{\"@type\":\"BreadcrumbList\",\"@id\":\"https:\/\/www.africa-press.net\/cotedivoire\/toutes-les-actualites\/cote-divoire-lutte-contre-linsecurite-des-gangs-demanteles-a-bondoukou-et-yamoussoukro#breadcrumb\",\"itemListElement\":[{\"@type\":\"ListItem\",\"position\":1,\"name\":\"Accueil\",\"item\":\"https:\/\/www.africa-press.net\/cotedivoire\/\"},{\"@type\":\"ListItem\",\"position\":2,\"name\":\"Lutte contre l&#8217;ins\u00e9curit\u00e9, des gangs d\u00e9mantel\u00e9s \u00e0 Bondoukou et Yamoussoukro\"}]},{\"@type\":\"WebSite\",\"@id\":\"https:\/\/www.africa-press.net\/cotedivoire\/#website\",\"url\":\"https:\/\/www.africa-press.net\/cotedivoire\/\",\"name\":\"C\u00f4te d&#039;Ivoire\",\"description\":\"Just another Africa News Agency Sites site\",\"potentialAction\":[{\"@type\":\"SearchAction\",\"target\":{\"@type\":\"EntryPoint\",\"urlTemplate\":\"https:\/\/www.africa-press.net\/cotedivoire\/?s={search_term_string}\"},\"query-input\":{\"@type\":\"PropertyValueSpecification\",\"valueRequired\":true,\"valueName\":\"search_term_string\"}}],\"inLanguage\":\"fr-FR\"},{\"@type\":\"Person\",\"@id\":\"https:\/\/www.africa-press.net\/cotedivoire\/#\/schema\/person\/2b1cf3cd81a31e3cd26889ca66d677f1\",\"name\":\"cfeditorfr\"}]}<\/script>\n<!-- \/ Yoast SEO Premium plugin. -->","yoast_head_json":{"title":"Lutte contre l'ins\u00e9curit\u00e9, des gangs d\u00e9mantel\u00e9s \u00e0 Bondoukou et Yamoussoukro - C\u00f4te d&#039;Ivoire","description":"Le gang d\u00e9mantel\u00e9 \u00e0 Bondoukou (Ph DR) Dans le cadre de la lutte contre l\u2019ins\u00e9curit\u00e9, la police nationale a d\u00e9mantel\u00e9 de ...","robots":{"index":"index","follow":"follow","max-snippet":"max-snippet:-1","max-image-preview":"max-image-preview:large","max-video-preview":"max-video-preview:-1"},"canonical":"https:\/\/www.africa-press.net\/cotedivoire\/toutes-les-actualites\/cote-divoire-lutte-contre-linsecurite-des-gangs-demanteles-a-bondoukou-et-yamoussoukro","og_locale":"fr_FR","og_type":"article","og_title":"Lutte contre l'ins\u00e9curit\u00e9, des gangs d\u00e9mantel\u00e9s \u00e0 Bondoukou et Yamoussoukro","og_description":"Le gang d\u00e9mantel\u00e9 \u00e0 Bondoukou (Ph DR) Dans le cadre de la lutte contre l\u2019ins\u00e9curit\u00e9, la police nationale a d\u00e9mantel\u00e9 de ...","og_url":"https:\/\/www.africa-press.net\/cotedivoire\/toutes-les-actualites\/cote-divoire-lutte-contre-linsecurite-des-gangs-demanteles-a-bondoukou-et-yamoussoukro","og_site_name":"C\u00f4te d&#039;Ivoire","article_published_time":"2021-08-26T16:55:55+00:00","article_modified_time":"2021-08-26T19:17:30+00:00","og_image":[{"width":720,"height":447,"url":"https:\/\/static.africa-press.net\/cote\/sites\/43\/2021\/08\/img-61278b8694624.jpg","type":"image\/jpeg"}],"author":"cfeditorfr","twitter_card":"summary_large_image","twitter_misc":{"\u00c9crit par":"cfeditorfr","Dur\u00e9e de lecture estim\u00e9e":"1 minute"},"schema":{"@context":"https:\/\/schema.org","@graph":[{"@type":"Article","@id":"https:\/\/www.africa-press.net\/cotedivoire\/toutes-les-actualites\/cote-divoire-lutte-contre-linsecurite-des-gangs-demanteles-a-bondoukou-et-yamoussoukro#article","isPartOf":{"@id":"https:\/\/www.africa-press.net\/cotedivoire\/toutes-les-actualites\/cote-divoire-lutte-contre-linsecurite-des-gangs-demanteles-a-bondoukou-et-yamoussoukro"},"author":{"name":"cfeditorfr","@id":"https:\/\/www.africa-press.net\/cotedivoire\/#\/schema\/person\/2b1cf3cd81a31e3cd26889ca66d677f1"},"headline":"Lutte contre l&rsquo;ins\u00e9curit\u00e9, des gangs d\u00e9mantel\u00e9s \u00e0 Bondoukou et Yamoussoukro","datePublished":"2021-08-26T16:55:55+00:00","dateModified":"2021-08-26T19:17:30+00:00","mainEntityOfPage":{"@id":"https:\/\/www.africa-press.net\/cotedivoire\/toutes-les-actualites\/cote-divoire-lutte-contre-linsecurite-des-gangs-demanteles-a-bondoukou-et-yamoussoukro"},"wordCount":236,"commentCount":0,"image":{"@id":"https:\/\/www.africa-press.net\/cotedivoire\/toutes-les-actualites\/cote-divoire-lutte-contre-linsecurite-des-gangs-demanteles-a-bondoukou-et-yamoussoukro#primaryimage"},"thumbnailUrl":"https:\/\/static.africa-press.net\/cote\/sites\/43\/2021\/08\/img-61278b8694624.jpg","keywords":["Africa Press","Africa Press-C\u00f4te d'Ivoire","Bondoukou","C\u00d4TE D'IVOIRE","d\u00e9mantel\u00e9s","gangs","police","tribunaux","Yamoussoukro"],"articleSection":["Communaut\u00e9","homepage-french","Toutes les actualit\u00e9s"],"inLanguage":"fr-FR","potentialAction":[{"@type":"CommentAction","name":"Comment","target":["https:\/\/www.africa-press.net\/cotedivoire\/toutes-les-actualites\/cote-divoire-lutte-contre-linsecurite-des-gangs-demanteles-a-bondoukou-et-yamoussoukro#respond"]}]},{"@type":"WebPage","@id":"https:\/\/www.africa-press.net\/cotedivoire\/toutes-les-actualites\/cote-divoire-lutte-contre-linsecurite-des-gangs-demanteles-a-bondoukou-et-yamoussoukro","url":"https:\/\/www.africa-press.net\/cotedivoire\/toutes-les-actualites\/cote-divoire-lutte-contre-linsecurite-des-gangs-demanteles-a-bondoukou-et-yamoussoukro","name":"Lutte contre l'ins\u00e9curit\u00e9, des gangs d\u00e9mantel\u00e9s \u00e0 Bondoukou et Yamoussoukro - C\u00f4te d&#039;Ivoire","isPartOf":{"@id":"https:\/\/www.africa-press.net\/cotedivoire\/#website"},"primaryImageOfPage":{"@id":"https:\/\/www.africa-press.net\/cotedivoire\/toutes-les-actualites\/cote-divoire-lutte-contre-linsecurite-des-gangs-demanteles-a-bondoukou-et-yamoussoukro#primaryimage"},"image":{"@id":"https:\/\/www.africa-press.net\/cotedivoire\/toutes-les-actualites\/cote-divoire-lutte-contre-linsecurite-des-gangs-demanteles-a-bondoukou-et-yamoussoukro#primaryimage"},"thumbnailUrl":"https:\/\/static.africa-press.net\/cote\/sites\/43\/2021\/08\/img-61278b8694624.jpg","datePublished":"2021-08-26T16:55:55+00:00","dateModified":"2021-08-26T19:17:30+00:00","author":{"@id":"https:\/\/www.africa-press.net\/cotedivoire\/#\/schema\/person\/2b1cf3cd81a31e3cd26889ca66d677f1"},"description":"Le gang d\u00e9mantel\u00e9 \u00e0 Bondoukou (Ph DR) Dans le cadre de la lutte contre l\u2019ins\u00e9curit\u00e9, la police nationale a d\u00e9mantel\u00e9 de ...","breadcrumb":{"@id":"https:\/\/www.africa-press.net\/cotedivoire\/toutes-les-actualites\/cote-divoire-lutte-contre-linsecurite-des-gangs-demanteles-a-bondoukou-et-yamoussoukro#breadcrumb"},"inLanguage":"fr-FR","potentialAction":[{"@type":"ReadAction","target":["https:\/\/www.africa-press.net\/cotedivoire\/toutes-les-actualites\/cote-divoire-lutte-contre-linsecurite-des-gangs-demanteles-a-bondoukou-et-yamoussoukro"]}]},{"@type":"ImageObject","inLanguage":"fr-FR","@id":"https:\/\/www.africa-press.net\/cotedivoire\/toutes-les-actualites\/cote-divoire-lutte-contre-linsecurite-des-gangs-demanteles-a-bondoukou-et-yamoussoukro#primaryimage","url":"https:\/\/static.africa-press.net\/cote\/sites\/43\/2021\/08\/img-61278b8694624.jpg","contentUrl":"https:\/\/static.africa-press.net\/cote\/sites\/43\/2021\/08\/img-61278b8694624.jpg","width":720,"height":447,"caption":"C\u00f4te d'Ivoire : Lutte contre l'ins\u00e9curit\u00e9, des gangs d\u00e9mantel\u00e9s \u00e0 Bondoukou et Yamoussoukro"},{"@type":"BreadcrumbList","@id":"https:\/\/www.africa-press.net\/cotedivoire\/toutes-les-actualites\/cote-divoire-lutte-contre-linsecurite-des-gangs-demanteles-a-bondoukou-et-yamoussoukro#breadcrumb","itemListElement":[{"@type":"ListItem","position":1,"name":"Accueil","item":"https:\/\/www.africa-press.net\/cotedivoire\/"},{"@type":"ListItem","position":2,"name":"Lutte contre l&#8217;ins\u00e9curit\u00e9, des gangs d\u00e9mantel\u00e9s \u00e0 Bondoukou et Yamoussoukro"}]},{"@type":"WebSite","@id":"https:\/\/www.africa-press.net\/cotedivoire\/#website","url":"https:\/\/www.africa-press.net\/cotedivoire\/","name":"C\u00f4te d&#039;Ivoire","description":"Just another Africa News Agency Sites site","potentialAction":[{"@type":"SearchAction","target":{"@type":"EntryPoint","urlTemplate":"https:\/\/www.africa-press.net\/cotedivoire\/?s={search_term_string}"},"query-input":{"@type":"PropertyValueSpecification","valueRequired":true,"valueName":"search_term_string"}}],"inLanguage":"fr-FR"},{"@type":"Person","@id":"https:\/\/www.africa-press.net\/cotedivoire\/#\/schema\/person\/2b1cf3cd81a31e3cd26889ca66d677f1","name":"cfeditorfr"}]}},"_links":{"self":[{"href":"https:\/\/www.africa-press.net\/cotedivoire\/wp-json\/wp\/v2\/posts\/12648","targetHints":{"allow":["GET"]}}],"collection":[{"href":"https:\/\/www.africa-press.net\/cotedivoire\/wp-json\/wp\/v2\/posts"}],"about":[{"href":"https:\/\/www.africa-press.net\/cotedivoire\/wp-json\/wp\/v2\/types\/post"}],"author":[{"embeddable":true,"href":"https:\/\/www.africa-press.net\/cotedivoire\/wp-json\/wp\/v2\/users\/82"}],"replies":[{"embeddable":true,"href":"https:\/\/www.africa-press.net\/cotedivoire\/wp-json\/wp\/v2\/comments?post=12648"}],"version-history":[{"count":0,"href":"https:\/\/www.africa-press.net\/cotedivoire\/wp-json\/wp\/v2\/posts\/12648\/revisions"}],"wp:featuredmedia":[{"embeddable":true,"href":"https:\/\/www.africa-press.net\/cotedivoire\/wp-json\/wp\/v2\/media\/12647"}],"wp:attachment":[{"href":"https:\/\/www.africa-press.net\/cotedivoire\/wp-json\/wp\/v2\/media?parent=12648"}],"wp:term":[{"taxonomy":"category","embeddable":true,"href":"https:\/\/www.africa-press.net\/cotedivoire\/wp-json\/wp\/v2\/categories?post=12648"},{"taxonomy":"post_tag","embeddable":true,"href":"https:\/\/www.africa-press.net\/cotedivoire\/wp-json\/wp\/v2\/tags?post=12648"}],"curies":[{"name":"wp","href":"https:\/\/api.w.org\/{rel}","templated":true}]}}