{"id":13148,"date":"2021-08-30T10:13:07","date_gmt":"2021-08-30T10:13:07","guid":{"rendered":"https:\/\/www.africa-press.net\/cotedivoire\/?p=13148"},"modified":"2021-08-30T10:13:07","modified_gmt":"2021-08-30T10:13:07","slug":"sante-ifmsa-formation-internationale-a-abidjan-des-etudiants-en-medecine","status":"publish","type":"post","link":"https:\/\/www.africa-press.net\/cotedivoire\/homepage-french\/sante-ifmsa-formation-internationale-a-abidjan-des-etudiants-en-medecine","title":{"rendered":"Sant\u00e9 \/ IFMSA : Formation Internationale \u00e0 Abidjan des \u00e9tudiants en m\u00e9decine"},"content":{"rendered":"<p><span style=\"color: #ff6600\"><strong><a href=\"https:\/\/www.africa-press.net\/\">Africa-Press<\/a> &#8211; <a href=\"https:\/\/www.africa-press.net\/cotedivoire\">C\u00f4te d&rsquo;Ivoire<\/a>. <\/strong><\/span>D\u00e9marrage des travaux \u00e0 Abidjan sur la formation internationale des \u00e9tudiants en m\u00e9decines afin de renforcer leurs capacit\u00e9s ; Mais \u00e9galement de les former sur les nouvelles technologies en m\u00e9decine et surtout comment g\u00e9rer les catastrophes et pand\u00e9mies en tant de de crises dans le but d\u2019outiller les futurs agents de sant\u00e9 venus de plusieurs pays de la sous-r\u00e9gion. La formation, qui a d\u00e9but\u00e9 le 25 aout, s&rsquo;est achev\u00e9e le 28 aout 2021.<\/p>\n<p><iframe loading=\"lazy\" title=\"C\u00f4te d&#039;Ivoire - Sant\u00e9 \/ IFMSA : Formation Internationale \u00e0 Abidjan des \u00e9tudiants en m\u00e9decine\" width=\"696\" height=\"392\" src=\"https:\/\/www.youtube.com\/embed\/dt2OayW77s4?feature=oembed\" frameborder=\"0\" allow=\"accelerometer; autoplay; clipboard-write; encrypted-media; gyroscope; picture-in-picture\" allowfullscreen><\/iframe><\/p>\n","protected":false},"excerpt":{"rendered":"<p>Africa-Press &#8211; C\u00f4te d&rsquo;Ivoire. D\u00e9marrage des travaux \u00e0 Abidjan sur la formation internationale des \u00e9tudiants en m\u00e9decines afin de renforcer leurs capacit\u00e9s ; Mais \u00e9galement de les former sur les nouvelles technologies en m\u00e9decine et surtout comment g\u00e9rer les catastrophes et pand\u00e9mies en tant de de crises dans le but d\u2019outiller les futurs agents de [&hellip;]<\/p>\n","protected":false},"author":82,"featured_media":13150,"comment_status":"open","ping_status":"closed","sticky":false,"template":"","format":"standard","meta":{"footnotes":""},"categories":[21,11,10,9],"tags":[],"class_list":["post-13148","post","type-post","status-publish","format-standard","has-post-thumbnail","hentry","category-communaute","category-homepage-french","category-toutes-les-actualites","category-video"],"yoast_head":"<!-- This site is optimized with the Yoast SEO Premium plugin v26.1 (Yoast SEO v27.0) - https:\/\/yoast.com\/product\/yoast-seo-premium-wordpress\/ -->\n<title>Sant\u00e9 \/ IFMSA : Formation Internationale \u00e0 Abidjan des \u00e9tudiants en m\u00e9decine - C\u00f4te d&#039;Ivoire<\/title>\n<meta name=\"description\" content=\"Africa-Press - C\u00f4te d&#039;Ivoire. D\u00e9marrage des travaux \u00e0 Abidjan sur la formation internationale des \u00e9tudiants en m\u00e9decines afin\" \/>\n<meta name=\"robots\" content=\"index, follow, max-snippet:-1, max-image-preview:large, max-video-preview:-1\" \/>\n<link rel=\"canonical\" href=\"https:\/\/www.africa-press.net\/cotedivoire\/homepage-french\/sante-ifmsa-formation-internationale-a-abidjan-des-etudiants-en-medecine\" \/>\n<meta property=\"og:locale\" content=\"fr_FR\" \/>\n<meta property=\"og:type\" content=\"article\" \/>\n<meta property=\"og:title\" content=\"Sant\u00e9 \/ IFMSA : Formation Internationale \u00e0 Abidjan des \u00e9tudiants en m\u00e9decine\" \/>\n<meta property=\"og:description\" content=\"Africa-Press - C\u00f4te d&#039;Ivoire. D\u00e9marrage des travaux \u00e0 Abidjan sur la formation internationale des \u00e9tudiants en m\u00e9decines afin\" \/>\n<meta property=\"og:url\" content=\"https:\/\/www.africa-press.net\/cotedivoire\/homepage-french\/sante-ifmsa-formation-internationale-a-abidjan-des-etudiants-en-medecine\" \/>\n<meta property=\"og:site_name\" content=\"C\u00f4te d&#039;Ivoire\" \/>\n<meta property=\"article:published_time\" content=\"2021-08-30T10:13:07+00:00\" \/>\n<meta property=\"og:image\" content=\"https:\/\/static.africa-press.net\/cote\/sites\/43\/2021\/08\/15.jpg\" \/>\n\t<meta property=\"og:image:width\" content=\"480\" \/>\n\t<meta property=\"og:image:height\" content=\"360\" \/>\n\t<meta property=\"og:image:type\" content=\"image\/jpeg\" \/>\n<meta name=\"author\" content=\"cfeditorfr\" \/>\n<meta name=\"twitter:card\" content=\"summary_large_image\" \/>\n<meta name=\"twitter:label1\" content=\"\u00c9crit par\" \/>\n\t<meta name=\"twitter:data1\" content=\"cfeditorfr\" \/>\n\t<meta name=\"twitter:label2\" content=\"Dur\u00e9e de lecture estim\u00e9e\" \/>\n\t<meta name=\"twitter:data2\" content=\"1 minute\" \/>\n<script type=\"application\/ld+json\" class=\"yoast-schema-graph\">{\"@context\":\"https:\/\/schema.org\",\"@graph\":[{\"@type\":\"Article\",\"@id\":\"https:\/\/www.africa-press.net\/cotedivoire\/homepage-french\/sante-ifmsa-formation-internationale-a-abidjan-des-etudiants-en-medecine#article\",\"isPartOf\":{\"@id\":\"https:\/\/www.africa-press.net\/cotedivoire\/homepage-french\/sante-ifmsa-formation-internationale-a-abidjan-des-etudiants-en-medecine\"},\"author\":{\"name\":\"cfeditorfr\",\"@id\":\"https:\/\/www.africa-press.net\/cotedivoire\/#\/schema\/person\/2b1cf3cd81a31e3cd26889ca66d677f1\"},\"headline\":\"Sant\u00e9 \/ IFMSA : Formation Internationale \u00e0 Abidjan des \u00e9tudiants en m\u00e9decine\",\"datePublished\":\"2021-08-30T10:13:07+00:00\",\"mainEntityOfPage\":{\"@id\":\"https:\/\/www.africa-press.net\/cotedivoire\/homepage-french\/sante-ifmsa-formation-internationale-a-abidjan-des-etudiants-en-medecine\"},\"wordCount\":101,\"commentCount\":0,\"image\":{\"@id\":\"https:\/\/www.africa-press.net\/cotedivoire\/homepage-french\/sante-ifmsa-formation-internationale-a-abidjan-des-etudiants-en-medecine#primaryimage\"},\"thumbnailUrl\":\"https:\/\/static.africa-press.net\/cote\/sites\/43\/2021\/08\/15.jpg\",\"articleSection\":[\"Communaut\u00e9\",\"homepage-french\",\"Toutes les actualit\u00e9s\",\"vid\u00e9o\"],\"inLanguage\":\"fr-FR\",\"potentialAction\":[{\"@type\":\"CommentAction\",\"name\":\"Comment\",\"target\":[\"https:\/\/www.africa-press.net\/cotedivoire\/homepage-french\/sante-ifmsa-formation-internationale-a-abidjan-des-etudiants-en-medecine#respond\"]}]},{\"@type\":\"WebPage\",\"@id\":\"https:\/\/www.africa-press.net\/cotedivoire\/homepage-french\/sante-ifmsa-formation-internationale-a-abidjan-des-etudiants-en-medecine\",\"url\":\"https:\/\/www.africa-press.net\/cotedivoire\/homepage-french\/sante-ifmsa-formation-internationale-a-abidjan-des-etudiants-en-medecine\",\"name\":\"Sant\u00e9 \/ IFMSA : Formation Internationale \u00e0 Abidjan des \u00e9tudiants en m\u00e9decine - C\u00f4te d&#039;Ivoire\",\"isPartOf\":{\"@id\":\"https:\/\/www.africa-press.net\/cotedivoire\/#website\"},\"primaryImageOfPage\":{\"@id\":\"https:\/\/www.africa-press.net\/cotedivoire\/homepage-french\/sante-ifmsa-formation-internationale-a-abidjan-des-etudiants-en-medecine#primaryimage\"},\"image\":{\"@id\":\"https:\/\/www.africa-press.net\/cotedivoire\/homepage-french\/sante-ifmsa-formation-internationale-a-abidjan-des-etudiants-en-medecine#primaryimage\"},\"thumbnailUrl\":\"https:\/\/static.africa-press.net\/cote\/sites\/43\/2021\/08\/15.jpg\",\"datePublished\":\"2021-08-30T10:13:07+00:00\",\"author\":{\"@id\":\"https:\/\/www.africa-press.net\/cotedivoire\/#\/schema\/person\/2b1cf3cd81a31e3cd26889ca66d677f1\"},\"description\":\"Africa-Press - C\u00f4te d'Ivoire. D\u00e9marrage des travaux \u00e0 Abidjan sur la formation internationale des \u00e9tudiants en m\u00e9decines afin\",\"breadcrumb\":{\"@id\":\"https:\/\/www.africa-press.net\/cotedivoire\/homepage-french\/sante-ifmsa-formation-internationale-a-abidjan-des-etudiants-en-medecine#breadcrumb\"},\"inLanguage\":\"fr-FR\",\"potentialAction\":[{\"@type\":\"ReadAction\",\"target\":[\"https:\/\/www.africa-press.net\/cotedivoire\/homepage-french\/sante-ifmsa-formation-internationale-a-abidjan-des-etudiants-en-medecine\"]}]},{\"@type\":\"ImageObject\",\"inLanguage\":\"fr-FR\",\"@id\":\"https:\/\/www.africa-press.net\/cotedivoire\/homepage-french\/sante-ifmsa-formation-internationale-a-abidjan-des-etudiants-en-medecine#primaryimage\",\"url\":\"https:\/\/static.africa-press.net\/cote\/sites\/43\/2021\/08\/15.jpg\",\"contentUrl\":\"https:\/\/static.africa-press.net\/cote\/sites\/43\/2021\/08\/15.jpg\",\"width\":480,\"height\":360},{\"@type\":\"BreadcrumbList\",\"@id\":\"https:\/\/www.africa-press.net\/cotedivoire\/homepage-french\/sante-ifmsa-formation-internationale-a-abidjan-des-etudiants-en-medecine#breadcrumb\",\"itemListElement\":[{\"@type\":\"ListItem\",\"position\":1,\"name\":\"Accueil\",\"item\":\"https:\/\/www.africa-press.net\/cotedivoire\/\"},{\"@type\":\"ListItem\",\"position\":2,\"name\":\"Sant\u00e9 \/ IFMSA : Formation Internationale \u00e0 Abidjan des \u00e9tudiants en m\u00e9decine\"}]},{\"@type\":\"WebSite\",\"@id\":\"https:\/\/www.africa-press.net\/cotedivoire\/#website\",\"url\":\"https:\/\/www.africa-press.net\/cotedivoire\/\",\"name\":\"C\u00f4te d&#039;Ivoire\",\"description\":\"Just another Africa News Agency Sites site\",\"potentialAction\":[{\"@type\":\"SearchAction\",\"target\":{\"@type\":\"EntryPoint\",\"urlTemplate\":\"https:\/\/www.africa-press.net\/cotedivoire\/?s={search_term_string}\"},\"query-input\":{\"@type\":\"PropertyValueSpecification\",\"valueRequired\":true,\"valueName\":\"search_term_string\"}}],\"inLanguage\":\"fr-FR\"},{\"@type\":\"Person\",\"@id\":\"https:\/\/www.africa-press.net\/cotedivoire\/#\/schema\/person\/2b1cf3cd81a31e3cd26889ca66d677f1\",\"name\":\"cfeditorfr\"}]}<\/script>\n<!-- \/ Yoast SEO Premium plugin. -->","yoast_head_json":{"title":"Sant\u00e9 \/ IFMSA : Formation Internationale \u00e0 Abidjan des \u00e9tudiants en m\u00e9decine - C\u00f4te d&#039;Ivoire","description":"Africa-Press - C\u00f4te d'Ivoire. D\u00e9marrage des travaux \u00e0 Abidjan sur la formation internationale des \u00e9tudiants en m\u00e9decines afin","robots":{"index":"index","follow":"follow","max-snippet":"max-snippet:-1","max-image-preview":"max-image-preview:large","max-video-preview":"max-video-preview:-1"},"canonical":"https:\/\/www.africa-press.net\/cotedivoire\/homepage-french\/sante-ifmsa-formation-internationale-a-abidjan-des-etudiants-en-medecine","og_locale":"fr_FR","og_type":"article","og_title":"Sant\u00e9 \/ IFMSA : Formation Internationale \u00e0 Abidjan des \u00e9tudiants en m\u00e9decine","og_description":"Africa-Press - C\u00f4te d'Ivoire. D\u00e9marrage des travaux \u00e0 Abidjan sur la formation internationale des \u00e9tudiants en m\u00e9decines afin","og_url":"https:\/\/www.africa-press.net\/cotedivoire\/homepage-french\/sante-ifmsa-formation-internationale-a-abidjan-des-etudiants-en-medecine","og_site_name":"C\u00f4te d&#039;Ivoire","article_published_time":"2021-08-30T10:13:07+00:00","og_image":[{"width":480,"height":360,"url":"https:\/\/static.africa-press.net\/cote\/sites\/43\/2021\/08\/15.jpg","type":"image\/jpeg"}],"author":"cfeditorfr","twitter_card":"summary_large_image","twitter_misc":{"\u00c9crit par":"cfeditorfr","Dur\u00e9e de lecture estim\u00e9e":"1 minute"},"schema":{"@context":"https:\/\/schema.org","@graph":[{"@type":"Article","@id":"https:\/\/www.africa-press.net\/cotedivoire\/homepage-french\/sante-ifmsa-formation-internationale-a-abidjan-des-etudiants-en-medecine#article","isPartOf":{"@id":"https:\/\/www.africa-press.net\/cotedivoire\/homepage-french\/sante-ifmsa-formation-internationale-a-abidjan-des-etudiants-en-medecine"},"author":{"name":"cfeditorfr","@id":"https:\/\/www.africa-press.net\/cotedivoire\/#\/schema\/person\/2b1cf3cd81a31e3cd26889ca66d677f1"},"headline":"Sant\u00e9 \/ IFMSA : Formation Internationale \u00e0 Abidjan des \u00e9tudiants en m\u00e9decine","datePublished":"2021-08-30T10:13:07+00:00","mainEntityOfPage":{"@id":"https:\/\/www.africa-press.net\/cotedivoire\/homepage-french\/sante-ifmsa-formation-internationale-a-abidjan-des-etudiants-en-medecine"},"wordCount":101,"commentCount":0,"image":{"@id":"https:\/\/www.africa-press.net\/cotedivoire\/homepage-french\/sante-ifmsa-formation-internationale-a-abidjan-des-etudiants-en-medecine#primaryimage"},"thumbnailUrl":"https:\/\/static.africa-press.net\/cote\/sites\/43\/2021\/08\/15.jpg","articleSection":["Communaut\u00e9","homepage-french","Toutes les actualit\u00e9s","vid\u00e9o"],"inLanguage":"fr-FR","potentialAction":[{"@type":"CommentAction","name":"Comment","target":["https:\/\/www.africa-press.net\/cotedivoire\/homepage-french\/sante-ifmsa-formation-internationale-a-abidjan-des-etudiants-en-medecine#respond"]}]},{"@type":"WebPage","@id":"https:\/\/www.africa-press.net\/cotedivoire\/homepage-french\/sante-ifmsa-formation-internationale-a-abidjan-des-etudiants-en-medecine","url":"https:\/\/www.africa-press.net\/cotedivoire\/homepage-french\/sante-ifmsa-formation-internationale-a-abidjan-des-etudiants-en-medecine","name":"Sant\u00e9 \/ IFMSA : Formation Internationale \u00e0 Abidjan des \u00e9tudiants en m\u00e9decine - C\u00f4te d&#039;Ivoire","isPartOf":{"@id":"https:\/\/www.africa-press.net\/cotedivoire\/#website"},"primaryImageOfPage":{"@id":"https:\/\/www.africa-press.net\/cotedivoire\/homepage-french\/sante-ifmsa-formation-internationale-a-abidjan-des-etudiants-en-medecine#primaryimage"},"image":{"@id":"https:\/\/www.africa-press.net\/cotedivoire\/homepage-french\/sante-ifmsa-formation-internationale-a-abidjan-des-etudiants-en-medecine#primaryimage"},"thumbnailUrl":"https:\/\/static.africa-press.net\/cote\/sites\/43\/2021\/08\/15.jpg","datePublished":"2021-08-30T10:13:07+00:00","author":{"@id":"https:\/\/www.africa-press.net\/cotedivoire\/#\/schema\/person\/2b1cf3cd81a31e3cd26889ca66d677f1"},"description":"Africa-Press - C\u00f4te d'Ivoire. D\u00e9marrage des travaux \u00e0 Abidjan sur la formation internationale des \u00e9tudiants en m\u00e9decines afin","breadcrumb":{"@id":"https:\/\/www.africa-press.net\/cotedivoire\/homepage-french\/sante-ifmsa-formation-internationale-a-abidjan-des-etudiants-en-medecine#breadcrumb"},"inLanguage":"fr-FR","potentialAction":[{"@type":"ReadAction","target":["https:\/\/www.africa-press.net\/cotedivoire\/homepage-french\/sante-ifmsa-formation-internationale-a-abidjan-des-etudiants-en-medecine"]}]},{"@type":"ImageObject","inLanguage":"fr-FR","@id":"https:\/\/www.africa-press.net\/cotedivoire\/homepage-french\/sante-ifmsa-formation-internationale-a-abidjan-des-etudiants-en-medecine#primaryimage","url":"https:\/\/static.africa-press.net\/cote\/sites\/43\/2021\/08\/15.jpg","contentUrl":"https:\/\/static.africa-press.net\/cote\/sites\/43\/2021\/08\/15.jpg","width":480,"height":360},{"@type":"BreadcrumbList","@id":"https:\/\/www.africa-press.net\/cotedivoire\/homepage-french\/sante-ifmsa-formation-internationale-a-abidjan-des-etudiants-en-medecine#breadcrumb","itemListElement":[{"@type":"ListItem","position":1,"name":"Accueil","item":"https:\/\/www.africa-press.net\/cotedivoire\/"},{"@type":"ListItem","position":2,"name":"Sant\u00e9 \/ IFMSA : Formation Internationale \u00e0 Abidjan des \u00e9tudiants en m\u00e9decine"}]},{"@type":"WebSite","@id":"https:\/\/www.africa-press.net\/cotedivoire\/#website","url":"https:\/\/www.africa-press.net\/cotedivoire\/","name":"C\u00f4te d&#039;Ivoire","description":"Just another Africa News Agency Sites site","potentialAction":[{"@type":"SearchAction","target":{"@type":"EntryPoint","urlTemplate":"https:\/\/www.africa-press.net\/cotedivoire\/?s={search_term_string}"},"query-input":{"@type":"PropertyValueSpecification","valueRequired":true,"valueName":"search_term_string"}}],"inLanguage":"fr-FR"},{"@type":"Person","@id":"https:\/\/www.africa-press.net\/cotedivoire\/#\/schema\/person\/2b1cf3cd81a31e3cd26889ca66d677f1","name":"cfeditorfr"}]}},"_links":{"self":[{"href":"https:\/\/www.africa-press.net\/cotedivoire\/wp-json\/wp\/v2\/posts\/13148","targetHints":{"allow":["GET"]}}],"collection":[{"href":"https:\/\/www.africa-press.net\/cotedivoire\/wp-json\/wp\/v2\/posts"}],"about":[{"href":"https:\/\/www.africa-press.net\/cotedivoire\/wp-json\/wp\/v2\/types\/post"}],"author":[{"embeddable":true,"href":"https:\/\/www.africa-press.net\/cotedivoire\/wp-json\/wp\/v2\/users\/82"}],"replies":[{"embeddable":true,"href":"https:\/\/www.africa-press.net\/cotedivoire\/wp-json\/wp\/v2\/comments?post=13148"}],"version-history":[{"count":0,"href":"https:\/\/www.africa-press.net\/cotedivoire\/wp-json\/wp\/v2\/posts\/13148\/revisions"}],"wp:featuredmedia":[{"embeddable":true,"href":"https:\/\/www.africa-press.net\/cotedivoire\/wp-json\/wp\/v2\/media\/13150"}],"wp:attachment":[{"href":"https:\/\/www.africa-press.net\/cotedivoire\/wp-json\/wp\/v2\/media?parent=13148"}],"wp:term":[{"taxonomy":"category","embeddable":true,"href":"https:\/\/www.africa-press.net\/cotedivoire\/wp-json\/wp\/v2\/categories?post=13148"},{"taxonomy":"post_tag","embeddable":true,"href":"https:\/\/www.africa-press.net\/cotedivoire\/wp-json\/wp\/v2\/tags?post=13148"}],"curies":[{"name":"wp","href":"https:\/\/api.w.org\/{rel}","templated":true}]}}