{"id":137,"date":"2020-10-20T00:03:05","date_gmt":"2020-10-20T00:03:05","guid":{"rendered":"https:\/\/www.africa-press.com\/cote-d-ivoire\/?p=137"},"modified":"2020-10-21T14:30:48","modified_gmt":"2020-10-21T14:30:48","slug":"alassane-ouattara-donne-le-top-depart-de-sa-campagne","status":"publish","type":"post","link":"https:\/\/www.africa-press.net\/cotedivoire\/politique\/alassane-ouattara-donne-le-top-depart-de-sa-campagne","title":{"rendered":"Alassane Ouattara donne le top d\u00e9part de sa campagne"},"content":{"rendered":"<p><span style=\"color: #ff6600\"><strong>C\u00f4te d&rsquo;Ivoire &#8211; Africa Press. <\/strong><\/span>C&rsquo;\u00e9tait le deuxi\u00e8me jour de campagne \u00e9lectorale en C\u00f4te d&rsquo;Ivoire pour une pr\u00e9sidentielle sous tension. Le pr\u00e9sident Alassane Ouattara a tenu son premier meeting, tandis que l&rsquo;opposition appelle au boycott et r\u00e9clame des n\u00e9gociations. En Guin\u00e9e, c&rsquo;\u00e9tait le dernier jour de campagne. Cinq millions de Guin\u00e9ens sont appel\u00e9s \u00e0 voter  dimanche. Enfin Yaya Diomand\u00e9, jeune \u00e9crivain qui nous r\u00e9gale avec son premier roman, \u00ab\u00a0Abobo Marley\u00a0\u00bb, l&rsquo;histoire du jeune truculent Moussa le binguiste, qui r\u00eave d&rsquo;Occident pour sauver sa famille de la mis\u00e8re.<\/p>\n","protected":false},"excerpt":{"rendered":"<p>C\u00f4te d&rsquo;Ivoire &#8211; Africa Press. C&rsquo;\u00e9tait le deuxi\u00e8me jour de campagne \u00e9lectorale en C\u00f4te d&rsquo;Ivoire pour une pr\u00e9sidentielle sous tension. Le pr\u00e9sident Alassane Ouattara a tenu son premier meeting, tandis que l&rsquo;opposition appelle au boycott et r\u00e9clame des n\u00e9gociations. En Guin\u00e9e, c&rsquo;\u00e9tait le dernier jour de campagne. Cinq millions de Guin\u00e9ens sont appel\u00e9s \u00e0 voter [&hellip;]<\/p>\n","protected":false},"author":82,"featured_media":136,"comment_status":"open","ping_status":"closed","sticky":false,"template":"","format":"standard","meta":{"footnotes":""},"categories":[11,2,10,9],"tags":[42,41,43],"class_list":["post-137","post","type-post","status-publish","format-standard","has-post-thumbnail","hentry","category-homepage-french","category-politique","category-toutes-les-actualites","category-video","tag-culture","tag-elections","tag-litterature"],"yoast_head":"<!-- This site is optimized with the Yoast SEO Premium plugin v26.1 (Yoast SEO v27.0) - https:\/\/yoast.com\/product\/yoast-seo-premium-wordpress\/ -->\n<title>Alassane Ouattara donne le top d\u00e9part de sa campagne - C\u00f4te d&#039;Ivoire<\/title>\n<meta name=\"robots\" content=\"index, follow, max-snippet:-1, max-image-preview:large, max-video-preview:-1\" \/>\n<link rel=\"canonical\" href=\"https:\/\/www.africa-press.net\/cotedivoire\/politique\/alassane-ouattara-donne-le-top-depart-de-sa-campagne\" \/>\n<meta property=\"og:locale\" content=\"fr_FR\" \/>\n<meta property=\"og:type\" content=\"article\" \/>\n<meta property=\"og:title\" content=\"Alassane Ouattara donne le top d\u00e9part de sa campagne\" \/>\n<meta property=\"og:description\" content=\"C\u00f4te d&rsquo;Ivoire &#8211; Africa Press. C&rsquo;\u00e9tait le deuxi\u00e8me jour de campagne \u00e9lectorale en C\u00f4te d&rsquo;Ivoire pour une pr\u00e9sidentielle sous tension. Le pr\u00e9sident Alassane Ouattara a tenu son premier meeting, tandis que l&rsquo;opposition appelle au boycott et r\u00e9clame des n\u00e9gociations. En Guin\u00e9e, c&rsquo;\u00e9tait le dernier jour de campagne. Cinq millions de Guin\u00e9ens sont appel\u00e9s \u00e0 voter [&hellip;]\" \/>\n<meta property=\"og:url\" content=\"https:\/\/www.africa-press.net\/cotedivoire\/politique\/alassane-ouattara-donne-le-top-depart-de-sa-campagne\" \/>\n<meta property=\"og:site_name\" content=\"C\u00f4te d&#039;Ivoire\" \/>\n<meta property=\"article:published_time\" content=\"2020-10-20T00:03:05+00:00\" \/>\n<meta property=\"article:modified_time\" content=\"2020-10-21T14:30:48+00:00\" \/>\n<meta property=\"og:image\" content=\"https:\/\/static.africa-press.net\/cote\/sites\/43\/2020\/10\/img-5f8e1cfc0fc9f.jpg\" \/>\n\t<meta property=\"og:image:width\" content=\"1920\" \/>\n\t<meta property=\"og:image:height\" content=\"1080\" \/>\n\t<meta property=\"og:image:type\" content=\"image\/jpeg\" \/>\n<meta name=\"author\" content=\"cfeditorfr\" \/>\n<meta name=\"twitter:card\" content=\"summary_large_image\" \/>\n<meta name=\"twitter:label1\" content=\"\u00c9crit par\" \/>\n\t<meta name=\"twitter:data1\" content=\"cfeditorfr\" \/>\n\t<meta name=\"twitter:label2\" content=\"Dur\u00e9e de lecture estim\u00e9e\" \/>\n\t<meta name=\"twitter:data2\" content=\"1 minute\" \/>\n<script type=\"application\/ld+json\" class=\"yoast-schema-graph\">{\"@context\":\"https:\/\/schema.org\",\"@graph\":[{\"@type\":\"Article\",\"@id\":\"https:\/\/www.africa-press.net\/cotedivoire\/politique\/alassane-ouattara-donne-le-top-depart-de-sa-campagne#article\",\"isPartOf\":{\"@id\":\"https:\/\/www.africa-press.net\/cotedivoire\/politique\/alassane-ouattara-donne-le-top-depart-de-sa-campagne\"},\"author\":{\"name\":\"cfeditorfr\",\"@id\":\"https:\/\/www.africa-press.net\/cotedivoire\/#\/schema\/person\/2b1cf3cd81a31e3cd26889ca66d677f1\"},\"headline\":\"Alassane Ouattara donne le top d\u00e9part de sa campagne\",\"datePublished\":\"2020-10-20T00:03:05+00:00\",\"dateModified\":\"2020-10-21T14:30:48+00:00\",\"mainEntityOfPage\":{\"@id\":\"https:\/\/www.africa-press.net\/cotedivoire\/politique\/alassane-ouattara-donne-le-top-depart-de-sa-campagne\"},\"wordCount\":116,\"commentCount\":0,\"image\":{\"@id\":\"https:\/\/www.africa-press.net\/cotedivoire\/politique\/alassane-ouattara-donne-le-top-depart-de-sa-campagne#primaryimage\"},\"thumbnailUrl\":\"https:\/\/static.africa-press.net\/cote\/sites\/43\/2020\/10\/img-5f8e1cfc0fc9f.jpg\",\"keywords\":[\"Culture\",\"\u00c9lections\",\"Litt\u00e9rature\"],\"articleSection\":[\"homepage-french\",\"Politique\",\"Toutes les actualit\u00e9s\",\"vid\u00e9o\"],\"inLanguage\":\"fr-FR\",\"potentialAction\":[{\"@type\":\"CommentAction\",\"name\":\"Comment\",\"target\":[\"https:\/\/www.africa-press.net\/cotedivoire\/politique\/alassane-ouattara-donne-le-top-depart-de-sa-campagne#respond\"]}]},{\"@type\":\"WebPage\",\"@id\":\"https:\/\/www.africa-press.net\/cotedivoire\/politique\/alassane-ouattara-donne-le-top-depart-de-sa-campagne\",\"url\":\"https:\/\/www.africa-press.net\/cotedivoire\/politique\/alassane-ouattara-donne-le-top-depart-de-sa-campagne\",\"name\":\"Alassane Ouattara donne le top d\u00e9part de sa campagne - C\u00f4te d&#039;Ivoire\",\"isPartOf\":{\"@id\":\"https:\/\/www.africa-press.net\/cotedivoire\/#website\"},\"primaryImageOfPage\":{\"@id\":\"https:\/\/www.africa-press.net\/cotedivoire\/politique\/alassane-ouattara-donne-le-top-depart-de-sa-campagne#primaryimage\"},\"image\":{\"@id\":\"https:\/\/www.africa-press.net\/cotedivoire\/politique\/alassane-ouattara-donne-le-top-depart-de-sa-campagne#primaryimage\"},\"thumbnailUrl\":\"https:\/\/static.africa-press.net\/cote\/sites\/43\/2020\/10\/img-5f8e1cfc0fc9f.jpg\",\"datePublished\":\"2020-10-20T00:03:05+00:00\",\"dateModified\":\"2020-10-21T14:30:48+00:00\",\"author\":{\"@id\":\"https:\/\/www.africa-press.net\/cotedivoire\/#\/schema\/person\/2b1cf3cd81a31e3cd26889ca66d677f1\"},\"breadcrumb\":{\"@id\":\"https:\/\/www.africa-press.net\/cotedivoire\/politique\/alassane-ouattara-donne-le-top-depart-de-sa-campagne#breadcrumb\"},\"inLanguage\":\"fr-FR\",\"potentialAction\":[{\"@type\":\"ReadAction\",\"target\":[\"https:\/\/www.africa-press.net\/cotedivoire\/politique\/alassane-ouattara-donne-le-top-depart-de-sa-campagne\"]}]},{\"@type\":\"ImageObject\",\"inLanguage\":\"fr-FR\",\"@id\":\"https:\/\/www.africa-press.net\/cotedivoire\/politique\/alassane-ouattara-donne-le-top-depart-de-sa-campagne#primaryimage\",\"url\":\"https:\/\/static.africa-press.net\/cote\/sites\/43\/2020\/10\/img-5f8e1cfc0fc9f.jpg\",\"contentUrl\":\"https:\/\/static.africa-press.net\/cote\/sites\/43\/2020\/10\/img-5f8e1cfc0fc9f.jpg\",\"width\":1920,\"height\":1080},{\"@type\":\"BreadcrumbList\",\"@id\":\"https:\/\/www.africa-press.net\/cotedivoire\/politique\/alassane-ouattara-donne-le-top-depart-de-sa-campagne#breadcrumb\",\"itemListElement\":[{\"@type\":\"ListItem\",\"position\":1,\"name\":\"Accueil\",\"item\":\"https:\/\/www.africa-press.net\/cotedivoire\/\"},{\"@type\":\"ListItem\",\"position\":2,\"name\":\"Alassane Ouattara donne le top d\u00e9part de sa campagne\"}]},{\"@type\":\"WebSite\",\"@id\":\"https:\/\/www.africa-press.net\/cotedivoire\/#website\",\"url\":\"https:\/\/www.africa-press.net\/cotedivoire\/\",\"name\":\"C\u00f4te d&#039;Ivoire\",\"description\":\"Just another Africa News Agency Sites site\",\"potentialAction\":[{\"@type\":\"SearchAction\",\"target\":{\"@type\":\"EntryPoint\",\"urlTemplate\":\"https:\/\/www.africa-press.net\/cotedivoire\/?s={search_term_string}\"},\"query-input\":{\"@type\":\"PropertyValueSpecification\",\"valueRequired\":true,\"valueName\":\"search_term_string\"}}],\"inLanguage\":\"fr-FR\"},{\"@type\":\"Person\",\"@id\":\"https:\/\/www.africa-press.net\/cotedivoire\/#\/schema\/person\/2b1cf3cd81a31e3cd26889ca66d677f1\",\"name\":\"cfeditorfr\"}]}<\/script>\n<!-- \/ Yoast SEO Premium plugin. -->","yoast_head_json":{"title":"Alassane Ouattara donne le top d\u00e9part de sa campagne - C\u00f4te d&#039;Ivoire","robots":{"index":"index","follow":"follow","max-snippet":"max-snippet:-1","max-image-preview":"max-image-preview:large","max-video-preview":"max-video-preview:-1"},"canonical":"https:\/\/www.africa-press.net\/cotedivoire\/politique\/alassane-ouattara-donne-le-top-depart-de-sa-campagne","og_locale":"fr_FR","og_type":"article","og_title":"Alassane Ouattara donne le top d\u00e9part de sa campagne","og_description":"C\u00f4te d&rsquo;Ivoire &#8211; Africa Press. C&rsquo;\u00e9tait le deuxi\u00e8me jour de campagne \u00e9lectorale en C\u00f4te d&rsquo;Ivoire pour une pr\u00e9sidentielle sous tension. Le pr\u00e9sident Alassane Ouattara a tenu son premier meeting, tandis que l&rsquo;opposition appelle au boycott et r\u00e9clame des n\u00e9gociations. En Guin\u00e9e, c&rsquo;\u00e9tait le dernier jour de campagne. Cinq millions de Guin\u00e9ens sont appel\u00e9s \u00e0 voter [&hellip;]","og_url":"https:\/\/www.africa-press.net\/cotedivoire\/politique\/alassane-ouattara-donne-le-top-depart-de-sa-campagne","og_site_name":"C\u00f4te d&#039;Ivoire","article_published_time":"2020-10-20T00:03:05+00:00","article_modified_time":"2020-10-21T14:30:48+00:00","og_image":[{"width":1920,"height":1080,"url":"https:\/\/static.africa-press.net\/cote\/sites\/43\/2020\/10\/img-5f8e1cfc0fc9f.jpg","type":"image\/jpeg"}],"author":"cfeditorfr","twitter_card":"summary_large_image","twitter_misc":{"\u00c9crit par":"cfeditorfr","Dur\u00e9e de lecture estim\u00e9e":"1 minute"},"schema":{"@context":"https:\/\/schema.org","@graph":[{"@type":"Article","@id":"https:\/\/www.africa-press.net\/cotedivoire\/politique\/alassane-ouattara-donne-le-top-depart-de-sa-campagne#article","isPartOf":{"@id":"https:\/\/www.africa-press.net\/cotedivoire\/politique\/alassane-ouattara-donne-le-top-depart-de-sa-campagne"},"author":{"name":"cfeditorfr","@id":"https:\/\/www.africa-press.net\/cotedivoire\/#\/schema\/person\/2b1cf3cd81a31e3cd26889ca66d677f1"},"headline":"Alassane Ouattara donne le top d\u00e9part de sa campagne","datePublished":"2020-10-20T00:03:05+00:00","dateModified":"2020-10-21T14:30:48+00:00","mainEntityOfPage":{"@id":"https:\/\/www.africa-press.net\/cotedivoire\/politique\/alassane-ouattara-donne-le-top-depart-de-sa-campagne"},"wordCount":116,"commentCount":0,"image":{"@id":"https:\/\/www.africa-press.net\/cotedivoire\/politique\/alassane-ouattara-donne-le-top-depart-de-sa-campagne#primaryimage"},"thumbnailUrl":"https:\/\/static.africa-press.net\/cote\/sites\/43\/2020\/10\/img-5f8e1cfc0fc9f.jpg","keywords":["Culture","\u00c9lections","Litt\u00e9rature"],"articleSection":["homepage-french","Politique","Toutes les actualit\u00e9s","vid\u00e9o"],"inLanguage":"fr-FR","potentialAction":[{"@type":"CommentAction","name":"Comment","target":["https:\/\/www.africa-press.net\/cotedivoire\/politique\/alassane-ouattara-donne-le-top-depart-de-sa-campagne#respond"]}]},{"@type":"WebPage","@id":"https:\/\/www.africa-press.net\/cotedivoire\/politique\/alassane-ouattara-donne-le-top-depart-de-sa-campagne","url":"https:\/\/www.africa-press.net\/cotedivoire\/politique\/alassane-ouattara-donne-le-top-depart-de-sa-campagne","name":"Alassane Ouattara donne le top d\u00e9part de sa campagne - C\u00f4te d&#039;Ivoire","isPartOf":{"@id":"https:\/\/www.africa-press.net\/cotedivoire\/#website"},"primaryImageOfPage":{"@id":"https:\/\/www.africa-press.net\/cotedivoire\/politique\/alassane-ouattara-donne-le-top-depart-de-sa-campagne#primaryimage"},"image":{"@id":"https:\/\/www.africa-press.net\/cotedivoire\/politique\/alassane-ouattara-donne-le-top-depart-de-sa-campagne#primaryimage"},"thumbnailUrl":"https:\/\/static.africa-press.net\/cote\/sites\/43\/2020\/10\/img-5f8e1cfc0fc9f.jpg","datePublished":"2020-10-20T00:03:05+00:00","dateModified":"2020-10-21T14:30:48+00:00","author":{"@id":"https:\/\/www.africa-press.net\/cotedivoire\/#\/schema\/person\/2b1cf3cd81a31e3cd26889ca66d677f1"},"breadcrumb":{"@id":"https:\/\/www.africa-press.net\/cotedivoire\/politique\/alassane-ouattara-donne-le-top-depart-de-sa-campagne#breadcrumb"},"inLanguage":"fr-FR","potentialAction":[{"@type":"ReadAction","target":["https:\/\/www.africa-press.net\/cotedivoire\/politique\/alassane-ouattara-donne-le-top-depart-de-sa-campagne"]}]},{"@type":"ImageObject","inLanguage":"fr-FR","@id":"https:\/\/www.africa-press.net\/cotedivoire\/politique\/alassane-ouattara-donne-le-top-depart-de-sa-campagne#primaryimage","url":"https:\/\/static.africa-press.net\/cote\/sites\/43\/2020\/10\/img-5f8e1cfc0fc9f.jpg","contentUrl":"https:\/\/static.africa-press.net\/cote\/sites\/43\/2020\/10\/img-5f8e1cfc0fc9f.jpg","width":1920,"height":1080},{"@type":"BreadcrumbList","@id":"https:\/\/www.africa-press.net\/cotedivoire\/politique\/alassane-ouattara-donne-le-top-depart-de-sa-campagne#breadcrumb","itemListElement":[{"@type":"ListItem","position":1,"name":"Accueil","item":"https:\/\/www.africa-press.net\/cotedivoire\/"},{"@type":"ListItem","position":2,"name":"Alassane Ouattara donne le top d\u00e9part de sa campagne"}]},{"@type":"WebSite","@id":"https:\/\/www.africa-press.net\/cotedivoire\/#website","url":"https:\/\/www.africa-press.net\/cotedivoire\/","name":"C\u00f4te d&#039;Ivoire","description":"Just another Africa News Agency Sites site","potentialAction":[{"@type":"SearchAction","target":{"@type":"EntryPoint","urlTemplate":"https:\/\/www.africa-press.net\/cotedivoire\/?s={search_term_string}"},"query-input":{"@type":"PropertyValueSpecification","valueRequired":true,"valueName":"search_term_string"}}],"inLanguage":"fr-FR"},{"@type":"Person","@id":"https:\/\/www.africa-press.net\/cotedivoire\/#\/schema\/person\/2b1cf3cd81a31e3cd26889ca66d677f1","name":"cfeditorfr"}]}},"_links":{"self":[{"href":"https:\/\/www.africa-press.net\/cotedivoire\/wp-json\/wp\/v2\/posts\/137","targetHints":{"allow":["GET"]}}],"collection":[{"href":"https:\/\/www.africa-press.net\/cotedivoire\/wp-json\/wp\/v2\/posts"}],"about":[{"href":"https:\/\/www.africa-press.net\/cotedivoire\/wp-json\/wp\/v2\/types\/post"}],"author":[{"embeddable":true,"href":"https:\/\/www.africa-press.net\/cotedivoire\/wp-json\/wp\/v2\/users\/82"}],"replies":[{"embeddable":true,"href":"https:\/\/www.africa-press.net\/cotedivoire\/wp-json\/wp\/v2\/comments?post=137"}],"version-history":[{"count":0,"href":"https:\/\/www.africa-press.net\/cotedivoire\/wp-json\/wp\/v2\/posts\/137\/revisions"}],"wp:featuredmedia":[{"embeddable":true,"href":"https:\/\/www.africa-press.net\/cotedivoire\/wp-json\/wp\/v2\/media\/136"}],"wp:attachment":[{"href":"https:\/\/www.africa-press.net\/cotedivoire\/wp-json\/wp\/v2\/media?parent=137"}],"wp:term":[{"taxonomy":"category","embeddable":true,"href":"https:\/\/www.africa-press.net\/cotedivoire\/wp-json\/wp\/v2\/categories?post=137"},{"taxonomy":"post_tag","embeddable":true,"href":"https:\/\/www.africa-press.net\/cotedivoire\/wp-json\/wp\/v2\/tags?post=137"}],"curies":[{"name":"wp","href":"https:\/\/api.w.org\/{rel}","templated":true}]}}