{"id":14265,"date":"2021-09-08T15:37:40","date_gmt":"2021-09-08T15:37:40","guid":{"rendered":"https:\/\/www.africa-press.net\/cotedivoire\/?p=14265"},"modified":"2021-09-08T18:39:57","modified_gmt":"2021-09-08T18:39:57","slug":"cote-divoire-universite-de-cocody-lufr-de-criminologie-annonce-un-hommage-au-pr-emerite-alain-sissoko-a-la-retraite-depuis-2016-la-ceremonie-placee-sous-la-presidence-du-ministre-diawara","status":"publish","type":"post","link":"https:\/\/www.africa-press.net\/cotedivoire\/toutes-les-actualites\/cote-divoire-universite-de-cocody-lufr-de-criminologie-annonce-un-hommage-au-pr-emerite-alain-sissoko-a-la-retraite-depuis-2016-la-ceremonie-placee-sous-la-presidence-du-ministre-diawara","title":{"rendered":"Universit\u00e9 de Cocody, l&rsquo;UFR de Criminologie annonce un hommage au Pr. \u00e9m\u00e9rite Alain Sissoko \u00e0 la retraite depuis 2016, la c\u00e9r\u00e9monie plac\u00e9e sous la pr\u00e9sidence du ministre Diawara"},"content":{"rendered":"<p><span style=\"color: #ff6600\"><strong><a href=\"https:\/\/www.africa-press.net\/\">Africa-Press<\/a> &#8211; <a href=\"https:\/\/www.africa-press.net\/cotedivoire\">C\u00f4te d&rsquo;Ivoire<\/a>. <\/strong><\/span>L\u2019Unit\u00e9 de formation et recherche (UFR) de Criminologie de l\u2019Universit\u00e9 de Cocody organise le 9 septembre 2021 une c\u00e9r\u00e9monie d\u2019hommage au professeur \u00e9m\u00e9rite Alain Sissoko, pour ses actions en faveur de la criminologie en C\u00f4te d&rsquo;Ivoire.<\/p>\n<p>Le professeur Bakayoko Isma\u00efla, maitre de conf\u00e9rences et secr\u00e9taire \u00e0 l\u2019organisation, et le Dr Kroubo Kaf\u00e9, maitre-assistant et membre de la commission communication expliquent pourquoi cette c\u00e9l\u00e9bration intervient maintenant, alors que le Professeur est \u00e0 la retraite depuis 2016 apr\u00e8s plus de 30 ans de service.<\/p>\n<p>\u00ab De 2016 \u00e0 2021, il y a eu beaucoup de choses \u00e0 l\u2019universit\u00e9. Chaque fois que nous avons voulu organiser cette c\u00e9r\u00e9monie, des \u00e9v\u00e8nements sont arriv\u00e9s et n\u2019ont pas permis son organisation\u00bb, a pr\u00e9cis\u00e9, le Professeur Bakayoko Isma\u00efla.<\/p>\n<p>\u00abCet hommage parce que le prof Alain Sissoko est un grand homme qui a beaucoup fait pour la criminologie en C\u00f4te d\u2019Ivoire. Il est celui qui a propuls\u00e9 la criminologie au-devant de la sc\u00e8ne l\u2019espace public, dans l\u2019espace universitaire. Il a fait connaitre la criminologie hors de l\u2019universit\u00e9. Ce monsieur a \u00e9t\u00e9 l\u00e0 au moment o\u00f9 il fallait pour d\u00e9velopper la criminologie. Je pense qu\u2019il est de notre devoir d\u2019\u00eatre reconnaissant envers ce grand personnage qui a beaucoup fait pour la criminologie. C\u2019est aussi un t\u00e9moignage pour le futur\u00bb, a-t-il expliqu\u00e9.<\/p>\n<p>Cette c\u00e9l\u00e9bration sera marqu\u00e9e par l&rsquo;allocution de l&rsquo;actuel doyen de l\u2019UFR de criminologie ainsi que celle du ministre de l\u2019Enseignement sup\u00e9rieur et de la recherche scientifique, pr\u00e9sident de la c\u00e9r\u00e9monie.<\/p>\n<p>Deux communications sont \u00e9galement pr\u00e9vues. Le premier axe porte sur : \u2018\u2018Alain Sissoko et la criminologie en C\u00f4te d\u2019Ivoire : une vie, un parcours.\u2019\u2019 Et l\u2019axe 2 : \u2018\u2018Alain Sissoko, une r\u00e9clame scientifique\u2019\u2019, l\u2019homme et sa carri\u00e8re scientifique. Dr Kroubo Kaf\u00e9 a d\u00e9clar\u00e9 que ces communications seront suivies de panels.<\/p>\n<p>Son histoire est intimement li\u00e9e \u00e0 la vie acad\u00e9mique du Professeur Alain Sissoko qui a d\u00e9but\u00e9 l\u2019enseignent en 1982. Il a \u00e9t\u00e9 Directeur de l\u2019institut de criminologie d\u00e8s 1989 et a contribu\u00e9 \u00e0 la mise en place du cycle de maitrise. Le Professeur a dirig\u00e9 de nombreuses recherches sur la d\u00e9linquance des jeunes dans le pays notamment.<\/p>\n<p>Enfin l\u2019institut de criminologie a \u00e9t\u00e9 transform\u00e9 en UFR en 1996 et l\u2019instauration du cycle doctoral depuis 2000. Il faut noter que la Criminologie a \u00e9t\u00e9 cr\u00e9\u00e9e en 1969 par d\u00e9cret en C\u00f4te d\u2019Ivoire.<\/p>\n<p>&nbsp;<\/p>\n","protected":false},"excerpt":{"rendered":"<p>Africa-Press &#8211; C\u00f4te d&rsquo;Ivoire. L\u2019Unit\u00e9 de formation et recherche (UFR) de Criminologie de l\u2019Universit\u00e9 de Cocody organise le 9 septembre 2021 une c\u00e9r\u00e9monie d\u2019hommage au professeur \u00e9m\u00e9rite Alain Sissoko, pour ses actions en faveur de la criminologie en C\u00f4te d&rsquo;Ivoire. Le professeur Bakayoko Isma\u00efla, maitre de conf\u00e9rences et secr\u00e9taire \u00e0 l\u2019organisation, et le Dr Kroubo [&hellip;]<\/p>\n","protected":false},"author":82,"featured_media":14264,"comment_status":"open","ping_status":"closed","sticky":false,"template":"","format":"standard","meta":{"footnotes":""},"categories":[21,11,10],"tags":[1117,56,63,1114,29,1116,1115],"class_list":["post-14265","post","type-post","status-publish","format-standard","has-post-thumbnail","hentry","category-communaute","category-homepage-french","category-toutes-les-actualites","tag-dr-kroubo-kafe","tag-africa-press","tag-africa-press-cote-divoire","tag-alain-sissoko","tag-cote-divoire","tag-criminologie","tag-universite-de-cocody"],"yoast_head":"<!-- This site is optimized with the Yoast SEO Premium plugin v26.1 (Yoast SEO v27.0) - https:\/\/yoast.com\/product\/yoast-seo-premium-wordpress\/ -->\n<title>Universit\u00e9 de Cocody, l&#039;UFR de Criminologie annonce un hommage au Pr. \u00e9m\u00e9rite Alain Sissoko \u00e0 la retraite depuis 2016, la c\u00e9r\u00e9monie plac\u00e9e sous la pr\u00e9sidence du ministre Diawara - C\u00f4te d&#039;Ivoire<\/title>\n<meta name=\"description\" content=\"L\u2019Unit\u00e9 de formation et recherche (UFR) de Criminologie de l\u2019Universit\u00e9 de Cocody organise le 9 septembre 2021 une c\u00e9r\u00e9m ...\" \/>\n<meta name=\"robots\" content=\"index, follow, max-snippet:-1, max-image-preview:large, max-video-preview:-1\" \/>\n<link rel=\"canonical\" href=\"https:\/\/www.africa-press.net\/cotedivoire\/toutes-les-actualites\/cote-divoire-universite-de-cocody-lufr-de-criminologie-annonce-un-hommage-au-pr-emerite-alain-sissoko-a-la-retraite-depuis-2016-la-ceremonie-placee-sous-la-presidence-du-ministre-diawara\" \/>\n<meta property=\"og:locale\" content=\"fr_FR\" \/>\n<meta property=\"og:type\" content=\"article\" \/>\n<meta property=\"og:title\" content=\"Universit\u00e9 de Cocody, l&#039;UFR de Criminologie annonce un hommage au Pr. \u00e9m\u00e9rite Alain Sissoko \u00e0 la retraite depuis 2016, la c\u00e9r\u00e9monie plac\u00e9e sous la pr\u00e9sidence du ministre Diawara\" \/>\n<meta property=\"og:description\" content=\"L\u2019Unit\u00e9 de formation et recherche (UFR) de Criminologie de l\u2019Universit\u00e9 de Cocody organise le 9 septembre 2021 une c\u00e9r\u00e9m ...\" \/>\n<meta property=\"og:url\" content=\"https:\/\/www.africa-press.net\/cotedivoire\/toutes-les-actualites\/cote-divoire-universite-de-cocody-lufr-de-criminologie-annonce-un-hommage-au-pr-emerite-alain-sissoko-a-la-retraite-depuis-2016-la-ceremonie-placee-sous-la-presidence-du-ministre-diawara\" \/>\n<meta property=\"og:site_name\" content=\"C\u00f4te d&#039;Ivoire\" \/>\n<meta property=\"article:published_time\" content=\"2021-09-08T15:37:40+00:00\" \/>\n<meta property=\"article:modified_time\" content=\"2021-09-08T18:39:57+00:00\" \/>\n<meta property=\"og:image\" content=\"https:\/\/static.africa-press.net\/cote\/sites\/43\/2021\/09\/img-6138bdbf67fbb.jpg\" \/>\n\t<meta property=\"og:image:width\" content=\"720\" \/>\n\t<meta property=\"og:image:height\" content=\"418\" \/>\n\t<meta property=\"og:image:type\" content=\"image\/jpeg\" \/>\n<meta name=\"author\" content=\"cfeditorfr\" \/>\n<meta name=\"twitter:card\" content=\"summary_large_image\" \/>\n<meta name=\"twitter:label1\" content=\"\u00c9crit par\" \/>\n\t<meta name=\"twitter:data1\" content=\"cfeditorfr\" \/>\n\t<meta name=\"twitter:label2\" content=\"Dur\u00e9e de lecture estim\u00e9e\" \/>\n\t<meta name=\"twitter:data2\" content=\"2 minutes\" \/>\n<script type=\"application\/ld+json\" class=\"yoast-schema-graph\">{\"@context\":\"https:\/\/schema.org\",\"@graph\":[{\"@type\":\"Article\",\"@id\":\"https:\/\/www.africa-press.net\/cotedivoire\/toutes-les-actualites\/cote-divoire-universite-de-cocody-lufr-de-criminologie-annonce-un-hommage-au-pr-emerite-alain-sissoko-a-la-retraite-depuis-2016-la-ceremonie-placee-sous-la-presidence-du-ministre-diawara#article\",\"isPartOf\":{\"@id\":\"https:\/\/www.africa-press.net\/cotedivoire\/toutes-les-actualites\/cote-divoire-universite-de-cocody-lufr-de-criminologie-annonce-un-hommage-au-pr-emerite-alain-sissoko-a-la-retraite-depuis-2016-la-ceremonie-placee-sous-la-presidence-du-ministre-diawara\"},\"author\":{\"name\":\"cfeditorfr\",\"@id\":\"https:\/\/www.africa-press.net\/cotedivoire\/#\/schema\/person\/2b1cf3cd81a31e3cd26889ca66d677f1\"},\"headline\":\"Universit\u00e9 de Cocody, l&rsquo;UFR de Criminologie annonce un hommage au Pr. \u00e9m\u00e9rite Alain Sissoko \u00e0 la retraite depuis 2016, la c\u00e9r\u00e9monie plac\u00e9e sous la pr\u00e9sidence du ministre Diawara\",\"datePublished\":\"2021-09-08T15:37:40+00:00\",\"dateModified\":\"2021-09-08T18:39:57+00:00\",\"mainEntityOfPage\":{\"@id\":\"https:\/\/www.africa-press.net\/cotedivoire\/toutes-les-actualites\/cote-divoire-universite-de-cocody-lufr-de-criminologie-annonce-un-hommage-au-pr-emerite-alain-sissoko-a-la-retraite-depuis-2016-la-ceremonie-placee-sous-la-presidence-du-ministre-diawara\"},\"wordCount\":466,\"commentCount\":0,\"image\":{\"@id\":\"https:\/\/www.africa-press.net\/cotedivoire\/toutes-les-actualites\/cote-divoire-universite-de-cocody-lufr-de-criminologie-annonce-un-hommage-au-pr-emerite-alain-sissoko-a-la-retraite-depuis-2016-la-ceremonie-placee-sous-la-presidence-du-ministre-diawara#primaryimage\"},\"thumbnailUrl\":\"https:\/\/static.africa-press.net\/cote\/sites\/43\/2021\/09\/img-6138bdbf67fbb.jpg\",\"keywords\":[\". Dr Kroubo Kaf\u00e9\",\"Africa Press\",\"Africa Press-C\u00f4te d'Ivoire\",\"Alain Sissoko\",\"C\u00d4TE D'IVOIRE\",\"Criminologie\",\"Universit\u00e9 de Cocody\"],\"articleSection\":[\"Communaut\u00e9\",\"homepage-french\",\"Toutes les actualit\u00e9s\"],\"inLanguage\":\"fr-FR\",\"potentialAction\":[{\"@type\":\"CommentAction\",\"name\":\"Comment\",\"target\":[\"https:\/\/www.africa-press.net\/cotedivoire\/toutes-les-actualites\/cote-divoire-universite-de-cocody-lufr-de-criminologie-annonce-un-hommage-au-pr-emerite-alain-sissoko-a-la-retraite-depuis-2016-la-ceremonie-placee-sous-la-presidence-du-ministre-diawara#respond\"]}]},{\"@type\":\"WebPage\",\"@id\":\"https:\/\/www.africa-press.net\/cotedivoire\/toutes-les-actualites\/cote-divoire-universite-de-cocody-lufr-de-criminologie-annonce-un-hommage-au-pr-emerite-alain-sissoko-a-la-retraite-depuis-2016-la-ceremonie-placee-sous-la-presidence-du-ministre-diawara\",\"url\":\"https:\/\/www.africa-press.net\/cotedivoire\/toutes-les-actualites\/cote-divoire-universite-de-cocody-lufr-de-criminologie-annonce-un-hommage-au-pr-emerite-alain-sissoko-a-la-retraite-depuis-2016-la-ceremonie-placee-sous-la-presidence-du-ministre-diawara\",\"name\":\"Universit\u00e9 de Cocody, l'UFR de Criminologie annonce un hommage au Pr. \u00e9m\u00e9rite Alain Sissoko \u00e0 la retraite depuis 2016, la c\u00e9r\u00e9monie plac\u00e9e sous la pr\u00e9sidence du ministre Diawara - C\u00f4te d&#039;Ivoire\",\"isPartOf\":{\"@id\":\"https:\/\/www.africa-press.net\/cotedivoire\/#website\"},\"primaryImageOfPage\":{\"@id\":\"https:\/\/www.africa-press.net\/cotedivoire\/toutes-les-actualites\/cote-divoire-universite-de-cocody-lufr-de-criminologie-annonce-un-hommage-au-pr-emerite-alain-sissoko-a-la-retraite-depuis-2016-la-ceremonie-placee-sous-la-presidence-du-ministre-diawara#primaryimage\"},\"image\":{\"@id\":\"https:\/\/www.africa-press.net\/cotedivoire\/toutes-les-actualites\/cote-divoire-universite-de-cocody-lufr-de-criminologie-annonce-un-hommage-au-pr-emerite-alain-sissoko-a-la-retraite-depuis-2016-la-ceremonie-placee-sous-la-presidence-du-ministre-diawara#primaryimage\"},\"thumbnailUrl\":\"https:\/\/static.africa-press.net\/cote\/sites\/43\/2021\/09\/img-6138bdbf67fbb.jpg\",\"datePublished\":\"2021-09-08T15:37:40+00:00\",\"dateModified\":\"2021-09-08T18:39:57+00:00\",\"author\":{\"@id\":\"https:\/\/www.africa-press.net\/cotedivoire\/#\/schema\/person\/2b1cf3cd81a31e3cd26889ca66d677f1\"},\"description\":\"L\u2019Unit\u00e9 de formation et recherche (UFR) de Criminologie de l\u2019Universit\u00e9 de Cocody organise le 9 septembre 2021 une c\u00e9r\u00e9m ...\",\"breadcrumb\":{\"@id\":\"https:\/\/www.africa-press.net\/cotedivoire\/toutes-les-actualites\/cote-divoire-universite-de-cocody-lufr-de-criminologie-annonce-un-hommage-au-pr-emerite-alain-sissoko-a-la-retraite-depuis-2016-la-ceremonie-placee-sous-la-presidence-du-ministre-diawara#breadcrumb\"},\"inLanguage\":\"fr-FR\",\"potentialAction\":[{\"@type\":\"ReadAction\",\"target\":[\"https:\/\/www.africa-press.net\/cotedivoire\/toutes-les-actualites\/cote-divoire-universite-de-cocody-lufr-de-criminologie-annonce-un-hommage-au-pr-emerite-alain-sissoko-a-la-retraite-depuis-2016-la-ceremonie-placee-sous-la-presidence-du-ministre-diawara\"]}]},{\"@type\":\"ImageObject\",\"inLanguage\":\"fr-FR\",\"@id\":\"https:\/\/www.africa-press.net\/cotedivoire\/toutes-les-actualites\/cote-divoire-universite-de-cocody-lufr-de-criminologie-annonce-un-hommage-au-pr-emerite-alain-sissoko-a-la-retraite-depuis-2016-la-ceremonie-placee-sous-la-presidence-du-ministre-diawara#primaryimage\",\"url\":\"https:\/\/static.africa-press.net\/cote\/sites\/43\/2021\/09\/img-6138bdbf67fbb.jpg\",\"contentUrl\":\"https:\/\/static.africa-press.net\/cote\/sites\/43\/2021\/09\/img-6138bdbf67fbb.jpg\",\"width\":720,\"height\":418,\"caption\":\"C\u00f4te d'Ivoire: Universit\u00e9 de Cocody, l'UFR de Criminologie annonce un hommage au Pr. \u00e9m\u00e9rite Alain Sissoko \u00e0 la retraite depuis 2016, la c\u00e9r\u00e9monie plac\u00e9e sous la pr\u00e9sidence du ministre Diawara\"},{\"@type\":\"BreadcrumbList\",\"@id\":\"https:\/\/www.africa-press.net\/cotedivoire\/toutes-les-actualites\/cote-divoire-universite-de-cocody-lufr-de-criminologie-annonce-un-hommage-au-pr-emerite-alain-sissoko-a-la-retraite-depuis-2016-la-ceremonie-placee-sous-la-presidence-du-ministre-diawara#breadcrumb\",\"itemListElement\":[{\"@type\":\"ListItem\",\"position\":1,\"name\":\"Accueil\",\"item\":\"https:\/\/www.africa-press.net\/cotedivoire\/\"},{\"@type\":\"ListItem\",\"position\":2,\"name\":\"Universit\u00e9 de Cocody, l&#8217;UFR de Criminologie annonce un hommage au Pr. \u00e9m\u00e9rite Alain Sissoko \u00e0 la retraite depuis 2016, la c\u00e9r\u00e9monie plac\u00e9e sous la pr\u00e9sidence du ministre Diawara\"}]},{\"@type\":\"WebSite\",\"@id\":\"https:\/\/www.africa-press.net\/cotedivoire\/#website\",\"url\":\"https:\/\/www.africa-press.net\/cotedivoire\/\",\"name\":\"C\u00f4te d&#039;Ivoire\",\"description\":\"Just another Africa News Agency Sites site\",\"potentialAction\":[{\"@type\":\"SearchAction\",\"target\":{\"@type\":\"EntryPoint\",\"urlTemplate\":\"https:\/\/www.africa-press.net\/cotedivoire\/?s={search_term_string}\"},\"query-input\":{\"@type\":\"PropertyValueSpecification\",\"valueRequired\":true,\"valueName\":\"search_term_string\"}}],\"inLanguage\":\"fr-FR\"},{\"@type\":\"Person\",\"@id\":\"https:\/\/www.africa-press.net\/cotedivoire\/#\/schema\/person\/2b1cf3cd81a31e3cd26889ca66d677f1\",\"name\":\"cfeditorfr\"}]}<\/script>\n<!-- \/ Yoast SEO Premium plugin. -->","yoast_head_json":{"title":"Universit\u00e9 de Cocody, l'UFR de Criminologie annonce un hommage au Pr. \u00e9m\u00e9rite Alain Sissoko \u00e0 la retraite depuis 2016, la c\u00e9r\u00e9monie plac\u00e9e sous la pr\u00e9sidence du ministre Diawara - C\u00f4te d&#039;Ivoire","description":"L\u2019Unit\u00e9 de formation et recherche (UFR) de Criminologie de l\u2019Universit\u00e9 de Cocody organise le 9 septembre 2021 une c\u00e9r\u00e9m ...","robots":{"index":"index","follow":"follow","max-snippet":"max-snippet:-1","max-image-preview":"max-image-preview:large","max-video-preview":"max-video-preview:-1"},"canonical":"https:\/\/www.africa-press.net\/cotedivoire\/toutes-les-actualites\/cote-divoire-universite-de-cocody-lufr-de-criminologie-annonce-un-hommage-au-pr-emerite-alain-sissoko-a-la-retraite-depuis-2016-la-ceremonie-placee-sous-la-presidence-du-ministre-diawara","og_locale":"fr_FR","og_type":"article","og_title":"Universit\u00e9 de Cocody, l'UFR de Criminologie annonce un hommage au Pr. \u00e9m\u00e9rite Alain Sissoko \u00e0 la retraite depuis 2016, la c\u00e9r\u00e9monie plac\u00e9e sous la pr\u00e9sidence du ministre Diawara","og_description":"L\u2019Unit\u00e9 de formation et recherche (UFR) de Criminologie de l\u2019Universit\u00e9 de Cocody organise le 9 septembre 2021 une c\u00e9r\u00e9m ...","og_url":"https:\/\/www.africa-press.net\/cotedivoire\/toutes-les-actualites\/cote-divoire-universite-de-cocody-lufr-de-criminologie-annonce-un-hommage-au-pr-emerite-alain-sissoko-a-la-retraite-depuis-2016-la-ceremonie-placee-sous-la-presidence-du-ministre-diawara","og_site_name":"C\u00f4te d&#039;Ivoire","article_published_time":"2021-09-08T15:37:40+00:00","article_modified_time":"2021-09-08T18:39:57+00:00","og_image":[{"width":720,"height":418,"url":"https:\/\/static.africa-press.net\/cote\/sites\/43\/2021\/09\/img-6138bdbf67fbb.jpg","type":"image\/jpeg"}],"author":"cfeditorfr","twitter_card":"summary_large_image","twitter_misc":{"\u00c9crit par":"cfeditorfr","Dur\u00e9e de lecture estim\u00e9e":"2 minutes"},"schema":{"@context":"https:\/\/schema.org","@graph":[{"@type":"Article","@id":"https:\/\/www.africa-press.net\/cotedivoire\/toutes-les-actualites\/cote-divoire-universite-de-cocody-lufr-de-criminologie-annonce-un-hommage-au-pr-emerite-alain-sissoko-a-la-retraite-depuis-2016-la-ceremonie-placee-sous-la-presidence-du-ministre-diawara#article","isPartOf":{"@id":"https:\/\/www.africa-press.net\/cotedivoire\/toutes-les-actualites\/cote-divoire-universite-de-cocody-lufr-de-criminologie-annonce-un-hommage-au-pr-emerite-alain-sissoko-a-la-retraite-depuis-2016-la-ceremonie-placee-sous-la-presidence-du-ministre-diawara"},"author":{"name":"cfeditorfr","@id":"https:\/\/www.africa-press.net\/cotedivoire\/#\/schema\/person\/2b1cf3cd81a31e3cd26889ca66d677f1"},"headline":"Universit\u00e9 de Cocody, l&rsquo;UFR de Criminologie annonce un hommage au Pr. \u00e9m\u00e9rite Alain Sissoko \u00e0 la retraite depuis 2016, la c\u00e9r\u00e9monie plac\u00e9e sous la pr\u00e9sidence du ministre Diawara","datePublished":"2021-09-08T15:37:40+00:00","dateModified":"2021-09-08T18:39:57+00:00","mainEntityOfPage":{"@id":"https:\/\/www.africa-press.net\/cotedivoire\/toutes-les-actualites\/cote-divoire-universite-de-cocody-lufr-de-criminologie-annonce-un-hommage-au-pr-emerite-alain-sissoko-a-la-retraite-depuis-2016-la-ceremonie-placee-sous-la-presidence-du-ministre-diawara"},"wordCount":466,"commentCount":0,"image":{"@id":"https:\/\/www.africa-press.net\/cotedivoire\/toutes-les-actualites\/cote-divoire-universite-de-cocody-lufr-de-criminologie-annonce-un-hommage-au-pr-emerite-alain-sissoko-a-la-retraite-depuis-2016-la-ceremonie-placee-sous-la-presidence-du-ministre-diawara#primaryimage"},"thumbnailUrl":"https:\/\/static.africa-press.net\/cote\/sites\/43\/2021\/09\/img-6138bdbf67fbb.jpg","keywords":[". Dr Kroubo Kaf\u00e9","Africa Press","Africa Press-C\u00f4te d'Ivoire","Alain Sissoko","C\u00d4TE D'IVOIRE","Criminologie","Universit\u00e9 de Cocody"],"articleSection":["Communaut\u00e9","homepage-french","Toutes les actualit\u00e9s"],"inLanguage":"fr-FR","potentialAction":[{"@type":"CommentAction","name":"Comment","target":["https:\/\/www.africa-press.net\/cotedivoire\/toutes-les-actualites\/cote-divoire-universite-de-cocody-lufr-de-criminologie-annonce-un-hommage-au-pr-emerite-alain-sissoko-a-la-retraite-depuis-2016-la-ceremonie-placee-sous-la-presidence-du-ministre-diawara#respond"]}]},{"@type":"WebPage","@id":"https:\/\/www.africa-press.net\/cotedivoire\/toutes-les-actualites\/cote-divoire-universite-de-cocody-lufr-de-criminologie-annonce-un-hommage-au-pr-emerite-alain-sissoko-a-la-retraite-depuis-2016-la-ceremonie-placee-sous-la-presidence-du-ministre-diawara","url":"https:\/\/www.africa-press.net\/cotedivoire\/toutes-les-actualites\/cote-divoire-universite-de-cocody-lufr-de-criminologie-annonce-un-hommage-au-pr-emerite-alain-sissoko-a-la-retraite-depuis-2016-la-ceremonie-placee-sous-la-presidence-du-ministre-diawara","name":"Universit\u00e9 de Cocody, l'UFR de Criminologie annonce un hommage au Pr. \u00e9m\u00e9rite Alain Sissoko \u00e0 la retraite depuis 2016, la c\u00e9r\u00e9monie plac\u00e9e sous la pr\u00e9sidence du ministre Diawara - C\u00f4te d&#039;Ivoire","isPartOf":{"@id":"https:\/\/www.africa-press.net\/cotedivoire\/#website"},"primaryImageOfPage":{"@id":"https:\/\/www.africa-press.net\/cotedivoire\/toutes-les-actualites\/cote-divoire-universite-de-cocody-lufr-de-criminologie-annonce-un-hommage-au-pr-emerite-alain-sissoko-a-la-retraite-depuis-2016-la-ceremonie-placee-sous-la-presidence-du-ministre-diawara#primaryimage"},"image":{"@id":"https:\/\/www.africa-press.net\/cotedivoire\/toutes-les-actualites\/cote-divoire-universite-de-cocody-lufr-de-criminologie-annonce-un-hommage-au-pr-emerite-alain-sissoko-a-la-retraite-depuis-2016-la-ceremonie-placee-sous-la-presidence-du-ministre-diawara#primaryimage"},"thumbnailUrl":"https:\/\/static.africa-press.net\/cote\/sites\/43\/2021\/09\/img-6138bdbf67fbb.jpg","datePublished":"2021-09-08T15:37:40+00:00","dateModified":"2021-09-08T18:39:57+00:00","author":{"@id":"https:\/\/www.africa-press.net\/cotedivoire\/#\/schema\/person\/2b1cf3cd81a31e3cd26889ca66d677f1"},"description":"L\u2019Unit\u00e9 de formation et recherche (UFR) de Criminologie de l\u2019Universit\u00e9 de Cocody organise le 9 septembre 2021 une c\u00e9r\u00e9m ...","breadcrumb":{"@id":"https:\/\/www.africa-press.net\/cotedivoire\/toutes-les-actualites\/cote-divoire-universite-de-cocody-lufr-de-criminologie-annonce-un-hommage-au-pr-emerite-alain-sissoko-a-la-retraite-depuis-2016-la-ceremonie-placee-sous-la-presidence-du-ministre-diawara#breadcrumb"},"inLanguage":"fr-FR","potentialAction":[{"@type":"ReadAction","target":["https:\/\/www.africa-press.net\/cotedivoire\/toutes-les-actualites\/cote-divoire-universite-de-cocody-lufr-de-criminologie-annonce-un-hommage-au-pr-emerite-alain-sissoko-a-la-retraite-depuis-2016-la-ceremonie-placee-sous-la-presidence-du-ministre-diawara"]}]},{"@type":"ImageObject","inLanguage":"fr-FR","@id":"https:\/\/www.africa-press.net\/cotedivoire\/toutes-les-actualites\/cote-divoire-universite-de-cocody-lufr-de-criminologie-annonce-un-hommage-au-pr-emerite-alain-sissoko-a-la-retraite-depuis-2016-la-ceremonie-placee-sous-la-presidence-du-ministre-diawara#primaryimage","url":"https:\/\/static.africa-press.net\/cote\/sites\/43\/2021\/09\/img-6138bdbf67fbb.jpg","contentUrl":"https:\/\/static.africa-press.net\/cote\/sites\/43\/2021\/09\/img-6138bdbf67fbb.jpg","width":720,"height":418,"caption":"C\u00f4te d'Ivoire: Universit\u00e9 de Cocody, l'UFR de Criminologie annonce un hommage au Pr. \u00e9m\u00e9rite Alain Sissoko \u00e0 la retraite depuis 2016, la c\u00e9r\u00e9monie plac\u00e9e sous la pr\u00e9sidence du ministre Diawara"},{"@type":"BreadcrumbList","@id":"https:\/\/www.africa-press.net\/cotedivoire\/toutes-les-actualites\/cote-divoire-universite-de-cocody-lufr-de-criminologie-annonce-un-hommage-au-pr-emerite-alain-sissoko-a-la-retraite-depuis-2016-la-ceremonie-placee-sous-la-presidence-du-ministre-diawara#breadcrumb","itemListElement":[{"@type":"ListItem","position":1,"name":"Accueil","item":"https:\/\/www.africa-press.net\/cotedivoire\/"},{"@type":"ListItem","position":2,"name":"Universit\u00e9 de Cocody, l&#8217;UFR de Criminologie annonce un hommage au Pr. \u00e9m\u00e9rite Alain Sissoko \u00e0 la retraite depuis 2016, la c\u00e9r\u00e9monie plac\u00e9e sous la pr\u00e9sidence du ministre Diawara"}]},{"@type":"WebSite","@id":"https:\/\/www.africa-press.net\/cotedivoire\/#website","url":"https:\/\/www.africa-press.net\/cotedivoire\/","name":"C\u00f4te d&#039;Ivoire","description":"Just another Africa News Agency Sites site","potentialAction":[{"@type":"SearchAction","target":{"@type":"EntryPoint","urlTemplate":"https:\/\/www.africa-press.net\/cotedivoire\/?s={search_term_string}"},"query-input":{"@type":"PropertyValueSpecification","valueRequired":true,"valueName":"search_term_string"}}],"inLanguage":"fr-FR"},{"@type":"Person","@id":"https:\/\/www.africa-press.net\/cotedivoire\/#\/schema\/person\/2b1cf3cd81a31e3cd26889ca66d677f1","name":"cfeditorfr"}]}},"_links":{"self":[{"href":"https:\/\/www.africa-press.net\/cotedivoire\/wp-json\/wp\/v2\/posts\/14265","targetHints":{"allow":["GET"]}}],"collection":[{"href":"https:\/\/www.africa-press.net\/cotedivoire\/wp-json\/wp\/v2\/posts"}],"about":[{"href":"https:\/\/www.africa-press.net\/cotedivoire\/wp-json\/wp\/v2\/types\/post"}],"author":[{"embeddable":true,"href":"https:\/\/www.africa-press.net\/cotedivoire\/wp-json\/wp\/v2\/users\/82"}],"replies":[{"embeddable":true,"href":"https:\/\/www.africa-press.net\/cotedivoire\/wp-json\/wp\/v2\/comments?post=14265"}],"version-history":[{"count":0,"href":"https:\/\/www.africa-press.net\/cotedivoire\/wp-json\/wp\/v2\/posts\/14265\/revisions"}],"wp:featuredmedia":[{"embeddable":true,"href":"https:\/\/www.africa-press.net\/cotedivoire\/wp-json\/wp\/v2\/media\/14264"}],"wp:attachment":[{"href":"https:\/\/www.africa-press.net\/cotedivoire\/wp-json\/wp\/v2\/media?parent=14265"}],"wp:term":[{"taxonomy":"category","embeddable":true,"href":"https:\/\/www.africa-press.net\/cotedivoire\/wp-json\/wp\/v2\/categories?post=14265"},{"taxonomy":"post_tag","embeddable":true,"href":"https:\/\/www.africa-press.net\/cotedivoire\/wp-json\/wp\/v2\/tags?post=14265"}],"curies":[{"name":"wp","href":"https:\/\/api.w.org\/{rel}","templated":true}]}}