{"id":14434,"date":"2021-09-09T17:31:12","date_gmt":"2021-09-09T17:31:12","guid":{"rendered":"https:\/\/www.africa-press.net\/cotedivoire\/?p=14434"},"modified":"2021-09-09T17:16:51","modified_gmt":"2021-09-09T17:16:51","slug":"cote-divoire-transport-delimitation-du-plan-de-circulation-des-tricycles-et-simplification-des-procedures-de-mutation-des-cartes-grises","status":"publish","type":"post","link":"https:\/\/www.africa-press.net\/cotedivoire\/toutes-les-actualites\/cote-divoire-transport-delimitation-du-plan-de-circulation-des-tricycles-et-simplification-des-procedures-de-mutation-des-cartes-grises","title":{"rendered":"C\u00f4te d&rsquo;Ivoire :   Transport, d\u00e9limitation du plan de circulation des tricycles et simplification des proc\u00e9dures de mutation des cartes grises"},"content":{"rendered":"<p><span style=\"color: #ff6600\"><strong><a href=\"https:\/\/www.africa-press.net\/\">Africa-Press<\/a> &#8211; <a href=\"https:\/\/www.africa-press.net\/cotedivoire\">C\u00f4te d&rsquo;Ivoire<\/a>. <\/strong><\/span><b>Tricycle et moto samedi sur le boulevard lagunaire d&rsquo;Abidjan (ph KOACI)<\/b><\/p>\n<p>Les tricycles ne pourront plus circuler comme ils veulent dans la capitale \u00e9conomique ivoirienne. Un plan de circulation et des conditions de circulation ont \u00e9t\u00e9 d\u00e9finis aujourd&rsquo;hui en conseil des ministres pour les motos dans la ville d&rsquo;Abidjan.<\/p>\n<p>L&rsquo;objectif g\u00e9n\u00e9ral de ce plan de circulation est de fluidifier le trafic urbain dans le Grand Abidjan et de contribuer substantiellement \u00e0 l&rsquo;am\u00e9lioration de la s\u00e9curit\u00e9 routi\u00e8re sur les itin\u00e9raires d\u00e9finis.<\/p>\n<p>Ainsi, les tricycles sont interdits d&rsquo;acc\u00e8s \u00e0 toutes les voies du r\u00e9seau structurant, \u00e0 savoir toutes les routes nationales, toutes les routes en 2&#215;2 et 2&#215;3 voies reliant les communes, les boulevards, les principales rues et avenues qui jouent un r\u00f4le majeur dans le transit urbain.<\/p>\n<p>En outre, les usagers de motos doivent obligatoirement observer plusieurs mesures. Il s&rsquo;agit du port obligatoire du casque pour le conducteur et pour toute personne transport\u00e9e, de l&rsquo;obligation pour le conducteur de d\u00e9tenir un permis de conduire de la cat\u00e9gorie A pour la conduite de toute moto tel que prescrit par le Code de la route, de l&rsquo;obligation d&rsquo;\u00e9quiper les motos de r\u00e9troviseurs convenablement d\u00e9ploy\u00e9s et de feux clignotants en bon \u00e9tat de marche.<\/p>\n<p>Par ailleurs, le Conseil a adopt\u00e9 une communication relative \u00e0 la proc\u00e9dure de mutation des v\u00e9hicules automobiles dont les vendeurs sont introuvables et d&rsquo;immatriculation des v\u00e9hicules automobiles ne disposant pas de plaques d&rsquo;immatriculation ou dont les plaques sont illisibles, d\u00e9t\u00e9rior\u00e9es ou fantaisistes.<\/p>\n<p>Dans le cadre de l&rsquo;am\u00e9lioration de la s\u00e9curit\u00e9 routi\u00e8re, le Gouvernement a entrepris une r\u00e9forme du secteur du transport routier dont l&rsquo;un des principaux axes est l&rsquo;instauration d&rsquo;un Syst\u00e8me de Transport Intelligent, en abr\u00e9g\u00e9 STI.<\/p>\n<p>Dans la perspective du d\u00e9ploiement du STI, notamment la gestion \u00e9lectronique des infractions, qui repose essentiellement sur la lecture automatis\u00e9e des plaques d&rsquo;immatriculation des v\u00e9hicules et la notification de l&rsquo;infraction aux propri\u00e9taires des v\u00e9hicules dont l&rsquo;identit\u00e9 est mentionn\u00e9e sur la carte grise, le Conseil a arr\u00eat\u00e9 de nouvelles mesures en vue de simplifier et d&rsquo;acc\u00e9l\u00e9rer les proc\u00e9dures de mutation des cartes grises et de mise \u00e0 disposition des plaques d&rsquo;immatriculation des v\u00e9hicules n&rsquo;en disposant pas.<\/p>\n<p>Wassimagnon<\/p>\n","protected":false},"excerpt":{"rendered":"<p>Africa-Press &#8211; C\u00f4te d&rsquo;Ivoire. Tricycle et moto samedi sur le boulevard lagunaire d&rsquo;Abidjan (ph KOACI) Les tricycles ne pourront plus circuler comme ils veulent dans la capitale \u00e9conomique ivoirienne. Un plan de circulation et des conditions de circulation ont \u00e9t\u00e9 d\u00e9finis aujourd&rsquo;hui en conseil des ministres pour les motos dans la ville d&rsquo;Abidjan. L&rsquo;objectif g\u00e9n\u00e9ral [&hellip;]<\/p>\n","protected":false},"author":82,"featured_media":14433,"comment_status":"open","ping_status":"closed","sticky":false,"template":"","format":"standard","meta":{"footnotes":""},"categories":[21,11,10],"tags":[56,63,29,656,1148],"class_list":["post-14434","post","type-post","status-publish","format-standard","has-post-thumbnail","hentry","category-communaute","category-homepage-french","category-toutes-les-actualites","tag-africa-press","tag-africa-press-cote-divoire","tag-cote-divoire","tag-moto","tag-tricycle"],"yoast_head":"<!-- This site is optimized with the Yoast SEO Premium plugin v26.1 (Yoast SEO v27.0) - https:\/\/yoast.com\/product\/yoast-seo-premium-wordpress\/ -->\n<title>C\u00f4te d&#039;Ivoire :  Transport, d\u00e9limitation du plan de circulation des tricycles et simplification des proc\u00e9dures de mutation des cartes grises - C\u00f4te d&#039;Ivoire<\/title>\n<meta name=\"description\" content=\"Tricycle et moto samedi sur le boulevard lagunaire d&#039;Abidjan (ph KOACI) Les tricycles ne pourront plus circuler ...\" \/>\n<meta name=\"robots\" content=\"index, follow, max-snippet:-1, max-image-preview:large, max-video-preview:-1\" \/>\n<link rel=\"canonical\" href=\"https:\/\/www.africa-press.net\/cotedivoire\/toutes-les-actualites\/cote-divoire-transport-delimitation-du-plan-de-circulation-des-tricycles-et-simplification-des-procedures-de-mutation-des-cartes-grises\" \/>\n<meta property=\"og:locale\" content=\"fr_FR\" \/>\n<meta property=\"og:type\" content=\"article\" \/>\n<meta property=\"og:title\" content=\"C\u00f4te d&#039;Ivoire :  Transport, d\u00e9limitation du plan de circulation des tricycles et simplification des proc\u00e9dures de mutation des cartes grises\" \/>\n<meta property=\"og:description\" content=\"Tricycle et moto samedi sur le boulevard lagunaire d&#039;Abidjan (ph KOACI) Les tricycles ne pourront plus circuler ...\" \/>\n<meta property=\"og:url\" content=\"https:\/\/www.africa-press.net\/cotedivoire\/toutes-les-actualites\/cote-divoire-transport-delimitation-du-plan-de-circulation-des-tricycles-et-simplification-des-procedures-de-mutation-des-cartes-grises\" \/>\n<meta property=\"og:site_name\" content=\"C\u00f4te d&#039;Ivoire\" \/>\n<meta property=\"article:published_time\" content=\"2021-09-09T17:31:12+00:00\" \/>\n<meta property=\"og:image\" content=\"https:\/\/static.africa-press.net\/cote\/sites\/43\/2021\/09\/img-613a414043e19.jpg\" \/>\n\t<meta property=\"og:image:width\" content=\"720\" \/>\n\t<meta property=\"og:image:height\" content=\"462\" \/>\n\t<meta property=\"og:image:type\" content=\"image\/jpeg\" \/>\n<meta name=\"author\" content=\"cfeditorfr\" \/>\n<meta name=\"twitter:card\" content=\"summary_large_image\" \/>\n<meta name=\"twitter:label1\" content=\"\u00c9crit par\" \/>\n\t<meta name=\"twitter:data1\" content=\"cfeditorfr\" \/>\n\t<meta name=\"twitter:label2\" content=\"Dur\u00e9e de lecture estim\u00e9e\" \/>\n\t<meta name=\"twitter:data2\" content=\"2 minutes\" \/>\n<script type=\"application\/ld+json\" class=\"yoast-schema-graph\">{\"@context\":\"https:\/\/schema.org\",\"@graph\":[{\"@type\":\"Article\",\"@id\":\"https:\/\/www.africa-press.net\/cotedivoire\/toutes-les-actualites\/cote-divoire-transport-delimitation-du-plan-de-circulation-des-tricycles-et-simplification-des-procedures-de-mutation-des-cartes-grises#article\",\"isPartOf\":{\"@id\":\"https:\/\/www.africa-press.net\/cotedivoire\/toutes-les-actualites\/cote-divoire-transport-delimitation-du-plan-de-circulation-des-tricycles-et-simplification-des-procedures-de-mutation-des-cartes-grises\"},\"author\":{\"name\":\"cfeditorfr\",\"@id\":\"https:\/\/www.africa-press.net\/cotedivoire\/#\/schema\/person\/2b1cf3cd81a31e3cd26889ca66d677f1\"},\"headline\":\"C\u00f4te d&rsquo;Ivoire : Transport, d\u00e9limitation du plan de circulation des tricycles et simplification des proc\u00e9dures de mutation des cartes grises\",\"datePublished\":\"2021-09-09T17:31:12+00:00\",\"mainEntityOfPage\":{\"@id\":\"https:\/\/www.africa-press.net\/cotedivoire\/toutes-les-actualites\/cote-divoire-transport-delimitation-du-plan-de-circulation-des-tricycles-et-simplification-des-procedures-de-mutation-des-cartes-grises\"},\"wordCount\":439,\"commentCount\":0,\"image\":{\"@id\":\"https:\/\/www.africa-press.net\/cotedivoire\/toutes-les-actualites\/cote-divoire-transport-delimitation-du-plan-de-circulation-des-tricycles-et-simplification-des-procedures-de-mutation-des-cartes-grises#primaryimage\"},\"thumbnailUrl\":\"https:\/\/static.africa-press.net\/cote\/sites\/43\/2021\/09\/img-613a414043e19.jpg\",\"keywords\":[\"Africa Press\",\"Africa Press-C\u00f4te d'Ivoire\",\"C\u00d4TE D'IVOIRE\",\"moto\",\"tricycle\"],\"articleSection\":[\"Communaut\u00e9\",\"homepage-french\",\"Toutes les actualit\u00e9s\"],\"inLanguage\":\"fr-FR\",\"potentialAction\":[{\"@type\":\"CommentAction\",\"name\":\"Comment\",\"target\":[\"https:\/\/www.africa-press.net\/cotedivoire\/toutes-les-actualites\/cote-divoire-transport-delimitation-du-plan-de-circulation-des-tricycles-et-simplification-des-procedures-de-mutation-des-cartes-grises#respond\"]}]},{\"@type\":\"WebPage\",\"@id\":\"https:\/\/www.africa-press.net\/cotedivoire\/toutes-les-actualites\/cote-divoire-transport-delimitation-du-plan-de-circulation-des-tricycles-et-simplification-des-procedures-de-mutation-des-cartes-grises\",\"url\":\"https:\/\/www.africa-press.net\/cotedivoire\/toutes-les-actualites\/cote-divoire-transport-delimitation-du-plan-de-circulation-des-tricycles-et-simplification-des-procedures-de-mutation-des-cartes-grises\",\"name\":\"C\u00f4te d'Ivoire : Transport, d\u00e9limitation du plan de circulation des tricycles et simplification des proc\u00e9dures de mutation des cartes grises - C\u00f4te d&#039;Ivoire\",\"isPartOf\":{\"@id\":\"https:\/\/www.africa-press.net\/cotedivoire\/#website\"},\"primaryImageOfPage\":{\"@id\":\"https:\/\/www.africa-press.net\/cotedivoire\/toutes-les-actualites\/cote-divoire-transport-delimitation-du-plan-de-circulation-des-tricycles-et-simplification-des-procedures-de-mutation-des-cartes-grises#primaryimage\"},\"image\":{\"@id\":\"https:\/\/www.africa-press.net\/cotedivoire\/toutes-les-actualites\/cote-divoire-transport-delimitation-du-plan-de-circulation-des-tricycles-et-simplification-des-procedures-de-mutation-des-cartes-grises#primaryimage\"},\"thumbnailUrl\":\"https:\/\/static.africa-press.net\/cote\/sites\/43\/2021\/09\/img-613a414043e19.jpg\",\"datePublished\":\"2021-09-09T17:31:12+00:00\",\"author\":{\"@id\":\"https:\/\/www.africa-press.net\/cotedivoire\/#\/schema\/person\/2b1cf3cd81a31e3cd26889ca66d677f1\"},\"description\":\"Tricycle et moto samedi sur le boulevard lagunaire d'Abidjan (ph KOACI) Les tricycles ne pourront plus circuler ...\",\"breadcrumb\":{\"@id\":\"https:\/\/www.africa-press.net\/cotedivoire\/toutes-les-actualites\/cote-divoire-transport-delimitation-du-plan-de-circulation-des-tricycles-et-simplification-des-procedures-de-mutation-des-cartes-grises#breadcrumb\"},\"inLanguage\":\"fr-FR\",\"potentialAction\":[{\"@type\":\"ReadAction\",\"target\":[\"https:\/\/www.africa-press.net\/cotedivoire\/toutes-les-actualites\/cote-divoire-transport-delimitation-du-plan-de-circulation-des-tricycles-et-simplification-des-procedures-de-mutation-des-cartes-grises\"]}]},{\"@type\":\"ImageObject\",\"inLanguage\":\"fr-FR\",\"@id\":\"https:\/\/www.africa-press.net\/cotedivoire\/toutes-les-actualites\/cote-divoire-transport-delimitation-du-plan-de-circulation-des-tricycles-et-simplification-des-procedures-de-mutation-des-cartes-grises#primaryimage\",\"url\":\"https:\/\/static.africa-press.net\/cote\/sites\/43\/2021\/09\/img-613a414043e19.jpg\",\"contentUrl\":\"https:\/\/static.africa-press.net\/cote\/sites\/43\/2021\/09\/img-613a414043e19.jpg\",\"width\":720,\"height\":462,\"caption\":\"C\u00f4te d'Ivoire : Transport, d\u00e9limitation du plan de circulation des tricycles et simplification des proc\u00e9dures de mutation des cartes grises\"},{\"@type\":\"BreadcrumbList\",\"@id\":\"https:\/\/www.africa-press.net\/cotedivoire\/toutes-les-actualites\/cote-divoire-transport-delimitation-du-plan-de-circulation-des-tricycles-et-simplification-des-procedures-de-mutation-des-cartes-grises#breadcrumb\",\"itemListElement\":[{\"@type\":\"ListItem\",\"position\":1,\"name\":\"Accueil\",\"item\":\"https:\/\/www.africa-press.net\/cotedivoire\/\"},{\"@type\":\"ListItem\",\"position\":2,\"name\":\"C\u00f4te d&#8217;Ivoire : Transport, d\u00e9limitation du plan de circulation des tricycles et simplification des proc\u00e9dures de mutation des cartes grises\"}]},{\"@type\":\"WebSite\",\"@id\":\"https:\/\/www.africa-press.net\/cotedivoire\/#website\",\"url\":\"https:\/\/www.africa-press.net\/cotedivoire\/\",\"name\":\"C\u00f4te d&#039;Ivoire\",\"description\":\"Just another Africa News Agency Sites site\",\"potentialAction\":[{\"@type\":\"SearchAction\",\"target\":{\"@type\":\"EntryPoint\",\"urlTemplate\":\"https:\/\/www.africa-press.net\/cotedivoire\/?s={search_term_string}\"},\"query-input\":{\"@type\":\"PropertyValueSpecification\",\"valueRequired\":true,\"valueName\":\"search_term_string\"}}],\"inLanguage\":\"fr-FR\"},{\"@type\":\"Person\",\"@id\":\"https:\/\/www.africa-press.net\/cotedivoire\/#\/schema\/person\/2b1cf3cd81a31e3cd26889ca66d677f1\",\"name\":\"cfeditorfr\"}]}<\/script>\n<!-- \/ Yoast SEO Premium plugin. -->","yoast_head_json":{"title":"C\u00f4te d'Ivoire :  Transport, d\u00e9limitation du plan de circulation des tricycles et simplification des proc\u00e9dures de mutation des cartes grises - C\u00f4te d&#039;Ivoire","description":"Tricycle et moto samedi sur le boulevard lagunaire d'Abidjan (ph KOACI) Les tricycles ne pourront plus circuler ...","robots":{"index":"index","follow":"follow","max-snippet":"max-snippet:-1","max-image-preview":"max-image-preview:large","max-video-preview":"max-video-preview:-1"},"canonical":"https:\/\/www.africa-press.net\/cotedivoire\/toutes-les-actualites\/cote-divoire-transport-delimitation-du-plan-de-circulation-des-tricycles-et-simplification-des-procedures-de-mutation-des-cartes-grises","og_locale":"fr_FR","og_type":"article","og_title":"C\u00f4te d'Ivoire :  Transport, d\u00e9limitation du plan de circulation des tricycles et simplification des proc\u00e9dures de mutation des cartes grises","og_description":"Tricycle et moto samedi sur le boulevard lagunaire d'Abidjan (ph KOACI) Les tricycles ne pourront plus circuler ...","og_url":"https:\/\/www.africa-press.net\/cotedivoire\/toutes-les-actualites\/cote-divoire-transport-delimitation-du-plan-de-circulation-des-tricycles-et-simplification-des-procedures-de-mutation-des-cartes-grises","og_site_name":"C\u00f4te d&#039;Ivoire","article_published_time":"2021-09-09T17:31:12+00:00","og_image":[{"width":720,"height":462,"url":"https:\/\/static.africa-press.net\/cote\/sites\/43\/2021\/09\/img-613a414043e19.jpg","type":"image\/jpeg"}],"author":"cfeditorfr","twitter_card":"summary_large_image","twitter_misc":{"\u00c9crit par":"cfeditorfr","Dur\u00e9e de lecture estim\u00e9e":"2 minutes"},"schema":{"@context":"https:\/\/schema.org","@graph":[{"@type":"Article","@id":"https:\/\/www.africa-press.net\/cotedivoire\/toutes-les-actualites\/cote-divoire-transport-delimitation-du-plan-de-circulation-des-tricycles-et-simplification-des-procedures-de-mutation-des-cartes-grises#article","isPartOf":{"@id":"https:\/\/www.africa-press.net\/cotedivoire\/toutes-les-actualites\/cote-divoire-transport-delimitation-du-plan-de-circulation-des-tricycles-et-simplification-des-procedures-de-mutation-des-cartes-grises"},"author":{"name":"cfeditorfr","@id":"https:\/\/www.africa-press.net\/cotedivoire\/#\/schema\/person\/2b1cf3cd81a31e3cd26889ca66d677f1"},"headline":"C\u00f4te d&rsquo;Ivoire : Transport, d\u00e9limitation du plan de circulation des tricycles et simplification des proc\u00e9dures de mutation des cartes grises","datePublished":"2021-09-09T17:31:12+00:00","mainEntityOfPage":{"@id":"https:\/\/www.africa-press.net\/cotedivoire\/toutes-les-actualites\/cote-divoire-transport-delimitation-du-plan-de-circulation-des-tricycles-et-simplification-des-procedures-de-mutation-des-cartes-grises"},"wordCount":439,"commentCount":0,"image":{"@id":"https:\/\/www.africa-press.net\/cotedivoire\/toutes-les-actualites\/cote-divoire-transport-delimitation-du-plan-de-circulation-des-tricycles-et-simplification-des-procedures-de-mutation-des-cartes-grises#primaryimage"},"thumbnailUrl":"https:\/\/static.africa-press.net\/cote\/sites\/43\/2021\/09\/img-613a414043e19.jpg","keywords":["Africa Press","Africa Press-C\u00f4te d'Ivoire","C\u00d4TE D'IVOIRE","moto","tricycle"],"articleSection":["Communaut\u00e9","homepage-french","Toutes les actualit\u00e9s"],"inLanguage":"fr-FR","potentialAction":[{"@type":"CommentAction","name":"Comment","target":["https:\/\/www.africa-press.net\/cotedivoire\/toutes-les-actualites\/cote-divoire-transport-delimitation-du-plan-de-circulation-des-tricycles-et-simplification-des-procedures-de-mutation-des-cartes-grises#respond"]}]},{"@type":"WebPage","@id":"https:\/\/www.africa-press.net\/cotedivoire\/toutes-les-actualites\/cote-divoire-transport-delimitation-du-plan-de-circulation-des-tricycles-et-simplification-des-procedures-de-mutation-des-cartes-grises","url":"https:\/\/www.africa-press.net\/cotedivoire\/toutes-les-actualites\/cote-divoire-transport-delimitation-du-plan-de-circulation-des-tricycles-et-simplification-des-procedures-de-mutation-des-cartes-grises","name":"C\u00f4te d'Ivoire : Transport, d\u00e9limitation du plan de circulation des tricycles et simplification des proc\u00e9dures de mutation des cartes grises - C\u00f4te d&#039;Ivoire","isPartOf":{"@id":"https:\/\/www.africa-press.net\/cotedivoire\/#website"},"primaryImageOfPage":{"@id":"https:\/\/www.africa-press.net\/cotedivoire\/toutes-les-actualites\/cote-divoire-transport-delimitation-du-plan-de-circulation-des-tricycles-et-simplification-des-procedures-de-mutation-des-cartes-grises#primaryimage"},"image":{"@id":"https:\/\/www.africa-press.net\/cotedivoire\/toutes-les-actualites\/cote-divoire-transport-delimitation-du-plan-de-circulation-des-tricycles-et-simplification-des-procedures-de-mutation-des-cartes-grises#primaryimage"},"thumbnailUrl":"https:\/\/static.africa-press.net\/cote\/sites\/43\/2021\/09\/img-613a414043e19.jpg","datePublished":"2021-09-09T17:31:12+00:00","author":{"@id":"https:\/\/www.africa-press.net\/cotedivoire\/#\/schema\/person\/2b1cf3cd81a31e3cd26889ca66d677f1"},"description":"Tricycle et moto samedi sur le boulevard lagunaire d'Abidjan (ph KOACI) Les tricycles ne pourront plus circuler ...","breadcrumb":{"@id":"https:\/\/www.africa-press.net\/cotedivoire\/toutes-les-actualites\/cote-divoire-transport-delimitation-du-plan-de-circulation-des-tricycles-et-simplification-des-procedures-de-mutation-des-cartes-grises#breadcrumb"},"inLanguage":"fr-FR","potentialAction":[{"@type":"ReadAction","target":["https:\/\/www.africa-press.net\/cotedivoire\/toutes-les-actualites\/cote-divoire-transport-delimitation-du-plan-de-circulation-des-tricycles-et-simplification-des-procedures-de-mutation-des-cartes-grises"]}]},{"@type":"ImageObject","inLanguage":"fr-FR","@id":"https:\/\/www.africa-press.net\/cotedivoire\/toutes-les-actualites\/cote-divoire-transport-delimitation-du-plan-de-circulation-des-tricycles-et-simplification-des-procedures-de-mutation-des-cartes-grises#primaryimage","url":"https:\/\/static.africa-press.net\/cote\/sites\/43\/2021\/09\/img-613a414043e19.jpg","contentUrl":"https:\/\/static.africa-press.net\/cote\/sites\/43\/2021\/09\/img-613a414043e19.jpg","width":720,"height":462,"caption":"C\u00f4te d'Ivoire : Transport, d\u00e9limitation du plan de circulation des tricycles et simplification des proc\u00e9dures de mutation des cartes grises"},{"@type":"BreadcrumbList","@id":"https:\/\/www.africa-press.net\/cotedivoire\/toutes-les-actualites\/cote-divoire-transport-delimitation-du-plan-de-circulation-des-tricycles-et-simplification-des-procedures-de-mutation-des-cartes-grises#breadcrumb","itemListElement":[{"@type":"ListItem","position":1,"name":"Accueil","item":"https:\/\/www.africa-press.net\/cotedivoire\/"},{"@type":"ListItem","position":2,"name":"C\u00f4te d&#8217;Ivoire : Transport, d\u00e9limitation du plan de circulation des tricycles et simplification des proc\u00e9dures de mutation des cartes grises"}]},{"@type":"WebSite","@id":"https:\/\/www.africa-press.net\/cotedivoire\/#website","url":"https:\/\/www.africa-press.net\/cotedivoire\/","name":"C\u00f4te d&#039;Ivoire","description":"Just another Africa News Agency Sites site","potentialAction":[{"@type":"SearchAction","target":{"@type":"EntryPoint","urlTemplate":"https:\/\/www.africa-press.net\/cotedivoire\/?s={search_term_string}"},"query-input":{"@type":"PropertyValueSpecification","valueRequired":true,"valueName":"search_term_string"}}],"inLanguage":"fr-FR"},{"@type":"Person","@id":"https:\/\/www.africa-press.net\/cotedivoire\/#\/schema\/person\/2b1cf3cd81a31e3cd26889ca66d677f1","name":"cfeditorfr"}]}},"_links":{"self":[{"href":"https:\/\/www.africa-press.net\/cotedivoire\/wp-json\/wp\/v2\/posts\/14434","targetHints":{"allow":["GET"]}}],"collection":[{"href":"https:\/\/www.africa-press.net\/cotedivoire\/wp-json\/wp\/v2\/posts"}],"about":[{"href":"https:\/\/www.africa-press.net\/cotedivoire\/wp-json\/wp\/v2\/types\/post"}],"author":[{"embeddable":true,"href":"https:\/\/www.africa-press.net\/cotedivoire\/wp-json\/wp\/v2\/users\/82"}],"replies":[{"embeddable":true,"href":"https:\/\/www.africa-press.net\/cotedivoire\/wp-json\/wp\/v2\/comments?post=14434"}],"version-history":[{"count":0,"href":"https:\/\/www.africa-press.net\/cotedivoire\/wp-json\/wp\/v2\/posts\/14434\/revisions"}],"wp:featuredmedia":[{"embeddable":true,"href":"https:\/\/www.africa-press.net\/cotedivoire\/wp-json\/wp\/v2\/media\/14433"}],"wp:attachment":[{"href":"https:\/\/www.africa-press.net\/cotedivoire\/wp-json\/wp\/v2\/media?parent=14434"}],"wp:term":[{"taxonomy":"category","embeddable":true,"href":"https:\/\/www.africa-press.net\/cotedivoire\/wp-json\/wp\/v2\/categories?post=14434"},{"taxonomy":"post_tag","embeddable":true,"href":"https:\/\/www.africa-press.net\/cotedivoire\/wp-json\/wp\/v2\/tags?post=14434"}],"curies":[{"name":"wp","href":"https:\/\/api.w.org\/{rel}","templated":true}]}}