{"id":15096,"date":"2021-09-15T17:11:01","date_gmt":"2021-09-15T17:11:01","guid":{"rendered":"https:\/\/www.africa-press.net\/cotedivoire\/?p=15096"},"modified":"2021-09-15T22:08:30","modified_gmt":"2021-09-15T22:08:30","slug":"cote-divoire-choix-du-candidat-du-pdci-a-la-presidentielle-le-secretariat-executif-on-va-etape-par-etape-si-nous-voulons-gagner-2025","status":"publish","type":"post","link":"https:\/\/www.africa-press.net\/cotedivoire\/parties\/cote-divoire-choix-du-candidat-du-pdci-a-la-presidentielle-le-secretariat-executif-on-va-etape-par-etape-si-nous-voulons-gagner-2025","title":{"rendered":"Choix du  candidat  du PDCI \u00e0 la pr\u00e9sidentielle,  le Secr\u00e9tariat  Ex\u00e9cutif  : \u00ab On va \u00e9tape par \u00e9tape si nous voulons gagner 2025\u00bb"},"content":{"rendered":"<p><span style=\"color: #ff6600\"><strong><a href=\"https:\/\/www.africa-press.net\/\">Africa-Press<\/a> &#8211; <a href=\"https:\/\/www.africa-press.net\/cotedivoire\">C\u00f4te d&rsquo;Ivoire<\/a>. <\/strong><\/span>Billon pr\u00e9sent au Secr\u00e9tariat Ex\u00e9cutif mardi (Ph)<\/p>\n<p>Depuis les derni\u00e8res sorties de Jean-Louis Billon \u00e0 propos du choix du candidat du PDCI-RDA \u00e0 la pr\u00e9sidentielle de 2025, c\u2019est le branle-bas au sein du vieux mouvement politique du pays.<\/p>\n<p>Ce dernier par ses diff\u00e9rentes d\u00e9clarations ne cache plus ses ambitions d\u2019\u00eatre le candidat \u00ab naturel \u00bb du parti \u00e0 l\u2019embl\u00e8me de l\u2019\u00e9l\u00e9phant lors du scrutin pr\u00e9vu dans quatre ans.<\/p>\n<p>Mais c\u2019est sans compter avec la vielle garde du PDCI qui d\u00e9nonce la m\u00e9thode utilis\u00e9e par Billon pour afficher ses intentions de porter les couleurs du parti lors de la future bataille pr\u00e9sidentielle.<\/p>\n<p>Interrog\u00e9 sur cette question au sortir de la 181e session ordinaire du Secr\u00e9tariat Ex\u00e9cutif, Kouam\u00e9 S\u00e9raphin, porte-parole du Pdci-Rda s\u2019est voulu pr\u00e9cis.<\/p>\n<p>Pour lui, il est encore tr\u00e8s t\u00f4t de parler de candidature au PDCI tout en relevant que cette question rel\u00e8ve de la Convention.<\/p>\n<p>\u00ab Non, nous n\u2019en sommes pas encore l\u00e0 \u00bb, souligne M. Kouam\u00e9 d\u2019entr\u00e9e avant de poursuivre. \u00ab Vous connaissez comment le parti fonctionne. La question de candidature et consorts rel\u00e8vent d\u2019autres instances, notamment la Convention. Et puis, vous avez le Congr\u00e8s, il y a des \u00e9tapes pour arriver \u00e0 des candidatures. Le secr\u00e9tariat ex\u00e9cutif ne va pas \u00e9voquer \u00e7a aujourd\u2019hui. Ce n\u2019est pas le moment, \u00e7a n\u2019a pas \u00e9t\u00e9 fait, vous pouvez vous rassurer \u00bb, poursuit-il et d\u2019ajouter.<\/p>\n<p>\u00ab On va \u00e9tape par \u00e9tape si nous voulons gagner 2025, nous devons \u00eatre m\u00e9thodiques. Nous devons laisser de c\u00f4t\u00e9 les \u00e9motions, les pathos comme dit l\u2019autre pour aller \u00e0 ce qui est r\u00e9aliste et \u00e0 ce qui peut nous conduire \u00e0 des r\u00e9sultats tr\u00e8s nets, c\u2019est-\u00e0-dire la victoire du Pdci, la reconqu\u00eate du pouvoir par le Pdci-Rda. \u00bb<\/p>\n<p>&nbsp;<\/p>\n","protected":false},"excerpt":{"rendered":"<p>Africa-Press &#8211; C\u00f4te d&rsquo;Ivoire. Billon pr\u00e9sent au Secr\u00e9tariat Ex\u00e9cutif mardi (Ph) Depuis les derni\u00e8res sorties de Jean-Louis Billon \u00e0 propos du choix du candidat du PDCI-RDA \u00e0 la pr\u00e9sidentielle de 2025, c\u2019est le branle-bas au sein du vieux mouvement politique du pays. Ce dernier par ses diff\u00e9rentes d\u00e9clarations ne cache plus ses ambitions d\u2019\u00eatre le [&hellip;]<\/p>\n","protected":false},"author":82,"featured_media":15095,"comment_status":"open","ping_status":"closed","sticky":false,"template":"","format":"standard","meta":{"footnotes":""},"categories":[11,4,10],"tags":[56,63,1326,745,29,1349,739,312,1350],"class_list":["post-15096","post","type-post","status-publish","format-standard","has-post-thumbnail","hentry","category-homepage-french","category-parties","category-toutes-les-actualites","tag-africa-press","tag-africa-press-cote-divoire","tag-billon","tag-candidature","tag-cote-divoire","tag-executif","tag-pdci-rda","tag-presidentielle","tag-secretariat"],"yoast_head":"<!-- This site is optimized with the Yoast SEO Premium plugin v26.1 (Yoast SEO v27.0) - https:\/\/yoast.com\/product\/yoast-seo-premium-wordpress\/ -->\n<title>Choix du candidat du PDCI \u00e0 la pr\u00e9sidentielle, le Secr\u00e9tariat Ex\u00e9cutif : \u00ab On va \u00e9tape par \u00e9tape si nous voulons gagner 2025\u00bb - C\u00f4te d&#039;Ivoire<\/title>\n<meta name=\"description\" content=\"Billon pr\u00e9sent au Secr\u00e9tariat Ex\u00e9cutif mardi (Ph) Depuis les derni\u00e8res sorties de Jean-Louis Billon \u00e0 propos du choix d ...\" \/>\n<meta name=\"robots\" content=\"index, follow, max-snippet:-1, max-image-preview:large, max-video-preview:-1\" \/>\n<link rel=\"canonical\" href=\"https:\/\/www.africa-press.net\/cotedivoire\/parties\/cote-divoire-choix-du-candidat-du-pdci-a-la-presidentielle-le-secretariat-executif-on-va-etape-par-etape-si-nous-voulons-gagner-2025\" \/>\n<meta property=\"og:locale\" content=\"fr_FR\" \/>\n<meta property=\"og:type\" content=\"article\" \/>\n<meta property=\"og:title\" content=\"Choix du candidat du PDCI \u00e0 la pr\u00e9sidentielle, le Secr\u00e9tariat Ex\u00e9cutif : \u00ab On va \u00e9tape par \u00e9tape si nous voulons gagner 2025\u00bb\" \/>\n<meta property=\"og:description\" content=\"Billon pr\u00e9sent au Secr\u00e9tariat Ex\u00e9cutif mardi (Ph) Depuis les derni\u00e8res sorties de Jean-Louis Billon \u00e0 propos du choix d ...\" \/>\n<meta property=\"og:url\" content=\"https:\/\/www.africa-press.net\/cotedivoire\/parties\/cote-divoire-choix-du-candidat-du-pdci-a-la-presidentielle-le-secretariat-executif-on-va-etape-par-etape-si-nous-voulons-gagner-2025\" \/>\n<meta property=\"og:site_name\" content=\"C\u00f4te d&#039;Ivoire\" \/>\n<meta property=\"article:published_time\" content=\"2021-09-15T17:11:01+00:00\" \/>\n<meta property=\"article:modified_time\" content=\"2021-09-15T22:08:30+00:00\" \/>\n<meta property=\"og:image\" content=\"https:\/\/static.africa-press.net\/cote\/sites\/43\/2021\/09\/img-61420e1e3377b.jpg\" \/>\n\t<meta property=\"og:image:width\" content=\"720\" \/>\n\t<meta property=\"og:image:height\" content=\"655\" \/>\n\t<meta property=\"og:image:type\" content=\"image\/jpeg\" \/>\n<meta name=\"author\" content=\"cfeditorfr\" \/>\n<meta name=\"twitter:card\" content=\"summary_large_image\" \/>\n<meta name=\"twitter:label1\" content=\"\u00c9crit par\" \/>\n\t<meta name=\"twitter:data1\" content=\"cfeditorfr\" \/>\n\t<meta name=\"twitter:label2\" content=\"Dur\u00e9e de lecture estim\u00e9e\" \/>\n\t<meta name=\"twitter:data2\" content=\"2 minutes\" \/>\n<script type=\"application\/ld+json\" class=\"yoast-schema-graph\">{\"@context\":\"https:\/\/schema.org\",\"@graph\":[{\"@type\":\"Article\",\"@id\":\"https:\/\/www.africa-press.net\/cotedivoire\/parties\/cote-divoire-choix-du-candidat-du-pdci-a-la-presidentielle-le-secretariat-executif-on-va-etape-par-etape-si-nous-voulons-gagner-2025#article\",\"isPartOf\":{\"@id\":\"https:\/\/www.africa-press.net\/cotedivoire\/parties\/cote-divoire-choix-du-candidat-du-pdci-a-la-presidentielle-le-secretariat-executif-on-va-etape-par-etape-si-nous-voulons-gagner-2025\"},\"author\":{\"name\":\"cfeditorfr\",\"@id\":\"https:\/\/www.africa-press.net\/cotedivoire\/#\/schema\/person\/2b1cf3cd81a31e3cd26889ca66d677f1\"},\"headline\":\"Choix du candidat du PDCI \u00e0 la pr\u00e9sidentielle, le Secr\u00e9tariat Ex\u00e9cutif : \u00ab On va \u00e9tape par \u00e9tape si nous voulons gagner 2025\u00bb\",\"datePublished\":\"2021-09-15T17:11:01+00:00\",\"dateModified\":\"2021-09-15T22:08:30+00:00\",\"mainEntityOfPage\":{\"@id\":\"https:\/\/www.africa-press.net\/cotedivoire\/parties\/cote-divoire-choix-du-candidat-du-pdci-a-la-presidentielle-le-secretariat-executif-on-va-etape-par-etape-si-nous-voulons-gagner-2025\"},\"wordCount\":343,\"commentCount\":0,\"image\":{\"@id\":\"https:\/\/www.africa-press.net\/cotedivoire\/parties\/cote-divoire-choix-du-candidat-du-pdci-a-la-presidentielle-le-secretariat-executif-on-va-etape-par-etape-si-nous-voulons-gagner-2025#primaryimage\"},\"thumbnailUrl\":\"https:\/\/static.africa-press.net\/cote\/sites\/43\/2021\/09\/img-61420e1e3377b.jpg\",\"keywords\":[\"Africa Press\",\"Africa Press-C\u00f4te d'Ivoire\",\"Billon\",\"candidature\",\"C\u00d4TE D'IVOIRE\",\"Ex\u00e9cutif\",\"PDCI-RDA\",\"pr\u00e9sidentielle\",\"S\u00e9cr\u00e9tariat\"],\"articleSection\":[\"homepage-french\",\"Parties\",\"Toutes les actualit\u00e9s\"],\"inLanguage\":\"fr-FR\",\"potentialAction\":[{\"@type\":\"CommentAction\",\"name\":\"Comment\",\"target\":[\"https:\/\/www.africa-press.net\/cotedivoire\/parties\/cote-divoire-choix-du-candidat-du-pdci-a-la-presidentielle-le-secretariat-executif-on-va-etape-par-etape-si-nous-voulons-gagner-2025#respond\"]}]},{\"@type\":\"WebPage\",\"@id\":\"https:\/\/www.africa-press.net\/cotedivoire\/parties\/cote-divoire-choix-du-candidat-du-pdci-a-la-presidentielle-le-secretariat-executif-on-va-etape-par-etape-si-nous-voulons-gagner-2025\",\"url\":\"https:\/\/www.africa-press.net\/cotedivoire\/parties\/cote-divoire-choix-du-candidat-du-pdci-a-la-presidentielle-le-secretariat-executif-on-va-etape-par-etape-si-nous-voulons-gagner-2025\",\"name\":\"Choix du candidat du PDCI \u00e0 la pr\u00e9sidentielle, le Secr\u00e9tariat Ex\u00e9cutif : \u00ab On va \u00e9tape par \u00e9tape si nous voulons gagner 2025\u00bb - C\u00f4te d&#039;Ivoire\",\"isPartOf\":{\"@id\":\"https:\/\/www.africa-press.net\/cotedivoire\/#website\"},\"primaryImageOfPage\":{\"@id\":\"https:\/\/www.africa-press.net\/cotedivoire\/parties\/cote-divoire-choix-du-candidat-du-pdci-a-la-presidentielle-le-secretariat-executif-on-va-etape-par-etape-si-nous-voulons-gagner-2025#primaryimage\"},\"image\":{\"@id\":\"https:\/\/www.africa-press.net\/cotedivoire\/parties\/cote-divoire-choix-du-candidat-du-pdci-a-la-presidentielle-le-secretariat-executif-on-va-etape-par-etape-si-nous-voulons-gagner-2025#primaryimage\"},\"thumbnailUrl\":\"https:\/\/static.africa-press.net\/cote\/sites\/43\/2021\/09\/img-61420e1e3377b.jpg\",\"datePublished\":\"2021-09-15T17:11:01+00:00\",\"dateModified\":\"2021-09-15T22:08:30+00:00\",\"author\":{\"@id\":\"https:\/\/www.africa-press.net\/cotedivoire\/#\/schema\/person\/2b1cf3cd81a31e3cd26889ca66d677f1\"},\"description\":\"Billon pr\u00e9sent au Secr\u00e9tariat Ex\u00e9cutif mardi (Ph) Depuis les derni\u00e8res sorties de Jean-Louis Billon \u00e0 propos du choix d ...\",\"breadcrumb\":{\"@id\":\"https:\/\/www.africa-press.net\/cotedivoire\/parties\/cote-divoire-choix-du-candidat-du-pdci-a-la-presidentielle-le-secretariat-executif-on-va-etape-par-etape-si-nous-voulons-gagner-2025#breadcrumb\"},\"inLanguage\":\"fr-FR\",\"potentialAction\":[{\"@type\":\"ReadAction\",\"target\":[\"https:\/\/www.africa-press.net\/cotedivoire\/parties\/cote-divoire-choix-du-candidat-du-pdci-a-la-presidentielle-le-secretariat-executif-on-va-etape-par-etape-si-nous-voulons-gagner-2025\"]}]},{\"@type\":\"ImageObject\",\"inLanguage\":\"fr-FR\",\"@id\":\"https:\/\/www.africa-press.net\/cotedivoire\/parties\/cote-divoire-choix-du-candidat-du-pdci-a-la-presidentielle-le-secretariat-executif-on-va-etape-par-etape-si-nous-voulons-gagner-2025#primaryimage\",\"url\":\"https:\/\/static.africa-press.net\/cote\/sites\/43\/2021\/09\/img-61420e1e3377b.jpg\",\"contentUrl\":\"https:\/\/static.africa-press.net\/cote\/sites\/43\/2021\/09\/img-61420e1e3377b.jpg\",\"width\":720,\"height\":655,\"caption\":\"C\u00f4te d'Ivoire : Choix du candidat du PDCI \u00e0 la pr\u00e9sidentielle, le Secr\u00e9tariat Ex\u00e9cutif : \u00ab On va \u00e9tape par \u00e9tape si nous voulons gagner 2025\u00bb\"},{\"@type\":\"BreadcrumbList\",\"@id\":\"https:\/\/www.africa-press.net\/cotedivoire\/parties\/cote-divoire-choix-du-candidat-du-pdci-a-la-presidentielle-le-secretariat-executif-on-va-etape-par-etape-si-nous-voulons-gagner-2025#breadcrumb\",\"itemListElement\":[{\"@type\":\"ListItem\",\"position\":1,\"name\":\"Accueil\",\"item\":\"https:\/\/www.africa-press.net\/cotedivoire\/\"},{\"@type\":\"ListItem\",\"position\":2,\"name\":\"Choix du candidat du PDCI \u00e0 la pr\u00e9sidentielle, le Secr\u00e9tariat Ex\u00e9cutif : \u00ab On va \u00e9tape par \u00e9tape si nous voulons gagner 2025\u00bb\"}]},{\"@type\":\"WebSite\",\"@id\":\"https:\/\/www.africa-press.net\/cotedivoire\/#website\",\"url\":\"https:\/\/www.africa-press.net\/cotedivoire\/\",\"name\":\"C\u00f4te d&#039;Ivoire\",\"description\":\"Just another Africa News Agency Sites site\",\"potentialAction\":[{\"@type\":\"SearchAction\",\"target\":{\"@type\":\"EntryPoint\",\"urlTemplate\":\"https:\/\/www.africa-press.net\/cotedivoire\/?s={search_term_string}\"},\"query-input\":{\"@type\":\"PropertyValueSpecification\",\"valueRequired\":true,\"valueName\":\"search_term_string\"}}],\"inLanguage\":\"fr-FR\"},{\"@type\":\"Person\",\"@id\":\"https:\/\/www.africa-press.net\/cotedivoire\/#\/schema\/person\/2b1cf3cd81a31e3cd26889ca66d677f1\",\"name\":\"cfeditorfr\"}]}<\/script>\n<!-- \/ Yoast SEO Premium plugin. -->","yoast_head_json":{"title":"Choix du candidat du PDCI \u00e0 la pr\u00e9sidentielle, le Secr\u00e9tariat Ex\u00e9cutif : \u00ab On va \u00e9tape par \u00e9tape si nous voulons gagner 2025\u00bb - C\u00f4te d&#039;Ivoire","description":"Billon pr\u00e9sent au Secr\u00e9tariat Ex\u00e9cutif mardi (Ph) Depuis les derni\u00e8res sorties de Jean-Louis Billon \u00e0 propos du choix d ...","robots":{"index":"index","follow":"follow","max-snippet":"max-snippet:-1","max-image-preview":"max-image-preview:large","max-video-preview":"max-video-preview:-1"},"canonical":"https:\/\/www.africa-press.net\/cotedivoire\/parties\/cote-divoire-choix-du-candidat-du-pdci-a-la-presidentielle-le-secretariat-executif-on-va-etape-par-etape-si-nous-voulons-gagner-2025","og_locale":"fr_FR","og_type":"article","og_title":"Choix du candidat du PDCI \u00e0 la pr\u00e9sidentielle, le Secr\u00e9tariat Ex\u00e9cutif : \u00ab On va \u00e9tape par \u00e9tape si nous voulons gagner 2025\u00bb","og_description":"Billon pr\u00e9sent au Secr\u00e9tariat Ex\u00e9cutif mardi (Ph) Depuis les derni\u00e8res sorties de Jean-Louis Billon \u00e0 propos du choix d ...","og_url":"https:\/\/www.africa-press.net\/cotedivoire\/parties\/cote-divoire-choix-du-candidat-du-pdci-a-la-presidentielle-le-secretariat-executif-on-va-etape-par-etape-si-nous-voulons-gagner-2025","og_site_name":"C\u00f4te d&#039;Ivoire","article_published_time":"2021-09-15T17:11:01+00:00","article_modified_time":"2021-09-15T22:08:30+00:00","og_image":[{"width":720,"height":655,"url":"https:\/\/static.africa-press.net\/cote\/sites\/43\/2021\/09\/img-61420e1e3377b.jpg","type":"image\/jpeg"}],"author":"cfeditorfr","twitter_card":"summary_large_image","twitter_misc":{"\u00c9crit par":"cfeditorfr","Dur\u00e9e de lecture estim\u00e9e":"2 minutes"},"schema":{"@context":"https:\/\/schema.org","@graph":[{"@type":"Article","@id":"https:\/\/www.africa-press.net\/cotedivoire\/parties\/cote-divoire-choix-du-candidat-du-pdci-a-la-presidentielle-le-secretariat-executif-on-va-etape-par-etape-si-nous-voulons-gagner-2025#article","isPartOf":{"@id":"https:\/\/www.africa-press.net\/cotedivoire\/parties\/cote-divoire-choix-du-candidat-du-pdci-a-la-presidentielle-le-secretariat-executif-on-va-etape-par-etape-si-nous-voulons-gagner-2025"},"author":{"name":"cfeditorfr","@id":"https:\/\/www.africa-press.net\/cotedivoire\/#\/schema\/person\/2b1cf3cd81a31e3cd26889ca66d677f1"},"headline":"Choix du candidat du PDCI \u00e0 la pr\u00e9sidentielle, le Secr\u00e9tariat Ex\u00e9cutif : \u00ab On va \u00e9tape par \u00e9tape si nous voulons gagner 2025\u00bb","datePublished":"2021-09-15T17:11:01+00:00","dateModified":"2021-09-15T22:08:30+00:00","mainEntityOfPage":{"@id":"https:\/\/www.africa-press.net\/cotedivoire\/parties\/cote-divoire-choix-du-candidat-du-pdci-a-la-presidentielle-le-secretariat-executif-on-va-etape-par-etape-si-nous-voulons-gagner-2025"},"wordCount":343,"commentCount":0,"image":{"@id":"https:\/\/www.africa-press.net\/cotedivoire\/parties\/cote-divoire-choix-du-candidat-du-pdci-a-la-presidentielle-le-secretariat-executif-on-va-etape-par-etape-si-nous-voulons-gagner-2025#primaryimage"},"thumbnailUrl":"https:\/\/static.africa-press.net\/cote\/sites\/43\/2021\/09\/img-61420e1e3377b.jpg","keywords":["Africa Press","Africa Press-C\u00f4te d'Ivoire","Billon","candidature","C\u00d4TE D'IVOIRE","Ex\u00e9cutif","PDCI-RDA","pr\u00e9sidentielle","S\u00e9cr\u00e9tariat"],"articleSection":["homepage-french","Parties","Toutes les actualit\u00e9s"],"inLanguage":"fr-FR","potentialAction":[{"@type":"CommentAction","name":"Comment","target":["https:\/\/www.africa-press.net\/cotedivoire\/parties\/cote-divoire-choix-du-candidat-du-pdci-a-la-presidentielle-le-secretariat-executif-on-va-etape-par-etape-si-nous-voulons-gagner-2025#respond"]}]},{"@type":"WebPage","@id":"https:\/\/www.africa-press.net\/cotedivoire\/parties\/cote-divoire-choix-du-candidat-du-pdci-a-la-presidentielle-le-secretariat-executif-on-va-etape-par-etape-si-nous-voulons-gagner-2025","url":"https:\/\/www.africa-press.net\/cotedivoire\/parties\/cote-divoire-choix-du-candidat-du-pdci-a-la-presidentielle-le-secretariat-executif-on-va-etape-par-etape-si-nous-voulons-gagner-2025","name":"Choix du candidat du PDCI \u00e0 la pr\u00e9sidentielle, le Secr\u00e9tariat Ex\u00e9cutif : \u00ab On va \u00e9tape par \u00e9tape si nous voulons gagner 2025\u00bb - C\u00f4te d&#039;Ivoire","isPartOf":{"@id":"https:\/\/www.africa-press.net\/cotedivoire\/#website"},"primaryImageOfPage":{"@id":"https:\/\/www.africa-press.net\/cotedivoire\/parties\/cote-divoire-choix-du-candidat-du-pdci-a-la-presidentielle-le-secretariat-executif-on-va-etape-par-etape-si-nous-voulons-gagner-2025#primaryimage"},"image":{"@id":"https:\/\/www.africa-press.net\/cotedivoire\/parties\/cote-divoire-choix-du-candidat-du-pdci-a-la-presidentielle-le-secretariat-executif-on-va-etape-par-etape-si-nous-voulons-gagner-2025#primaryimage"},"thumbnailUrl":"https:\/\/static.africa-press.net\/cote\/sites\/43\/2021\/09\/img-61420e1e3377b.jpg","datePublished":"2021-09-15T17:11:01+00:00","dateModified":"2021-09-15T22:08:30+00:00","author":{"@id":"https:\/\/www.africa-press.net\/cotedivoire\/#\/schema\/person\/2b1cf3cd81a31e3cd26889ca66d677f1"},"description":"Billon pr\u00e9sent au Secr\u00e9tariat Ex\u00e9cutif mardi (Ph) Depuis les derni\u00e8res sorties de Jean-Louis Billon \u00e0 propos du choix d ...","breadcrumb":{"@id":"https:\/\/www.africa-press.net\/cotedivoire\/parties\/cote-divoire-choix-du-candidat-du-pdci-a-la-presidentielle-le-secretariat-executif-on-va-etape-par-etape-si-nous-voulons-gagner-2025#breadcrumb"},"inLanguage":"fr-FR","potentialAction":[{"@type":"ReadAction","target":["https:\/\/www.africa-press.net\/cotedivoire\/parties\/cote-divoire-choix-du-candidat-du-pdci-a-la-presidentielle-le-secretariat-executif-on-va-etape-par-etape-si-nous-voulons-gagner-2025"]}]},{"@type":"ImageObject","inLanguage":"fr-FR","@id":"https:\/\/www.africa-press.net\/cotedivoire\/parties\/cote-divoire-choix-du-candidat-du-pdci-a-la-presidentielle-le-secretariat-executif-on-va-etape-par-etape-si-nous-voulons-gagner-2025#primaryimage","url":"https:\/\/static.africa-press.net\/cote\/sites\/43\/2021\/09\/img-61420e1e3377b.jpg","contentUrl":"https:\/\/static.africa-press.net\/cote\/sites\/43\/2021\/09\/img-61420e1e3377b.jpg","width":720,"height":655,"caption":"C\u00f4te d'Ivoire : Choix du candidat du PDCI \u00e0 la pr\u00e9sidentielle, le Secr\u00e9tariat Ex\u00e9cutif : \u00ab On va \u00e9tape par \u00e9tape si nous voulons gagner 2025\u00bb"},{"@type":"BreadcrumbList","@id":"https:\/\/www.africa-press.net\/cotedivoire\/parties\/cote-divoire-choix-du-candidat-du-pdci-a-la-presidentielle-le-secretariat-executif-on-va-etape-par-etape-si-nous-voulons-gagner-2025#breadcrumb","itemListElement":[{"@type":"ListItem","position":1,"name":"Accueil","item":"https:\/\/www.africa-press.net\/cotedivoire\/"},{"@type":"ListItem","position":2,"name":"Choix du candidat du PDCI \u00e0 la pr\u00e9sidentielle, le Secr\u00e9tariat Ex\u00e9cutif : \u00ab On va \u00e9tape par \u00e9tape si nous voulons gagner 2025\u00bb"}]},{"@type":"WebSite","@id":"https:\/\/www.africa-press.net\/cotedivoire\/#website","url":"https:\/\/www.africa-press.net\/cotedivoire\/","name":"C\u00f4te d&#039;Ivoire","description":"Just another Africa News Agency Sites site","potentialAction":[{"@type":"SearchAction","target":{"@type":"EntryPoint","urlTemplate":"https:\/\/www.africa-press.net\/cotedivoire\/?s={search_term_string}"},"query-input":{"@type":"PropertyValueSpecification","valueRequired":true,"valueName":"search_term_string"}}],"inLanguage":"fr-FR"},{"@type":"Person","@id":"https:\/\/www.africa-press.net\/cotedivoire\/#\/schema\/person\/2b1cf3cd81a31e3cd26889ca66d677f1","name":"cfeditorfr"}]}},"_links":{"self":[{"href":"https:\/\/www.africa-press.net\/cotedivoire\/wp-json\/wp\/v2\/posts\/15096","targetHints":{"allow":["GET"]}}],"collection":[{"href":"https:\/\/www.africa-press.net\/cotedivoire\/wp-json\/wp\/v2\/posts"}],"about":[{"href":"https:\/\/www.africa-press.net\/cotedivoire\/wp-json\/wp\/v2\/types\/post"}],"author":[{"embeddable":true,"href":"https:\/\/www.africa-press.net\/cotedivoire\/wp-json\/wp\/v2\/users\/82"}],"replies":[{"embeddable":true,"href":"https:\/\/www.africa-press.net\/cotedivoire\/wp-json\/wp\/v2\/comments?post=15096"}],"version-history":[{"count":0,"href":"https:\/\/www.africa-press.net\/cotedivoire\/wp-json\/wp\/v2\/posts\/15096\/revisions"}],"wp:featuredmedia":[{"embeddable":true,"href":"https:\/\/www.africa-press.net\/cotedivoire\/wp-json\/wp\/v2\/media\/15095"}],"wp:attachment":[{"href":"https:\/\/www.africa-press.net\/cotedivoire\/wp-json\/wp\/v2\/media?parent=15096"}],"wp:term":[{"taxonomy":"category","embeddable":true,"href":"https:\/\/www.africa-press.net\/cotedivoire\/wp-json\/wp\/v2\/categories?post=15096"},{"taxonomy":"post_tag","embeddable":true,"href":"https:\/\/www.africa-press.net\/cotedivoire\/wp-json\/wp\/v2\/tags?post=15096"}],"curies":[{"name":"wp","href":"https:\/\/api.w.org\/{rel}","templated":true}]}}