{"id":15593,"date":"2021-09-20T12:45:00","date_gmt":"2021-09-20T12:45:00","guid":{"rendered":"https:\/\/www.africa-press.net\/cotedivoire\/?p=15593"},"modified":"2021-10-03T20:44:11","modified_gmt":"2021-10-03T20:44:11","slug":"cote-divoire-invite-des-espaces-de-libres-echanges-armand-ouegnin-martele-que-le-parti-en-creation-aura-pour-objectif-de-rafler-toutes-les-prochaines-elections-avec-gbagbo","status":"publish","type":"post","link":"https:\/\/www.africa-press.net\/cotedivoire\/politique\/cote-divoire-invite-des-espaces-de-libres-echanges-armand-ouegnin-martele-que-le-parti-en-creation-aura-pour-objectif-de-rafler-toutes-les-prochaines-elections-avec-gbagbo","title":{"rendered":"Invit\u00e9 des espaces de libres \u00e9changes, Armand Ou\u00e9gnin mart\u00e8le que le Parti en cr\u00e9ation aura pour objectif de rafler toutes les prochaines \u00e9lections avec Gbagbo"},"content":{"rendered":"<p><span style=\"color: #ff6600\"><strong><a href=\"https:\/\/www.africa-press.net\/\">Africa-Press<\/a> &#8211; <a href=\"https:\/\/www.africa-press.net\/cotedivoire\">C\u00f4te d&rsquo;Ivoire<\/a>.\u00a0 <\/strong><\/span>Le d\u00e9put\u00e9 de Yopougon, Georges-Armand Ou\u00e9gnin \u00e9tait l&rsquo;invit\u00e9 le samedi 18 septembre 2021 des responsables des espaces de libres \u00e9changes de la plus grande commune d&rsquo;Abidjan.<\/p>\n<p>Ladislas Tied\u00e9, pr\u00e9sident des \u00ab\u00a0Agoras et Parlements\u00a0\u00bb de C\u00f4te d&rsquo;Ivoire et ses amis se r\u00e9unissaient pour se prononcer sur la nouvelle formation politique annonc\u00e9e par Gbagbo.<\/p>\n<p>Ces animateurs des espaces de libres \u00e9changes de C\u00f4te d&rsquo;Ivoire dont le premier responsable Ladislas Ti\u00e9d\u00e9 a \u00e9t\u00e9 nomm\u00e9 dans le comit\u00e9 d&rsquo;organisation du congr\u00e8s constitutif de Parti politique annonc\u00e9 par Gbagbo, ont r\u00e9affirm\u00e9 leur engagement, lors de cette rencontre tenue \u00e0 Yopougon, de s&rsquo;inscrire r\u00e9solument dans ce processus d\u00e9clench\u00e9 par Laurent Gbagbo, comme sur place constat\u00e9 par KOACI.<\/p>\n<p>Invit\u00e9 comme orateur principal \u00e0 cette c\u00e9r\u00e9monie, le Professeur Georges-Armand Ou\u00e9gnin, d\u00e9put\u00e9 de Yopougon fait savoir \u00e0 ses h\u00f4tes la n\u00e9cessit\u00e9 de rejoindre l&rsquo;ex-pr\u00e9sident Laurent Gbagbo dans sa nouvelle aventure politique.<\/p>\n<p>Il leur a fait savoir que tous ceux qui partagent les valeurs de d\u00e9mocratie, de paix et de r\u00e9conciliation devraient suivre Laurent Gbagbo dans la cr\u00e9ation de cette nouvelle formation politique.<\/p>\n<p>\u00ab\u00a0Laurent Gbagbo veut mettre en place un Parti fort et \u00e0 apr\u00e8s la lib\u00e9ration des prisonniers nous allons attaquer les autres objectifs\u00a0\u00bb, a fait savoir Georges-Armand Ou\u00e9gnin.<\/p>\n<p>L&rsquo;ancien ministre de Laurent Gbagbo a fait savoir qu&rsquo;une fois le Parti politique de Gbagbo formalis\u00e9 et le retour de tous les exil\u00e9s, le d\u00e9fis qui sera le leur, c&rsquo;est celui de la reconqu\u00eate du pouvoir d&rsquo;Etat avec Laurent Gbagbo.<\/p>\n<p>\u00ab\u00a0En 2025, avec le pr\u00e9sident Laurent Gbagbo, nous allons reconqu\u00e9rir le pouvoir d&rsquo;Etat avec le grand Parti. Ensemble avec lui, nous devons relever ce d\u00e9fi.\u00a0\u00bb, a d\u00e9clar\u00e9 le Professeur Armand Ou\u00e9gnin.<\/p>\n<p>Enfin, le vice-pr\u00e9sident de l&rsquo;Assembl\u00e9e nationale a martel\u00e9 que ce grand Parti de Gbagbo en cr\u00e9ation aura pour objectif de rafler toutes les \u00e9lections locales de 2023 ainsi que l&rsquo;\u00e9lection pr\u00e9sidentielle de 2025.<\/p>\n<p>\u00ab\u00a0Il y a en qui commencent \u00e0 avoir peur, parce qu&rsquo;en 2023, il y aura les \u00e9lections locales et nous allons rafler tout avec le grand Parti, \u00e7a, c&rsquo;est clair. Si nous allons rafler les l\u00e9gislatives, avec le grand Parti, nous allons rafler les mairies et les conseils r\u00e9gionaux avec le pr\u00e9sident Laurent Gbagbo. Chers amis, je vous appelle \u00e0 adh\u00e9rer au Parti que va cr\u00e9er le pr\u00e9sident Laurent Gbagbo\u00a0\u00bb, a conclu le d\u00e9put\u00e9 de Yopougon.<\/p>\n<p>&nbsp;<\/p>\n","protected":false},"excerpt":{"rendered":"<p>Africa-Press &#8211; C\u00f4te d&rsquo;Ivoire.\u00a0 Le d\u00e9put\u00e9 de Yopougon, Georges-Armand Ou\u00e9gnin \u00e9tait l&rsquo;invit\u00e9 le samedi 18 septembre 2021 des responsables des espaces de libres \u00e9changes de la plus grande commune d&rsquo;Abidjan. Ladislas Tied\u00e9, pr\u00e9sident des \u00ab\u00a0Agoras et Parlements\u00a0\u00bb de C\u00f4te d&rsquo;Ivoire et ses amis se r\u00e9unissaient pour se prononcer sur la nouvelle formation politique annonc\u00e9e par [&hellip;]<\/p>\n","protected":false},"author":82,"featured_media":15592,"comment_status":"open","ping_status":"closed","sticky":false,"template":"","format":"standard","meta":{"footnotes":""},"categories":[11,4,2,10],"tags":[30,56,63,29,320,1464,1119,363,540],"class_list":["post-15593","post","type-post","status-publish","format-standard","has-post-thumbnail","hentry","category-homepage-french","category-parties","category-politique","category-toutes-les-actualites","tag-abidjan","tag-africa-press","tag-africa-press-cote-divoire","tag-cote-divoire","tag-gbagbo","tag-ladislas","tag-ouegnin","tag-parti","tag-yopougon"],"yoast_head":"<!-- This site is optimized with the Yoast SEO Premium plugin v26.1 (Yoast SEO v27.0) - https:\/\/yoast.com\/product\/yoast-seo-premium-wordpress\/ -->\n<title>Invit\u00e9 des espaces de libres \u00e9changes, Armand Ou\u00e9gnin mart\u00e8le que le Parti en cr\u00e9ation aura pour objectif de rafler toutes les prochaines \u00e9lections avec Gbagbo - C\u00f4te d&#039;Ivoire<\/title>\n<meta name=\"description\" content=\"Le Professeur Georges-Armand Ouegnin \u00e0 Yopougon (Ph KOACI) Le d\u00e9put\u00e9 de Yopougon, Georges-Armand Ou\u00e9gnin \u00e9tait l ...\" \/>\n<meta name=\"robots\" content=\"index, follow, max-snippet:-1, max-image-preview:large, max-video-preview:-1\" \/>\n<link rel=\"canonical\" href=\"https:\/\/www.africa-press.net\/cotedivoire\/politique\/cote-divoire-invite-des-espaces-de-libres-echanges-armand-ouegnin-martele-que-le-parti-en-creation-aura-pour-objectif-de-rafler-toutes-les-prochaines-elections-avec-gbagbo\" \/>\n<meta property=\"og:locale\" content=\"fr_FR\" \/>\n<meta property=\"og:type\" content=\"article\" \/>\n<meta property=\"og:title\" content=\"Invit\u00e9 des espaces de libres \u00e9changes, Armand Ou\u00e9gnin mart\u00e8le que le Parti en cr\u00e9ation aura pour objectif de rafler toutes les prochaines \u00e9lections avec Gbagbo\" \/>\n<meta property=\"og:description\" content=\"Le Professeur Georges-Armand Ouegnin \u00e0 Yopougon (Ph KOACI) Le d\u00e9put\u00e9 de Yopougon, Georges-Armand Ou\u00e9gnin \u00e9tait l ...\" \/>\n<meta property=\"og:url\" content=\"https:\/\/www.africa-press.net\/cotedivoire\/politique\/cote-divoire-invite-des-espaces-de-libres-echanges-armand-ouegnin-martele-que-le-parti-en-creation-aura-pour-objectif-de-rafler-toutes-les-prochaines-elections-avec-gbagbo\" \/>\n<meta property=\"og:site_name\" content=\"C\u00f4te d&#039;Ivoire\" \/>\n<meta property=\"article:published_time\" content=\"2021-09-20T12:45:00+00:00\" \/>\n<meta property=\"article:modified_time\" content=\"2021-10-03T20:44:11+00:00\" \/>\n<meta property=\"og:image\" content=\"https:\/\/static.africa-press.net\/cote\/sites\/43\/2021\/09\/img-614871575f6cc.jpg\" \/>\n\t<meta property=\"og:image:width\" content=\"720\" \/>\n\t<meta property=\"og:image:height\" content=\"360\" \/>\n\t<meta property=\"og:image:type\" content=\"image\/jpeg\" \/>\n<meta name=\"author\" content=\"cfeditorfr\" \/>\n<meta name=\"twitter:card\" content=\"summary_large_image\" \/>\n<meta name=\"twitter:label1\" content=\"\u00c9crit par\" \/>\n\t<meta name=\"twitter:data1\" content=\"cfeditorfr\" \/>\n\t<meta name=\"twitter:label2\" content=\"Dur\u00e9e de lecture estim\u00e9e\" \/>\n\t<meta name=\"twitter:data2\" content=\"2 minutes\" \/>\n<script type=\"application\/ld+json\" class=\"yoast-schema-graph\">{\"@context\":\"https:\/\/schema.org\",\"@graph\":[{\"@type\":\"Article\",\"@id\":\"https:\/\/www.africa-press.net\/cotedivoire\/politique\/cote-divoire-invite-des-espaces-de-libres-echanges-armand-ouegnin-martele-que-le-parti-en-creation-aura-pour-objectif-de-rafler-toutes-les-prochaines-elections-avec-gbagbo#article\",\"isPartOf\":{\"@id\":\"https:\/\/www.africa-press.net\/cotedivoire\/politique\/cote-divoire-invite-des-espaces-de-libres-echanges-armand-ouegnin-martele-que-le-parti-en-creation-aura-pour-objectif-de-rafler-toutes-les-prochaines-elections-avec-gbagbo\"},\"author\":{\"name\":\"cfeditorfr\",\"@id\":\"https:\/\/www.africa-press.net\/cotedivoire\/#\/schema\/person\/2b1cf3cd81a31e3cd26889ca66d677f1\"},\"headline\":\"Invit\u00e9 des espaces de libres \u00e9changes, Armand Ou\u00e9gnin mart\u00e8le que le Parti en cr\u00e9ation aura pour objectif de rafler toutes les prochaines \u00e9lections avec Gbagbo\",\"datePublished\":\"2021-09-20T12:45:00+00:00\",\"dateModified\":\"2021-10-03T20:44:11+00:00\",\"mainEntityOfPage\":{\"@id\":\"https:\/\/www.africa-press.net\/cotedivoire\/politique\/cote-divoire-invite-des-espaces-de-libres-echanges-armand-ouegnin-martele-que-le-parti-en-creation-aura-pour-objectif-de-rafler-toutes-les-prochaines-elections-avec-gbagbo\"},\"wordCount\":463,\"commentCount\":0,\"image\":{\"@id\":\"https:\/\/www.africa-press.net\/cotedivoire\/politique\/cote-divoire-invite-des-espaces-de-libres-echanges-armand-ouegnin-martele-que-le-parti-en-creation-aura-pour-objectif-de-rafler-toutes-les-prochaines-elections-avec-gbagbo#primaryimage\"},\"thumbnailUrl\":\"https:\/\/static.africa-press.net\/cote\/sites\/43\/2021\/09\/img-614871575f6cc.jpg\",\"keywords\":[\"Abidjan\",\"Africa Press\",\"Africa Press-C\u00f4te d'Ivoire\",\"C\u00d4TE D'IVOIRE\",\"Gbagbo\",\"Ladislas\",\"Ou\u00e9gnin\",\"Parti\",\"Yopougon\"],\"articleSection\":[\"homepage-french\",\"Parties\",\"Politique\",\"Toutes les actualit\u00e9s\"],\"inLanguage\":\"fr-FR\",\"potentialAction\":[{\"@type\":\"CommentAction\",\"name\":\"Comment\",\"target\":[\"https:\/\/www.africa-press.net\/cotedivoire\/politique\/cote-divoire-invite-des-espaces-de-libres-echanges-armand-ouegnin-martele-que-le-parti-en-creation-aura-pour-objectif-de-rafler-toutes-les-prochaines-elections-avec-gbagbo#respond\"]}]},{\"@type\":\"WebPage\",\"@id\":\"https:\/\/www.africa-press.net\/cotedivoire\/politique\/cote-divoire-invite-des-espaces-de-libres-echanges-armand-ouegnin-martele-que-le-parti-en-creation-aura-pour-objectif-de-rafler-toutes-les-prochaines-elections-avec-gbagbo\",\"url\":\"https:\/\/www.africa-press.net\/cotedivoire\/politique\/cote-divoire-invite-des-espaces-de-libres-echanges-armand-ouegnin-martele-que-le-parti-en-creation-aura-pour-objectif-de-rafler-toutes-les-prochaines-elections-avec-gbagbo\",\"name\":\"Invit\u00e9 des espaces de libres \u00e9changes, Armand Ou\u00e9gnin mart\u00e8le que le Parti en cr\u00e9ation aura pour objectif de rafler toutes les prochaines \u00e9lections avec Gbagbo - C\u00f4te d&#039;Ivoire\",\"isPartOf\":{\"@id\":\"https:\/\/www.africa-press.net\/cotedivoire\/#website\"},\"primaryImageOfPage\":{\"@id\":\"https:\/\/www.africa-press.net\/cotedivoire\/politique\/cote-divoire-invite-des-espaces-de-libres-echanges-armand-ouegnin-martele-que-le-parti-en-creation-aura-pour-objectif-de-rafler-toutes-les-prochaines-elections-avec-gbagbo#primaryimage\"},\"image\":{\"@id\":\"https:\/\/www.africa-press.net\/cotedivoire\/politique\/cote-divoire-invite-des-espaces-de-libres-echanges-armand-ouegnin-martele-que-le-parti-en-creation-aura-pour-objectif-de-rafler-toutes-les-prochaines-elections-avec-gbagbo#primaryimage\"},\"thumbnailUrl\":\"https:\/\/static.africa-press.net\/cote\/sites\/43\/2021\/09\/img-614871575f6cc.jpg\",\"datePublished\":\"2021-09-20T12:45:00+00:00\",\"dateModified\":\"2021-10-03T20:44:11+00:00\",\"author\":{\"@id\":\"https:\/\/www.africa-press.net\/cotedivoire\/#\/schema\/person\/2b1cf3cd81a31e3cd26889ca66d677f1\"},\"description\":\"Le Professeur Georges-Armand Ouegnin \u00e0 Yopougon (Ph KOACI) Le d\u00e9put\u00e9 de Yopougon, Georges-Armand Ou\u00e9gnin \u00e9tait l ...\",\"breadcrumb\":{\"@id\":\"https:\/\/www.africa-press.net\/cotedivoire\/politique\/cote-divoire-invite-des-espaces-de-libres-echanges-armand-ouegnin-martele-que-le-parti-en-creation-aura-pour-objectif-de-rafler-toutes-les-prochaines-elections-avec-gbagbo#breadcrumb\"},\"inLanguage\":\"fr-FR\",\"potentialAction\":[{\"@type\":\"ReadAction\",\"target\":[\"https:\/\/www.africa-press.net\/cotedivoire\/politique\/cote-divoire-invite-des-espaces-de-libres-echanges-armand-ouegnin-martele-que-le-parti-en-creation-aura-pour-objectif-de-rafler-toutes-les-prochaines-elections-avec-gbagbo\"]}]},{\"@type\":\"ImageObject\",\"inLanguage\":\"fr-FR\",\"@id\":\"https:\/\/www.africa-press.net\/cotedivoire\/politique\/cote-divoire-invite-des-espaces-de-libres-echanges-armand-ouegnin-martele-que-le-parti-en-creation-aura-pour-objectif-de-rafler-toutes-les-prochaines-elections-avec-gbagbo#primaryimage\",\"url\":\"https:\/\/static.africa-press.net\/cote\/sites\/43\/2021\/09\/img-614871575f6cc.jpg\",\"contentUrl\":\"https:\/\/static.africa-press.net\/cote\/sites\/43\/2021\/09\/img-614871575f6cc.jpg\",\"width\":720,\"height\":360,\"caption\":\"C\u00f4te d'Ivoire : Invit\u00e9 des espaces de libres \u00e9changes, Armand Ou\u00e9gnin mart\u00e8le que le Parti en cr\u00e9ation aura pour objectif de rafler toutes les prochaines \u00e9lections avec Gbagbo\"},{\"@type\":\"BreadcrumbList\",\"@id\":\"https:\/\/www.africa-press.net\/cotedivoire\/politique\/cote-divoire-invite-des-espaces-de-libres-echanges-armand-ouegnin-martele-que-le-parti-en-creation-aura-pour-objectif-de-rafler-toutes-les-prochaines-elections-avec-gbagbo#breadcrumb\",\"itemListElement\":[{\"@type\":\"ListItem\",\"position\":1,\"name\":\"Accueil\",\"item\":\"https:\/\/www.africa-press.net\/cotedivoire\/\"},{\"@type\":\"ListItem\",\"position\":2,\"name\":\"Invit\u00e9 des espaces de libres \u00e9changes, Armand Ou\u00e9gnin mart\u00e8le que le Parti en cr\u00e9ation aura pour objectif de rafler toutes les prochaines \u00e9lections avec Gbagbo\"}]},{\"@type\":\"WebSite\",\"@id\":\"https:\/\/www.africa-press.net\/cotedivoire\/#website\",\"url\":\"https:\/\/www.africa-press.net\/cotedivoire\/\",\"name\":\"C\u00f4te d&#039;Ivoire\",\"description\":\"Just another Africa News Agency Sites site\",\"potentialAction\":[{\"@type\":\"SearchAction\",\"target\":{\"@type\":\"EntryPoint\",\"urlTemplate\":\"https:\/\/www.africa-press.net\/cotedivoire\/?s={search_term_string}\"},\"query-input\":{\"@type\":\"PropertyValueSpecification\",\"valueRequired\":true,\"valueName\":\"search_term_string\"}}],\"inLanguage\":\"fr-FR\"},{\"@type\":\"Person\",\"@id\":\"https:\/\/www.africa-press.net\/cotedivoire\/#\/schema\/person\/2b1cf3cd81a31e3cd26889ca66d677f1\",\"name\":\"cfeditorfr\"}]}<\/script>\n<!-- \/ Yoast SEO Premium plugin. -->","yoast_head_json":{"title":"Invit\u00e9 des espaces de libres \u00e9changes, Armand Ou\u00e9gnin mart\u00e8le que le Parti en cr\u00e9ation aura pour objectif de rafler toutes les prochaines \u00e9lections avec Gbagbo - C\u00f4te d&#039;Ivoire","description":"Le Professeur Georges-Armand Ouegnin \u00e0 Yopougon (Ph KOACI) Le d\u00e9put\u00e9 de Yopougon, Georges-Armand Ou\u00e9gnin \u00e9tait l ...","robots":{"index":"index","follow":"follow","max-snippet":"max-snippet:-1","max-image-preview":"max-image-preview:large","max-video-preview":"max-video-preview:-1"},"canonical":"https:\/\/www.africa-press.net\/cotedivoire\/politique\/cote-divoire-invite-des-espaces-de-libres-echanges-armand-ouegnin-martele-que-le-parti-en-creation-aura-pour-objectif-de-rafler-toutes-les-prochaines-elections-avec-gbagbo","og_locale":"fr_FR","og_type":"article","og_title":"Invit\u00e9 des espaces de libres \u00e9changes, Armand Ou\u00e9gnin mart\u00e8le que le Parti en cr\u00e9ation aura pour objectif de rafler toutes les prochaines \u00e9lections avec Gbagbo","og_description":"Le Professeur Georges-Armand Ouegnin \u00e0 Yopougon (Ph KOACI) Le d\u00e9put\u00e9 de Yopougon, Georges-Armand Ou\u00e9gnin \u00e9tait l ...","og_url":"https:\/\/www.africa-press.net\/cotedivoire\/politique\/cote-divoire-invite-des-espaces-de-libres-echanges-armand-ouegnin-martele-que-le-parti-en-creation-aura-pour-objectif-de-rafler-toutes-les-prochaines-elections-avec-gbagbo","og_site_name":"C\u00f4te d&#039;Ivoire","article_published_time":"2021-09-20T12:45:00+00:00","article_modified_time":"2021-10-03T20:44:11+00:00","og_image":[{"width":720,"height":360,"url":"https:\/\/static.africa-press.net\/cote\/sites\/43\/2021\/09\/img-614871575f6cc.jpg","type":"image\/jpeg"}],"author":"cfeditorfr","twitter_card":"summary_large_image","twitter_misc":{"\u00c9crit par":"cfeditorfr","Dur\u00e9e de lecture estim\u00e9e":"2 minutes"},"schema":{"@context":"https:\/\/schema.org","@graph":[{"@type":"Article","@id":"https:\/\/www.africa-press.net\/cotedivoire\/politique\/cote-divoire-invite-des-espaces-de-libres-echanges-armand-ouegnin-martele-que-le-parti-en-creation-aura-pour-objectif-de-rafler-toutes-les-prochaines-elections-avec-gbagbo#article","isPartOf":{"@id":"https:\/\/www.africa-press.net\/cotedivoire\/politique\/cote-divoire-invite-des-espaces-de-libres-echanges-armand-ouegnin-martele-que-le-parti-en-creation-aura-pour-objectif-de-rafler-toutes-les-prochaines-elections-avec-gbagbo"},"author":{"name":"cfeditorfr","@id":"https:\/\/www.africa-press.net\/cotedivoire\/#\/schema\/person\/2b1cf3cd81a31e3cd26889ca66d677f1"},"headline":"Invit\u00e9 des espaces de libres \u00e9changes, Armand Ou\u00e9gnin mart\u00e8le que le Parti en cr\u00e9ation aura pour objectif de rafler toutes les prochaines \u00e9lections avec Gbagbo","datePublished":"2021-09-20T12:45:00+00:00","dateModified":"2021-10-03T20:44:11+00:00","mainEntityOfPage":{"@id":"https:\/\/www.africa-press.net\/cotedivoire\/politique\/cote-divoire-invite-des-espaces-de-libres-echanges-armand-ouegnin-martele-que-le-parti-en-creation-aura-pour-objectif-de-rafler-toutes-les-prochaines-elections-avec-gbagbo"},"wordCount":463,"commentCount":0,"image":{"@id":"https:\/\/www.africa-press.net\/cotedivoire\/politique\/cote-divoire-invite-des-espaces-de-libres-echanges-armand-ouegnin-martele-que-le-parti-en-creation-aura-pour-objectif-de-rafler-toutes-les-prochaines-elections-avec-gbagbo#primaryimage"},"thumbnailUrl":"https:\/\/static.africa-press.net\/cote\/sites\/43\/2021\/09\/img-614871575f6cc.jpg","keywords":["Abidjan","Africa Press","Africa Press-C\u00f4te d'Ivoire","C\u00d4TE D'IVOIRE","Gbagbo","Ladislas","Ou\u00e9gnin","Parti","Yopougon"],"articleSection":["homepage-french","Parties","Politique","Toutes les actualit\u00e9s"],"inLanguage":"fr-FR","potentialAction":[{"@type":"CommentAction","name":"Comment","target":["https:\/\/www.africa-press.net\/cotedivoire\/politique\/cote-divoire-invite-des-espaces-de-libres-echanges-armand-ouegnin-martele-que-le-parti-en-creation-aura-pour-objectif-de-rafler-toutes-les-prochaines-elections-avec-gbagbo#respond"]}]},{"@type":"WebPage","@id":"https:\/\/www.africa-press.net\/cotedivoire\/politique\/cote-divoire-invite-des-espaces-de-libres-echanges-armand-ouegnin-martele-que-le-parti-en-creation-aura-pour-objectif-de-rafler-toutes-les-prochaines-elections-avec-gbagbo","url":"https:\/\/www.africa-press.net\/cotedivoire\/politique\/cote-divoire-invite-des-espaces-de-libres-echanges-armand-ouegnin-martele-que-le-parti-en-creation-aura-pour-objectif-de-rafler-toutes-les-prochaines-elections-avec-gbagbo","name":"Invit\u00e9 des espaces de libres \u00e9changes, Armand Ou\u00e9gnin mart\u00e8le que le Parti en cr\u00e9ation aura pour objectif de rafler toutes les prochaines \u00e9lections avec Gbagbo - C\u00f4te d&#039;Ivoire","isPartOf":{"@id":"https:\/\/www.africa-press.net\/cotedivoire\/#website"},"primaryImageOfPage":{"@id":"https:\/\/www.africa-press.net\/cotedivoire\/politique\/cote-divoire-invite-des-espaces-de-libres-echanges-armand-ouegnin-martele-que-le-parti-en-creation-aura-pour-objectif-de-rafler-toutes-les-prochaines-elections-avec-gbagbo#primaryimage"},"image":{"@id":"https:\/\/www.africa-press.net\/cotedivoire\/politique\/cote-divoire-invite-des-espaces-de-libres-echanges-armand-ouegnin-martele-que-le-parti-en-creation-aura-pour-objectif-de-rafler-toutes-les-prochaines-elections-avec-gbagbo#primaryimage"},"thumbnailUrl":"https:\/\/static.africa-press.net\/cote\/sites\/43\/2021\/09\/img-614871575f6cc.jpg","datePublished":"2021-09-20T12:45:00+00:00","dateModified":"2021-10-03T20:44:11+00:00","author":{"@id":"https:\/\/www.africa-press.net\/cotedivoire\/#\/schema\/person\/2b1cf3cd81a31e3cd26889ca66d677f1"},"description":"Le Professeur Georges-Armand Ouegnin \u00e0 Yopougon (Ph KOACI) Le d\u00e9put\u00e9 de Yopougon, Georges-Armand Ou\u00e9gnin \u00e9tait l ...","breadcrumb":{"@id":"https:\/\/www.africa-press.net\/cotedivoire\/politique\/cote-divoire-invite-des-espaces-de-libres-echanges-armand-ouegnin-martele-que-le-parti-en-creation-aura-pour-objectif-de-rafler-toutes-les-prochaines-elections-avec-gbagbo#breadcrumb"},"inLanguage":"fr-FR","potentialAction":[{"@type":"ReadAction","target":["https:\/\/www.africa-press.net\/cotedivoire\/politique\/cote-divoire-invite-des-espaces-de-libres-echanges-armand-ouegnin-martele-que-le-parti-en-creation-aura-pour-objectif-de-rafler-toutes-les-prochaines-elections-avec-gbagbo"]}]},{"@type":"ImageObject","inLanguage":"fr-FR","@id":"https:\/\/www.africa-press.net\/cotedivoire\/politique\/cote-divoire-invite-des-espaces-de-libres-echanges-armand-ouegnin-martele-que-le-parti-en-creation-aura-pour-objectif-de-rafler-toutes-les-prochaines-elections-avec-gbagbo#primaryimage","url":"https:\/\/static.africa-press.net\/cote\/sites\/43\/2021\/09\/img-614871575f6cc.jpg","contentUrl":"https:\/\/static.africa-press.net\/cote\/sites\/43\/2021\/09\/img-614871575f6cc.jpg","width":720,"height":360,"caption":"C\u00f4te d'Ivoire : Invit\u00e9 des espaces de libres \u00e9changes, Armand Ou\u00e9gnin mart\u00e8le que le Parti en cr\u00e9ation aura pour objectif de rafler toutes les prochaines \u00e9lections avec Gbagbo"},{"@type":"BreadcrumbList","@id":"https:\/\/www.africa-press.net\/cotedivoire\/politique\/cote-divoire-invite-des-espaces-de-libres-echanges-armand-ouegnin-martele-que-le-parti-en-creation-aura-pour-objectif-de-rafler-toutes-les-prochaines-elections-avec-gbagbo#breadcrumb","itemListElement":[{"@type":"ListItem","position":1,"name":"Accueil","item":"https:\/\/www.africa-press.net\/cotedivoire\/"},{"@type":"ListItem","position":2,"name":"Invit\u00e9 des espaces de libres \u00e9changes, Armand Ou\u00e9gnin mart\u00e8le que le Parti en cr\u00e9ation aura pour objectif de rafler toutes les prochaines \u00e9lections avec Gbagbo"}]},{"@type":"WebSite","@id":"https:\/\/www.africa-press.net\/cotedivoire\/#website","url":"https:\/\/www.africa-press.net\/cotedivoire\/","name":"C\u00f4te d&#039;Ivoire","description":"Just another Africa News Agency Sites site","potentialAction":[{"@type":"SearchAction","target":{"@type":"EntryPoint","urlTemplate":"https:\/\/www.africa-press.net\/cotedivoire\/?s={search_term_string}"},"query-input":{"@type":"PropertyValueSpecification","valueRequired":true,"valueName":"search_term_string"}}],"inLanguage":"fr-FR"},{"@type":"Person","@id":"https:\/\/www.africa-press.net\/cotedivoire\/#\/schema\/person\/2b1cf3cd81a31e3cd26889ca66d677f1","name":"cfeditorfr"}]}},"_links":{"self":[{"href":"https:\/\/www.africa-press.net\/cotedivoire\/wp-json\/wp\/v2\/posts\/15593","targetHints":{"allow":["GET"]}}],"collection":[{"href":"https:\/\/www.africa-press.net\/cotedivoire\/wp-json\/wp\/v2\/posts"}],"about":[{"href":"https:\/\/www.africa-press.net\/cotedivoire\/wp-json\/wp\/v2\/types\/post"}],"author":[{"embeddable":true,"href":"https:\/\/www.africa-press.net\/cotedivoire\/wp-json\/wp\/v2\/users\/82"}],"replies":[{"embeddable":true,"href":"https:\/\/www.africa-press.net\/cotedivoire\/wp-json\/wp\/v2\/comments?post=15593"}],"version-history":[{"count":0,"href":"https:\/\/www.africa-press.net\/cotedivoire\/wp-json\/wp\/v2\/posts\/15593\/revisions"}],"wp:featuredmedia":[{"embeddable":true,"href":"https:\/\/www.africa-press.net\/cotedivoire\/wp-json\/wp\/v2\/media\/15592"}],"wp:attachment":[{"href":"https:\/\/www.africa-press.net\/cotedivoire\/wp-json\/wp\/v2\/media?parent=15593"}],"wp:term":[{"taxonomy":"category","embeddable":true,"href":"https:\/\/www.africa-press.net\/cotedivoire\/wp-json\/wp\/v2\/categories?post=15593"},{"taxonomy":"post_tag","embeddable":true,"href":"https:\/\/www.africa-press.net\/cotedivoire\/wp-json\/wp\/v2\/tags?post=15593"}],"curies":[{"name":"wp","href":"https:\/\/api.w.org\/{rel}","templated":true}]}}