{"id":15599,"date":"2021-09-20T13:02:12","date_gmt":"2021-09-20T13:02:12","guid":{"rendered":"https:\/\/www.africa-press.net\/cotedivoire\/?p=15599"},"modified":"2021-09-20T13:54:22","modified_gmt":"2021-09-20T13:54:22","slug":"cote-divoire-rentree-politique-de-la-junci-adama-bictogo-a-propos-de-la-succession-de-ouattara-il-ny-a-pas-dambitions-daucun-dentre-nous-sans-sa-volonte","status":"publish","type":"post","link":"https:\/\/www.africa-press.net\/cotedivoire\/politique\/cote-divoire-rentree-politique-de-la-junci-adama-bictogo-a-propos-de-la-succession-de-ouattara-il-ny-a-pas-dambitions-daucun-dentre-nous-sans-sa-volonte","title":{"rendered":"Rentr\u00e9e politique de la JUNCI, Adama Bictogo \u00e0 propos de la succession de Ouattara : \u00ab il n&rsquo;y a pas d&rsquo;ambitions d&rsquo;aucun d&rsquo;entre nous sans sa volont\u00e9  \u00bb"},"content":{"rendered":"<p><span style=\"color: #ff6600\"><strong><a href=\"https:\/\/www.africa-press.net\/\">Africa-Press<\/a> &#8211; <a href=\"https:\/\/www.africa-press.net\/cotedivoire\">C\u00f4te d&rsquo;Ivoire<\/a>.\u00a0 <\/strong><\/span>La 5\u1d49 \u00e9dition de la rentr\u00e9e politique de la Jeunesse unie pour la nouvelle C\u00f4te d&rsquo;Ivoire (JUNCI), pr\u00e9sid\u00e9e par Abdul Kader Ciss\u00e9 a eu lieu aujourd&rsquo;hui au palais de la culture en pr\u00e9sence des ministres Kouadio Konan Bertin et Roger F\u00e9lix Adom ainsi que du Secr\u00e9taire ex\u00e9cutif du RHDP, Adama Bictogo.<\/p>\n<p>Les membres de cette organisation ont effectu\u00e9 massivement le d\u00e9placement pour prendre part \u00e0 cette rentr\u00e9e politique. La salle Anoumabo \u00e9tait pleine \u00e0 craquer. Les jeunes n&rsquo;ont pas voulu se faire conter cette f\u00eate qui a \u00e9t\u00e9 marqu\u00e9e par des prestations artistiques.<\/p>\n<p>Face \u00e0 la mobilisation des jeunes venus rendre \u00e9galement hommage au Pr\u00e9sident de la R\u00e9publique pour ses actions de d\u00e9veloppement, Adama Bictogo a d\u00e9clar\u00e9 que c&rsquo;est la preuve que le Pr\u00e9sident Alassane Ouattara est assis sur une fondation compos\u00e9e de la jeunesse.<\/p>\n<p>Le Secr\u00e9taire ex\u00e9cutif du RHDP a affirm\u00e9 que le Pr\u00e9sident de la R\u00e9publique est l\u2019espoir de tout un peuple, car depuis 2010, partout o\u00f9 un ivoirien va dans le monde entier, il a la fiert\u00e9 d\u2019\u00eatre un Ivoirien \u00bb. Il a demand\u00e9 aux cadres et militants du RHDP de ne pas se d\u00e9tourner du dynamisme impuls\u00e9 par le chef de l\u2019Etat, Alassane Ouattara et a invit\u00e9, les jeunes \u00e0 la s\u00e9r\u00e9nit\u00e9.<\/p>\n<p>Cliquez pour agrandir l&rsquo;image<\/p>\n<p>\u00abLes jeunes, ne nous laissons pas distraire. Pour l\u2019heure, le Pr\u00e9sident Alassane Ouattara travaille, le RHDP travaille. Pour l\u2019heure, les Ivoiriens travaillent. Chaque jour, il y a un homme que nous devons suivre. Quelles que soient nos qualit\u00e9s, nos fonctions, il n\u2019y a pas d\u2019ambitions d\u2019aucun d\u2019entre nous sans la volont\u00e9 d\u2019Alassane Ouattara\u00bb, a indiqu\u00e9, Adama Bictogo.<\/p>\n<p>\u00abAutant que nous sommes, en rangs serr\u00e9s, nous devons nous mettre derri\u00e8re Alassane Ouattara comme des soldats \u00bb, a poursuivi, le Directeur ex\u00e9cutif. Il pr\u00e9vient enfin les cadres qui sont \u00ab\u00a0press\u00e9s\u00a0\u00bb de prendre le pouvoir de patienter encore.<\/p>\n<p>\u00abOn entend, mais Alassane Ouattara, il n&rsquo;est qu&rsquo;au premier mandat de la troisi\u00e8me r\u00e9publique \u00bb, a conclu, M. Bictogo.<\/p>\n<p>En prenant la parole, Kouadio Konan Bertin dit KKB, ministre de la R\u00e9conciliation a salu\u00e9 la mobilisation massive des membres de la JUNCI qui ont d\u00e9cid\u00e9 de magnifier le Pr\u00e9sident de la R\u00e9publique \u00e0 l&rsquo;occasion de cette 5\u00e8me rentr\u00e9e politique.<\/p>\n<p>\u00abIl est la plus haute personnalit\u00e9 du pays et m\u00e9rite le respect de tous, on peut ne pas appr\u00e9cier certaines de ses d\u00e9cisions, mais repr\u00e9sentant l\u00e9gitime du pays, il faut accepter que ses d\u00e9cisions s&rsquo;imposent \u00e0 tous \u00bb, a-t-il ajout\u00e9.<\/p>\n<p>La coh\u00e9sion nationale est un \u00e9l\u00e9ment essentiel de la r\u00e9conciliation. Kouadio Konan Bertin a partag\u00e9 une certitude avec la Jeunesse. Il a affirm\u00e9 que le \u00abpays va mieux et beaucoup mieux \u00bb.<\/p>\n<p>\u00abNotre pays vas mieux, beaucoup mieux. Il a tourn\u00e9 le dos aux d\u00e9chirements du pass\u00e9 et sa volont\u00e9 de concorde est irr\u00e9pressible. Les exil\u00e9s sont rentr\u00e9s. De retour, ils participent \u00e0 nouveau \u00e0 la vie de la nation. D\u00e8s que les conditions juridiques ont \u00e9t\u00e9 r\u00e9unies, le Pr\u00e9sident a tout fait pour que Laurent Gbagbo puisse rentrer dans son pays apr\u00e8s dix ans d&rsquo;absence. C&rsquo;est une victoire pour la d\u00e9mocratie de notre pays. Et c&rsquo;est un pas de plus vers la r\u00e9conciliation \u00bb, a expliqu\u00e9, le ministre de la R\u00e9conciliation.<\/p>\n<p>KKB a promis en tant que ministre de la R\u00e9conciliation envoyer le Pr\u00e9sident Addul Kader Ciss\u00e9 tendre la main aux autres jeunes en embo\u00eetant le pas au Pr\u00e9sident de la R\u00e9publique pour pacifier la C\u00f4te d&rsquo;Ivoire, car l&rsquo;avenir du pays est prometteur.<\/p>\n<p>\u00abJe vous recevrez au minist\u00e8re de la R\u00e9conciliation et je vais vous donner une image. Parce que le Pr\u00e9sident de la R\u00e9publique a donn\u00e9 l&rsquo;exemple en recevant Laurent Gbagbo au Palais pr\u00e9sidentiel. Vous les remparts du Pr\u00e9sident de la R\u00e9publique, vous qui avez conscience mieux que quiconque que rien n&rsquo;est possible en C\u00f4te d&rsquo;Ivoire sans la paix, je vous enverrai tendre la main aux autres jeunes et faire en sorte que comme il a indiqu\u00e9 le chemin, nous puissions lui embo\u00eeter le pas pour pacifier, la C\u00f4te d&rsquo;Ivoire. L&rsquo;avenir est prometteur\u00a0\u00bb, a-t-il mentionn\u00e9.<\/p>\n<p>Le ministre Roger F\u00e9lix Adom moins politique que ces pr\u00e9d\u00e9cesseurs a pris l&rsquo;engagement de former la jeunesse aux TIC qu&rsquo;elle soit dipl\u00f4m\u00e9e ou non.<\/p>\n<p>Pour le Pr\u00e9sident de la JUNCI, l&rsquo;adh\u00e9sion des Ivoiriennes et des Ivoiriens \u00e0 la politique du Pr\u00e9sident de la R\u00e9publique tire sa source dans les actions qu\u2019il pose depuis son accession \u00e0 la magistrature supr\u00eame.<\/p>\n<p>Cliquez pour agrandir l&rsquo;image<\/p>\n<p>\u00abNotre rassemblement de ce jour a pour objectif de d\u00e9montrer que le Pr\u00e9sident de la R\u00e9publique, Son Excellence Alassane OUATTARA a le soutien total et sans calcul de la jeunesse ivoirienne. Pour Alassane OUATTARA, nous allons constituer une muraille de fer parce que, nous jeunes, sommes les premiers b\u00e9n\u00e9ficiaires de ses actions \u00e0 la t\u00eate de l\u2019Etat. Pour cela, nous n\u2019allons plus permettre que des aventuriers politiques viennent troubler la paix et la stabilit\u00e9 de notre pays \u00bb, a d\u00e9clar\u00e9, Abdul Kader Ciss\u00e9.<\/p>\n<p>Il a affirm\u00e9 que lors de la d\u00e9sob\u00e9issance civile, les jeunes qui avaient \u00e9t\u00e9 mis \u00e0 l\u2019avant de ce \u00ab projet funeste \u00bb et qui ont \u00e9t\u00e9 arr\u00eat\u00e9s se sont retrouv\u00e9s seuls face \u00e0 leur destin en prison. Il a fallu la magnanimit\u00e9 du pr\u00e9sident Alassane OUATTARA pour qu\u2019ils recouvrent la libert\u00e9. Il faut donc savoir tirer les le\u00e7ons des erreurs du pass\u00e9 et se projeter dans l\u2019avenir.<\/p>\n<p>Abdul Kader Ciss\u00e9 a indiqu\u00e9 que pour 2025, quand Ouattara fixera le cap, en jeunes organis\u00e9s, disciplin\u00e9s, pr\u00e9par\u00e9s et outill\u00e9s, ils feront bloc et iront au charbon. Pour le moment, le seul combat qui vaille d\u2019\u00eatre men\u00e9, c\u2019est celui du d\u00e9veloppement de la C\u00f4te d\u2019Ivoire et c\u2019est ce que le pr\u00e9sident Alassane Ouattara est en train de faire.<\/p>\n<p>Le Pr\u00e9sident a enfin appel\u00e9 ses amis jeunes \u00e0 la responsabilit\u00e9 en les invitant \u00e0 ne plus servir de chair \u00e0 canon, de refuser de se laisser manipuler et instrumentaliser par une opposition aux abois.<\/p>\n<p>\u00abSaisissons les opportunit\u00e9s d\u2019insertion que nous offre l\u2019Etat en sortant des pr\u00e9jug\u00e9s. Nous ne devons pas perdre de vue que le Pr\u00e9sident de la R\u00e9publique Son Excellence Alassane OUATTARA est une chance pour la C\u00f4te d\u2019Ivoire et \u00e0 ce titre demeure notre guide.<\/p>\n<p>&nbsp;<\/p>\n","protected":false},"excerpt":{"rendered":"<p>Africa-Press &#8211; C\u00f4te d&rsquo;Ivoire.\u00a0 La 5\u1d49 \u00e9dition de la rentr\u00e9e politique de la Jeunesse unie pour la nouvelle C\u00f4te d&rsquo;Ivoire (JUNCI), pr\u00e9sid\u00e9e par Abdul Kader Ciss\u00e9 a eu lieu aujourd&rsquo;hui au palais de la culture en pr\u00e9sence des ministres Kouadio Konan Bertin et Roger F\u00e9lix Adom ainsi que du Secr\u00e9taire ex\u00e9cutif du RHDP, Adama Bictogo. [&hellip;]<\/p>\n","protected":false},"author":82,"featured_media":15598,"comment_status":"open","ping_status":"closed","sticky":false,"template":"","format":"standard","meta":{"footnotes":""},"categories":[11,2,10],"tags":[1468,1265,56,63,29,1469,1467,1466],"class_list":["post-15599","post","type-post","status-publish","format-standard","has-post-thumbnail","hentry","category-homepage-french","category-politique","category-toutes-les-actualites","tag-5-edition","tag-adama-bictogo","tag-africa-press","tag-africa-press-cote-divoire","tag-cote-divoire","tag-jeunesse-unie-pour-la-nouvelle-cote-divoire","tag-junci","tag-rentree-politique"],"yoast_head":"<!-- This site is optimized with the Yoast SEO Premium plugin v26.1 (Yoast SEO v27.0) - https:\/\/yoast.com\/product\/yoast-seo-premium-wordpress\/ -->\n<title>Rentr\u00e9e politique de la JUNCI, Adama Bictogo \u00e0 propos de la succession de Ouattara : \u00ab il n&#039;y a pas d&#039;ambitions d&#039;aucun d&#039;entre nous sans sa volont\u00e9 \u00bb - C\u00f4te d&#039;Ivoire<\/title>\n<meta name=\"description\" content=\"Adama Bictogo La 5\u1d49 \u00e9dition de la rentr\u00e9e politique de la Jeunesse unie pour la nouvelle C\u00f4te d&#039;Ivoire (JUNCI), ...\" \/>\n<meta name=\"robots\" content=\"index, follow, max-snippet:-1, max-image-preview:large, max-video-preview:-1\" \/>\n<link rel=\"canonical\" href=\"https:\/\/www.africa-press.net\/cotedivoire\/politique\/cote-divoire-rentree-politique-de-la-junci-adama-bictogo-a-propos-de-la-succession-de-ouattara-il-ny-a-pas-dambitions-daucun-dentre-nous-sans-sa-volonte\" \/>\n<meta property=\"og:locale\" content=\"fr_FR\" \/>\n<meta property=\"og:type\" content=\"article\" \/>\n<meta property=\"og:title\" content=\"Rentr\u00e9e politique de la JUNCI, Adama Bictogo \u00e0 propos de la succession de Ouattara : \u00ab il n&#039;y a pas d&#039;ambitions d&#039;aucun d&#039;entre nous sans sa volont\u00e9 \u00bb\" \/>\n<meta property=\"og:description\" content=\"Adama Bictogo La 5\u1d49 \u00e9dition de la rentr\u00e9e politique de la Jeunesse unie pour la nouvelle C\u00f4te d&#039;Ivoire (JUNCI), ...\" \/>\n<meta property=\"og:url\" content=\"https:\/\/www.africa-press.net\/cotedivoire\/politique\/cote-divoire-rentree-politique-de-la-junci-adama-bictogo-a-propos-de-la-succession-de-ouattara-il-ny-a-pas-dambitions-daucun-dentre-nous-sans-sa-volonte\" \/>\n<meta property=\"og:site_name\" content=\"C\u00f4te d&#039;Ivoire\" \/>\n<meta property=\"article:published_time\" content=\"2021-09-20T13:02:12+00:00\" \/>\n<meta property=\"article:modified_time\" content=\"2021-09-20T13:54:22+00:00\" \/>\n<meta property=\"og:image\" content=\"https:\/\/static.africa-press.net\/cote\/sites\/43\/2021\/09\/img-614871a31b7ee.jpg\" \/>\n\t<meta property=\"og:image:width\" content=\"720\" \/>\n\t<meta property=\"og:image:height\" content=\"480\" \/>\n\t<meta property=\"og:image:type\" content=\"image\/jpeg\" \/>\n<meta name=\"author\" content=\"cfeditorfr\" \/>\n<meta name=\"twitter:card\" content=\"summary_large_image\" \/>\n<meta name=\"twitter:label1\" content=\"\u00c9crit par\" \/>\n\t<meta name=\"twitter:data1\" content=\"cfeditorfr\" \/>\n\t<meta name=\"twitter:label2\" content=\"Dur\u00e9e de lecture estim\u00e9e\" \/>\n\t<meta name=\"twitter:data2\" content=\"5 minutes\" \/>\n<script type=\"application\/ld+json\" class=\"yoast-schema-graph\">{\"@context\":\"https:\/\/schema.org\",\"@graph\":[{\"@type\":\"Article\",\"@id\":\"https:\/\/www.africa-press.net\/cotedivoire\/politique\/cote-divoire-rentree-politique-de-la-junci-adama-bictogo-a-propos-de-la-succession-de-ouattara-il-ny-a-pas-dambitions-daucun-dentre-nous-sans-sa-volonte#article\",\"isPartOf\":{\"@id\":\"https:\/\/www.africa-press.net\/cotedivoire\/politique\/cote-divoire-rentree-politique-de-la-junci-adama-bictogo-a-propos-de-la-succession-de-ouattara-il-ny-a-pas-dambitions-daucun-dentre-nous-sans-sa-volonte\"},\"author\":{\"name\":\"cfeditorfr\",\"@id\":\"https:\/\/www.africa-press.net\/cotedivoire\/#\/schema\/person\/2b1cf3cd81a31e3cd26889ca66d677f1\"},\"headline\":\"Rentr\u00e9e politique de la JUNCI, Adama Bictogo \u00e0 propos de la succession de Ouattara : \u00ab il n&rsquo;y a pas d&rsquo;ambitions d&rsquo;aucun d&rsquo;entre nous sans sa volont\u00e9 \u00bb\",\"datePublished\":\"2021-09-20T13:02:12+00:00\",\"dateModified\":\"2021-09-20T13:54:22+00:00\",\"mainEntityOfPage\":{\"@id\":\"https:\/\/www.africa-press.net\/cotedivoire\/politique\/cote-divoire-rentree-politique-de-la-junci-adama-bictogo-a-propos-de-la-succession-de-ouattara-il-ny-a-pas-dambitions-daucun-dentre-nous-sans-sa-volonte\"},\"wordCount\":1178,\"commentCount\":0,\"image\":{\"@id\":\"https:\/\/www.africa-press.net\/cotedivoire\/politique\/cote-divoire-rentree-politique-de-la-junci-adama-bictogo-a-propos-de-la-succession-de-ouattara-il-ny-a-pas-dambitions-daucun-dentre-nous-sans-sa-volonte#primaryimage\"},\"thumbnailUrl\":\"https:\/\/static.africa-press.net\/cote\/sites\/43\/2021\/09\/img-614871a31b7ee.jpg\",\"keywords\":[\"5\u1d49 \u00e9dition\",\"Adama Bictogo\",\"Africa Press\",\"Africa Press-C\u00f4te d'Ivoire\",\"C\u00d4TE D'IVOIRE\",\"Jeunesse unie pour la nouvelle C\u00f4te d'Ivoire\",\"JUNCI\",\"rentr\u00e9e politique\"],\"articleSection\":[\"homepage-french\",\"Politique\",\"Toutes les actualit\u00e9s\"],\"inLanguage\":\"fr-FR\",\"potentialAction\":[{\"@type\":\"CommentAction\",\"name\":\"Comment\",\"target\":[\"https:\/\/www.africa-press.net\/cotedivoire\/politique\/cote-divoire-rentree-politique-de-la-junci-adama-bictogo-a-propos-de-la-succession-de-ouattara-il-ny-a-pas-dambitions-daucun-dentre-nous-sans-sa-volonte#respond\"]}]},{\"@type\":\"WebPage\",\"@id\":\"https:\/\/www.africa-press.net\/cotedivoire\/politique\/cote-divoire-rentree-politique-de-la-junci-adama-bictogo-a-propos-de-la-succession-de-ouattara-il-ny-a-pas-dambitions-daucun-dentre-nous-sans-sa-volonte\",\"url\":\"https:\/\/www.africa-press.net\/cotedivoire\/politique\/cote-divoire-rentree-politique-de-la-junci-adama-bictogo-a-propos-de-la-succession-de-ouattara-il-ny-a-pas-dambitions-daucun-dentre-nous-sans-sa-volonte\",\"name\":\"Rentr\u00e9e politique de la JUNCI, Adama Bictogo \u00e0 propos de la succession de Ouattara : \u00ab il n'y a pas d'ambitions d'aucun d'entre nous sans sa volont\u00e9 \u00bb - C\u00f4te d&#039;Ivoire\",\"isPartOf\":{\"@id\":\"https:\/\/www.africa-press.net\/cotedivoire\/#website\"},\"primaryImageOfPage\":{\"@id\":\"https:\/\/www.africa-press.net\/cotedivoire\/politique\/cote-divoire-rentree-politique-de-la-junci-adama-bictogo-a-propos-de-la-succession-de-ouattara-il-ny-a-pas-dambitions-daucun-dentre-nous-sans-sa-volonte#primaryimage\"},\"image\":{\"@id\":\"https:\/\/www.africa-press.net\/cotedivoire\/politique\/cote-divoire-rentree-politique-de-la-junci-adama-bictogo-a-propos-de-la-succession-de-ouattara-il-ny-a-pas-dambitions-daucun-dentre-nous-sans-sa-volonte#primaryimage\"},\"thumbnailUrl\":\"https:\/\/static.africa-press.net\/cote\/sites\/43\/2021\/09\/img-614871a31b7ee.jpg\",\"datePublished\":\"2021-09-20T13:02:12+00:00\",\"dateModified\":\"2021-09-20T13:54:22+00:00\",\"author\":{\"@id\":\"https:\/\/www.africa-press.net\/cotedivoire\/#\/schema\/person\/2b1cf3cd81a31e3cd26889ca66d677f1\"},\"description\":\"Adama Bictogo La 5\u1d49 \u00e9dition de la rentr\u00e9e politique de la Jeunesse unie pour la nouvelle C\u00f4te d'Ivoire (JUNCI), ...\",\"breadcrumb\":{\"@id\":\"https:\/\/www.africa-press.net\/cotedivoire\/politique\/cote-divoire-rentree-politique-de-la-junci-adama-bictogo-a-propos-de-la-succession-de-ouattara-il-ny-a-pas-dambitions-daucun-dentre-nous-sans-sa-volonte#breadcrumb\"},\"inLanguage\":\"fr-FR\",\"potentialAction\":[{\"@type\":\"ReadAction\",\"target\":[\"https:\/\/www.africa-press.net\/cotedivoire\/politique\/cote-divoire-rentree-politique-de-la-junci-adama-bictogo-a-propos-de-la-succession-de-ouattara-il-ny-a-pas-dambitions-daucun-dentre-nous-sans-sa-volonte\"]}]},{\"@type\":\"ImageObject\",\"inLanguage\":\"fr-FR\",\"@id\":\"https:\/\/www.africa-press.net\/cotedivoire\/politique\/cote-divoire-rentree-politique-de-la-junci-adama-bictogo-a-propos-de-la-succession-de-ouattara-il-ny-a-pas-dambitions-daucun-dentre-nous-sans-sa-volonte#primaryimage\",\"url\":\"https:\/\/static.africa-press.net\/cote\/sites\/43\/2021\/09\/img-614871a31b7ee.jpg\",\"contentUrl\":\"https:\/\/static.africa-press.net\/cote\/sites\/43\/2021\/09\/img-614871a31b7ee.jpg\",\"width\":720,\"height\":480,\"caption\":\"C\u00f4te d'Ivoire : Rentr\u00e9e politique de la JUNCI, Adama Bictogo \u00e0 propos de la succession de Ouattara : \u00ab il n'y a pas d'ambitions d'aucun d'entre nous sans sa volont\u00e9 \u00bb\"},{\"@type\":\"BreadcrumbList\",\"@id\":\"https:\/\/www.africa-press.net\/cotedivoire\/politique\/cote-divoire-rentree-politique-de-la-junci-adama-bictogo-a-propos-de-la-succession-de-ouattara-il-ny-a-pas-dambitions-daucun-dentre-nous-sans-sa-volonte#breadcrumb\",\"itemListElement\":[{\"@type\":\"ListItem\",\"position\":1,\"name\":\"Accueil\",\"item\":\"https:\/\/www.africa-press.net\/cotedivoire\/\"},{\"@type\":\"ListItem\",\"position\":2,\"name\":\"Rentr\u00e9e politique de la JUNCI, Adama Bictogo \u00e0 propos de la succession de Ouattara : \u00ab il n&#8217;y a pas d&#8217;ambitions d&#8217;aucun d&#8217;entre nous sans sa volont\u00e9 \u00bb\"}]},{\"@type\":\"WebSite\",\"@id\":\"https:\/\/www.africa-press.net\/cotedivoire\/#website\",\"url\":\"https:\/\/www.africa-press.net\/cotedivoire\/\",\"name\":\"C\u00f4te d&#039;Ivoire\",\"description\":\"Just another Africa News Agency Sites site\",\"potentialAction\":[{\"@type\":\"SearchAction\",\"target\":{\"@type\":\"EntryPoint\",\"urlTemplate\":\"https:\/\/www.africa-press.net\/cotedivoire\/?s={search_term_string}\"},\"query-input\":{\"@type\":\"PropertyValueSpecification\",\"valueRequired\":true,\"valueName\":\"search_term_string\"}}],\"inLanguage\":\"fr-FR\"},{\"@type\":\"Person\",\"@id\":\"https:\/\/www.africa-press.net\/cotedivoire\/#\/schema\/person\/2b1cf3cd81a31e3cd26889ca66d677f1\",\"name\":\"cfeditorfr\"}]}<\/script>\n<!-- \/ Yoast SEO Premium plugin. -->","yoast_head_json":{"title":"Rentr\u00e9e politique de la JUNCI, Adama Bictogo \u00e0 propos de la succession de Ouattara : \u00ab il n'y a pas d'ambitions d'aucun d'entre nous sans sa volont\u00e9 \u00bb - C\u00f4te d&#039;Ivoire","description":"Adama Bictogo La 5\u1d49 \u00e9dition de la rentr\u00e9e politique de la Jeunesse unie pour la nouvelle C\u00f4te d'Ivoire (JUNCI), ...","robots":{"index":"index","follow":"follow","max-snippet":"max-snippet:-1","max-image-preview":"max-image-preview:large","max-video-preview":"max-video-preview:-1"},"canonical":"https:\/\/www.africa-press.net\/cotedivoire\/politique\/cote-divoire-rentree-politique-de-la-junci-adama-bictogo-a-propos-de-la-succession-de-ouattara-il-ny-a-pas-dambitions-daucun-dentre-nous-sans-sa-volonte","og_locale":"fr_FR","og_type":"article","og_title":"Rentr\u00e9e politique de la JUNCI, Adama Bictogo \u00e0 propos de la succession de Ouattara : \u00ab il n'y a pas d'ambitions d'aucun d'entre nous sans sa volont\u00e9 \u00bb","og_description":"Adama Bictogo La 5\u1d49 \u00e9dition de la rentr\u00e9e politique de la Jeunesse unie pour la nouvelle C\u00f4te d'Ivoire (JUNCI), ...","og_url":"https:\/\/www.africa-press.net\/cotedivoire\/politique\/cote-divoire-rentree-politique-de-la-junci-adama-bictogo-a-propos-de-la-succession-de-ouattara-il-ny-a-pas-dambitions-daucun-dentre-nous-sans-sa-volonte","og_site_name":"C\u00f4te d&#039;Ivoire","article_published_time":"2021-09-20T13:02:12+00:00","article_modified_time":"2021-09-20T13:54:22+00:00","og_image":[{"width":720,"height":480,"url":"https:\/\/static.africa-press.net\/cote\/sites\/43\/2021\/09\/img-614871a31b7ee.jpg","type":"image\/jpeg"}],"author":"cfeditorfr","twitter_card":"summary_large_image","twitter_misc":{"\u00c9crit par":"cfeditorfr","Dur\u00e9e de lecture estim\u00e9e":"5 minutes"},"schema":{"@context":"https:\/\/schema.org","@graph":[{"@type":"Article","@id":"https:\/\/www.africa-press.net\/cotedivoire\/politique\/cote-divoire-rentree-politique-de-la-junci-adama-bictogo-a-propos-de-la-succession-de-ouattara-il-ny-a-pas-dambitions-daucun-dentre-nous-sans-sa-volonte#article","isPartOf":{"@id":"https:\/\/www.africa-press.net\/cotedivoire\/politique\/cote-divoire-rentree-politique-de-la-junci-adama-bictogo-a-propos-de-la-succession-de-ouattara-il-ny-a-pas-dambitions-daucun-dentre-nous-sans-sa-volonte"},"author":{"name":"cfeditorfr","@id":"https:\/\/www.africa-press.net\/cotedivoire\/#\/schema\/person\/2b1cf3cd81a31e3cd26889ca66d677f1"},"headline":"Rentr\u00e9e politique de la JUNCI, Adama Bictogo \u00e0 propos de la succession de Ouattara : \u00ab il n&rsquo;y a pas d&rsquo;ambitions d&rsquo;aucun d&rsquo;entre nous sans sa volont\u00e9 \u00bb","datePublished":"2021-09-20T13:02:12+00:00","dateModified":"2021-09-20T13:54:22+00:00","mainEntityOfPage":{"@id":"https:\/\/www.africa-press.net\/cotedivoire\/politique\/cote-divoire-rentree-politique-de-la-junci-adama-bictogo-a-propos-de-la-succession-de-ouattara-il-ny-a-pas-dambitions-daucun-dentre-nous-sans-sa-volonte"},"wordCount":1178,"commentCount":0,"image":{"@id":"https:\/\/www.africa-press.net\/cotedivoire\/politique\/cote-divoire-rentree-politique-de-la-junci-adama-bictogo-a-propos-de-la-succession-de-ouattara-il-ny-a-pas-dambitions-daucun-dentre-nous-sans-sa-volonte#primaryimage"},"thumbnailUrl":"https:\/\/static.africa-press.net\/cote\/sites\/43\/2021\/09\/img-614871a31b7ee.jpg","keywords":["5\u1d49 \u00e9dition","Adama Bictogo","Africa Press","Africa Press-C\u00f4te d'Ivoire","C\u00d4TE D'IVOIRE","Jeunesse unie pour la nouvelle C\u00f4te d'Ivoire","JUNCI","rentr\u00e9e politique"],"articleSection":["homepage-french","Politique","Toutes les actualit\u00e9s"],"inLanguage":"fr-FR","potentialAction":[{"@type":"CommentAction","name":"Comment","target":["https:\/\/www.africa-press.net\/cotedivoire\/politique\/cote-divoire-rentree-politique-de-la-junci-adama-bictogo-a-propos-de-la-succession-de-ouattara-il-ny-a-pas-dambitions-daucun-dentre-nous-sans-sa-volonte#respond"]}]},{"@type":"WebPage","@id":"https:\/\/www.africa-press.net\/cotedivoire\/politique\/cote-divoire-rentree-politique-de-la-junci-adama-bictogo-a-propos-de-la-succession-de-ouattara-il-ny-a-pas-dambitions-daucun-dentre-nous-sans-sa-volonte","url":"https:\/\/www.africa-press.net\/cotedivoire\/politique\/cote-divoire-rentree-politique-de-la-junci-adama-bictogo-a-propos-de-la-succession-de-ouattara-il-ny-a-pas-dambitions-daucun-dentre-nous-sans-sa-volonte","name":"Rentr\u00e9e politique de la JUNCI, Adama Bictogo \u00e0 propos de la succession de Ouattara : \u00ab il n'y a pas d'ambitions d'aucun d'entre nous sans sa volont\u00e9 \u00bb - C\u00f4te d&#039;Ivoire","isPartOf":{"@id":"https:\/\/www.africa-press.net\/cotedivoire\/#website"},"primaryImageOfPage":{"@id":"https:\/\/www.africa-press.net\/cotedivoire\/politique\/cote-divoire-rentree-politique-de-la-junci-adama-bictogo-a-propos-de-la-succession-de-ouattara-il-ny-a-pas-dambitions-daucun-dentre-nous-sans-sa-volonte#primaryimage"},"image":{"@id":"https:\/\/www.africa-press.net\/cotedivoire\/politique\/cote-divoire-rentree-politique-de-la-junci-adama-bictogo-a-propos-de-la-succession-de-ouattara-il-ny-a-pas-dambitions-daucun-dentre-nous-sans-sa-volonte#primaryimage"},"thumbnailUrl":"https:\/\/static.africa-press.net\/cote\/sites\/43\/2021\/09\/img-614871a31b7ee.jpg","datePublished":"2021-09-20T13:02:12+00:00","dateModified":"2021-09-20T13:54:22+00:00","author":{"@id":"https:\/\/www.africa-press.net\/cotedivoire\/#\/schema\/person\/2b1cf3cd81a31e3cd26889ca66d677f1"},"description":"Adama Bictogo La 5\u1d49 \u00e9dition de la rentr\u00e9e politique de la Jeunesse unie pour la nouvelle C\u00f4te d'Ivoire (JUNCI), ...","breadcrumb":{"@id":"https:\/\/www.africa-press.net\/cotedivoire\/politique\/cote-divoire-rentree-politique-de-la-junci-adama-bictogo-a-propos-de-la-succession-de-ouattara-il-ny-a-pas-dambitions-daucun-dentre-nous-sans-sa-volonte#breadcrumb"},"inLanguage":"fr-FR","potentialAction":[{"@type":"ReadAction","target":["https:\/\/www.africa-press.net\/cotedivoire\/politique\/cote-divoire-rentree-politique-de-la-junci-adama-bictogo-a-propos-de-la-succession-de-ouattara-il-ny-a-pas-dambitions-daucun-dentre-nous-sans-sa-volonte"]}]},{"@type":"ImageObject","inLanguage":"fr-FR","@id":"https:\/\/www.africa-press.net\/cotedivoire\/politique\/cote-divoire-rentree-politique-de-la-junci-adama-bictogo-a-propos-de-la-succession-de-ouattara-il-ny-a-pas-dambitions-daucun-dentre-nous-sans-sa-volonte#primaryimage","url":"https:\/\/static.africa-press.net\/cote\/sites\/43\/2021\/09\/img-614871a31b7ee.jpg","contentUrl":"https:\/\/static.africa-press.net\/cote\/sites\/43\/2021\/09\/img-614871a31b7ee.jpg","width":720,"height":480,"caption":"C\u00f4te d'Ivoire : Rentr\u00e9e politique de la JUNCI, Adama Bictogo \u00e0 propos de la succession de Ouattara : \u00ab il n'y a pas d'ambitions d'aucun d'entre nous sans sa volont\u00e9 \u00bb"},{"@type":"BreadcrumbList","@id":"https:\/\/www.africa-press.net\/cotedivoire\/politique\/cote-divoire-rentree-politique-de-la-junci-adama-bictogo-a-propos-de-la-succession-de-ouattara-il-ny-a-pas-dambitions-daucun-dentre-nous-sans-sa-volonte#breadcrumb","itemListElement":[{"@type":"ListItem","position":1,"name":"Accueil","item":"https:\/\/www.africa-press.net\/cotedivoire\/"},{"@type":"ListItem","position":2,"name":"Rentr\u00e9e politique de la JUNCI, Adama Bictogo \u00e0 propos de la succession de Ouattara : \u00ab il n&#8217;y a pas d&#8217;ambitions d&#8217;aucun d&#8217;entre nous sans sa volont\u00e9 \u00bb"}]},{"@type":"WebSite","@id":"https:\/\/www.africa-press.net\/cotedivoire\/#website","url":"https:\/\/www.africa-press.net\/cotedivoire\/","name":"C\u00f4te d&#039;Ivoire","description":"Just another Africa News Agency Sites site","potentialAction":[{"@type":"SearchAction","target":{"@type":"EntryPoint","urlTemplate":"https:\/\/www.africa-press.net\/cotedivoire\/?s={search_term_string}"},"query-input":{"@type":"PropertyValueSpecification","valueRequired":true,"valueName":"search_term_string"}}],"inLanguage":"fr-FR"},{"@type":"Person","@id":"https:\/\/www.africa-press.net\/cotedivoire\/#\/schema\/person\/2b1cf3cd81a31e3cd26889ca66d677f1","name":"cfeditorfr"}]}},"_links":{"self":[{"href":"https:\/\/www.africa-press.net\/cotedivoire\/wp-json\/wp\/v2\/posts\/15599","targetHints":{"allow":["GET"]}}],"collection":[{"href":"https:\/\/www.africa-press.net\/cotedivoire\/wp-json\/wp\/v2\/posts"}],"about":[{"href":"https:\/\/www.africa-press.net\/cotedivoire\/wp-json\/wp\/v2\/types\/post"}],"author":[{"embeddable":true,"href":"https:\/\/www.africa-press.net\/cotedivoire\/wp-json\/wp\/v2\/users\/82"}],"replies":[{"embeddable":true,"href":"https:\/\/www.africa-press.net\/cotedivoire\/wp-json\/wp\/v2\/comments?post=15599"}],"version-history":[{"count":0,"href":"https:\/\/www.africa-press.net\/cotedivoire\/wp-json\/wp\/v2\/posts\/15599\/revisions"}],"wp:featuredmedia":[{"embeddable":true,"href":"https:\/\/www.africa-press.net\/cotedivoire\/wp-json\/wp\/v2\/media\/15598"}],"wp:attachment":[{"href":"https:\/\/www.africa-press.net\/cotedivoire\/wp-json\/wp\/v2\/media?parent=15599"}],"wp:term":[{"taxonomy":"category","embeddable":true,"href":"https:\/\/www.africa-press.net\/cotedivoire\/wp-json\/wp\/v2\/categories?post=15599"},{"taxonomy":"post_tag","embeddable":true,"href":"https:\/\/www.africa-press.net\/cotedivoire\/wp-json\/wp\/v2\/tags?post=15599"}],"curies":[{"name":"wp","href":"https:\/\/api.w.org\/{rel}","templated":true}]}}