{"id":15623,"date":"2021-09-20T14:04:04","date_gmt":"2021-09-20T14:04:04","guid":{"rendered":"https:\/\/www.africa-press.net\/cotedivoire\/?p=15623"},"modified":"2021-10-03T20:43:57","modified_gmt":"2021-10-03T20:43:57","slug":"cote-divoire-au-congres-du-cap-udd-pickass-affirme-que-la-place-de-gervais-coulibaly-est-aupres-de-gbagbo","status":"publish","type":"post","link":"https:\/\/www.africa-press.net\/cotedivoire\/politique\/cote-divoire-au-congres-du-cap-udd-pickass-affirme-que-la-place-de-gervais-coulibaly-est-aupres-de-gbagbo","title":{"rendered":"Au congr\u00e8s du CAP-UDD, Pickass affirme que la place de Gervais Coulibaly est aupr\u00e8s de   Gbagbo"},"content":{"rendered":"<p><span style=\"color: #ff6600\"><strong><a href=\"https:\/\/www.africa-press.net\/\">Africa-Press<\/a> &#8211; <a href=\"https:\/\/www.africa-press.net\/cotedivoire\">C\u00f4te d&rsquo;Ivoire<\/a>. <\/strong><\/span>Damana Pickass et Gervais Coulibaly<\/p>\n<p>le Cap-Unir pour la d\u00e9mocratie et le d\u00e9veloppement (Cap-Udd) le week-end dernier.<\/p>\n<p>\u00c0 ce rendez-vous des partisans de l&rsquo;ancien vice-pr\u00e9sident de la commission \u00e9lectorale ind\u00e9pendante (CEI), Damana Adia Pickass a appel\u00e9 au rassemblement autour du nouveau parti politique en gestation.<\/p>\n<p>Il a fait remarquer qu&rsquo;avec le retour au Pays de l&rsquo;ex-pr\u00e9sident ivoirien, c&rsquo;est une autre trajectoire de l&rsquo;histoire qui est abord\u00e9e.<\/p>\n<p>La mise en place de ce nouvel instrument politique, Damana Pickass affirmera que c&rsquo;est pour r\u00e9pondre aux attentes des populations, \u00e0 la d\u00e9mocratisation et \u00e0 la modernisation de la C\u00f4te d&rsquo;Ivoire .<\/p>\n<p>\u00ab\u00a0Ce nouveau parti sera un instrument d&rsquo;unit\u00e9 pour que les Ivoiriens \u00e9pris de paix, de r\u00e9conciliation, de coh\u00e9sion et de fraternit\u00e9 puissent trouver l\u00e0, le creus\u00e9 de se mettre ensemble de sorte que dans une dynamique collective, nous puissions poursuivre la marche de ce pays vers son d\u00e9veloppement et sa d\u00e9mocratisation.\u00a0\u00bb, a-t-il dit.<\/p>\n<p>Enfin, Damana Pickass a affirm\u00e9 que l&rsquo;id\u00e9e de la cr\u00e9ation de ce Parti politique est un projet inclusif qui n&rsquo;exclut personne. Un projet dans lequel tout Ivoirien a sa place dira-t-il, car il serait paradoxal d&rsquo;appeler \u00e0 un rassemblement et en m\u00eame temps vouloir exclure des personnes, a-t-il martel\u00e9.<\/p>\n<p>\u00ab\u00a0Tous les Ivoiriens ont leurs places dans ce projet de port\u00e9e nationale, j&rsquo;\u00e9mets le souhait de vous retrouver dans cette marche pour la d\u00e9mocratisation de la C\u00f4te d&rsquo;Ivoire aupr\u00e8s du pr\u00e9sident Laurent Gbagbo. Nous vous attendons, nous attendons le CAP UDD.\u00a0\u00bb, a-t-il lanc\u00e9 \u00e0 l&rsquo;endroit de Gervais Coulibaly.<\/p>\n<p>&nbsp;<\/p>\n","protected":false},"excerpt":{"rendered":"<p>Africa-Press &#8211; C\u00f4te d&rsquo;Ivoire. Damana Pickass et Gervais Coulibaly le Cap-Unir pour la d\u00e9mocratie et le d\u00e9veloppement (Cap-Udd) le week-end dernier. \u00c0 ce rendez-vous des partisans de l&rsquo;ancien vice-pr\u00e9sident de la commission \u00e9lectorale ind\u00e9pendante (CEI), Damana Adia Pickass a appel\u00e9 au rassemblement autour du nouveau parti politique en gestation. Il a fait remarquer qu&rsquo;avec le [&hellip;]<\/p>\n","protected":false},"author":82,"featured_media":15622,"comment_status":"open","ping_status":"closed","sticky":false,"template":"","format":"standard","meta":{"footnotes":""},"categories":[11,4,2,10],"tags":[56,63,1490,1316,29,1209,1489,1233],"class_list":["post-15623","post","type-post","status-publish","format-standard","has-post-thumbnail","hentry","category-homepage-french","category-parties","category-politique","category-toutes-les-actualites","tag-africa-press","tag-africa-press-cote-divoire","tag-cap","tag-cei","tag-cote-divoire","tag-damana","tag-gervais-coulibaly","tag-pickass"],"yoast_head":"<!-- This site is optimized with the Yoast SEO Premium plugin v26.1 (Yoast SEO v27.0) - https:\/\/yoast.com\/product\/yoast-seo-premium-wordpress\/ -->\n<title>Au congr\u00e8s du CAP-UDD, Pickass affirme que la place de Gervais Coulibaly est aupr\u00e8s de  Gbagbo - C\u00f4te d&#039;Ivoire<\/title>\n<meta name=\"description\" content=\"Damana Pickass et Gervais Coulibaly (Ph KOACI) Damana Adia Pickass \u00e9tait l&#039;invit\u00e9 du congr\u00e8s extraordinaire du Parti de ...\" \/>\n<meta name=\"robots\" content=\"index, follow, max-snippet:-1, max-image-preview:large, max-video-preview:-1\" \/>\n<link rel=\"canonical\" href=\"https:\/\/www.africa-press.net\/cotedivoire\/politique\/cote-divoire-au-congres-du-cap-udd-pickass-affirme-que-la-place-de-gervais-coulibaly-est-aupres-de-gbagbo\" \/>\n<meta property=\"og:locale\" content=\"fr_FR\" \/>\n<meta property=\"og:type\" content=\"article\" \/>\n<meta property=\"og:title\" content=\"Au congr\u00e8s du CAP-UDD, Pickass affirme que la place de Gervais Coulibaly est aupr\u00e8s de  Gbagbo\" \/>\n<meta property=\"og:description\" content=\"Damana Pickass et Gervais Coulibaly (Ph KOACI) Damana Adia Pickass \u00e9tait l&#039;invit\u00e9 du congr\u00e8s extraordinaire du Parti de ...\" \/>\n<meta property=\"og:url\" content=\"https:\/\/www.africa-press.net\/cotedivoire\/politique\/cote-divoire-au-congres-du-cap-udd-pickass-affirme-que-la-place-de-gervais-coulibaly-est-aupres-de-gbagbo\" \/>\n<meta property=\"og:site_name\" content=\"C\u00f4te d&#039;Ivoire\" \/>\n<meta property=\"article:published_time\" content=\"2021-09-20T14:04:04+00:00\" \/>\n<meta property=\"article:modified_time\" content=\"2021-10-03T20:43:57+00:00\" \/>\n<meta property=\"og:image\" content=\"https:\/\/static.africa-press.net\/cote\/sites\/43\/2021\/09\/img-614872c5e3a29.jpg\" \/>\n\t<meta property=\"og:image:width\" content=\"720\" \/>\n\t<meta property=\"og:image:height\" content=\"500\" \/>\n\t<meta property=\"og:image:type\" content=\"image\/jpeg\" \/>\n<meta name=\"author\" content=\"cfeditorfr\" \/>\n<meta name=\"twitter:card\" content=\"summary_large_image\" \/>\n<meta name=\"twitter:label1\" content=\"\u00c9crit par\" \/>\n\t<meta name=\"twitter:data1\" content=\"cfeditorfr\" \/>\n\t<meta name=\"twitter:label2\" content=\"Dur\u00e9e de lecture estim\u00e9e\" \/>\n\t<meta name=\"twitter:data2\" content=\"2 minutes\" \/>\n<script type=\"application\/ld+json\" class=\"yoast-schema-graph\">{\"@context\":\"https:\/\/schema.org\",\"@graph\":[{\"@type\":\"Article\",\"@id\":\"https:\/\/www.africa-press.net\/cotedivoire\/politique\/cote-divoire-au-congres-du-cap-udd-pickass-affirme-que-la-place-de-gervais-coulibaly-est-aupres-de-gbagbo#article\",\"isPartOf\":{\"@id\":\"https:\/\/www.africa-press.net\/cotedivoire\/politique\/cote-divoire-au-congres-du-cap-udd-pickass-affirme-que-la-place-de-gervais-coulibaly-est-aupres-de-gbagbo\"},\"author\":{\"name\":\"cfeditorfr\",\"@id\":\"https:\/\/www.africa-press.net\/cotedivoire\/#\/schema\/person\/2b1cf3cd81a31e3cd26889ca66d677f1\"},\"headline\":\"Au congr\u00e8s du CAP-UDD, Pickass affirme que la place de Gervais Coulibaly est aupr\u00e8s de Gbagbo\",\"datePublished\":\"2021-09-20T14:04:04+00:00\",\"dateModified\":\"2021-10-03T20:43:57+00:00\",\"mainEntityOfPage\":{\"@id\":\"https:\/\/www.africa-press.net\/cotedivoire\/politique\/cote-divoire-au-congres-du-cap-udd-pickass-affirme-que-la-place-de-gervais-coulibaly-est-aupres-de-gbagbo\"},\"wordCount\":302,\"commentCount\":0,\"image\":{\"@id\":\"https:\/\/www.africa-press.net\/cotedivoire\/politique\/cote-divoire-au-congres-du-cap-udd-pickass-affirme-que-la-place-de-gervais-coulibaly-est-aupres-de-gbagbo#primaryimage\"},\"thumbnailUrl\":\"https:\/\/static.africa-press.net\/cote\/sites\/43\/2021\/09\/img-614872c5e3a29.jpg\",\"keywords\":[\"Africa Press\",\"Africa Press-C\u00f4te d'Ivoire\",\"Cap\",\"Cei\",\"C\u00d4TE D'IVOIRE\",\"Damana\",\"Gervais Coulibaly\",\"Pickass\"],\"articleSection\":[\"homepage-french\",\"Parties\",\"Politique\",\"Toutes les actualit\u00e9s\"],\"inLanguage\":\"fr-FR\",\"potentialAction\":[{\"@type\":\"CommentAction\",\"name\":\"Comment\",\"target\":[\"https:\/\/www.africa-press.net\/cotedivoire\/politique\/cote-divoire-au-congres-du-cap-udd-pickass-affirme-que-la-place-de-gervais-coulibaly-est-aupres-de-gbagbo#respond\"]}]},{\"@type\":\"WebPage\",\"@id\":\"https:\/\/www.africa-press.net\/cotedivoire\/politique\/cote-divoire-au-congres-du-cap-udd-pickass-affirme-que-la-place-de-gervais-coulibaly-est-aupres-de-gbagbo\",\"url\":\"https:\/\/www.africa-press.net\/cotedivoire\/politique\/cote-divoire-au-congres-du-cap-udd-pickass-affirme-que-la-place-de-gervais-coulibaly-est-aupres-de-gbagbo\",\"name\":\"Au congr\u00e8s du CAP-UDD, Pickass affirme que la place de Gervais Coulibaly est aupr\u00e8s de Gbagbo - C\u00f4te d&#039;Ivoire\",\"isPartOf\":{\"@id\":\"https:\/\/www.africa-press.net\/cotedivoire\/#website\"},\"primaryImageOfPage\":{\"@id\":\"https:\/\/www.africa-press.net\/cotedivoire\/politique\/cote-divoire-au-congres-du-cap-udd-pickass-affirme-que-la-place-de-gervais-coulibaly-est-aupres-de-gbagbo#primaryimage\"},\"image\":{\"@id\":\"https:\/\/www.africa-press.net\/cotedivoire\/politique\/cote-divoire-au-congres-du-cap-udd-pickass-affirme-que-la-place-de-gervais-coulibaly-est-aupres-de-gbagbo#primaryimage\"},\"thumbnailUrl\":\"https:\/\/static.africa-press.net\/cote\/sites\/43\/2021\/09\/img-614872c5e3a29.jpg\",\"datePublished\":\"2021-09-20T14:04:04+00:00\",\"dateModified\":\"2021-10-03T20:43:57+00:00\",\"author\":{\"@id\":\"https:\/\/www.africa-press.net\/cotedivoire\/#\/schema\/person\/2b1cf3cd81a31e3cd26889ca66d677f1\"},\"description\":\"Damana Pickass et Gervais Coulibaly (Ph KOACI) Damana Adia Pickass \u00e9tait l'invit\u00e9 du congr\u00e8s extraordinaire du Parti de ...\",\"breadcrumb\":{\"@id\":\"https:\/\/www.africa-press.net\/cotedivoire\/politique\/cote-divoire-au-congres-du-cap-udd-pickass-affirme-que-la-place-de-gervais-coulibaly-est-aupres-de-gbagbo#breadcrumb\"},\"inLanguage\":\"fr-FR\",\"potentialAction\":[{\"@type\":\"ReadAction\",\"target\":[\"https:\/\/www.africa-press.net\/cotedivoire\/politique\/cote-divoire-au-congres-du-cap-udd-pickass-affirme-que-la-place-de-gervais-coulibaly-est-aupres-de-gbagbo\"]}]},{\"@type\":\"ImageObject\",\"inLanguage\":\"fr-FR\",\"@id\":\"https:\/\/www.africa-press.net\/cotedivoire\/politique\/cote-divoire-au-congres-du-cap-udd-pickass-affirme-que-la-place-de-gervais-coulibaly-est-aupres-de-gbagbo#primaryimage\",\"url\":\"https:\/\/static.africa-press.net\/cote\/sites\/43\/2021\/09\/img-614872c5e3a29.jpg\",\"contentUrl\":\"https:\/\/static.africa-press.net\/cote\/sites\/43\/2021\/09\/img-614872c5e3a29.jpg\",\"width\":720,\"height\":500,\"caption\":\"C\u00f4te d'Ivoire : Au congr\u00e8s du CAP-UDD, Pickass affirme que la place de Gervais Coulibaly est aupr\u00e8s de Gbagbo\"},{\"@type\":\"BreadcrumbList\",\"@id\":\"https:\/\/www.africa-press.net\/cotedivoire\/politique\/cote-divoire-au-congres-du-cap-udd-pickass-affirme-que-la-place-de-gervais-coulibaly-est-aupres-de-gbagbo#breadcrumb\",\"itemListElement\":[{\"@type\":\"ListItem\",\"position\":1,\"name\":\"Accueil\",\"item\":\"https:\/\/www.africa-press.net\/cotedivoire\/\"},{\"@type\":\"ListItem\",\"position\":2,\"name\":\"Au congr\u00e8s du CAP-UDD, Pickass affirme que la place de Gervais Coulibaly est aupr\u00e8s de Gbagbo\"}]},{\"@type\":\"WebSite\",\"@id\":\"https:\/\/www.africa-press.net\/cotedivoire\/#website\",\"url\":\"https:\/\/www.africa-press.net\/cotedivoire\/\",\"name\":\"C\u00f4te d&#039;Ivoire\",\"description\":\"Just another Africa News Agency Sites site\",\"potentialAction\":[{\"@type\":\"SearchAction\",\"target\":{\"@type\":\"EntryPoint\",\"urlTemplate\":\"https:\/\/www.africa-press.net\/cotedivoire\/?s={search_term_string}\"},\"query-input\":{\"@type\":\"PropertyValueSpecification\",\"valueRequired\":true,\"valueName\":\"search_term_string\"}}],\"inLanguage\":\"fr-FR\"},{\"@type\":\"Person\",\"@id\":\"https:\/\/www.africa-press.net\/cotedivoire\/#\/schema\/person\/2b1cf3cd81a31e3cd26889ca66d677f1\",\"name\":\"cfeditorfr\"}]}<\/script>\n<!-- \/ Yoast SEO Premium plugin. -->","yoast_head_json":{"title":"Au congr\u00e8s du CAP-UDD, Pickass affirme que la place de Gervais Coulibaly est aupr\u00e8s de  Gbagbo - C\u00f4te d&#039;Ivoire","description":"Damana Pickass et Gervais Coulibaly (Ph KOACI) Damana Adia Pickass \u00e9tait l'invit\u00e9 du congr\u00e8s extraordinaire du Parti de ...","robots":{"index":"index","follow":"follow","max-snippet":"max-snippet:-1","max-image-preview":"max-image-preview:large","max-video-preview":"max-video-preview:-1"},"canonical":"https:\/\/www.africa-press.net\/cotedivoire\/politique\/cote-divoire-au-congres-du-cap-udd-pickass-affirme-que-la-place-de-gervais-coulibaly-est-aupres-de-gbagbo","og_locale":"fr_FR","og_type":"article","og_title":"Au congr\u00e8s du CAP-UDD, Pickass affirme que la place de Gervais Coulibaly est aupr\u00e8s de  Gbagbo","og_description":"Damana Pickass et Gervais Coulibaly (Ph KOACI) Damana Adia Pickass \u00e9tait l'invit\u00e9 du congr\u00e8s extraordinaire du Parti de ...","og_url":"https:\/\/www.africa-press.net\/cotedivoire\/politique\/cote-divoire-au-congres-du-cap-udd-pickass-affirme-que-la-place-de-gervais-coulibaly-est-aupres-de-gbagbo","og_site_name":"C\u00f4te d&#039;Ivoire","article_published_time":"2021-09-20T14:04:04+00:00","article_modified_time":"2021-10-03T20:43:57+00:00","og_image":[{"width":720,"height":500,"url":"https:\/\/static.africa-press.net\/cote\/sites\/43\/2021\/09\/img-614872c5e3a29.jpg","type":"image\/jpeg"}],"author":"cfeditorfr","twitter_card":"summary_large_image","twitter_misc":{"\u00c9crit par":"cfeditorfr","Dur\u00e9e de lecture estim\u00e9e":"2 minutes"},"schema":{"@context":"https:\/\/schema.org","@graph":[{"@type":"Article","@id":"https:\/\/www.africa-press.net\/cotedivoire\/politique\/cote-divoire-au-congres-du-cap-udd-pickass-affirme-que-la-place-de-gervais-coulibaly-est-aupres-de-gbagbo#article","isPartOf":{"@id":"https:\/\/www.africa-press.net\/cotedivoire\/politique\/cote-divoire-au-congres-du-cap-udd-pickass-affirme-que-la-place-de-gervais-coulibaly-est-aupres-de-gbagbo"},"author":{"name":"cfeditorfr","@id":"https:\/\/www.africa-press.net\/cotedivoire\/#\/schema\/person\/2b1cf3cd81a31e3cd26889ca66d677f1"},"headline":"Au congr\u00e8s du CAP-UDD, Pickass affirme que la place de Gervais Coulibaly est aupr\u00e8s de Gbagbo","datePublished":"2021-09-20T14:04:04+00:00","dateModified":"2021-10-03T20:43:57+00:00","mainEntityOfPage":{"@id":"https:\/\/www.africa-press.net\/cotedivoire\/politique\/cote-divoire-au-congres-du-cap-udd-pickass-affirme-que-la-place-de-gervais-coulibaly-est-aupres-de-gbagbo"},"wordCount":302,"commentCount":0,"image":{"@id":"https:\/\/www.africa-press.net\/cotedivoire\/politique\/cote-divoire-au-congres-du-cap-udd-pickass-affirme-que-la-place-de-gervais-coulibaly-est-aupres-de-gbagbo#primaryimage"},"thumbnailUrl":"https:\/\/static.africa-press.net\/cote\/sites\/43\/2021\/09\/img-614872c5e3a29.jpg","keywords":["Africa Press","Africa Press-C\u00f4te d'Ivoire","Cap","Cei","C\u00d4TE D'IVOIRE","Damana","Gervais Coulibaly","Pickass"],"articleSection":["homepage-french","Parties","Politique","Toutes les actualit\u00e9s"],"inLanguage":"fr-FR","potentialAction":[{"@type":"CommentAction","name":"Comment","target":["https:\/\/www.africa-press.net\/cotedivoire\/politique\/cote-divoire-au-congres-du-cap-udd-pickass-affirme-que-la-place-de-gervais-coulibaly-est-aupres-de-gbagbo#respond"]}]},{"@type":"WebPage","@id":"https:\/\/www.africa-press.net\/cotedivoire\/politique\/cote-divoire-au-congres-du-cap-udd-pickass-affirme-que-la-place-de-gervais-coulibaly-est-aupres-de-gbagbo","url":"https:\/\/www.africa-press.net\/cotedivoire\/politique\/cote-divoire-au-congres-du-cap-udd-pickass-affirme-que-la-place-de-gervais-coulibaly-est-aupres-de-gbagbo","name":"Au congr\u00e8s du CAP-UDD, Pickass affirme que la place de Gervais Coulibaly est aupr\u00e8s de Gbagbo - C\u00f4te d&#039;Ivoire","isPartOf":{"@id":"https:\/\/www.africa-press.net\/cotedivoire\/#website"},"primaryImageOfPage":{"@id":"https:\/\/www.africa-press.net\/cotedivoire\/politique\/cote-divoire-au-congres-du-cap-udd-pickass-affirme-que-la-place-de-gervais-coulibaly-est-aupres-de-gbagbo#primaryimage"},"image":{"@id":"https:\/\/www.africa-press.net\/cotedivoire\/politique\/cote-divoire-au-congres-du-cap-udd-pickass-affirme-que-la-place-de-gervais-coulibaly-est-aupres-de-gbagbo#primaryimage"},"thumbnailUrl":"https:\/\/static.africa-press.net\/cote\/sites\/43\/2021\/09\/img-614872c5e3a29.jpg","datePublished":"2021-09-20T14:04:04+00:00","dateModified":"2021-10-03T20:43:57+00:00","author":{"@id":"https:\/\/www.africa-press.net\/cotedivoire\/#\/schema\/person\/2b1cf3cd81a31e3cd26889ca66d677f1"},"description":"Damana Pickass et Gervais Coulibaly (Ph KOACI) Damana Adia Pickass \u00e9tait l'invit\u00e9 du congr\u00e8s extraordinaire du Parti de ...","breadcrumb":{"@id":"https:\/\/www.africa-press.net\/cotedivoire\/politique\/cote-divoire-au-congres-du-cap-udd-pickass-affirme-que-la-place-de-gervais-coulibaly-est-aupres-de-gbagbo#breadcrumb"},"inLanguage":"fr-FR","potentialAction":[{"@type":"ReadAction","target":["https:\/\/www.africa-press.net\/cotedivoire\/politique\/cote-divoire-au-congres-du-cap-udd-pickass-affirme-que-la-place-de-gervais-coulibaly-est-aupres-de-gbagbo"]}]},{"@type":"ImageObject","inLanguage":"fr-FR","@id":"https:\/\/www.africa-press.net\/cotedivoire\/politique\/cote-divoire-au-congres-du-cap-udd-pickass-affirme-que-la-place-de-gervais-coulibaly-est-aupres-de-gbagbo#primaryimage","url":"https:\/\/static.africa-press.net\/cote\/sites\/43\/2021\/09\/img-614872c5e3a29.jpg","contentUrl":"https:\/\/static.africa-press.net\/cote\/sites\/43\/2021\/09\/img-614872c5e3a29.jpg","width":720,"height":500,"caption":"C\u00f4te d'Ivoire : Au congr\u00e8s du CAP-UDD, Pickass affirme que la place de Gervais Coulibaly est aupr\u00e8s de Gbagbo"},{"@type":"BreadcrumbList","@id":"https:\/\/www.africa-press.net\/cotedivoire\/politique\/cote-divoire-au-congres-du-cap-udd-pickass-affirme-que-la-place-de-gervais-coulibaly-est-aupres-de-gbagbo#breadcrumb","itemListElement":[{"@type":"ListItem","position":1,"name":"Accueil","item":"https:\/\/www.africa-press.net\/cotedivoire\/"},{"@type":"ListItem","position":2,"name":"Au congr\u00e8s du CAP-UDD, Pickass affirme que la place de Gervais Coulibaly est aupr\u00e8s de Gbagbo"}]},{"@type":"WebSite","@id":"https:\/\/www.africa-press.net\/cotedivoire\/#website","url":"https:\/\/www.africa-press.net\/cotedivoire\/","name":"C\u00f4te d&#039;Ivoire","description":"Just another Africa News Agency Sites site","potentialAction":[{"@type":"SearchAction","target":{"@type":"EntryPoint","urlTemplate":"https:\/\/www.africa-press.net\/cotedivoire\/?s={search_term_string}"},"query-input":{"@type":"PropertyValueSpecification","valueRequired":true,"valueName":"search_term_string"}}],"inLanguage":"fr-FR"},{"@type":"Person","@id":"https:\/\/www.africa-press.net\/cotedivoire\/#\/schema\/person\/2b1cf3cd81a31e3cd26889ca66d677f1","name":"cfeditorfr"}]}},"_links":{"self":[{"href":"https:\/\/www.africa-press.net\/cotedivoire\/wp-json\/wp\/v2\/posts\/15623","targetHints":{"allow":["GET"]}}],"collection":[{"href":"https:\/\/www.africa-press.net\/cotedivoire\/wp-json\/wp\/v2\/posts"}],"about":[{"href":"https:\/\/www.africa-press.net\/cotedivoire\/wp-json\/wp\/v2\/types\/post"}],"author":[{"embeddable":true,"href":"https:\/\/www.africa-press.net\/cotedivoire\/wp-json\/wp\/v2\/users\/82"}],"replies":[{"embeddable":true,"href":"https:\/\/www.africa-press.net\/cotedivoire\/wp-json\/wp\/v2\/comments?post=15623"}],"version-history":[{"count":0,"href":"https:\/\/www.africa-press.net\/cotedivoire\/wp-json\/wp\/v2\/posts\/15623\/revisions"}],"wp:featuredmedia":[{"embeddable":true,"href":"https:\/\/www.africa-press.net\/cotedivoire\/wp-json\/wp\/v2\/media\/15622"}],"wp:attachment":[{"href":"https:\/\/www.africa-press.net\/cotedivoire\/wp-json\/wp\/v2\/media?parent=15623"}],"wp:term":[{"taxonomy":"category","embeddable":true,"href":"https:\/\/www.africa-press.net\/cotedivoire\/wp-json\/wp\/v2\/categories?post=15623"},{"taxonomy":"post_tag","embeddable":true,"href":"https:\/\/www.africa-press.net\/cotedivoire\/wp-json\/wp\/v2\/tags?post=15623"}],"curies":[{"name":"wp","href":"https:\/\/api.w.org\/{rel}","templated":true}]}}