{"id":15960,"date":"2021-09-25T14:13:49","date_gmt":"2021-09-25T14:13:49","guid":{"rendered":"https:\/\/www.africa-press.net\/cotedivoire\/?p=15960"},"modified":"2021-09-25T18:21:44","modified_gmt":"2021-09-25T18:21:44","slug":"cote-divoire-bingerville-trois-ministres-de-la-culture-et-de-la-communication-presents-a-celebration-de-la-fete-de-generation-2021-a-elokate","status":"publish","type":"post","link":"https:\/\/www.africa-press.net\/cotedivoire\/culture-et-art\/cote-divoire-bingerville-trois-ministres-de-la-culture-et-de-la-communication-presents-a-celebration-de-la-fete-de-generation-2021-a-elokate","title":{"rendered":"Bingerville, trois ministres de la Culture et de la communication pr\u00e9sents \u00e0 c\u00e9l\u00e9bration de la f\u00eate de g\u00e9n\u00e9ration 2021 \u00e0 Elokat\u00e9"},"content":{"rendered":"<p><span style=\"color: #ff6600\"><strong><a href=\"https:\/\/www.africa-press.net\/\">Africa-Press<\/a> &#8211; <a href=\"https:\/\/www.africa-press.net\/cotedivoire\">C\u00f4te d&rsquo;Ivoire<\/a>.\u00a0 <\/strong><\/span>Le village d&rsquo;Elokat\u00e9, situ\u00e9 dans la Sous-pr\u00e9fecture de Bingerville, \u00e0 36 km de la ville d&rsquo;Abidjan a effectivement c\u00e9l\u00e9br\u00e9 sa f\u00eate de la maturit\u00e9 d\u00e9nomm\u00e9e \u00ab AFATCHWE 2021 \u00bb ou \u00ab FATCHWE 2021 \u00bb de la G\u00e9n\u00e9ration TCHAGBA, du 10 au 19 septembre 2021 avec pour th\u00e8me : \u00ab\u00a0Unit\u00e9, Paix et D\u00e9veloppement\u00a0\u00bb.<\/p>\n<p>Alors que, des membres de la g\u00e9n\u00e9ration Tchagba du village avaient pr\u00e9dit l&rsquo;h\u00e9catombe au cours de cette importante f\u00eate, puisque quelques jours plut\u00f4t ils avaient agress\u00e9 et humili\u00e9 le chef du village \u00e0 son domicile, les festivit\u00e9s se sont d\u00e9roul\u00e9es dans un calme total.<\/p>\n<p>Le comit\u00e9 d&rsquo;organisation a pu r\u00e9unir un parterre d&rsquo;invit\u00e9s et la participation active des autorit\u00e9s du village d&rsquo;ELOKATE, notamment le Patriarche, NANAN NANDJUI TCHIMON, le Chef du Village AFRAN ADJE et Le Chef de la G\u00e9n\u00e9ration TCHAGBA, TONGUI DANHO.<\/p>\n<p>L&rsquo;AFATCHWE 2021 \u00e9tait plac\u00e9e sous le parrainage de Adama KAMARA, Ministre de l&rsquo;Emploi et de la Protection sociale, sous la pr\u00e9sidence effective de BRUNO NABAGNE KONE, Ministre de la Construction, du Logement et de l&rsquo;Urbanisme, Parrain de la G\u00e9n\u00e9ration TCHAGBA et sous la co-pr\u00e9sidence d&rsquo;honneur de CLAUDE PAULIN DANHO, Ministre de la Promotion des Sports et de l&rsquo;Economie sportive, Pr\u00e9sident de l&rsquo;Union des Villes de C\u00f4te d&rsquo;Ivoire &lsquo;UVICOCI&rsquo;. Sans oublier, HARLETTE BADOU N&rsquo;GUESSAN KOUAME, Ministre de la Culture, et de l&rsquo;Industrie des Arts et du Spectacle, Marraine de la Cat\u00e9gorie Tchagba Agban.<\/p>\n<p>ABY RAOUL, Maire de la Commune de MARCORY, Parrain de la Cat\u00e9gorie TCHAGBA DONGBA, YSSOUF DOUMBIA, Maire de la Commune de BINGERVILLE, Parrain de la Cat\u00e9gorie TCHAGBA ASSOUKRO ont r\u00e9pondu \u00e0 l&rsquo;appel du comit\u00e9 d&rsquo;organisation.<\/p>\n<p>Cette f\u00eate avait pour invit\u00e9 sp\u00e9cial, Abdoulaye DIOP, Ministre S\u00e9n\u00e9galais de la Culture et de la Communication qui a fait le d\u00e9placement du village d&rsquo;Elokat\u00e9.<\/p>\n<p>Cliquez pour agrandir l&rsquo;image<\/p>\n<p>Selon les us et coutumes, le peuple ATCHAN (peuple Ebri\u00e9) pour marquer le passage \u00e0 l&rsquo;\u00e2ge adulte des femmes et des hommes, organise la f\u00eate de la maturit\u00e9, la f\u00eate de G\u00e9n\u00e9ration dite \u00ab AFATCHWE \u00bb ou \u00ab FATCHWE \u00bb en ethnie Ebri\u00e9. Cette f\u00eate traditionnelle, fait partie int\u00e9grante du patrimoine culturel du peuple Ebri\u00e9 et marque le passage d&rsquo;une \u00e9tape \u00e0 une autre dans la vie des femmes et hommes des classes d&rsquo;\u00e2ge qui composent une g\u00e9n\u00e9ration du village. D\u00e9sormais adultes, ces femmes et ces hommes sont aptes \u00e0 prendre la parole au cours des assembl\u00e9es, \u00e0 diriger et \u00e0 g\u00e9rer les affaires du village.<\/p>\n<p>La c\u00e9r\u00e9monie officielle de cette importante f\u00eate traditionnelle et culturelle a eu lieu le 10 septembre 2021 et a \u00e9t\u00e9 marqu\u00e9e par deux temps forts.<\/p>\n<p>La f\u00eate a d\u00e9marr\u00e9 par la procession des quatre (4) cat\u00e9gories composant la g\u00e9n\u00e9ration TCHAGBA dans la rue principale du village longue d&rsquo;environ 1,5 km et la parade devant les parrains et marraines de la c\u00e9r\u00e9monie, les autorit\u00e9s administratives, la chefferie du village d&rsquo;ELOKATE, le peuple ATCHAN venu de tous les villages \u00e9bri\u00e9s, et tous les invit\u00e9s. Les cat\u00e9gories \u00ab ASSOUKROU \u00bb (les benjamins), \u00ab AGBAN \u00bb (les cadets), D\u00d4NGBA \u00bb (les pu\u00een\u00e9s) et \u00ab DJ\u00c9HOU \u00bb (les a\u00een\u00e9s) ont successivement d\u00e9montr\u00e9 leur savoir-faire en mati\u00e8re de danses guerri\u00e8res avec leurs guerriers en ethnie \u00e9bri\u00e9 \u00ab TAPOGNAN \u00bb au son des chants traditionnels compos\u00e9s sp\u00e9cialement pour la circonstance et entonn\u00e9s par les femmes accompagn\u00e9es des hommes jouant aux instruments traditionnels. Conform\u00e9ment aux us et coutumes Ebri\u00e9s, chaque TAPOGNAN de chaque cat\u00e9gorie de la g\u00e9n\u00e9ration TCHAGBA a rendu hommage aux devanciers des g\u00e9n\u00e9rations ant\u00e9rieures qui sont par ordre d&rsquo;anciennet\u00e9 : les BL\u00c9SSOU\u00c9, les GNAND\u00d4 et les DOUGB\u00d4 (la g\u00e9n\u00e9ration sortante).<\/p>\n<p>Par ailleurs cette c\u00e9l\u00e9bration a \u00e9t\u00e9 marqu\u00e9e par la libation de Nanan Nandjui TCHIMON Dominique, suivie de l&rsquo;allocation de remerciement du Pr\u00e9sident du Comit\u00e9 d&rsquo;organisation et de la pr\u00e9sentation des nouveaux enfants qui ont fait leur int\u00e9gration dans les cat\u00e9gories de la g\u00e9n\u00e9ration TCHAGBA.<\/p>\n<p>Au nom de ces nouveaux enfants, Harlette Badou N&rsquo;Guessan Koaum\u00e9, Ministre de la Culture, et de l&rsquo;Industrie des Arts et du Spectacle, membre de la cat\u00e9gorie TCHAGBA AGBAN et marraine de ladite Cat\u00e9gorie a remerci\u00e9 le peuple ATCHAN d&rsquo;ELOKATE pour la tenue de cette importante c\u00e9r\u00e9monie traditionnelle \u00e0 laquelle sont attach\u00e9s tous les villages Ebri\u00e9s pour pr\u00e9server les us et coutumes ancestraux ATCHAN. Elle a aussi exprim\u00e9 sa fiert\u00e9 d&rsquo;appartenir \u00e0 la g\u00e9n\u00e9ration TCHAGBA \u00e0 l&rsquo;instar des nouveaux enfants.<\/p>\n<p>Adama KAMARA, Ministre de l&rsquo;Emploi et de la Protection sociale a remerci\u00e9 et f\u00e9licit\u00e9 le village et le Comit\u00e9 d&rsquo;organisation tout en les exhortant \u00e0 vivre dans la paix moteur de d\u00e9veloppement.<\/p>\n<p>Quant au chef du village d&rsquo;ELOKATE, il a rendu hommage \u00e0 toutes les autorit\u00e9s politique, administrative et coutumi\u00e8re et toutes les personnalit\u00e9s qui ont effectu\u00e9 le d\u00e9placement pour vivre, en toute qui\u00e9tude cet \u00e9v\u00e8nement.<\/p>\n<p>La c\u00e9r\u00e9monie officielle a pris fin avec la b\u00e9n\u00e9diction de Nanan Nandjui TCHIMON Dominique qui a lanc\u00e9 une colombe blanche pour symboliser la paix dans le village.<\/p>\n<p>&nbsp;<\/p>\n<p>&nbsp;<\/p>\n","protected":false},"excerpt":{"rendered":"<p>Africa-Press &#8211; C\u00f4te d&rsquo;Ivoire.\u00a0 Le village d&rsquo;Elokat\u00e9, situ\u00e9 dans la Sous-pr\u00e9fecture de Bingerville, \u00e0 36 km de la ville d&rsquo;Abidjan a effectivement c\u00e9l\u00e9br\u00e9 sa f\u00eate de la maturit\u00e9 d\u00e9nomm\u00e9e \u00ab AFATCHWE 2021 \u00bb ou \u00ab FATCHWE 2021 \u00bb de la G\u00e9n\u00e9ration TCHAGBA, du 10 au 19 septembre 2021 avec pour th\u00e8me : \u00ab\u00a0Unit\u00e9, Paix et [&hellip;]<\/p>\n","protected":false},"author":82,"featured_media":15959,"comment_status":"open","ping_status":"closed","sticky":false,"template":"","format":"standard","meta":{"footnotes":""},"categories":[5,11,10],"tags":[1535,56,63,29,1534,1536],"class_list":["post-15960","post","type-post","status-publish","format-standard","has-post-thumbnail","hentry","category-culture-et-art","category-homepage-french","category-toutes-les-actualites","tag-adama-kamara","tag-africa-press","tag-africa-press-cote-divoire","tag-cote-divoire","tag-elokate","tag-fete-de-generation"],"yoast_head":"<!-- This site is optimized with the Yoast SEO Premium plugin v26.1 (Yoast SEO v27.0) - https:\/\/yoast.com\/product\/yoast-seo-premium-wordpress\/ -->\n<title>Bingerville, trois ministres de la Culture et de la communication pr\u00e9sents \u00e0 c\u00e9l\u00e9bration de la f\u00eate de g\u00e9n\u00e9ration 2021 \u00e0 Elokat\u00e9 - C\u00f4te d&#039;Ivoire<\/title>\n<meta name=\"description\" content=\"Adama Kamara vendredi \u00e0 Bingerville Le village d&#039;Elokat\u00e9, situ\u00e9 dans la Sous-pr\u00e9fecture de Bingerville, \u00e0 36 km ...\" \/>\n<meta name=\"robots\" content=\"index, follow, max-snippet:-1, max-image-preview:large, max-video-preview:-1\" \/>\n<link rel=\"canonical\" href=\"https:\/\/www.africa-press.net\/cotedivoire\/culture-et-art\/cote-divoire-bingerville-trois-ministres-de-la-culture-et-de-la-communication-presents-a-celebration-de-la-fete-de-generation-2021-a-elokate\" \/>\n<meta property=\"og:locale\" content=\"fr_FR\" \/>\n<meta property=\"og:type\" content=\"article\" \/>\n<meta property=\"og:title\" content=\"Bingerville, trois ministres de la Culture et de la communication pr\u00e9sents \u00e0 c\u00e9l\u00e9bration de la f\u00eate de g\u00e9n\u00e9ration 2021 \u00e0 Elokat\u00e9\" \/>\n<meta property=\"og:description\" content=\"Adama Kamara vendredi \u00e0 Bingerville Le village d&#039;Elokat\u00e9, situ\u00e9 dans la Sous-pr\u00e9fecture de Bingerville, \u00e0 36 km ...\" \/>\n<meta property=\"og:url\" content=\"https:\/\/www.africa-press.net\/cotedivoire\/culture-et-art\/cote-divoire-bingerville-trois-ministres-de-la-culture-et-de-la-communication-presents-a-celebration-de-la-fete-de-generation-2021-a-elokate\" \/>\n<meta property=\"og:site_name\" content=\"C\u00f4te d&#039;Ivoire\" \/>\n<meta property=\"article:published_time\" content=\"2021-09-25T14:13:49+00:00\" \/>\n<meta property=\"article:modified_time\" content=\"2021-09-25T18:21:44+00:00\" \/>\n<meta property=\"og:image\" content=\"https:\/\/static.africa-press.net\/cote\/sites\/43\/2021\/09\/img-614f212eb7dbc.jpg\" \/>\n\t<meta property=\"og:image:width\" content=\"720\" \/>\n\t<meta property=\"og:image:height\" content=\"384\" \/>\n\t<meta property=\"og:image:type\" content=\"image\/jpeg\" \/>\n<meta name=\"author\" content=\"cfeditorfr\" \/>\n<meta name=\"twitter:card\" content=\"summary_large_image\" \/>\n<meta name=\"twitter:label1\" content=\"\u00c9crit par\" \/>\n\t<meta name=\"twitter:data1\" content=\"cfeditorfr\" \/>\n\t<meta name=\"twitter:label2\" content=\"Dur\u00e9e de lecture estim\u00e9e\" \/>\n\t<meta name=\"twitter:data2\" content=\"4 minutes\" \/>\n<script type=\"application\/ld+json\" class=\"yoast-schema-graph\">{\"@context\":\"https:\/\/schema.org\",\"@graph\":[{\"@type\":\"Article\",\"@id\":\"https:\/\/www.africa-press.net\/cotedivoire\/culture-et-art\/cote-divoire-bingerville-trois-ministres-de-la-culture-et-de-la-communication-presents-a-celebration-de-la-fete-de-generation-2021-a-elokate#article\",\"isPartOf\":{\"@id\":\"https:\/\/www.africa-press.net\/cotedivoire\/culture-et-art\/cote-divoire-bingerville-trois-ministres-de-la-culture-et-de-la-communication-presents-a-celebration-de-la-fete-de-generation-2021-a-elokate\"},\"author\":{\"name\":\"cfeditorfr\",\"@id\":\"https:\/\/www.africa-press.net\/cotedivoire\/#\/schema\/person\/2b1cf3cd81a31e3cd26889ca66d677f1\"},\"headline\":\"Bingerville, trois ministres de la Culture et de la communication pr\u00e9sents \u00e0 c\u00e9l\u00e9bration de la f\u00eate de g\u00e9n\u00e9ration 2021 \u00e0 Elokat\u00e9\",\"datePublished\":\"2021-09-25T14:13:49+00:00\",\"dateModified\":\"2021-09-25T18:21:44+00:00\",\"mainEntityOfPage\":{\"@id\":\"https:\/\/www.africa-press.net\/cotedivoire\/culture-et-art\/cote-divoire-bingerville-trois-ministres-de-la-culture-et-de-la-communication-presents-a-celebration-de-la-fete-de-generation-2021-a-elokate\"},\"wordCount\":941,\"commentCount\":0,\"image\":{\"@id\":\"https:\/\/www.africa-press.net\/cotedivoire\/culture-et-art\/cote-divoire-bingerville-trois-ministres-de-la-culture-et-de-la-communication-presents-a-celebration-de-la-fete-de-generation-2021-a-elokate#primaryimage\"},\"thumbnailUrl\":\"https:\/\/static.africa-press.net\/cote\/sites\/43\/2021\/09\/img-614f212eb7dbc.jpg\",\"keywords\":[\"Adama Kamara\",\"Africa Press\",\"Africa Press-C\u00f4te d'Ivoire\",\"C\u00d4TE D'IVOIRE\",\"Elokat\u00e9\",\"f\u00eate de g\u00e9n\u00e9ration\"],\"articleSection\":[\"Culture et Art\",\"homepage-french\",\"Toutes les actualit\u00e9s\"],\"inLanguage\":\"fr-FR\",\"potentialAction\":[{\"@type\":\"CommentAction\",\"name\":\"Comment\",\"target\":[\"https:\/\/www.africa-press.net\/cotedivoire\/culture-et-art\/cote-divoire-bingerville-trois-ministres-de-la-culture-et-de-la-communication-presents-a-celebration-de-la-fete-de-generation-2021-a-elokate#respond\"]}]},{\"@type\":\"WebPage\",\"@id\":\"https:\/\/www.africa-press.net\/cotedivoire\/culture-et-art\/cote-divoire-bingerville-trois-ministres-de-la-culture-et-de-la-communication-presents-a-celebration-de-la-fete-de-generation-2021-a-elokate\",\"url\":\"https:\/\/www.africa-press.net\/cotedivoire\/culture-et-art\/cote-divoire-bingerville-trois-ministres-de-la-culture-et-de-la-communication-presents-a-celebration-de-la-fete-de-generation-2021-a-elokate\",\"name\":\"Bingerville, trois ministres de la Culture et de la communication pr\u00e9sents \u00e0 c\u00e9l\u00e9bration de la f\u00eate de g\u00e9n\u00e9ration 2021 \u00e0 Elokat\u00e9 - C\u00f4te d&#039;Ivoire\",\"isPartOf\":{\"@id\":\"https:\/\/www.africa-press.net\/cotedivoire\/#website\"},\"primaryImageOfPage\":{\"@id\":\"https:\/\/www.africa-press.net\/cotedivoire\/culture-et-art\/cote-divoire-bingerville-trois-ministres-de-la-culture-et-de-la-communication-presents-a-celebration-de-la-fete-de-generation-2021-a-elokate#primaryimage\"},\"image\":{\"@id\":\"https:\/\/www.africa-press.net\/cotedivoire\/culture-et-art\/cote-divoire-bingerville-trois-ministres-de-la-culture-et-de-la-communication-presents-a-celebration-de-la-fete-de-generation-2021-a-elokate#primaryimage\"},\"thumbnailUrl\":\"https:\/\/static.africa-press.net\/cote\/sites\/43\/2021\/09\/img-614f212eb7dbc.jpg\",\"datePublished\":\"2021-09-25T14:13:49+00:00\",\"dateModified\":\"2021-09-25T18:21:44+00:00\",\"author\":{\"@id\":\"https:\/\/www.africa-press.net\/cotedivoire\/#\/schema\/person\/2b1cf3cd81a31e3cd26889ca66d677f1\"},\"description\":\"Adama Kamara vendredi \u00e0 Bingerville Le village d'Elokat\u00e9, situ\u00e9 dans la Sous-pr\u00e9fecture de Bingerville, \u00e0 36 km ...\",\"breadcrumb\":{\"@id\":\"https:\/\/www.africa-press.net\/cotedivoire\/culture-et-art\/cote-divoire-bingerville-trois-ministres-de-la-culture-et-de-la-communication-presents-a-celebration-de-la-fete-de-generation-2021-a-elokate#breadcrumb\"},\"inLanguage\":\"fr-FR\",\"potentialAction\":[{\"@type\":\"ReadAction\",\"target\":[\"https:\/\/www.africa-press.net\/cotedivoire\/culture-et-art\/cote-divoire-bingerville-trois-ministres-de-la-culture-et-de-la-communication-presents-a-celebration-de-la-fete-de-generation-2021-a-elokate\"]}]},{\"@type\":\"ImageObject\",\"inLanguage\":\"fr-FR\",\"@id\":\"https:\/\/www.africa-press.net\/cotedivoire\/culture-et-art\/cote-divoire-bingerville-trois-ministres-de-la-culture-et-de-la-communication-presents-a-celebration-de-la-fete-de-generation-2021-a-elokate#primaryimage\",\"url\":\"https:\/\/static.africa-press.net\/cote\/sites\/43\/2021\/09\/img-614f212eb7dbc.jpg\",\"contentUrl\":\"https:\/\/static.africa-press.net\/cote\/sites\/43\/2021\/09\/img-614f212eb7dbc.jpg\",\"width\":720,\"height\":384,\"caption\":\"C\u00f4te d'Ivoire : Bingerville, trois ministres de la Culture et de la communication pr\u00e9sents \u00e0 c\u00e9l\u00e9bration de la f\u00eate de g\u00e9n\u00e9ration 2021 \u00e0 Elokat\u00e9\"},{\"@type\":\"BreadcrumbList\",\"@id\":\"https:\/\/www.africa-press.net\/cotedivoire\/culture-et-art\/cote-divoire-bingerville-trois-ministres-de-la-culture-et-de-la-communication-presents-a-celebration-de-la-fete-de-generation-2021-a-elokate#breadcrumb\",\"itemListElement\":[{\"@type\":\"ListItem\",\"position\":1,\"name\":\"Accueil\",\"item\":\"https:\/\/www.africa-press.net\/cotedivoire\/\"},{\"@type\":\"ListItem\",\"position\":2,\"name\":\"Bingerville, trois ministres de la Culture et de la communication pr\u00e9sents \u00e0 c\u00e9l\u00e9bration de la f\u00eate de g\u00e9n\u00e9ration 2021 \u00e0 Elokat\u00e9\"}]},{\"@type\":\"WebSite\",\"@id\":\"https:\/\/www.africa-press.net\/cotedivoire\/#website\",\"url\":\"https:\/\/www.africa-press.net\/cotedivoire\/\",\"name\":\"C\u00f4te d&#039;Ivoire\",\"description\":\"Just another Africa News Agency Sites site\",\"potentialAction\":[{\"@type\":\"SearchAction\",\"target\":{\"@type\":\"EntryPoint\",\"urlTemplate\":\"https:\/\/www.africa-press.net\/cotedivoire\/?s={search_term_string}\"},\"query-input\":{\"@type\":\"PropertyValueSpecification\",\"valueRequired\":true,\"valueName\":\"search_term_string\"}}],\"inLanguage\":\"fr-FR\"},{\"@type\":\"Person\",\"@id\":\"https:\/\/www.africa-press.net\/cotedivoire\/#\/schema\/person\/2b1cf3cd81a31e3cd26889ca66d677f1\",\"name\":\"cfeditorfr\"}]}<\/script>\n<!-- \/ Yoast SEO Premium plugin. -->","yoast_head_json":{"title":"Bingerville, trois ministres de la Culture et de la communication pr\u00e9sents \u00e0 c\u00e9l\u00e9bration de la f\u00eate de g\u00e9n\u00e9ration 2021 \u00e0 Elokat\u00e9 - C\u00f4te d&#039;Ivoire","description":"Adama Kamara vendredi \u00e0 Bingerville Le village d'Elokat\u00e9, situ\u00e9 dans la Sous-pr\u00e9fecture de Bingerville, \u00e0 36 km ...","robots":{"index":"index","follow":"follow","max-snippet":"max-snippet:-1","max-image-preview":"max-image-preview:large","max-video-preview":"max-video-preview:-1"},"canonical":"https:\/\/www.africa-press.net\/cotedivoire\/culture-et-art\/cote-divoire-bingerville-trois-ministres-de-la-culture-et-de-la-communication-presents-a-celebration-de-la-fete-de-generation-2021-a-elokate","og_locale":"fr_FR","og_type":"article","og_title":"Bingerville, trois ministres de la Culture et de la communication pr\u00e9sents \u00e0 c\u00e9l\u00e9bration de la f\u00eate de g\u00e9n\u00e9ration 2021 \u00e0 Elokat\u00e9","og_description":"Adama Kamara vendredi \u00e0 Bingerville Le village d'Elokat\u00e9, situ\u00e9 dans la Sous-pr\u00e9fecture de Bingerville, \u00e0 36 km ...","og_url":"https:\/\/www.africa-press.net\/cotedivoire\/culture-et-art\/cote-divoire-bingerville-trois-ministres-de-la-culture-et-de-la-communication-presents-a-celebration-de-la-fete-de-generation-2021-a-elokate","og_site_name":"C\u00f4te d&#039;Ivoire","article_published_time":"2021-09-25T14:13:49+00:00","article_modified_time":"2021-09-25T18:21:44+00:00","og_image":[{"width":720,"height":384,"url":"https:\/\/static.africa-press.net\/cote\/sites\/43\/2021\/09\/img-614f212eb7dbc.jpg","type":"image\/jpeg"}],"author":"cfeditorfr","twitter_card":"summary_large_image","twitter_misc":{"\u00c9crit par":"cfeditorfr","Dur\u00e9e de lecture estim\u00e9e":"4 minutes"},"schema":{"@context":"https:\/\/schema.org","@graph":[{"@type":"Article","@id":"https:\/\/www.africa-press.net\/cotedivoire\/culture-et-art\/cote-divoire-bingerville-trois-ministres-de-la-culture-et-de-la-communication-presents-a-celebration-de-la-fete-de-generation-2021-a-elokate#article","isPartOf":{"@id":"https:\/\/www.africa-press.net\/cotedivoire\/culture-et-art\/cote-divoire-bingerville-trois-ministres-de-la-culture-et-de-la-communication-presents-a-celebration-de-la-fete-de-generation-2021-a-elokate"},"author":{"name":"cfeditorfr","@id":"https:\/\/www.africa-press.net\/cotedivoire\/#\/schema\/person\/2b1cf3cd81a31e3cd26889ca66d677f1"},"headline":"Bingerville, trois ministres de la Culture et de la communication pr\u00e9sents \u00e0 c\u00e9l\u00e9bration de la f\u00eate de g\u00e9n\u00e9ration 2021 \u00e0 Elokat\u00e9","datePublished":"2021-09-25T14:13:49+00:00","dateModified":"2021-09-25T18:21:44+00:00","mainEntityOfPage":{"@id":"https:\/\/www.africa-press.net\/cotedivoire\/culture-et-art\/cote-divoire-bingerville-trois-ministres-de-la-culture-et-de-la-communication-presents-a-celebration-de-la-fete-de-generation-2021-a-elokate"},"wordCount":941,"commentCount":0,"image":{"@id":"https:\/\/www.africa-press.net\/cotedivoire\/culture-et-art\/cote-divoire-bingerville-trois-ministres-de-la-culture-et-de-la-communication-presents-a-celebration-de-la-fete-de-generation-2021-a-elokate#primaryimage"},"thumbnailUrl":"https:\/\/static.africa-press.net\/cote\/sites\/43\/2021\/09\/img-614f212eb7dbc.jpg","keywords":["Adama Kamara","Africa Press","Africa Press-C\u00f4te d'Ivoire","C\u00d4TE D'IVOIRE","Elokat\u00e9","f\u00eate de g\u00e9n\u00e9ration"],"articleSection":["Culture et Art","homepage-french","Toutes les actualit\u00e9s"],"inLanguage":"fr-FR","potentialAction":[{"@type":"CommentAction","name":"Comment","target":["https:\/\/www.africa-press.net\/cotedivoire\/culture-et-art\/cote-divoire-bingerville-trois-ministres-de-la-culture-et-de-la-communication-presents-a-celebration-de-la-fete-de-generation-2021-a-elokate#respond"]}]},{"@type":"WebPage","@id":"https:\/\/www.africa-press.net\/cotedivoire\/culture-et-art\/cote-divoire-bingerville-trois-ministres-de-la-culture-et-de-la-communication-presents-a-celebration-de-la-fete-de-generation-2021-a-elokate","url":"https:\/\/www.africa-press.net\/cotedivoire\/culture-et-art\/cote-divoire-bingerville-trois-ministres-de-la-culture-et-de-la-communication-presents-a-celebration-de-la-fete-de-generation-2021-a-elokate","name":"Bingerville, trois ministres de la Culture et de la communication pr\u00e9sents \u00e0 c\u00e9l\u00e9bration de la f\u00eate de g\u00e9n\u00e9ration 2021 \u00e0 Elokat\u00e9 - C\u00f4te d&#039;Ivoire","isPartOf":{"@id":"https:\/\/www.africa-press.net\/cotedivoire\/#website"},"primaryImageOfPage":{"@id":"https:\/\/www.africa-press.net\/cotedivoire\/culture-et-art\/cote-divoire-bingerville-trois-ministres-de-la-culture-et-de-la-communication-presents-a-celebration-de-la-fete-de-generation-2021-a-elokate#primaryimage"},"image":{"@id":"https:\/\/www.africa-press.net\/cotedivoire\/culture-et-art\/cote-divoire-bingerville-trois-ministres-de-la-culture-et-de-la-communication-presents-a-celebration-de-la-fete-de-generation-2021-a-elokate#primaryimage"},"thumbnailUrl":"https:\/\/static.africa-press.net\/cote\/sites\/43\/2021\/09\/img-614f212eb7dbc.jpg","datePublished":"2021-09-25T14:13:49+00:00","dateModified":"2021-09-25T18:21:44+00:00","author":{"@id":"https:\/\/www.africa-press.net\/cotedivoire\/#\/schema\/person\/2b1cf3cd81a31e3cd26889ca66d677f1"},"description":"Adama Kamara vendredi \u00e0 Bingerville Le village d'Elokat\u00e9, situ\u00e9 dans la Sous-pr\u00e9fecture de Bingerville, \u00e0 36 km ...","breadcrumb":{"@id":"https:\/\/www.africa-press.net\/cotedivoire\/culture-et-art\/cote-divoire-bingerville-trois-ministres-de-la-culture-et-de-la-communication-presents-a-celebration-de-la-fete-de-generation-2021-a-elokate#breadcrumb"},"inLanguage":"fr-FR","potentialAction":[{"@type":"ReadAction","target":["https:\/\/www.africa-press.net\/cotedivoire\/culture-et-art\/cote-divoire-bingerville-trois-ministres-de-la-culture-et-de-la-communication-presents-a-celebration-de-la-fete-de-generation-2021-a-elokate"]}]},{"@type":"ImageObject","inLanguage":"fr-FR","@id":"https:\/\/www.africa-press.net\/cotedivoire\/culture-et-art\/cote-divoire-bingerville-trois-ministres-de-la-culture-et-de-la-communication-presents-a-celebration-de-la-fete-de-generation-2021-a-elokate#primaryimage","url":"https:\/\/static.africa-press.net\/cote\/sites\/43\/2021\/09\/img-614f212eb7dbc.jpg","contentUrl":"https:\/\/static.africa-press.net\/cote\/sites\/43\/2021\/09\/img-614f212eb7dbc.jpg","width":720,"height":384,"caption":"C\u00f4te d'Ivoire : Bingerville, trois ministres de la Culture et de la communication pr\u00e9sents \u00e0 c\u00e9l\u00e9bration de la f\u00eate de g\u00e9n\u00e9ration 2021 \u00e0 Elokat\u00e9"},{"@type":"BreadcrumbList","@id":"https:\/\/www.africa-press.net\/cotedivoire\/culture-et-art\/cote-divoire-bingerville-trois-ministres-de-la-culture-et-de-la-communication-presents-a-celebration-de-la-fete-de-generation-2021-a-elokate#breadcrumb","itemListElement":[{"@type":"ListItem","position":1,"name":"Accueil","item":"https:\/\/www.africa-press.net\/cotedivoire\/"},{"@type":"ListItem","position":2,"name":"Bingerville, trois ministres de la Culture et de la communication pr\u00e9sents \u00e0 c\u00e9l\u00e9bration de la f\u00eate de g\u00e9n\u00e9ration 2021 \u00e0 Elokat\u00e9"}]},{"@type":"WebSite","@id":"https:\/\/www.africa-press.net\/cotedivoire\/#website","url":"https:\/\/www.africa-press.net\/cotedivoire\/","name":"C\u00f4te d&#039;Ivoire","description":"Just another Africa News Agency Sites site","potentialAction":[{"@type":"SearchAction","target":{"@type":"EntryPoint","urlTemplate":"https:\/\/www.africa-press.net\/cotedivoire\/?s={search_term_string}"},"query-input":{"@type":"PropertyValueSpecification","valueRequired":true,"valueName":"search_term_string"}}],"inLanguage":"fr-FR"},{"@type":"Person","@id":"https:\/\/www.africa-press.net\/cotedivoire\/#\/schema\/person\/2b1cf3cd81a31e3cd26889ca66d677f1","name":"cfeditorfr"}]}},"_links":{"self":[{"href":"https:\/\/www.africa-press.net\/cotedivoire\/wp-json\/wp\/v2\/posts\/15960","targetHints":{"allow":["GET"]}}],"collection":[{"href":"https:\/\/www.africa-press.net\/cotedivoire\/wp-json\/wp\/v2\/posts"}],"about":[{"href":"https:\/\/www.africa-press.net\/cotedivoire\/wp-json\/wp\/v2\/types\/post"}],"author":[{"embeddable":true,"href":"https:\/\/www.africa-press.net\/cotedivoire\/wp-json\/wp\/v2\/users\/82"}],"replies":[{"embeddable":true,"href":"https:\/\/www.africa-press.net\/cotedivoire\/wp-json\/wp\/v2\/comments?post=15960"}],"version-history":[{"count":0,"href":"https:\/\/www.africa-press.net\/cotedivoire\/wp-json\/wp\/v2\/posts\/15960\/revisions"}],"wp:featuredmedia":[{"embeddable":true,"href":"https:\/\/www.africa-press.net\/cotedivoire\/wp-json\/wp\/v2\/media\/15959"}],"wp:attachment":[{"href":"https:\/\/www.africa-press.net\/cotedivoire\/wp-json\/wp\/v2\/media?parent=15960"}],"wp:term":[{"taxonomy":"category","embeddable":true,"href":"https:\/\/www.africa-press.net\/cotedivoire\/wp-json\/wp\/v2\/categories?post=15960"},{"taxonomy":"post_tag","embeddable":true,"href":"https:\/\/www.africa-press.net\/cotedivoire\/wp-json\/wp\/v2\/tags?post=15960"}],"curies":[{"name":"wp","href":"https:\/\/api.w.org\/{rel}","templated":true}]}}