{"id":16018,"date":"2021-09-26T17:28:03","date_gmt":"2021-09-26T17:28:03","guid":{"rendered":"https:\/\/www.africa-press.net\/cotedivoire\/politique\/hemophilie-le-difficile-quotidien-de-junior-thiam"},"modified":"2021-09-26T17:44:58","modified_gmt":"2021-09-26T17:44:58","slug":"hemophilie-le-difficile-quotidien-de-junior-thiam","status":"publish","type":"post","link":"https:\/\/www.africa-press.net\/cotedivoire\/toutes-les-actualites\/hemophilie-le-difficile-quotidien-de-junior-thiam","title":{"rendered":"H\u00e9mophilie: Le difficile quotidien de Junior Thiam"},"content":{"rendered":"<p><span style=\"color: #ff6600\"><strong><a href=\"https:\/\/www.africa-press.net\/\">Africa-Press<\/a> &#8211; <a href=\"https:\/\/www.africa-press.net\/cotedivoire\">C\u00f4te d&rsquo;Ivoire<\/a>. <\/strong><\/span>Amadou Junior Thiam est un adolescent de 12 ans. Sa fine silhouette et les \u0153d\u00e8mes situ\u00e9s au niveau des genoux et de son coude t\u00e9moignent des effets de la maladie sur son jeune corps.<\/p>\n<p>La maman d&rsquo;Amadou Junior Thiam d\u00e9c\u00e8le assez t\u00f4t chez son fils les premiers sympt\u00f4mes de l&rsquo;h\u00e9mophilie.<\/p>\n<p>Junior Thiam, alors nourrisson \u00e9tait souvent en pleurs quand on le prenait dans les bras.<\/p>\n<p>Des ecchymoses se manifestaient \u00e9galement sur le corps du nourrisson. Pourtant, il ne subissait pas de violence physique.<\/p>\n<p>Autant de signaux d&rsquo;alarme qui poussent sa maman Jeanne Anna Dione \u00e0 emmener Junior Thiam en consultation \u00e0 l&rsquo;h\u00f4pital.<\/p>\n<p>Les analyses et autres tests r\u00e9v\u00e8lent qu&rsquo;il est atteint d&rsquo;h\u00e9mophilie. Une nouvelle qui change leur vie \u00e0 jamais.<\/p>\n<p>\u00a0\u00bb Il pouvait saigner pendant deux jours \u00ab\u00a0En effet, c&rsquo;est leur mode de vie se trouve totalement boulevers\u00e9. \u00a0\u00bb Il pouvait se mettre \u00e0 saigner pendant deux jours.<\/p>\n<p>\u00ab\u00a0Le soir, quand il se couche, je change les draps, trois \u00e0 quatre fois la nuit parce que sa bouche saignait constamment\u00a0\u00bb, confie la maman.<\/p>\n<p>Prendre en charge un enfant atteint d&rsquo;h\u00e9mophilie requiert une constante attention. Jeanne Anna Dione d\u00e9cide d&rsquo;abandonner son travail d&rsquo;assistante dans une entreprise pour se consacrer \u00e0 son fils.<\/p>\n<p>Au-del\u00e0 de la souffrance physique, l&rsquo;h\u00e9mophilie affecte \u00e9galement la vie sociale du jeune adolescent.<\/p>\n<p>\u00ab\u00a0Quand je tombe, \u00e7a me fait mal. Et quand je me cogne, je me blesse aussi. C&rsquo;est pendant la nuit que les douleurs commencent \u00e0 s&rsquo;intensifier\u00a0\u00bb, confie le fr\u00eale gar\u00e7onnet.<\/p>\n<p>A d\u00e9faut de pouvoir jouer au football, ou au basketball avec ses amis, il se r\u00e9fugie dans le dessin.<\/p>\n<p>Pour lui, dessiner est une fa\u00e7on d&rsquo;\u00e9chapper \u00e0 son quotidien et de se plonger dans le monde imaginaire des mangas qu&rsquo;il aime tant visionner \u00e0 la t\u00e9l\u00e9.<\/p>\n<p>S&rsquo;il n&rsquo;a pas leur force surnaturelle, il a su se forger une carapace pour mieux supporter sa maladie.<\/p>\n<p>Sympt\u00f4mes de l&rsquo;h\u00e9mophilie\u00a0\u00bbLa personne h\u00e9mophile va saigner, ce saignement peut subvenir de fa\u00e7on spontan\u00e9e ou apr\u00e8s un traumatisme, c&rsquo;est-\u00e0-dire (un saignement) provoqu\u00e9. Ces saignements peuvent \u00eatre externes ou internes. Chez l&rsquo;h\u00e9mophile, ce sont les saignements internes qui sont les plus fr\u00e9quents \u00ab\u00a0, d\u00e9clare Dr A\u00efssatou Tour\u00e9, h\u00e9matologue au centre de transfusion sanguine de Dakar, au S\u00e9n\u00e9gal.<\/p>\n<p>Dans le cas d&rsquo;Amadou Junior Thiam, les saignements et la douleur se manifestaient souvent la nuit. Jeanne Anna Dionne se souvient encore des nuits blanches qu&rsquo;elle a d\u00fb passer au chevet de son fils.<\/p>\n<p>Le short de Junior d\u00e9voile une enflure au niveau du genou droit. Il a d&rsquo;ailleurs du mal \u00e0 fl\u00e9chir cette jambe de m\u00eame que son coude.<\/p>\n<p>\u00a0\u00bb Les saignements internes vont si\u00e9ger surtout au niveau articulations. L&rsquo;articulation qui saigne va augmenter de volume, devenir douloureuse et chaude. L&rsquo;h\u00e9mophile aura du mal \u00e0 mobiliser cette articulation. \u00c7a peut si\u00e9ger \u00e9galement au niveau des muscles\u00a0\u00bb, d\u00e9clare Dr A\u00efssatou Tour\u00e9.<\/p>\n<p>L&rsquo;h\u00e9mophilie, une maladie h\u00e9r\u00e9ditaire Il existe plusieurs types d&rsquo;h\u00e9mophilie. La plus fr\u00e9quente est l&rsquo;h\u00e9mophilie de type A. Le sang des personnes atteintes d&rsquo;h\u00e9mophilie ne contient pas assez de facteurs VIII de coagulation. Les facteurs VIII et IX sont les g\u00e8nes responsables de l&rsquo;h\u00e9mophilie.<\/p>\n<p>C&rsquo;est une affection qui touche g\u00e9n\u00e9ralement les gar\u00e7ons, m\u00eame si ce sont les femmes qui en portent les g\u00e8nes.<\/p>\n<p>En effet, c&rsquo;est l&rsquo;un des chromosomes X de la femme qui porte les g\u00e8nes responsables de l&rsquo;h\u00e9mophilie. Puisque la femme porte deux chromosomes X, quand l&rsquo;un des chromosomes porte le g\u00e8ne de l&rsquo;h\u00e9mophilie, l&rsquo;autre compense cette anomalie.<\/p>\n<p>Les gar\u00e7ons par contre n&rsquo;ont qu&rsquo;un seul chromosome X et un autre Y, ils ne peuvent donc pas compenser cette anomalie.<\/p>\n<p>Dans la famille de Junior, les sympt\u00f4mes qu&rsquo;il a manifest\u00e9s durant son enfance, ressemblent \u00e9trangement \u00e0 ceux de son d\u00e9funt fr\u00e8re : Gaston.<\/p>\n<p>Jeanne Anna Dione se rem\u00e9more les pleurs et les ecchymoses que portait le fr\u00e8re de junior. Il se souvient par ailleurs d&rsquo;une blessure qu&rsquo;il avait au niveau des c\u00f4tes et qu&rsquo;elle a longuement saign\u00e9e.<\/p>\n<p>\u00ab\u00a0A cette \u00e9poque nous ne savions pas ce qu&rsquo;\u00e9tait l&rsquo;h\u00e9mophilie. Nous n&rsquo;avons pas fait de test, nous ne savions pas de quoi il souffrait \u00ab\u00a0, informe Jeanne Anna, le regard pensif.<\/p>\n<p>Une maladie rareSelon la World Federation of haemophilia, une personne sur 10 000 est touch\u00e9 par l&rsquo;h\u00e9mophilie. Toujours selon la m\u00eame source, en Afrique, moins de 5 % des cas d&rsquo;h\u00e9mophilie sont diagnostiqu\u00e9s.<\/p>\n<p>Les h\u00e9mophiles comme Amadou Junior Thiam ont besoin d&rsquo;injection r\u00e9guli\u00e8re de facteurs de coagulation afin de pr\u00e9venir les saignements.<\/p>\n<p>De nombreuses avanc\u00e9es ont \u00e9t\u00e9 r\u00e9alis\u00e9es dans le domaine du traitement de l&rsquo;h\u00e9mophilie. Malgr\u00e9 tous ces efforts, elle reste une maladie incurable. N\u00e9anmoins, Amadou Junior Thiam ne perd pas l&rsquo;espoir d&rsquo;une gu\u00e9rison d\u00e9finitive.<\/p>\n","protected":false},"excerpt":{"rendered":"<p>Africa-Press &#8211; C\u00f4te d&rsquo;Ivoire. Amadou Junior Thiam est un adolescent de 12 ans. Sa fine silhouette et les \u0153d\u00e8mes situ\u00e9s au niveau des genoux et de son coude t\u00e9moignent des effets de la maladie sur son jeune corps. La maman d&rsquo;Amadou Junior Thiam d\u00e9c\u00e8le assez t\u00f4t chez son fils les premiers sympt\u00f4mes de l&rsquo;h\u00e9mophilie. Junior [&hellip;]<\/p>\n","protected":false},"author":82,"featured_media":16017,"comment_status":"open","ping_status":"closed","sticky":false,"template":"","format":"standard","meta":{"footnotes":""},"categories":[22,11,10],"tags":[56,63,29,1546,1547],"class_list":["post-16018","post","type-post","status-publish","format-standard","has-post-thumbnail","hentry","category-divers","category-homepage-french","category-toutes-les-actualites","tag-africa-press","tag-africa-press-cote-divoire","tag-cote-divoire","tag-hemophilie","tag-thiam"],"yoast_head":"<!-- This site is optimized with the Yoast SEO Premium plugin v26.1 (Yoast SEO v27.0) - https:\/\/yoast.com\/product\/yoast-seo-premium-wordpress\/ -->\n<title>H\u00e9mophilie: Le difficile quotidien de Junior Thiam - C\u00f4te d&#039;Ivoire<\/title>\n<meta name=\"description\" content=\"Amadou Junior Thiam est un adolescent de 12 ans. Sa fine silhouette et les \u0153d\u00e8mes situ\u00e9s au niveau des genoux et de son ...\" \/>\n<meta name=\"robots\" content=\"index, follow, max-snippet:-1, max-image-preview:large, max-video-preview:-1\" \/>\n<link rel=\"canonical\" href=\"https:\/\/www.africa-press.net\/cotedivoire\/toutes-les-actualites\/hemophilie-le-difficile-quotidien-de-junior-thiam\" \/>\n<meta property=\"og:locale\" content=\"fr_FR\" \/>\n<meta property=\"og:type\" content=\"article\" \/>\n<meta property=\"og:title\" content=\"H\u00e9mophilie: Le difficile quotidien de Junior Thiam\" \/>\n<meta property=\"og:description\" content=\"Amadou Junior Thiam est un adolescent de 12 ans. Sa fine silhouette et les \u0153d\u00e8mes situ\u00e9s au niveau des genoux et de son ...\" \/>\n<meta property=\"og:url\" content=\"https:\/\/www.africa-press.net\/cotedivoire\/toutes-les-actualites\/hemophilie-le-difficile-quotidien-de-junior-thiam\" \/>\n<meta property=\"og:site_name\" content=\"C\u00f4te d&#039;Ivoire\" \/>\n<meta property=\"article:published_time\" content=\"2021-09-26T17:28:03+00:00\" \/>\n<meta property=\"article:modified_time\" content=\"2021-09-26T17:44:58+00:00\" \/>\n<meta property=\"og:image\" content=\"https:\/\/static.africa-press.net\/cote\/sites\/43\/2021\/09\/img-6150b1696c3f5.jpg\" \/>\n\t<meta property=\"og:image:width\" content=\"976\" \/>\n\t<meta property=\"og:image:height\" content=\"549\" \/>\n\t<meta property=\"og:image:type\" content=\"image\/jpeg\" \/>\n<meta name=\"author\" content=\"cfeditorfr\" \/>\n<meta name=\"twitter:card\" content=\"summary_large_image\" \/>\n<meta name=\"twitter:label1\" content=\"\u00c9crit par\" \/>\n\t<meta name=\"twitter:data1\" content=\"cfeditorfr\" \/>\n\t<meta name=\"twitter:label2\" content=\"Dur\u00e9e de lecture estim\u00e9e\" \/>\n\t<meta name=\"twitter:data2\" content=\"4 minutes\" \/>\n<script type=\"application\/ld+json\" class=\"yoast-schema-graph\">{\"@context\":\"https:\/\/schema.org\",\"@graph\":[{\"@type\":\"Article\",\"@id\":\"https:\/\/www.africa-press.net\/cotedivoire\/toutes-les-actualites\/hemophilie-le-difficile-quotidien-de-junior-thiam#article\",\"isPartOf\":{\"@id\":\"https:\/\/www.africa-press.net\/cotedivoire\/toutes-les-actualites\/hemophilie-le-difficile-quotidien-de-junior-thiam\"},\"author\":{\"name\":\"cfeditorfr\",\"@id\":\"https:\/\/www.africa-press.net\/cotedivoire\/#\/schema\/person\/2b1cf3cd81a31e3cd26889ca66d677f1\"},\"headline\":\"H\u00e9mophilie: Le difficile quotidien de Junior Thiam\",\"datePublished\":\"2021-09-26T17:28:03+00:00\",\"dateModified\":\"2021-09-26T17:44:58+00:00\",\"mainEntityOfPage\":{\"@id\":\"https:\/\/www.africa-press.net\/cotedivoire\/toutes-les-actualites\/hemophilie-le-difficile-quotidien-de-junior-thiam\"},\"wordCount\":889,\"commentCount\":0,\"image\":{\"@id\":\"https:\/\/www.africa-press.net\/cotedivoire\/toutes-les-actualites\/hemophilie-le-difficile-quotidien-de-junior-thiam#primaryimage\"},\"thumbnailUrl\":\"https:\/\/static.africa-press.net\/cote\/sites\/43\/2021\/09\/img-6150b1696c3f5.jpg\",\"keywords\":[\"Africa Press\",\"Africa Press-C\u00f4te d'Ivoire\",\"C\u00d4TE D'IVOIRE\",\"H\u00e9mophilie\",\"Thiam\"],\"articleSection\":[\"Divers\",\"homepage-french\",\"Toutes les actualit\u00e9s\"],\"inLanguage\":\"fr-FR\",\"potentialAction\":[{\"@type\":\"CommentAction\",\"name\":\"Comment\",\"target\":[\"https:\/\/www.africa-press.net\/cotedivoire\/toutes-les-actualites\/hemophilie-le-difficile-quotidien-de-junior-thiam#respond\"]}]},{\"@type\":\"WebPage\",\"@id\":\"https:\/\/www.africa-press.net\/cotedivoire\/toutes-les-actualites\/hemophilie-le-difficile-quotidien-de-junior-thiam\",\"url\":\"https:\/\/www.africa-press.net\/cotedivoire\/toutes-les-actualites\/hemophilie-le-difficile-quotidien-de-junior-thiam\",\"name\":\"H\u00e9mophilie: Le difficile quotidien de Junior Thiam - C\u00f4te d&#039;Ivoire\",\"isPartOf\":{\"@id\":\"https:\/\/www.africa-press.net\/cotedivoire\/#website\"},\"primaryImageOfPage\":{\"@id\":\"https:\/\/www.africa-press.net\/cotedivoire\/toutes-les-actualites\/hemophilie-le-difficile-quotidien-de-junior-thiam#primaryimage\"},\"image\":{\"@id\":\"https:\/\/www.africa-press.net\/cotedivoire\/toutes-les-actualites\/hemophilie-le-difficile-quotidien-de-junior-thiam#primaryimage\"},\"thumbnailUrl\":\"https:\/\/static.africa-press.net\/cote\/sites\/43\/2021\/09\/img-6150b1696c3f5.jpg\",\"datePublished\":\"2021-09-26T17:28:03+00:00\",\"dateModified\":\"2021-09-26T17:44:58+00:00\",\"author\":{\"@id\":\"https:\/\/www.africa-press.net\/cotedivoire\/#\/schema\/person\/2b1cf3cd81a31e3cd26889ca66d677f1\"},\"description\":\"Amadou Junior Thiam est un adolescent de 12 ans. Sa fine silhouette et les \u0153d\u00e8mes situ\u00e9s au niveau des genoux et de son ...\",\"breadcrumb\":{\"@id\":\"https:\/\/www.africa-press.net\/cotedivoire\/toutes-les-actualites\/hemophilie-le-difficile-quotidien-de-junior-thiam#breadcrumb\"},\"inLanguage\":\"fr-FR\",\"potentialAction\":[{\"@type\":\"ReadAction\",\"target\":[\"https:\/\/www.africa-press.net\/cotedivoire\/toutes-les-actualites\/hemophilie-le-difficile-quotidien-de-junior-thiam\"]}]},{\"@type\":\"ImageObject\",\"inLanguage\":\"fr-FR\",\"@id\":\"https:\/\/www.africa-press.net\/cotedivoire\/toutes-les-actualites\/hemophilie-le-difficile-quotidien-de-junior-thiam#primaryimage\",\"url\":\"https:\/\/static.africa-press.net\/cote\/sites\/43\/2021\/09\/img-6150b1696c3f5.jpg\",\"contentUrl\":\"https:\/\/static.africa-press.net\/cote\/sites\/43\/2021\/09\/img-6150b1696c3f5.jpg\",\"width\":976,\"height\":549,\"caption\":\"H\u00e9mophilie: Le difficile quotidien de Junior Thiam\"},{\"@type\":\"BreadcrumbList\",\"@id\":\"https:\/\/www.africa-press.net\/cotedivoire\/toutes-les-actualites\/hemophilie-le-difficile-quotidien-de-junior-thiam#breadcrumb\",\"itemListElement\":[{\"@type\":\"ListItem\",\"position\":1,\"name\":\"Accueil\",\"item\":\"https:\/\/www.africa-press.net\/cotedivoire\/\"},{\"@type\":\"ListItem\",\"position\":2,\"name\":\"H\u00e9mophilie: Le difficile quotidien de Junior Thiam\"}]},{\"@type\":\"WebSite\",\"@id\":\"https:\/\/www.africa-press.net\/cotedivoire\/#website\",\"url\":\"https:\/\/www.africa-press.net\/cotedivoire\/\",\"name\":\"C\u00f4te d&#039;Ivoire\",\"description\":\"Just another Africa News Agency Sites site\",\"potentialAction\":[{\"@type\":\"SearchAction\",\"target\":{\"@type\":\"EntryPoint\",\"urlTemplate\":\"https:\/\/www.africa-press.net\/cotedivoire\/?s={search_term_string}\"},\"query-input\":{\"@type\":\"PropertyValueSpecification\",\"valueRequired\":true,\"valueName\":\"search_term_string\"}}],\"inLanguage\":\"fr-FR\"},{\"@type\":\"Person\",\"@id\":\"https:\/\/www.africa-press.net\/cotedivoire\/#\/schema\/person\/2b1cf3cd81a31e3cd26889ca66d677f1\",\"name\":\"cfeditorfr\"}]}<\/script>\n<!-- \/ Yoast SEO Premium plugin. -->","yoast_head_json":{"title":"H\u00e9mophilie: Le difficile quotidien de Junior Thiam - C\u00f4te d&#039;Ivoire","description":"Amadou Junior Thiam est un adolescent de 12 ans. Sa fine silhouette et les \u0153d\u00e8mes situ\u00e9s au niveau des genoux et de son ...","robots":{"index":"index","follow":"follow","max-snippet":"max-snippet:-1","max-image-preview":"max-image-preview:large","max-video-preview":"max-video-preview:-1"},"canonical":"https:\/\/www.africa-press.net\/cotedivoire\/toutes-les-actualites\/hemophilie-le-difficile-quotidien-de-junior-thiam","og_locale":"fr_FR","og_type":"article","og_title":"H\u00e9mophilie: Le difficile quotidien de Junior Thiam","og_description":"Amadou Junior Thiam est un adolescent de 12 ans. Sa fine silhouette et les \u0153d\u00e8mes situ\u00e9s au niveau des genoux et de son ...","og_url":"https:\/\/www.africa-press.net\/cotedivoire\/toutes-les-actualites\/hemophilie-le-difficile-quotidien-de-junior-thiam","og_site_name":"C\u00f4te d&#039;Ivoire","article_published_time":"2021-09-26T17:28:03+00:00","article_modified_time":"2021-09-26T17:44:58+00:00","og_image":[{"width":976,"height":549,"url":"https:\/\/static.africa-press.net\/cote\/sites\/43\/2021\/09\/img-6150b1696c3f5.jpg","type":"image\/jpeg"}],"author":"cfeditorfr","twitter_card":"summary_large_image","twitter_misc":{"\u00c9crit par":"cfeditorfr","Dur\u00e9e de lecture estim\u00e9e":"4 minutes"},"schema":{"@context":"https:\/\/schema.org","@graph":[{"@type":"Article","@id":"https:\/\/www.africa-press.net\/cotedivoire\/toutes-les-actualites\/hemophilie-le-difficile-quotidien-de-junior-thiam#article","isPartOf":{"@id":"https:\/\/www.africa-press.net\/cotedivoire\/toutes-les-actualites\/hemophilie-le-difficile-quotidien-de-junior-thiam"},"author":{"name":"cfeditorfr","@id":"https:\/\/www.africa-press.net\/cotedivoire\/#\/schema\/person\/2b1cf3cd81a31e3cd26889ca66d677f1"},"headline":"H\u00e9mophilie: Le difficile quotidien de Junior Thiam","datePublished":"2021-09-26T17:28:03+00:00","dateModified":"2021-09-26T17:44:58+00:00","mainEntityOfPage":{"@id":"https:\/\/www.africa-press.net\/cotedivoire\/toutes-les-actualites\/hemophilie-le-difficile-quotidien-de-junior-thiam"},"wordCount":889,"commentCount":0,"image":{"@id":"https:\/\/www.africa-press.net\/cotedivoire\/toutes-les-actualites\/hemophilie-le-difficile-quotidien-de-junior-thiam#primaryimage"},"thumbnailUrl":"https:\/\/static.africa-press.net\/cote\/sites\/43\/2021\/09\/img-6150b1696c3f5.jpg","keywords":["Africa Press","Africa Press-C\u00f4te d'Ivoire","C\u00d4TE D'IVOIRE","H\u00e9mophilie","Thiam"],"articleSection":["Divers","homepage-french","Toutes les actualit\u00e9s"],"inLanguage":"fr-FR","potentialAction":[{"@type":"CommentAction","name":"Comment","target":["https:\/\/www.africa-press.net\/cotedivoire\/toutes-les-actualites\/hemophilie-le-difficile-quotidien-de-junior-thiam#respond"]}]},{"@type":"WebPage","@id":"https:\/\/www.africa-press.net\/cotedivoire\/toutes-les-actualites\/hemophilie-le-difficile-quotidien-de-junior-thiam","url":"https:\/\/www.africa-press.net\/cotedivoire\/toutes-les-actualites\/hemophilie-le-difficile-quotidien-de-junior-thiam","name":"H\u00e9mophilie: Le difficile quotidien de Junior Thiam - C\u00f4te d&#039;Ivoire","isPartOf":{"@id":"https:\/\/www.africa-press.net\/cotedivoire\/#website"},"primaryImageOfPage":{"@id":"https:\/\/www.africa-press.net\/cotedivoire\/toutes-les-actualites\/hemophilie-le-difficile-quotidien-de-junior-thiam#primaryimage"},"image":{"@id":"https:\/\/www.africa-press.net\/cotedivoire\/toutes-les-actualites\/hemophilie-le-difficile-quotidien-de-junior-thiam#primaryimage"},"thumbnailUrl":"https:\/\/static.africa-press.net\/cote\/sites\/43\/2021\/09\/img-6150b1696c3f5.jpg","datePublished":"2021-09-26T17:28:03+00:00","dateModified":"2021-09-26T17:44:58+00:00","author":{"@id":"https:\/\/www.africa-press.net\/cotedivoire\/#\/schema\/person\/2b1cf3cd81a31e3cd26889ca66d677f1"},"description":"Amadou Junior Thiam est un adolescent de 12 ans. Sa fine silhouette et les \u0153d\u00e8mes situ\u00e9s au niveau des genoux et de son ...","breadcrumb":{"@id":"https:\/\/www.africa-press.net\/cotedivoire\/toutes-les-actualites\/hemophilie-le-difficile-quotidien-de-junior-thiam#breadcrumb"},"inLanguage":"fr-FR","potentialAction":[{"@type":"ReadAction","target":["https:\/\/www.africa-press.net\/cotedivoire\/toutes-les-actualites\/hemophilie-le-difficile-quotidien-de-junior-thiam"]}]},{"@type":"ImageObject","inLanguage":"fr-FR","@id":"https:\/\/www.africa-press.net\/cotedivoire\/toutes-les-actualites\/hemophilie-le-difficile-quotidien-de-junior-thiam#primaryimage","url":"https:\/\/static.africa-press.net\/cote\/sites\/43\/2021\/09\/img-6150b1696c3f5.jpg","contentUrl":"https:\/\/static.africa-press.net\/cote\/sites\/43\/2021\/09\/img-6150b1696c3f5.jpg","width":976,"height":549,"caption":"H\u00e9mophilie: Le difficile quotidien de Junior Thiam"},{"@type":"BreadcrumbList","@id":"https:\/\/www.africa-press.net\/cotedivoire\/toutes-les-actualites\/hemophilie-le-difficile-quotidien-de-junior-thiam#breadcrumb","itemListElement":[{"@type":"ListItem","position":1,"name":"Accueil","item":"https:\/\/www.africa-press.net\/cotedivoire\/"},{"@type":"ListItem","position":2,"name":"H\u00e9mophilie: Le difficile quotidien de Junior Thiam"}]},{"@type":"WebSite","@id":"https:\/\/www.africa-press.net\/cotedivoire\/#website","url":"https:\/\/www.africa-press.net\/cotedivoire\/","name":"C\u00f4te d&#039;Ivoire","description":"Just another Africa News Agency Sites site","potentialAction":[{"@type":"SearchAction","target":{"@type":"EntryPoint","urlTemplate":"https:\/\/www.africa-press.net\/cotedivoire\/?s={search_term_string}"},"query-input":{"@type":"PropertyValueSpecification","valueRequired":true,"valueName":"search_term_string"}}],"inLanguage":"fr-FR"},{"@type":"Person","@id":"https:\/\/www.africa-press.net\/cotedivoire\/#\/schema\/person\/2b1cf3cd81a31e3cd26889ca66d677f1","name":"cfeditorfr"}]}},"_links":{"self":[{"href":"https:\/\/www.africa-press.net\/cotedivoire\/wp-json\/wp\/v2\/posts\/16018","targetHints":{"allow":["GET"]}}],"collection":[{"href":"https:\/\/www.africa-press.net\/cotedivoire\/wp-json\/wp\/v2\/posts"}],"about":[{"href":"https:\/\/www.africa-press.net\/cotedivoire\/wp-json\/wp\/v2\/types\/post"}],"author":[{"embeddable":true,"href":"https:\/\/www.africa-press.net\/cotedivoire\/wp-json\/wp\/v2\/users\/82"}],"replies":[{"embeddable":true,"href":"https:\/\/www.africa-press.net\/cotedivoire\/wp-json\/wp\/v2\/comments?post=16018"}],"version-history":[{"count":0,"href":"https:\/\/www.africa-press.net\/cotedivoire\/wp-json\/wp\/v2\/posts\/16018\/revisions"}],"wp:featuredmedia":[{"embeddable":true,"href":"https:\/\/www.africa-press.net\/cotedivoire\/wp-json\/wp\/v2\/media\/16017"}],"wp:attachment":[{"href":"https:\/\/www.africa-press.net\/cotedivoire\/wp-json\/wp\/v2\/media?parent=16018"}],"wp:term":[{"taxonomy":"category","embeddable":true,"href":"https:\/\/www.africa-press.net\/cotedivoire\/wp-json\/wp\/v2\/categories?post=16018"},{"taxonomy":"post_tag","embeddable":true,"href":"https:\/\/www.africa-press.net\/cotedivoire\/wp-json\/wp\/v2\/tags?post=16018"}],"curies":[{"name":"wp","href":"https:\/\/api.w.org\/{rel}","templated":true}]}}