{"id":17530,"date":"2021-10-20T19:00:36","date_gmt":"2021-10-20T19:00:36","guid":{"rendered":"https:\/\/www.africa-press.net\/cotedivoire\/?p=17530"},"modified":"2021-10-20T21:46:30","modified_gmt":"2021-10-20T21:46:30","slug":"cote-divoire-ppa-ci-ado-salue-la-participation-de-bictogo-et-parle-de-son-diner-avec-macron","status":"publish","type":"post","link":"https:\/\/www.africa-press.net\/cotedivoire\/politique\/cote-divoire-ppa-ci-ado-salue-la-participation-de-bictogo-et-parle-de-son-diner-avec-macron","title":{"rendered":"PPA-CI, ADO salue la participation de Bictogo et parle de son diner avec Macron"},"content":{"rendered":"<p><span style=\"color: #ff6600\"><strong><a href=\"https:\/\/www.africa-press.net\/\">Africa-Press<\/a> &#8211; <a href=\"https:\/\/www.africa-press.net\/cotedivoire\">C\u00f4te d&rsquo;Ivoire<\/a>.\u00a0 <\/strong><\/span>Adama Bictogo, Directeur ex\u00e9cutif du RHDP a pris part au congr\u00e8s constitutif de la cr\u00e9ation du nouveau parti de l&rsquo;ancien Pr\u00e9sident de la r\u00e9publique, Laurent Gbagbo. Sa pr\u00e9sence au Sofitel H\u00f4tel ivoire a \u00e9t\u00e9 salu\u00e9e par le chef de l&rsquo;Etat, pr\u00e9sident du RHDP.<\/p>\n<p>\u00abIl a salu\u00e9 la pr\u00e9sence du Directeur ex\u00e9cutif du RHDP \u00e0 la cr\u00e9ation du nouveau parti de monsieur Laurent Gbagbo comme un renforcement de la r\u00e9conciliation nationale \u00bb, a pr\u00e9cis\u00e9, le porte-parole du Gouvernement ivoirien.<\/p>\n<p>Par ailleurs, le chef de l&rsquo;Etat a \u00e9voqu\u00e9 le d\u00eener qu&rsquo;il a eu en t\u00eate \u00e0 t\u00eate avec le Pr\u00e9sident Emmanuel Macron, d\u00eener au cours duquel, des questions bilat\u00e9rales ont \u00e9t\u00e9 \u00e9voqu\u00e9es, mais aussi des questions de s\u00e9curit\u00e9 nationale, notamment \u00e0 notre fronti\u00e8re nord-est, mais \u00e9galement des questions sous r\u00e9gionale.<\/p>\n<p>&nbsp;<\/p>\n","protected":false},"excerpt":{"rendered":"<p>Africa-Press &#8211; C\u00f4te d&rsquo;Ivoire.\u00a0 Adama Bictogo, Directeur ex\u00e9cutif du RHDP a pris part au congr\u00e8s constitutif de la cr\u00e9ation du nouveau parti de l&rsquo;ancien Pr\u00e9sident de la r\u00e9publique, Laurent Gbagbo. Sa pr\u00e9sence au Sofitel H\u00f4tel ivoire a \u00e9t\u00e9 salu\u00e9e par le chef de l&rsquo;Etat, pr\u00e9sident du RHDP. \u00abIl a salu\u00e9 la pr\u00e9sence du Directeur ex\u00e9cutif [&hellip;]<\/p>\n","protected":false},"author":82,"featured_media":17529,"comment_status":"open","ping_status":"closed","sticky":false,"template":"","format":"standard","meta":{"footnotes":""},"categories":[11,2,10],"tags":[1265,56,63,38,29,1979,50,1952,371],"class_list":["post-17530","post","type-post","status-publish","format-standard","has-post-thumbnail","hentry","category-homepage-french","category-politique","category-toutes-les-actualites","tag-adama-bictogo","tag-africa-press","tag-africa-press-cote-divoire","tag-alassane-ouattara","tag-cote-divoire","tag-emmanuel-macron","tag-laurent-gbagbo","tag-ppa-ci","tag-rhdp"],"yoast_head":"<!-- This site is optimized with the Yoast SEO Premium plugin v26.1 (Yoast SEO v27.0) - https:\/\/yoast.com\/product\/yoast-seo-premium-wordpress\/ -->\n<title>PPA-CI, ADO salue la participation de Bictogo et parle de son diner avec Macron - C\u00f4te d&#039;Ivoire<\/title>\n<meta name=\"description\" content=\"Bictogo samedi ici aux c\u00f4t\u00e9s du reporter de koaci \u00e0 Abidjan Adama Bictogo, Directeur ex\u00e9cutif du RHDP a pris par ...\" \/>\n<meta name=\"robots\" content=\"index, follow, max-snippet:-1, max-image-preview:large, max-video-preview:-1\" \/>\n<link rel=\"canonical\" href=\"https:\/\/www.africa-press.net\/cotedivoire\/politique\/cote-divoire-ppa-ci-ado-salue-la-participation-de-bictogo-et-parle-de-son-diner-avec-macron\" \/>\n<meta property=\"og:locale\" content=\"fr_FR\" \/>\n<meta property=\"og:type\" content=\"article\" \/>\n<meta property=\"og:title\" content=\"PPA-CI, ADO salue la participation de Bictogo et parle de son diner avec Macron\" \/>\n<meta property=\"og:description\" content=\"Bictogo samedi ici aux c\u00f4t\u00e9s du reporter de koaci \u00e0 Abidjan Adama Bictogo, Directeur ex\u00e9cutif du RHDP a pris par ...\" \/>\n<meta property=\"og:url\" content=\"https:\/\/www.africa-press.net\/cotedivoire\/politique\/cote-divoire-ppa-ci-ado-salue-la-participation-de-bictogo-et-parle-de-son-diner-avec-macron\" \/>\n<meta property=\"og:site_name\" content=\"C\u00f4te d&#039;Ivoire\" \/>\n<meta property=\"article:published_time\" content=\"2021-10-20T19:00:36+00:00\" \/>\n<meta property=\"article:modified_time\" content=\"2021-10-20T21:46:30+00:00\" \/>\n<meta property=\"og:image\" content=\"https:\/\/static.africa-press.net\/cote\/sites\/43\/2021\/10\/img-617054436519e.jpg\" \/>\n\t<meta property=\"og:image:width\" content=\"720\" \/>\n\t<meta property=\"og:image:height\" content=\"350\" \/>\n\t<meta property=\"og:image:type\" content=\"image\/jpeg\" \/>\n<meta name=\"author\" content=\"cfeditorfr\" \/>\n<meta name=\"twitter:card\" content=\"summary_large_image\" \/>\n<meta name=\"twitter:label1\" content=\"\u00c9crit par\" \/>\n\t<meta name=\"twitter:data1\" content=\"cfeditorfr\" \/>\n\t<meta name=\"twitter:label2\" content=\"Dur\u00e9e de lecture estim\u00e9e\" \/>\n\t<meta name=\"twitter:data2\" content=\"1 minute\" \/>\n<script type=\"application\/ld+json\" class=\"yoast-schema-graph\">{\"@context\":\"https:\/\/schema.org\",\"@graph\":[{\"@type\":\"Article\",\"@id\":\"https:\/\/www.africa-press.net\/cotedivoire\/politique\/cote-divoire-ppa-ci-ado-salue-la-participation-de-bictogo-et-parle-de-son-diner-avec-macron#article\",\"isPartOf\":{\"@id\":\"https:\/\/www.africa-press.net\/cotedivoire\/politique\/cote-divoire-ppa-ci-ado-salue-la-participation-de-bictogo-et-parle-de-son-diner-avec-macron\"},\"author\":{\"name\":\"cfeditorfr\",\"@id\":\"https:\/\/www.africa-press.net\/cotedivoire\/#\/schema\/person\/2b1cf3cd81a31e3cd26889ca66d677f1\"},\"headline\":\"PPA-CI, ADO salue la participation de Bictogo et parle de son diner avec Macron\",\"datePublished\":\"2021-10-20T19:00:36+00:00\",\"dateModified\":\"2021-10-20T21:46:30+00:00\",\"mainEntityOfPage\":{\"@id\":\"https:\/\/www.africa-press.net\/cotedivoire\/politique\/cote-divoire-ppa-ci-ado-salue-la-participation-de-bictogo-et-parle-de-son-diner-avec-macron\"},\"wordCount\":173,\"commentCount\":0,\"image\":{\"@id\":\"https:\/\/www.africa-press.net\/cotedivoire\/politique\/cote-divoire-ppa-ci-ado-salue-la-participation-de-bictogo-et-parle-de-son-diner-avec-macron#primaryimage\"},\"thumbnailUrl\":\"https:\/\/static.africa-press.net\/cote\/sites\/43\/2021\/10\/img-617054436519e.jpg\",\"keywords\":[\"Adama Bictogo\",\"Africa Press\",\"Africa Press-C\u00f4te d'Ivoire\",\"Alassane Ouattara\",\"C\u00d4TE D'IVOIRE\",\"Emmanuel Macron\",\"Laurent Gbagbo\",\"PPA-CI\",\"RHDP\"],\"articleSection\":[\"homepage-french\",\"Politique\",\"Toutes les actualit\u00e9s\"],\"inLanguage\":\"fr-FR\",\"potentialAction\":[{\"@type\":\"CommentAction\",\"name\":\"Comment\",\"target\":[\"https:\/\/www.africa-press.net\/cotedivoire\/politique\/cote-divoire-ppa-ci-ado-salue-la-participation-de-bictogo-et-parle-de-son-diner-avec-macron#respond\"]}]},{\"@type\":\"WebPage\",\"@id\":\"https:\/\/www.africa-press.net\/cotedivoire\/politique\/cote-divoire-ppa-ci-ado-salue-la-participation-de-bictogo-et-parle-de-son-diner-avec-macron\",\"url\":\"https:\/\/www.africa-press.net\/cotedivoire\/politique\/cote-divoire-ppa-ci-ado-salue-la-participation-de-bictogo-et-parle-de-son-diner-avec-macron\",\"name\":\"PPA-CI, ADO salue la participation de Bictogo et parle de son diner avec Macron - C\u00f4te d&#039;Ivoire\",\"isPartOf\":{\"@id\":\"https:\/\/www.africa-press.net\/cotedivoire\/#website\"},\"primaryImageOfPage\":{\"@id\":\"https:\/\/www.africa-press.net\/cotedivoire\/politique\/cote-divoire-ppa-ci-ado-salue-la-participation-de-bictogo-et-parle-de-son-diner-avec-macron#primaryimage\"},\"image\":{\"@id\":\"https:\/\/www.africa-press.net\/cotedivoire\/politique\/cote-divoire-ppa-ci-ado-salue-la-participation-de-bictogo-et-parle-de-son-diner-avec-macron#primaryimage\"},\"thumbnailUrl\":\"https:\/\/static.africa-press.net\/cote\/sites\/43\/2021\/10\/img-617054436519e.jpg\",\"datePublished\":\"2021-10-20T19:00:36+00:00\",\"dateModified\":\"2021-10-20T21:46:30+00:00\",\"author\":{\"@id\":\"https:\/\/www.africa-press.net\/cotedivoire\/#\/schema\/person\/2b1cf3cd81a31e3cd26889ca66d677f1\"},\"description\":\"Bictogo samedi ici aux c\u00f4t\u00e9s du reporter de koaci \u00e0 Abidjan Adama Bictogo, Directeur ex\u00e9cutif du RHDP a pris par ...\",\"breadcrumb\":{\"@id\":\"https:\/\/www.africa-press.net\/cotedivoire\/politique\/cote-divoire-ppa-ci-ado-salue-la-participation-de-bictogo-et-parle-de-son-diner-avec-macron#breadcrumb\"},\"inLanguage\":\"fr-FR\",\"potentialAction\":[{\"@type\":\"ReadAction\",\"target\":[\"https:\/\/www.africa-press.net\/cotedivoire\/politique\/cote-divoire-ppa-ci-ado-salue-la-participation-de-bictogo-et-parle-de-son-diner-avec-macron\"]}]},{\"@type\":\"ImageObject\",\"inLanguage\":\"fr-FR\",\"@id\":\"https:\/\/www.africa-press.net\/cotedivoire\/politique\/cote-divoire-ppa-ci-ado-salue-la-participation-de-bictogo-et-parle-de-son-diner-avec-macron#primaryimage\",\"url\":\"https:\/\/static.africa-press.net\/cote\/sites\/43\/2021\/10\/img-617054436519e.jpg\",\"contentUrl\":\"https:\/\/static.africa-press.net\/cote\/sites\/43\/2021\/10\/img-617054436519e.jpg\",\"width\":720,\"height\":350,\"caption\":\"C\u00f4te d'Ivoire : PPA-CI, ADO salue la participation de Bictogo et parle de son diner avec Macron\"},{\"@type\":\"BreadcrumbList\",\"@id\":\"https:\/\/www.africa-press.net\/cotedivoire\/politique\/cote-divoire-ppa-ci-ado-salue-la-participation-de-bictogo-et-parle-de-son-diner-avec-macron#breadcrumb\",\"itemListElement\":[{\"@type\":\"ListItem\",\"position\":1,\"name\":\"Accueil\",\"item\":\"https:\/\/www.africa-press.net\/cotedivoire\/\"},{\"@type\":\"ListItem\",\"position\":2,\"name\":\"PPA-CI, ADO salue la participation de Bictogo et parle de son diner avec Macron\"}]},{\"@type\":\"WebSite\",\"@id\":\"https:\/\/www.africa-press.net\/cotedivoire\/#website\",\"url\":\"https:\/\/www.africa-press.net\/cotedivoire\/\",\"name\":\"C\u00f4te d&#039;Ivoire\",\"description\":\"Just another Africa News Agency Sites site\",\"potentialAction\":[{\"@type\":\"SearchAction\",\"target\":{\"@type\":\"EntryPoint\",\"urlTemplate\":\"https:\/\/www.africa-press.net\/cotedivoire\/?s={search_term_string}\"},\"query-input\":{\"@type\":\"PropertyValueSpecification\",\"valueRequired\":true,\"valueName\":\"search_term_string\"}}],\"inLanguage\":\"fr-FR\"},{\"@type\":\"Person\",\"@id\":\"https:\/\/www.africa-press.net\/cotedivoire\/#\/schema\/person\/2b1cf3cd81a31e3cd26889ca66d677f1\",\"name\":\"cfeditorfr\"}]}<\/script>\n<!-- \/ Yoast SEO Premium plugin. -->","yoast_head_json":{"title":"PPA-CI, ADO salue la participation de Bictogo et parle de son diner avec Macron - C\u00f4te d&#039;Ivoire","description":"Bictogo samedi ici aux c\u00f4t\u00e9s du reporter de koaci \u00e0 Abidjan Adama Bictogo, Directeur ex\u00e9cutif du RHDP a pris par ...","robots":{"index":"index","follow":"follow","max-snippet":"max-snippet:-1","max-image-preview":"max-image-preview:large","max-video-preview":"max-video-preview:-1"},"canonical":"https:\/\/www.africa-press.net\/cotedivoire\/politique\/cote-divoire-ppa-ci-ado-salue-la-participation-de-bictogo-et-parle-de-son-diner-avec-macron","og_locale":"fr_FR","og_type":"article","og_title":"PPA-CI, ADO salue la participation de Bictogo et parle de son diner avec Macron","og_description":"Bictogo samedi ici aux c\u00f4t\u00e9s du reporter de koaci \u00e0 Abidjan Adama Bictogo, Directeur ex\u00e9cutif du RHDP a pris par ...","og_url":"https:\/\/www.africa-press.net\/cotedivoire\/politique\/cote-divoire-ppa-ci-ado-salue-la-participation-de-bictogo-et-parle-de-son-diner-avec-macron","og_site_name":"C\u00f4te d&#039;Ivoire","article_published_time":"2021-10-20T19:00:36+00:00","article_modified_time":"2021-10-20T21:46:30+00:00","og_image":[{"width":720,"height":350,"url":"https:\/\/static.africa-press.net\/cote\/sites\/43\/2021\/10\/img-617054436519e.jpg","type":"image\/jpeg"}],"author":"cfeditorfr","twitter_card":"summary_large_image","twitter_misc":{"\u00c9crit par":"cfeditorfr","Dur\u00e9e de lecture estim\u00e9e":"1 minute"},"schema":{"@context":"https:\/\/schema.org","@graph":[{"@type":"Article","@id":"https:\/\/www.africa-press.net\/cotedivoire\/politique\/cote-divoire-ppa-ci-ado-salue-la-participation-de-bictogo-et-parle-de-son-diner-avec-macron#article","isPartOf":{"@id":"https:\/\/www.africa-press.net\/cotedivoire\/politique\/cote-divoire-ppa-ci-ado-salue-la-participation-de-bictogo-et-parle-de-son-diner-avec-macron"},"author":{"name":"cfeditorfr","@id":"https:\/\/www.africa-press.net\/cotedivoire\/#\/schema\/person\/2b1cf3cd81a31e3cd26889ca66d677f1"},"headline":"PPA-CI, ADO salue la participation de Bictogo et parle de son diner avec Macron","datePublished":"2021-10-20T19:00:36+00:00","dateModified":"2021-10-20T21:46:30+00:00","mainEntityOfPage":{"@id":"https:\/\/www.africa-press.net\/cotedivoire\/politique\/cote-divoire-ppa-ci-ado-salue-la-participation-de-bictogo-et-parle-de-son-diner-avec-macron"},"wordCount":173,"commentCount":0,"image":{"@id":"https:\/\/www.africa-press.net\/cotedivoire\/politique\/cote-divoire-ppa-ci-ado-salue-la-participation-de-bictogo-et-parle-de-son-diner-avec-macron#primaryimage"},"thumbnailUrl":"https:\/\/static.africa-press.net\/cote\/sites\/43\/2021\/10\/img-617054436519e.jpg","keywords":["Adama Bictogo","Africa Press","Africa Press-C\u00f4te d'Ivoire","Alassane Ouattara","C\u00d4TE D'IVOIRE","Emmanuel Macron","Laurent Gbagbo","PPA-CI","RHDP"],"articleSection":["homepage-french","Politique","Toutes les actualit\u00e9s"],"inLanguage":"fr-FR","potentialAction":[{"@type":"CommentAction","name":"Comment","target":["https:\/\/www.africa-press.net\/cotedivoire\/politique\/cote-divoire-ppa-ci-ado-salue-la-participation-de-bictogo-et-parle-de-son-diner-avec-macron#respond"]}]},{"@type":"WebPage","@id":"https:\/\/www.africa-press.net\/cotedivoire\/politique\/cote-divoire-ppa-ci-ado-salue-la-participation-de-bictogo-et-parle-de-son-diner-avec-macron","url":"https:\/\/www.africa-press.net\/cotedivoire\/politique\/cote-divoire-ppa-ci-ado-salue-la-participation-de-bictogo-et-parle-de-son-diner-avec-macron","name":"PPA-CI, ADO salue la participation de Bictogo et parle de son diner avec Macron - C\u00f4te d&#039;Ivoire","isPartOf":{"@id":"https:\/\/www.africa-press.net\/cotedivoire\/#website"},"primaryImageOfPage":{"@id":"https:\/\/www.africa-press.net\/cotedivoire\/politique\/cote-divoire-ppa-ci-ado-salue-la-participation-de-bictogo-et-parle-de-son-diner-avec-macron#primaryimage"},"image":{"@id":"https:\/\/www.africa-press.net\/cotedivoire\/politique\/cote-divoire-ppa-ci-ado-salue-la-participation-de-bictogo-et-parle-de-son-diner-avec-macron#primaryimage"},"thumbnailUrl":"https:\/\/static.africa-press.net\/cote\/sites\/43\/2021\/10\/img-617054436519e.jpg","datePublished":"2021-10-20T19:00:36+00:00","dateModified":"2021-10-20T21:46:30+00:00","author":{"@id":"https:\/\/www.africa-press.net\/cotedivoire\/#\/schema\/person\/2b1cf3cd81a31e3cd26889ca66d677f1"},"description":"Bictogo samedi ici aux c\u00f4t\u00e9s du reporter de koaci \u00e0 Abidjan Adama Bictogo, Directeur ex\u00e9cutif du RHDP a pris par ...","breadcrumb":{"@id":"https:\/\/www.africa-press.net\/cotedivoire\/politique\/cote-divoire-ppa-ci-ado-salue-la-participation-de-bictogo-et-parle-de-son-diner-avec-macron#breadcrumb"},"inLanguage":"fr-FR","potentialAction":[{"@type":"ReadAction","target":["https:\/\/www.africa-press.net\/cotedivoire\/politique\/cote-divoire-ppa-ci-ado-salue-la-participation-de-bictogo-et-parle-de-son-diner-avec-macron"]}]},{"@type":"ImageObject","inLanguage":"fr-FR","@id":"https:\/\/www.africa-press.net\/cotedivoire\/politique\/cote-divoire-ppa-ci-ado-salue-la-participation-de-bictogo-et-parle-de-son-diner-avec-macron#primaryimage","url":"https:\/\/static.africa-press.net\/cote\/sites\/43\/2021\/10\/img-617054436519e.jpg","contentUrl":"https:\/\/static.africa-press.net\/cote\/sites\/43\/2021\/10\/img-617054436519e.jpg","width":720,"height":350,"caption":"C\u00f4te d'Ivoire : PPA-CI, ADO salue la participation de Bictogo et parle de son diner avec Macron"},{"@type":"BreadcrumbList","@id":"https:\/\/www.africa-press.net\/cotedivoire\/politique\/cote-divoire-ppa-ci-ado-salue-la-participation-de-bictogo-et-parle-de-son-diner-avec-macron#breadcrumb","itemListElement":[{"@type":"ListItem","position":1,"name":"Accueil","item":"https:\/\/www.africa-press.net\/cotedivoire\/"},{"@type":"ListItem","position":2,"name":"PPA-CI, ADO salue la participation de Bictogo et parle de son diner avec Macron"}]},{"@type":"WebSite","@id":"https:\/\/www.africa-press.net\/cotedivoire\/#website","url":"https:\/\/www.africa-press.net\/cotedivoire\/","name":"C\u00f4te d&#039;Ivoire","description":"Just another Africa News Agency Sites site","potentialAction":[{"@type":"SearchAction","target":{"@type":"EntryPoint","urlTemplate":"https:\/\/www.africa-press.net\/cotedivoire\/?s={search_term_string}"},"query-input":{"@type":"PropertyValueSpecification","valueRequired":true,"valueName":"search_term_string"}}],"inLanguage":"fr-FR"},{"@type":"Person","@id":"https:\/\/www.africa-press.net\/cotedivoire\/#\/schema\/person\/2b1cf3cd81a31e3cd26889ca66d677f1","name":"cfeditorfr"}]}},"_links":{"self":[{"href":"https:\/\/www.africa-press.net\/cotedivoire\/wp-json\/wp\/v2\/posts\/17530","targetHints":{"allow":["GET"]}}],"collection":[{"href":"https:\/\/www.africa-press.net\/cotedivoire\/wp-json\/wp\/v2\/posts"}],"about":[{"href":"https:\/\/www.africa-press.net\/cotedivoire\/wp-json\/wp\/v2\/types\/post"}],"author":[{"embeddable":true,"href":"https:\/\/www.africa-press.net\/cotedivoire\/wp-json\/wp\/v2\/users\/82"}],"replies":[{"embeddable":true,"href":"https:\/\/www.africa-press.net\/cotedivoire\/wp-json\/wp\/v2\/comments?post=17530"}],"version-history":[{"count":0,"href":"https:\/\/www.africa-press.net\/cotedivoire\/wp-json\/wp\/v2\/posts\/17530\/revisions"}],"wp:featuredmedia":[{"embeddable":true,"href":"https:\/\/www.africa-press.net\/cotedivoire\/wp-json\/wp\/v2\/media\/17529"}],"wp:attachment":[{"href":"https:\/\/www.africa-press.net\/cotedivoire\/wp-json\/wp\/v2\/media?parent=17530"}],"wp:term":[{"taxonomy":"category","embeddable":true,"href":"https:\/\/www.africa-press.net\/cotedivoire\/wp-json\/wp\/v2\/categories?post=17530"},{"taxonomy":"post_tag","embeddable":true,"href":"https:\/\/www.africa-press.net\/cotedivoire\/wp-json\/wp\/v2\/tags?post=17530"}],"curies":[{"name":"wp","href":"https:\/\/api.w.org\/{rel}","templated":true}]}}