{"id":18746,"date":"2021-11-04T15:05:53","date_gmt":"2021-11-04T15:05:53","guid":{"rendered":"https:\/\/www.africa-press.net\/cotedivoire\/?p=18746"},"modified":"2021-11-04T22:24:28","modified_gmt":"2021-11-04T22:24:28","slug":"cote-divoire-lancement-a-abidjan-de-la-6e-edition-du-cocobulles-place-sous-le-theme-de-la-prevention-des-conflits","status":"publish","type":"post","link":"https:\/\/www.africa-press.net\/cotedivoire\/culture-et-art\/cote-divoire-lancement-a-abidjan-de-la-6e-edition-du-cocobulles-place-sous-le-theme-de-la-prevention-des-conflits","title":{"rendered":"Lancement \u00e0 Abidjan de la 6e \u00e9dition du \u00ab Cocobulles \u00bb plac\u00e9 sous le th\u00e8me de la pr\u00e9vention des conflits"},"content":{"rendered":"<p><span style=\"color: #ff6600\"><strong>Africa-Press &#8211; C\u00f4te d&rsquo;Ivoire. <\/strong><\/span>Du 11 au 14 novembre 2021, la capitale \u00e9conomique de la C\u00f4te d&rsquo;Ivoire, Abidjan va vivre aux rythmes de la 6\u00e8 \u00e9dition du festival international de dessin de presse et de la bande dessin\u00e9e d\u00e9nomm\u00e9e \u00ab\u00a0Cocobulles\u00a0\u00bb.<\/p>\n<p>Cette belle aventure entam\u00e9e en 2001 et qui a d\u00fb se mettre en veilleuse pendant des ann\u00e9es en raison de la crise politico-militaire pour reprendre en 2017 sera \u00e0 sa 6\u00e8 \u00e9dition.<\/p>\n<p>Le lancement de cette sixi\u00e8me \u00e9dition du festival \u00ab\u00a0Cocobulles s&rsquo;est fait ce mercredi 3 novembre 2021 \u00e0 la mairie de Treichville \u00e0 travers un conf\u00e9rence de presse anim\u00e9e par les organisateurs, comme sur place constat\u00e9 par KOACI.<\/p>\n<p>\u00c0 l&rsquo;initiative de l&rsquo;association des dessinateurs de presse et de bande dessin\u00e9e \u00ab\u00a0Tache d&rsquo;Encre\u00a0\u00bb, le festival \u00ab\u00a0Cocobulles\u00a0\u00bb qui se veut un forum de rencontres et d&rsquo;\u00e9changes entre professionnels et amateurs du dessin de presse et de bande dessin\u00e9e est plac\u00e9 cette ann\u00e9e sous le th\u00e8me \u00ab\u00a0le dessin comme outil de pr\u00e9vention des conflits\u00a0\u00bb.<\/p>\n<p>Selon Zohor\u00e9 Lassane, pr\u00e9sident du comit\u00e9 d&rsquo;organisation, le choix de ce th\u00e8me est une contribution de \u00ab\u00a0Cocobulles\u00a0\u00bb au processus de r\u00e9conciliation dans lequel s&rsquo;inscrit d\u00e9sormais la C\u00f4te d&rsquo;Ivoire.<\/p>\n<p>Pour cette 6\u00e8 \u00e9dition, \u00ab\u00a0Cocobulles\u00a0\u00bb, sera le point d&rsquo;orgue du programme \u00ab\u00a0Le dessin citoyen : dessinons la d\u00e9mocratie et les \u00e9lections apais\u00e9es\u00a0\u00bb co-organis\u00e9 par le duo Tache d&rsquo;Encre et Cartoonig for Peace, soutenu par l&rsquo;Union Europ\u00e9enne.<\/p>\n<p>Le clou du festival sera, \u00e0 en croire les organisateurs la remise des grands prix de la commune de Treichville d\u00e9cern\u00e9s dans la cat\u00e9gorie du dessin de presse et celle de la bande dessin\u00e9e.<\/p>\n<p>Le conf\u00e9rencier Zohor\u00e9 Lassane de ce festival de dessin de presse et de bande dessin\u00e9e a pr\u00e9cis\u00e9 que pour cette 6\u00e8 \u00e9dition de \u00ab\u00a0Cocobulles\u00a0\u00bb, plusieurs d\u00e9l\u00e9gations venues du monde entier sont attendues.<\/p>\n<p>Il s&rsquo;agit d&rsquo;une forte d\u00e9l\u00e9gation de Cartooning for Peace conduite par son pr\u00e9sident KAK. La pr\u00e9sence de Tayo, un caricaturiste nig\u00e9rian bas\u00e9 en Angleterre est annonc\u00e9e.<\/p>\n<p>Le dessinateur Danois Lars, Marguerite Abouet, auteure de Aya de Yopougon et Odia du S\u00e9n\u00e9gal, sont aussi attendus \u00e0 cette 6\u00e8 \u00e9dition du festival \u00ab\u00a0Cocobulles\u00a0\u00bb.<\/p>\n<p>Enfin, pour cette grande c\u00e9r\u00e9monie de renomm\u00e9e internationale qui sera organis\u00e9e dans la commune de Treichville du 11 au 14 novembre 2021, J\u00e9r\u00f4me Ahissi, 1er adjoint au maire de Treichville repr\u00e9sentant pour la circonstance le maire Fran\u00e7ois Amichia a tenu \u00e0 exprimer toute sa gratitude aux organisateurs pour le choix de la commune. Il a fait savoir que le premier magistrat de la commune de Treichville et son \u00e9quipe restent mobilis\u00e9s \u00e0 accompagner cette initiative du festival \u00ab\u00a0Cocobulles\u00a0\u00bb.<\/p>\n<p>Jean Chr\u00e9sus, Abidjan<\/p>\n<p><strong>Pour plus d&rsquo;informations et d&rsquo;analyses sur la <a href=\"https:\/\/www.africa-press.net\/cotedivoire\">C\u00f4te d&rsquo;Ivoire<\/a>, suivez <a href=\"https:\/\/www.africa-press.net\/\">Africa-Press<\/a><\/strong><\/p>\n","protected":false},"excerpt":{"rendered":"<p>Africa-Press &#8211; C\u00f4te d&rsquo;Ivoire. Du 11 au 14 novembre 2021, la capitale \u00e9conomique de la C\u00f4te d&rsquo;Ivoire, Abidjan va vivre aux rythmes de la 6\u00e8 \u00e9dition du festival international de dessin de presse et de la bande dessin\u00e9e d\u00e9nomm\u00e9e \u00ab\u00a0Cocobulles\u00a0\u00bb. Cette belle aventure entam\u00e9e en 2001 et qui a d\u00fb se mettre en veilleuse pendant [&hellip;]<\/p>\n","protected":false},"author":82,"featured_media":18745,"comment_status":"open","ping_status":"closed","sticky":false,"template":"","format":"standard","meta":{"footnotes":""},"categories":[5,11,10],"tags":[56,63,2306,29,2309,2308,2307,2012],"class_list":["post-18746","post","type-post","status-publish","format-standard","has-post-thumbnail","hentry","category-culture-et-art","category-homepage-french","category-toutes-les-actualites","tag-africa-press","tag-africa-press-cote-divoire","tag-cocobulles","tag-cote-divoire","tag-dessins","tag-edition","tag-festival","tag-presse"],"yoast_head":"<!-- This site is optimized with the Yoast SEO Premium plugin v26.1 (Yoast SEO v27.0) - https:\/\/yoast.com\/product\/yoast-seo-premium-wordpress\/ -->\n<title>Lancement \u00e0 Abidjan de la 6e \u00e9dition du \u00ab Cocobulles \u00bb plac\u00e9 sous le th\u00e8me de la pr\u00e9vention des conflits - C\u00f4te d&#039;Ivoire<\/title>\n<meta name=\"robots\" content=\"index, follow, max-snippet:-1, max-image-preview:large, max-video-preview:-1\" \/>\n<link rel=\"canonical\" href=\"https:\/\/www.africa-press.net\/cotedivoire\/culture-et-art\/cote-divoire-lancement-a-abidjan-de-la-6e-edition-du-cocobulles-place-sous-le-theme-de-la-prevention-des-conflits\" \/>\n<meta property=\"og:locale\" content=\"fr_FR\" \/>\n<meta property=\"og:type\" content=\"article\" \/>\n<meta property=\"og:title\" content=\"Lancement \u00e0 Abidjan de la 6e \u00e9dition du \u00ab Cocobulles \u00bb plac\u00e9 sous le th\u00e8me de la pr\u00e9vention des conflits\" \/>\n<meta property=\"og:description\" content=\"Africa-Press &#8211; C\u00f4te d&rsquo;Ivoire. Du 11 au 14 novembre 2021, la capitale \u00e9conomique de la C\u00f4te d&rsquo;Ivoire, Abidjan va vivre aux rythmes de la 6\u00e8 \u00e9dition du festival international de dessin de presse et de la bande dessin\u00e9e d\u00e9nomm\u00e9e \u00ab\u00a0Cocobulles\u00a0\u00bb. Cette belle aventure entam\u00e9e en 2001 et qui a d\u00fb se mettre en veilleuse pendant [&hellip;]\" \/>\n<meta property=\"og:url\" content=\"https:\/\/www.africa-press.net\/cotedivoire\/culture-et-art\/cote-divoire-lancement-a-abidjan-de-la-6e-edition-du-cocobulles-place-sous-le-theme-de-la-prevention-des-conflits\" \/>\n<meta property=\"og:site_name\" content=\"C\u00f4te d&#039;Ivoire\" \/>\n<meta property=\"article:published_time\" content=\"2021-11-04T15:05:53+00:00\" \/>\n<meta property=\"article:modified_time\" content=\"2021-11-04T22:24:28+00:00\" \/>\n<meta property=\"og:image\" content=\"https:\/\/static.africa-press.net\/cote\/sites\/43\/2021\/11\/img-6183f33b87287.jpg\" \/>\n\t<meta property=\"og:image:width\" content=\"720\" \/>\n\t<meta property=\"og:image:height\" content=\"355\" \/>\n\t<meta property=\"og:image:type\" content=\"image\/jpeg\" \/>\n<meta name=\"author\" content=\"cfeditorfr\" \/>\n<meta name=\"twitter:card\" content=\"summary_large_image\" \/>\n<meta name=\"twitter:label1\" content=\"\u00c9crit par\" \/>\n\t<meta name=\"twitter:data1\" content=\"cfeditorfr\" \/>\n\t<meta name=\"twitter:label2\" content=\"Dur\u00e9e de lecture estim\u00e9e\" \/>\n\t<meta name=\"twitter:data2\" content=\"2 minutes\" \/>\n<script type=\"application\/ld+json\" class=\"yoast-schema-graph\">{\"@context\":\"https:\/\/schema.org\",\"@graph\":[{\"@type\":\"Article\",\"@id\":\"https:\/\/www.africa-press.net\/cotedivoire\/culture-et-art\/cote-divoire-lancement-a-abidjan-de-la-6e-edition-du-cocobulles-place-sous-le-theme-de-la-prevention-des-conflits#article\",\"isPartOf\":{\"@id\":\"https:\/\/www.africa-press.net\/cotedivoire\/culture-et-art\/cote-divoire-lancement-a-abidjan-de-la-6e-edition-du-cocobulles-place-sous-le-theme-de-la-prevention-des-conflits\"},\"author\":{\"name\":\"cfeditorfr\",\"@id\":\"https:\/\/www.africa-press.net\/cotedivoire\/#\/schema\/person\/2b1cf3cd81a31e3cd26889ca66d677f1\"},\"headline\":\"Lancement \u00e0 Abidjan de la 6e \u00e9dition du \u00ab Cocobulles \u00bb plac\u00e9 sous le th\u00e8me de la pr\u00e9vention des conflits\",\"datePublished\":\"2021-11-04T15:05:53+00:00\",\"dateModified\":\"2021-11-04T22:24:28+00:00\",\"mainEntityOfPage\":{\"@id\":\"https:\/\/www.africa-press.net\/cotedivoire\/culture-et-art\/cote-divoire-lancement-a-abidjan-de-la-6e-edition-du-cocobulles-place-sous-le-theme-de-la-prevention-des-conflits\"},\"wordCount\":499,\"commentCount\":0,\"image\":{\"@id\":\"https:\/\/www.africa-press.net\/cotedivoire\/culture-et-art\/cote-divoire-lancement-a-abidjan-de-la-6e-edition-du-cocobulles-place-sous-le-theme-de-la-prevention-des-conflits#primaryimage\"},\"thumbnailUrl\":\"https:\/\/static.africa-press.net\/cote\/sites\/43\/2021\/11\/img-6183f33b87287.jpg\",\"keywords\":[\"Africa Press\",\"Africa Press-C\u00f4te d'Ivoire\",\"Cocobulles\",\"C\u00d4TE D'IVOIRE\",\"Dessins\",\"\u00c9dition\",\"Festival\",\"Presse\"],\"articleSection\":[\"Culture et Art\",\"homepage-french\",\"Toutes les actualit\u00e9s\"],\"inLanguage\":\"fr-FR\",\"potentialAction\":[{\"@type\":\"CommentAction\",\"name\":\"Comment\",\"target\":[\"https:\/\/www.africa-press.net\/cotedivoire\/culture-et-art\/cote-divoire-lancement-a-abidjan-de-la-6e-edition-du-cocobulles-place-sous-le-theme-de-la-prevention-des-conflits#respond\"]}]},{\"@type\":\"WebPage\",\"@id\":\"https:\/\/www.africa-press.net\/cotedivoire\/culture-et-art\/cote-divoire-lancement-a-abidjan-de-la-6e-edition-du-cocobulles-place-sous-le-theme-de-la-prevention-des-conflits\",\"url\":\"https:\/\/www.africa-press.net\/cotedivoire\/culture-et-art\/cote-divoire-lancement-a-abidjan-de-la-6e-edition-du-cocobulles-place-sous-le-theme-de-la-prevention-des-conflits\",\"name\":\"Lancement \u00e0 Abidjan de la 6e \u00e9dition du \u00ab Cocobulles \u00bb plac\u00e9 sous le th\u00e8me de la pr\u00e9vention des conflits - C\u00f4te d&#039;Ivoire\",\"isPartOf\":{\"@id\":\"https:\/\/www.africa-press.net\/cotedivoire\/#website\"},\"primaryImageOfPage\":{\"@id\":\"https:\/\/www.africa-press.net\/cotedivoire\/culture-et-art\/cote-divoire-lancement-a-abidjan-de-la-6e-edition-du-cocobulles-place-sous-le-theme-de-la-prevention-des-conflits#primaryimage\"},\"image\":{\"@id\":\"https:\/\/www.africa-press.net\/cotedivoire\/culture-et-art\/cote-divoire-lancement-a-abidjan-de-la-6e-edition-du-cocobulles-place-sous-le-theme-de-la-prevention-des-conflits#primaryimage\"},\"thumbnailUrl\":\"https:\/\/static.africa-press.net\/cote\/sites\/43\/2021\/11\/img-6183f33b87287.jpg\",\"datePublished\":\"2021-11-04T15:05:53+00:00\",\"dateModified\":\"2021-11-04T22:24:28+00:00\",\"author\":{\"@id\":\"https:\/\/www.africa-press.net\/cotedivoire\/#\/schema\/person\/2b1cf3cd81a31e3cd26889ca66d677f1\"},\"breadcrumb\":{\"@id\":\"https:\/\/www.africa-press.net\/cotedivoire\/culture-et-art\/cote-divoire-lancement-a-abidjan-de-la-6e-edition-du-cocobulles-place-sous-le-theme-de-la-prevention-des-conflits#breadcrumb\"},\"inLanguage\":\"fr-FR\",\"potentialAction\":[{\"@type\":\"ReadAction\",\"target\":[\"https:\/\/www.africa-press.net\/cotedivoire\/culture-et-art\/cote-divoire-lancement-a-abidjan-de-la-6e-edition-du-cocobulles-place-sous-le-theme-de-la-prevention-des-conflits\"]}]},{\"@type\":\"ImageObject\",\"inLanguage\":\"fr-FR\",\"@id\":\"https:\/\/www.africa-press.net\/cotedivoire\/culture-et-art\/cote-divoire-lancement-a-abidjan-de-la-6e-edition-du-cocobulles-place-sous-le-theme-de-la-prevention-des-conflits#primaryimage\",\"url\":\"https:\/\/static.africa-press.net\/cote\/sites\/43\/2021\/11\/img-6183f33b87287.jpg\",\"contentUrl\":\"https:\/\/static.africa-press.net\/cote\/sites\/43\/2021\/11\/img-6183f33b87287.jpg\",\"width\":720,\"height\":355,\"caption\":\"C\u00f4te d'Ivoire : Lancement \u00e0 Abidjan de la 6e \u00e9dition du \u00ab Cocobulles \u00bb plac\u00e9 sous le th\u00e8me de la pr\u00e9vention des conflits\"},{\"@type\":\"BreadcrumbList\",\"@id\":\"https:\/\/www.africa-press.net\/cotedivoire\/culture-et-art\/cote-divoire-lancement-a-abidjan-de-la-6e-edition-du-cocobulles-place-sous-le-theme-de-la-prevention-des-conflits#breadcrumb\",\"itemListElement\":[{\"@type\":\"ListItem\",\"position\":1,\"name\":\"Accueil\",\"item\":\"https:\/\/www.africa-press.net\/cotedivoire\/\"},{\"@type\":\"ListItem\",\"position\":2,\"name\":\"Lancement \u00e0 Abidjan de la 6e \u00e9dition du \u00ab Cocobulles \u00bb plac\u00e9 sous le th\u00e8me de la pr\u00e9vention des conflits\"}]},{\"@type\":\"WebSite\",\"@id\":\"https:\/\/www.africa-press.net\/cotedivoire\/#website\",\"url\":\"https:\/\/www.africa-press.net\/cotedivoire\/\",\"name\":\"C\u00f4te d&#039;Ivoire\",\"description\":\"Just another Africa News Agency Sites site\",\"potentialAction\":[{\"@type\":\"SearchAction\",\"target\":{\"@type\":\"EntryPoint\",\"urlTemplate\":\"https:\/\/www.africa-press.net\/cotedivoire\/?s={search_term_string}\"},\"query-input\":{\"@type\":\"PropertyValueSpecification\",\"valueRequired\":true,\"valueName\":\"search_term_string\"}}],\"inLanguage\":\"fr-FR\"},{\"@type\":\"Person\",\"@id\":\"https:\/\/www.africa-press.net\/cotedivoire\/#\/schema\/person\/2b1cf3cd81a31e3cd26889ca66d677f1\",\"name\":\"cfeditorfr\"}]}<\/script>\n<!-- \/ Yoast SEO Premium plugin. -->","yoast_head_json":{"title":"Lancement \u00e0 Abidjan de la 6e \u00e9dition du \u00ab Cocobulles \u00bb plac\u00e9 sous le th\u00e8me de la pr\u00e9vention des conflits - C\u00f4te d&#039;Ivoire","robots":{"index":"index","follow":"follow","max-snippet":"max-snippet:-1","max-image-preview":"max-image-preview:large","max-video-preview":"max-video-preview:-1"},"canonical":"https:\/\/www.africa-press.net\/cotedivoire\/culture-et-art\/cote-divoire-lancement-a-abidjan-de-la-6e-edition-du-cocobulles-place-sous-le-theme-de-la-prevention-des-conflits","og_locale":"fr_FR","og_type":"article","og_title":"Lancement \u00e0 Abidjan de la 6e \u00e9dition du \u00ab Cocobulles \u00bb plac\u00e9 sous le th\u00e8me de la pr\u00e9vention des conflits","og_description":"Africa-Press &#8211; C\u00f4te d&rsquo;Ivoire. Du 11 au 14 novembre 2021, la capitale \u00e9conomique de la C\u00f4te d&rsquo;Ivoire, Abidjan va vivre aux rythmes de la 6\u00e8 \u00e9dition du festival international de dessin de presse et de la bande dessin\u00e9e d\u00e9nomm\u00e9e \u00ab\u00a0Cocobulles\u00a0\u00bb. Cette belle aventure entam\u00e9e en 2001 et qui a d\u00fb se mettre en veilleuse pendant [&hellip;]","og_url":"https:\/\/www.africa-press.net\/cotedivoire\/culture-et-art\/cote-divoire-lancement-a-abidjan-de-la-6e-edition-du-cocobulles-place-sous-le-theme-de-la-prevention-des-conflits","og_site_name":"C\u00f4te d&#039;Ivoire","article_published_time":"2021-11-04T15:05:53+00:00","article_modified_time":"2021-11-04T22:24:28+00:00","og_image":[{"width":720,"height":355,"url":"https:\/\/static.africa-press.net\/cote\/sites\/43\/2021\/11\/img-6183f33b87287.jpg","type":"image\/jpeg"}],"author":"cfeditorfr","twitter_card":"summary_large_image","twitter_misc":{"\u00c9crit par":"cfeditorfr","Dur\u00e9e de lecture estim\u00e9e":"2 minutes"},"schema":{"@context":"https:\/\/schema.org","@graph":[{"@type":"Article","@id":"https:\/\/www.africa-press.net\/cotedivoire\/culture-et-art\/cote-divoire-lancement-a-abidjan-de-la-6e-edition-du-cocobulles-place-sous-le-theme-de-la-prevention-des-conflits#article","isPartOf":{"@id":"https:\/\/www.africa-press.net\/cotedivoire\/culture-et-art\/cote-divoire-lancement-a-abidjan-de-la-6e-edition-du-cocobulles-place-sous-le-theme-de-la-prevention-des-conflits"},"author":{"name":"cfeditorfr","@id":"https:\/\/www.africa-press.net\/cotedivoire\/#\/schema\/person\/2b1cf3cd81a31e3cd26889ca66d677f1"},"headline":"Lancement \u00e0 Abidjan de la 6e \u00e9dition du \u00ab Cocobulles \u00bb plac\u00e9 sous le th\u00e8me de la pr\u00e9vention des conflits","datePublished":"2021-11-04T15:05:53+00:00","dateModified":"2021-11-04T22:24:28+00:00","mainEntityOfPage":{"@id":"https:\/\/www.africa-press.net\/cotedivoire\/culture-et-art\/cote-divoire-lancement-a-abidjan-de-la-6e-edition-du-cocobulles-place-sous-le-theme-de-la-prevention-des-conflits"},"wordCount":499,"commentCount":0,"image":{"@id":"https:\/\/www.africa-press.net\/cotedivoire\/culture-et-art\/cote-divoire-lancement-a-abidjan-de-la-6e-edition-du-cocobulles-place-sous-le-theme-de-la-prevention-des-conflits#primaryimage"},"thumbnailUrl":"https:\/\/static.africa-press.net\/cote\/sites\/43\/2021\/11\/img-6183f33b87287.jpg","keywords":["Africa Press","Africa Press-C\u00f4te d'Ivoire","Cocobulles","C\u00d4TE D'IVOIRE","Dessins","\u00c9dition","Festival","Presse"],"articleSection":["Culture et Art","homepage-french","Toutes les actualit\u00e9s"],"inLanguage":"fr-FR","potentialAction":[{"@type":"CommentAction","name":"Comment","target":["https:\/\/www.africa-press.net\/cotedivoire\/culture-et-art\/cote-divoire-lancement-a-abidjan-de-la-6e-edition-du-cocobulles-place-sous-le-theme-de-la-prevention-des-conflits#respond"]}]},{"@type":"WebPage","@id":"https:\/\/www.africa-press.net\/cotedivoire\/culture-et-art\/cote-divoire-lancement-a-abidjan-de-la-6e-edition-du-cocobulles-place-sous-le-theme-de-la-prevention-des-conflits","url":"https:\/\/www.africa-press.net\/cotedivoire\/culture-et-art\/cote-divoire-lancement-a-abidjan-de-la-6e-edition-du-cocobulles-place-sous-le-theme-de-la-prevention-des-conflits","name":"Lancement \u00e0 Abidjan de la 6e \u00e9dition du \u00ab Cocobulles \u00bb plac\u00e9 sous le th\u00e8me de la pr\u00e9vention des conflits - C\u00f4te d&#039;Ivoire","isPartOf":{"@id":"https:\/\/www.africa-press.net\/cotedivoire\/#website"},"primaryImageOfPage":{"@id":"https:\/\/www.africa-press.net\/cotedivoire\/culture-et-art\/cote-divoire-lancement-a-abidjan-de-la-6e-edition-du-cocobulles-place-sous-le-theme-de-la-prevention-des-conflits#primaryimage"},"image":{"@id":"https:\/\/www.africa-press.net\/cotedivoire\/culture-et-art\/cote-divoire-lancement-a-abidjan-de-la-6e-edition-du-cocobulles-place-sous-le-theme-de-la-prevention-des-conflits#primaryimage"},"thumbnailUrl":"https:\/\/static.africa-press.net\/cote\/sites\/43\/2021\/11\/img-6183f33b87287.jpg","datePublished":"2021-11-04T15:05:53+00:00","dateModified":"2021-11-04T22:24:28+00:00","author":{"@id":"https:\/\/www.africa-press.net\/cotedivoire\/#\/schema\/person\/2b1cf3cd81a31e3cd26889ca66d677f1"},"breadcrumb":{"@id":"https:\/\/www.africa-press.net\/cotedivoire\/culture-et-art\/cote-divoire-lancement-a-abidjan-de-la-6e-edition-du-cocobulles-place-sous-le-theme-de-la-prevention-des-conflits#breadcrumb"},"inLanguage":"fr-FR","potentialAction":[{"@type":"ReadAction","target":["https:\/\/www.africa-press.net\/cotedivoire\/culture-et-art\/cote-divoire-lancement-a-abidjan-de-la-6e-edition-du-cocobulles-place-sous-le-theme-de-la-prevention-des-conflits"]}]},{"@type":"ImageObject","inLanguage":"fr-FR","@id":"https:\/\/www.africa-press.net\/cotedivoire\/culture-et-art\/cote-divoire-lancement-a-abidjan-de-la-6e-edition-du-cocobulles-place-sous-le-theme-de-la-prevention-des-conflits#primaryimage","url":"https:\/\/static.africa-press.net\/cote\/sites\/43\/2021\/11\/img-6183f33b87287.jpg","contentUrl":"https:\/\/static.africa-press.net\/cote\/sites\/43\/2021\/11\/img-6183f33b87287.jpg","width":720,"height":355,"caption":"C\u00f4te d'Ivoire : Lancement \u00e0 Abidjan de la 6e \u00e9dition du \u00ab Cocobulles \u00bb plac\u00e9 sous le th\u00e8me de la pr\u00e9vention des conflits"},{"@type":"BreadcrumbList","@id":"https:\/\/www.africa-press.net\/cotedivoire\/culture-et-art\/cote-divoire-lancement-a-abidjan-de-la-6e-edition-du-cocobulles-place-sous-le-theme-de-la-prevention-des-conflits#breadcrumb","itemListElement":[{"@type":"ListItem","position":1,"name":"Accueil","item":"https:\/\/www.africa-press.net\/cotedivoire\/"},{"@type":"ListItem","position":2,"name":"Lancement \u00e0 Abidjan de la 6e \u00e9dition du \u00ab Cocobulles \u00bb plac\u00e9 sous le th\u00e8me de la pr\u00e9vention des conflits"}]},{"@type":"WebSite","@id":"https:\/\/www.africa-press.net\/cotedivoire\/#website","url":"https:\/\/www.africa-press.net\/cotedivoire\/","name":"C\u00f4te d&#039;Ivoire","description":"Just another Africa News Agency Sites site","potentialAction":[{"@type":"SearchAction","target":{"@type":"EntryPoint","urlTemplate":"https:\/\/www.africa-press.net\/cotedivoire\/?s={search_term_string}"},"query-input":{"@type":"PropertyValueSpecification","valueRequired":true,"valueName":"search_term_string"}}],"inLanguage":"fr-FR"},{"@type":"Person","@id":"https:\/\/www.africa-press.net\/cotedivoire\/#\/schema\/person\/2b1cf3cd81a31e3cd26889ca66d677f1","name":"cfeditorfr"}]}},"_links":{"self":[{"href":"https:\/\/www.africa-press.net\/cotedivoire\/wp-json\/wp\/v2\/posts\/18746","targetHints":{"allow":["GET"]}}],"collection":[{"href":"https:\/\/www.africa-press.net\/cotedivoire\/wp-json\/wp\/v2\/posts"}],"about":[{"href":"https:\/\/www.africa-press.net\/cotedivoire\/wp-json\/wp\/v2\/types\/post"}],"author":[{"embeddable":true,"href":"https:\/\/www.africa-press.net\/cotedivoire\/wp-json\/wp\/v2\/users\/82"}],"replies":[{"embeddable":true,"href":"https:\/\/www.africa-press.net\/cotedivoire\/wp-json\/wp\/v2\/comments?post=18746"}],"version-history":[{"count":0,"href":"https:\/\/www.africa-press.net\/cotedivoire\/wp-json\/wp\/v2\/posts\/18746\/revisions"}],"wp:featuredmedia":[{"embeddable":true,"href":"https:\/\/www.africa-press.net\/cotedivoire\/wp-json\/wp\/v2\/media\/18745"}],"wp:attachment":[{"href":"https:\/\/www.africa-press.net\/cotedivoire\/wp-json\/wp\/v2\/media?parent=18746"}],"wp:term":[{"taxonomy":"category","embeddable":true,"href":"https:\/\/www.africa-press.net\/cotedivoire\/wp-json\/wp\/v2\/categories?post=18746"},{"taxonomy":"post_tag","embeddable":true,"href":"https:\/\/www.africa-press.net\/cotedivoire\/wp-json\/wp\/v2\/tags?post=18746"}],"curies":[{"name":"wp","href":"https:\/\/api.w.org\/{rel}","templated":true}]}}