{"id":19352,"date":"2021-11-09T17:44:55","date_gmt":"2021-11-09T17:44:55","guid":{"rendered":"https:\/\/www.africa-press.net\/cotedivoire\/?p=19352"},"modified":"2021-11-09T16:47:08","modified_gmt":"2021-11-09T16:47:08","slug":"cote-divoire-le-pdci-rda-silencieux-sur-le-cas-thiam-annonce-un-bureau-politique-pour-le-09-decembre-prochain","status":"publish","type":"post","link":"https:\/\/www.africa-press.net\/cotedivoire\/politique\/cote-divoire-le-pdci-rda-silencieux-sur-le-cas-thiam-annonce-un-bureau-politique-pour-le-09-decembre-prochain","title":{"rendered":"C\u00f4te d&rsquo;Ivoire : Le PDCI-RDA silencieux sur le cas Thiam annonce un  Bureau Politique pour le 09 d\u00e9cembre prochain"},"content":{"rendered":"<p><span style=\"color: #ff6600\"><strong>Africa-Press &#8211; C\u00f4te d&rsquo;Ivoire. <\/strong><\/span><b>Lancement d\u2019un mouvement de soutien \u00e0 la candidature de Thiam le week-end dernier \u00e0 Abidjan<\/b><\/p>\n<p>&nbsp;<\/p>\n<p>Comme annonc\u00e9 \u00e0 la cl\u00f4ture du colloque en octobre dernier, Henri Konan B\u00e9di\u00e9, Pr\u00e9sident du PDCI-RDA, convoque les membres du Bureau Politique du PDCI- RDA, \u00e0 la r\u00e9union du Bureau Politique qui aura lieu, le jeudi 09 d\u00e9cembre 2021, \u00e0 16 h 00, au Si\u00e8ge du Parti, \u00e0 Cocody.<\/p>\n<p>Il pr\u00e9cise que, cette rencontre est \u00e9largie \u00e0 Mesdames et Messieurs les membres du Comit\u00e9 des Sages avant de le relever la condition pour prendre part \u00e0 cet important conclave.<\/p>\n<p>\u00ab \u00catre \u00e0 jour des cotisations de l\u2019ann\u00e9e 2021 \u00bb, soulign\u00e9 l\u2019ancien chef d\u2019Etat ivoirien.<\/p>\n<p>Le parti du sphinx de Daoukro fait encore parler de lui ces derniers jours avec le cas de la probable candidature de Tidjane Thiam.<\/p>\n<p>Pour ses partisans, cette fois sera la bonne pour que ce dernier affiche ses ambitions pr\u00e9sidentielles pour 2025 quand ses d\u00e9tracteurs l\u2019invite \u00e0 prendre enfin sa carte de militant du parti apr\u00e8s le lancement de son mouvement le week-end dernier \u00e0 Abidjan.<\/p>\n<p>Les voix officielles du PDCI-RDA refusent pour l\u2019heure de commenter les actions men\u00e9es par les partisans de celui qui, pour rappel, a \u00e9t\u00e9 \u00e9cart\u00e9 du syst\u00e8me financier international apr\u00e8s une affaire d&rsquo;espionnage en Suisse.<\/p>\n<p>Donatien Kautcha, Abidjan<\/p>\n<p><strong>Pour plus d&rsquo;informations et d&rsquo;analyses sur la <a href=\"https:\/\/www.africa-press.net\/cotedivoire\">C\u00f4te d&rsquo;Ivoire<\/a>, suivez <a href=\"https:\/\/www.africa-press.net\/\">Africa-Press<\/a><\/strong><\/p>\n","protected":false},"excerpt":{"rendered":"<p>Africa-Press &#8211; C\u00f4te d&rsquo;Ivoire. Lancement d\u2019un mouvement de soutien \u00e0 la candidature de Thiam le week-end dernier \u00e0 Abidjan &nbsp; Comme annonc\u00e9 \u00e0 la cl\u00f4ture du colloque en octobre dernier, Henri Konan B\u00e9di\u00e9, Pr\u00e9sident du PDCI-RDA, convoque les membres du Bureau Politique du PDCI- RDA, \u00e0 la r\u00e9union du Bureau Politique qui aura lieu, le [&hellip;]<\/p>\n","protected":false},"author":82,"featured_media":19351,"comment_status":"open","ping_status":"closed","sticky":false,"template":"","format":"standard","meta":{"footnotes":""},"categories":[11,2,10],"tags":[56,63,1970,745,29,408,739,60,2442],"class_list":["post-19352","post","type-post","status-publish","format-standard","has-post-thumbnail","hentry","category-homepage-french","category-politique","category-toutes-les-actualites","tag-africa-press","tag-africa-press-cote-divoire","tag-bureau","tag-candidature","tag-cote-divoire","tag-konan-bedie","tag-pdci-rda","tag-politique","tag-tidjane-thiam"],"yoast_head":"<!-- This site is optimized with the Yoast SEO Premium plugin v26.1 (Yoast SEO v27.0) - https:\/\/yoast.com\/product\/yoast-seo-premium-wordpress\/ -->\n<title>C\u00f4te d&#039;Ivoire : Le PDCI-RDA silencieux sur le cas Thiam annonce un Bureau Politique pour le 09 d\u00e9cembre prochain - C\u00f4te d&#039;Ivoire<\/title>\n<meta name=\"description\" content=\"Lancement d\u2019un mouvement de soutien \u00e0 la candidature de Thiam le week-end dernier \u00e0 Abidjan \ufeff Comme anno ...\" \/>\n<meta name=\"robots\" content=\"index, follow, max-snippet:-1, max-image-preview:large, max-video-preview:-1\" \/>\n<link rel=\"canonical\" href=\"https:\/\/www.africa-press.net\/cotedivoire\/politique\/cote-divoire-le-pdci-rda-silencieux-sur-le-cas-thiam-annonce-un-bureau-politique-pour-le-09-decembre-prochain\" \/>\n<meta property=\"og:locale\" content=\"fr_FR\" \/>\n<meta property=\"og:type\" content=\"article\" \/>\n<meta property=\"og:title\" content=\"C\u00f4te d&#039;Ivoire : Le PDCI-RDA silencieux sur le cas Thiam annonce un Bureau Politique pour le 09 d\u00e9cembre prochain\" \/>\n<meta property=\"og:description\" content=\"Lancement d\u2019un mouvement de soutien \u00e0 la candidature de Thiam le week-end dernier \u00e0 Abidjan \ufeff Comme anno ...\" \/>\n<meta property=\"og:url\" content=\"https:\/\/www.africa-press.net\/cotedivoire\/politique\/cote-divoire-le-pdci-rda-silencieux-sur-le-cas-thiam-annonce-un-bureau-politique-pour-le-09-decembre-prochain\" \/>\n<meta property=\"og:site_name\" content=\"C\u00f4te d&#039;Ivoire\" \/>\n<meta property=\"article:published_time\" content=\"2021-11-09T17:44:55+00:00\" \/>\n<meta property=\"og:image\" content=\"https:\/\/static.africa-press.net\/cote\/sites\/43\/2021\/11\/img-618aa5ecd8b30.jpg\" \/>\n\t<meta property=\"og:image:width\" content=\"720\" \/>\n\t<meta property=\"og:image:height\" content=\"361\" \/>\n\t<meta property=\"og:image:type\" content=\"image\/jpeg\" \/>\n<meta name=\"author\" content=\"cfeditorfr\" \/>\n<meta name=\"twitter:card\" content=\"summary_large_image\" \/>\n<meta name=\"twitter:label1\" content=\"\u00c9crit par\" \/>\n\t<meta name=\"twitter:data1\" content=\"cfeditorfr\" \/>\n\t<meta name=\"twitter:label2\" content=\"Dur\u00e9e de lecture estim\u00e9e\" \/>\n\t<meta name=\"twitter:data2\" content=\"1 minute\" \/>\n<script type=\"application\/ld+json\" class=\"yoast-schema-graph\">{\"@context\":\"https:\/\/schema.org\",\"@graph\":[{\"@type\":\"Article\",\"@id\":\"https:\/\/www.africa-press.net\/cotedivoire\/politique\/cote-divoire-le-pdci-rda-silencieux-sur-le-cas-thiam-annonce-un-bureau-politique-pour-le-09-decembre-prochain#article\",\"isPartOf\":{\"@id\":\"https:\/\/www.africa-press.net\/cotedivoire\/politique\/cote-divoire-le-pdci-rda-silencieux-sur-le-cas-thiam-annonce-un-bureau-politique-pour-le-09-decembre-prochain\"},\"author\":{\"name\":\"cfeditorfr\",\"@id\":\"https:\/\/www.africa-press.net\/cotedivoire\/#\/schema\/person\/2b1cf3cd81a31e3cd26889ca66d677f1\"},\"headline\":\"C\u00f4te d&rsquo;Ivoire : Le PDCI-RDA silencieux sur le cas Thiam annonce un Bureau Politique pour le 09 d\u00e9cembre prochain\",\"datePublished\":\"2021-11-09T17:44:55+00:00\",\"mainEntityOfPage\":{\"@id\":\"https:\/\/www.africa-press.net\/cotedivoire\/politique\/cote-divoire-le-pdci-rda-silencieux-sur-le-cas-thiam-annonce-un-bureau-politique-pour-le-09-decembre-prochain\"},\"wordCount\":256,\"commentCount\":0,\"image\":{\"@id\":\"https:\/\/www.africa-press.net\/cotedivoire\/politique\/cote-divoire-le-pdci-rda-silencieux-sur-le-cas-thiam-annonce-un-bureau-politique-pour-le-09-decembre-prochain#primaryimage\"},\"thumbnailUrl\":\"https:\/\/static.africa-press.net\/cote\/sites\/43\/2021\/11\/img-618aa5ecd8b30.jpg\",\"keywords\":[\"Africa Press\",\"Africa Press-C\u00f4te d'Ivoire\",\"bureau\",\"candidature\",\"C\u00d4TE D'IVOIRE\",\"Konan B\u00e9di\u00e9\",\"PDCI-RDA\",\"Politique\",\"Tidjane Thiam\"],\"articleSection\":[\"homepage-french\",\"Politique\",\"Toutes les actualit\u00e9s\"],\"inLanguage\":\"fr-FR\",\"potentialAction\":[{\"@type\":\"CommentAction\",\"name\":\"Comment\",\"target\":[\"https:\/\/www.africa-press.net\/cotedivoire\/politique\/cote-divoire-le-pdci-rda-silencieux-sur-le-cas-thiam-annonce-un-bureau-politique-pour-le-09-decembre-prochain#respond\"]}]},{\"@type\":\"WebPage\",\"@id\":\"https:\/\/www.africa-press.net\/cotedivoire\/politique\/cote-divoire-le-pdci-rda-silencieux-sur-le-cas-thiam-annonce-un-bureau-politique-pour-le-09-decembre-prochain\",\"url\":\"https:\/\/www.africa-press.net\/cotedivoire\/politique\/cote-divoire-le-pdci-rda-silencieux-sur-le-cas-thiam-annonce-un-bureau-politique-pour-le-09-decembre-prochain\",\"name\":\"C\u00f4te d'Ivoire : Le PDCI-RDA silencieux sur le cas Thiam annonce un Bureau Politique pour le 09 d\u00e9cembre prochain - C\u00f4te d&#039;Ivoire\",\"isPartOf\":{\"@id\":\"https:\/\/www.africa-press.net\/cotedivoire\/#website\"},\"primaryImageOfPage\":{\"@id\":\"https:\/\/www.africa-press.net\/cotedivoire\/politique\/cote-divoire-le-pdci-rda-silencieux-sur-le-cas-thiam-annonce-un-bureau-politique-pour-le-09-decembre-prochain#primaryimage\"},\"image\":{\"@id\":\"https:\/\/www.africa-press.net\/cotedivoire\/politique\/cote-divoire-le-pdci-rda-silencieux-sur-le-cas-thiam-annonce-un-bureau-politique-pour-le-09-decembre-prochain#primaryimage\"},\"thumbnailUrl\":\"https:\/\/static.africa-press.net\/cote\/sites\/43\/2021\/11\/img-618aa5ecd8b30.jpg\",\"datePublished\":\"2021-11-09T17:44:55+00:00\",\"author\":{\"@id\":\"https:\/\/www.africa-press.net\/cotedivoire\/#\/schema\/person\/2b1cf3cd81a31e3cd26889ca66d677f1\"},\"description\":\"Lancement d\u2019un mouvement de soutien \u00e0 la candidature de Thiam le week-end dernier \u00e0 Abidjan \ufeff Comme anno ...\",\"breadcrumb\":{\"@id\":\"https:\/\/www.africa-press.net\/cotedivoire\/politique\/cote-divoire-le-pdci-rda-silencieux-sur-le-cas-thiam-annonce-un-bureau-politique-pour-le-09-decembre-prochain#breadcrumb\"},\"inLanguage\":\"fr-FR\",\"potentialAction\":[{\"@type\":\"ReadAction\",\"target\":[\"https:\/\/www.africa-press.net\/cotedivoire\/politique\/cote-divoire-le-pdci-rda-silencieux-sur-le-cas-thiam-annonce-un-bureau-politique-pour-le-09-decembre-prochain\"]}]},{\"@type\":\"ImageObject\",\"inLanguage\":\"fr-FR\",\"@id\":\"https:\/\/www.africa-press.net\/cotedivoire\/politique\/cote-divoire-le-pdci-rda-silencieux-sur-le-cas-thiam-annonce-un-bureau-politique-pour-le-09-decembre-prochain#primaryimage\",\"url\":\"https:\/\/static.africa-press.net\/cote\/sites\/43\/2021\/11\/img-618aa5ecd8b30.jpg\",\"contentUrl\":\"https:\/\/static.africa-press.net\/cote\/sites\/43\/2021\/11\/img-618aa5ecd8b30.jpg\",\"width\":720,\"height\":361,\"caption\":\"C\u00f4te d'Ivoire : Le PDCI-RDA silencieux sur le cas Thiam annonce un Bureau Politique pour le 09 d\u00e9cembre prochain\"},{\"@type\":\"BreadcrumbList\",\"@id\":\"https:\/\/www.africa-press.net\/cotedivoire\/politique\/cote-divoire-le-pdci-rda-silencieux-sur-le-cas-thiam-annonce-un-bureau-politique-pour-le-09-decembre-prochain#breadcrumb\",\"itemListElement\":[{\"@type\":\"ListItem\",\"position\":1,\"name\":\"Accueil\",\"item\":\"https:\/\/www.africa-press.net\/cotedivoire\/\"},{\"@type\":\"ListItem\",\"position\":2,\"name\":\"C\u00f4te d&#8217;Ivoire : Le PDCI-RDA silencieux sur le cas Thiam annonce un Bureau Politique pour le 09 d\u00e9cembre prochain\"}]},{\"@type\":\"WebSite\",\"@id\":\"https:\/\/www.africa-press.net\/cotedivoire\/#website\",\"url\":\"https:\/\/www.africa-press.net\/cotedivoire\/\",\"name\":\"C\u00f4te d&#039;Ivoire\",\"description\":\"Just another Africa News Agency Sites site\",\"potentialAction\":[{\"@type\":\"SearchAction\",\"target\":{\"@type\":\"EntryPoint\",\"urlTemplate\":\"https:\/\/www.africa-press.net\/cotedivoire\/?s={search_term_string}\"},\"query-input\":{\"@type\":\"PropertyValueSpecification\",\"valueRequired\":true,\"valueName\":\"search_term_string\"}}],\"inLanguage\":\"fr-FR\"},{\"@type\":\"Person\",\"@id\":\"https:\/\/www.africa-press.net\/cotedivoire\/#\/schema\/person\/2b1cf3cd81a31e3cd26889ca66d677f1\",\"name\":\"cfeditorfr\"}]}<\/script>\n<!-- \/ Yoast SEO Premium plugin. -->","yoast_head_json":{"title":"C\u00f4te d'Ivoire : Le PDCI-RDA silencieux sur le cas Thiam annonce un Bureau Politique pour le 09 d\u00e9cembre prochain - C\u00f4te d&#039;Ivoire","description":"Lancement d\u2019un mouvement de soutien \u00e0 la candidature de Thiam le week-end dernier \u00e0 Abidjan \ufeff Comme anno ...","robots":{"index":"index","follow":"follow","max-snippet":"max-snippet:-1","max-image-preview":"max-image-preview:large","max-video-preview":"max-video-preview:-1"},"canonical":"https:\/\/www.africa-press.net\/cotedivoire\/politique\/cote-divoire-le-pdci-rda-silencieux-sur-le-cas-thiam-annonce-un-bureau-politique-pour-le-09-decembre-prochain","og_locale":"fr_FR","og_type":"article","og_title":"C\u00f4te d'Ivoire : Le PDCI-RDA silencieux sur le cas Thiam annonce un Bureau Politique pour le 09 d\u00e9cembre prochain","og_description":"Lancement d\u2019un mouvement de soutien \u00e0 la candidature de Thiam le week-end dernier \u00e0 Abidjan \ufeff Comme anno ...","og_url":"https:\/\/www.africa-press.net\/cotedivoire\/politique\/cote-divoire-le-pdci-rda-silencieux-sur-le-cas-thiam-annonce-un-bureau-politique-pour-le-09-decembre-prochain","og_site_name":"C\u00f4te d&#039;Ivoire","article_published_time":"2021-11-09T17:44:55+00:00","og_image":[{"width":720,"height":361,"url":"https:\/\/static.africa-press.net\/cote\/sites\/43\/2021\/11\/img-618aa5ecd8b30.jpg","type":"image\/jpeg"}],"author":"cfeditorfr","twitter_card":"summary_large_image","twitter_misc":{"\u00c9crit par":"cfeditorfr","Dur\u00e9e de lecture estim\u00e9e":"1 minute"},"schema":{"@context":"https:\/\/schema.org","@graph":[{"@type":"Article","@id":"https:\/\/www.africa-press.net\/cotedivoire\/politique\/cote-divoire-le-pdci-rda-silencieux-sur-le-cas-thiam-annonce-un-bureau-politique-pour-le-09-decembre-prochain#article","isPartOf":{"@id":"https:\/\/www.africa-press.net\/cotedivoire\/politique\/cote-divoire-le-pdci-rda-silencieux-sur-le-cas-thiam-annonce-un-bureau-politique-pour-le-09-decembre-prochain"},"author":{"name":"cfeditorfr","@id":"https:\/\/www.africa-press.net\/cotedivoire\/#\/schema\/person\/2b1cf3cd81a31e3cd26889ca66d677f1"},"headline":"C\u00f4te d&rsquo;Ivoire : Le PDCI-RDA silencieux sur le cas Thiam annonce un Bureau Politique pour le 09 d\u00e9cembre prochain","datePublished":"2021-11-09T17:44:55+00:00","mainEntityOfPage":{"@id":"https:\/\/www.africa-press.net\/cotedivoire\/politique\/cote-divoire-le-pdci-rda-silencieux-sur-le-cas-thiam-annonce-un-bureau-politique-pour-le-09-decembre-prochain"},"wordCount":256,"commentCount":0,"image":{"@id":"https:\/\/www.africa-press.net\/cotedivoire\/politique\/cote-divoire-le-pdci-rda-silencieux-sur-le-cas-thiam-annonce-un-bureau-politique-pour-le-09-decembre-prochain#primaryimage"},"thumbnailUrl":"https:\/\/static.africa-press.net\/cote\/sites\/43\/2021\/11\/img-618aa5ecd8b30.jpg","keywords":["Africa Press","Africa Press-C\u00f4te d'Ivoire","bureau","candidature","C\u00d4TE D'IVOIRE","Konan B\u00e9di\u00e9","PDCI-RDA","Politique","Tidjane Thiam"],"articleSection":["homepage-french","Politique","Toutes les actualit\u00e9s"],"inLanguage":"fr-FR","potentialAction":[{"@type":"CommentAction","name":"Comment","target":["https:\/\/www.africa-press.net\/cotedivoire\/politique\/cote-divoire-le-pdci-rda-silencieux-sur-le-cas-thiam-annonce-un-bureau-politique-pour-le-09-decembre-prochain#respond"]}]},{"@type":"WebPage","@id":"https:\/\/www.africa-press.net\/cotedivoire\/politique\/cote-divoire-le-pdci-rda-silencieux-sur-le-cas-thiam-annonce-un-bureau-politique-pour-le-09-decembre-prochain","url":"https:\/\/www.africa-press.net\/cotedivoire\/politique\/cote-divoire-le-pdci-rda-silencieux-sur-le-cas-thiam-annonce-un-bureau-politique-pour-le-09-decembre-prochain","name":"C\u00f4te d'Ivoire : Le PDCI-RDA silencieux sur le cas Thiam annonce un Bureau Politique pour le 09 d\u00e9cembre prochain - C\u00f4te d&#039;Ivoire","isPartOf":{"@id":"https:\/\/www.africa-press.net\/cotedivoire\/#website"},"primaryImageOfPage":{"@id":"https:\/\/www.africa-press.net\/cotedivoire\/politique\/cote-divoire-le-pdci-rda-silencieux-sur-le-cas-thiam-annonce-un-bureau-politique-pour-le-09-decembre-prochain#primaryimage"},"image":{"@id":"https:\/\/www.africa-press.net\/cotedivoire\/politique\/cote-divoire-le-pdci-rda-silencieux-sur-le-cas-thiam-annonce-un-bureau-politique-pour-le-09-decembre-prochain#primaryimage"},"thumbnailUrl":"https:\/\/static.africa-press.net\/cote\/sites\/43\/2021\/11\/img-618aa5ecd8b30.jpg","datePublished":"2021-11-09T17:44:55+00:00","author":{"@id":"https:\/\/www.africa-press.net\/cotedivoire\/#\/schema\/person\/2b1cf3cd81a31e3cd26889ca66d677f1"},"description":"Lancement d\u2019un mouvement de soutien \u00e0 la candidature de Thiam le week-end dernier \u00e0 Abidjan \ufeff Comme anno ...","breadcrumb":{"@id":"https:\/\/www.africa-press.net\/cotedivoire\/politique\/cote-divoire-le-pdci-rda-silencieux-sur-le-cas-thiam-annonce-un-bureau-politique-pour-le-09-decembre-prochain#breadcrumb"},"inLanguage":"fr-FR","potentialAction":[{"@type":"ReadAction","target":["https:\/\/www.africa-press.net\/cotedivoire\/politique\/cote-divoire-le-pdci-rda-silencieux-sur-le-cas-thiam-annonce-un-bureau-politique-pour-le-09-decembre-prochain"]}]},{"@type":"ImageObject","inLanguage":"fr-FR","@id":"https:\/\/www.africa-press.net\/cotedivoire\/politique\/cote-divoire-le-pdci-rda-silencieux-sur-le-cas-thiam-annonce-un-bureau-politique-pour-le-09-decembre-prochain#primaryimage","url":"https:\/\/static.africa-press.net\/cote\/sites\/43\/2021\/11\/img-618aa5ecd8b30.jpg","contentUrl":"https:\/\/static.africa-press.net\/cote\/sites\/43\/2021\/11\/img-618aa5ecd8b30.jpg","width":720,"height":361,"caption":"C\u00f4te d'Ivoire : Le PDCI-RDA silencieux sur le cas Thiam annonce un Bureau Politique pour le 09 d\u00e9cembre prochain"},{"@type":"BreadcrumbList","@id":"https:\/\/www.africa-press.net\/cotedivoire\/politique\/cote-divoire-le-pdci-rda-silencieux-sur-le-cas-thiam-annonce-un-bureau-politique-pour-le-09-decembre-prochain#breadcrumb","itemListElement":[{"@type":"ListItem","position":1,"name":"Accueil","item":"https:\/\/www.africa-press.net\/cotedivoire\/"},{"@type":"ListItem","position":2,"name":"C\u00f4te d&#8217;Ivoire : Le PDCI-RDA silencieux sur le cas Thiam annonce un Bureau Politique pour le 09 d\u00e9cembre prochain"}]},{"@type":"WebSite","@id":"https:\/\/www.africa-press.net\/cotedivoire\/#website","url":"https:\/\/www.africa-press.net\/cotedivoire\/","name":"C\u00f4te d&#039;Ivoire","description":"Just another Africa News Agency Sites site","potentialAction":[{"@type":"SearchAction","target":{"@type":"EntryPoint","urlTemplate":"https:\/\/www.africa-press.net\/cotedivoire\/?s={search_term_string}"},"query-input":{"@type":"PropertyValueSpecification","valueRequired":true,"valueName":"search_term_string"}}],"inLanguage":"fr-FR"},{"@type":"Person","@id":"https:\/\/www.africa-press.net\/cotedivoire\/#\/schema\/person\/2b1cf3cd81a31e3cd26889ca66d677f1","name":"cfeditorfr"}]}},"_links":{"self":[{"href":"https:\/\/www.africa-press.net\/cotedivoire\/wp-json\/wp\/v2\/posts\/19352","targetHints":{"allow":["GET"]}}],"collection":[{"href":"https:\/\/www.africa-press.net\/cotedivoire\/wp-json\/wp\/v2\/posts"}],"about":[{"href":"https:\/\/www.africa-press.net\/cotedivoire\/wp-json\/wp\/v2\/types\/post"}],"author":[{"embeddable":true,"href":"https:\/\/www.africa-press.net\/cotedivoire\/wp-json\/wp\/v2\/users\/82"}],"replies":[{"embeddable":true,"href":"https:\/\/www.africa-press.net\/cotedivoire\/wp-json\/wp\/v2\/comments?post=19352"}],"version-history":[{"count":0,"href":"https:\/\/www.africa-press.net\/cotedivoire\/wp-json\/wp\/v2\/posts\/19352\/revisions"}],"wp:featuredmedia":[{"embeddable":true,"href":"https:\/\/www.africa-press.net\/cotedivoire\/wp-json\/wp\/v2\/media\/19351"}],"wp:attachment":[{"href":"https:\/\/www.africa-press.net\/cotedivoire\/wp-json\/wp\/v2\/media?parent=19352"}],"wp:term":[{"taxonomy":"category","embeddable":true,"href":"https:\/\/www.africa-press.net\/cotedivoire\/wp-json\/wp\/v2\/categories?post=19352"},{"taxonomy":"post_tag","embeddable":true,"href":"https:\/\/www.africa-press.net\/cotedivoire\/wp-json\/wp\/v2\/tags?post=19352"}],"curies":[{"name":"wp","href":"https:\/\/api.w.org\/{rel}","templated":true}]}}