{"id":19580,"date":"2021-11-10T20:51:23","date_gmt":"2021-11-10T20:51:23","guid":{"rendered":"https:\/\/www.africa-press.net\/cotedivoire\/?p=19580"},"modified":"2021-11-10T23:27:11","modified_gmt":"2021-11-10T23:27:11","slug":"cote-divoire-france-alassane-ouattara-clot-le-conseil-des-ministres-et-senvole-pour-paris","status":"publish","type":"post","link":"https:\/\/www.africa-press.net\/cotedivoire\/politique\/cote-divoire-france-alassane-ouattara-clot-le-conseil-des-ministres-et-senvole-pour-paris","title":{"rendered":"France : Alassane Ouattara cl\u00f4t le conseil des ministres et s&rsquo;envole pour Paris"},"content":{"rendered":"<p><span style=\"color: #ff6600\"><strong>Africa-Press &#8211; C\u00f4te d&rsquo;Ivoire.\u00a0 <\/strong><\/span>Le pr\u00e9sident de la R\u00e9publique, Alassane Ouattara, a quitt\u00e9 Abidjan, ce mercredi 10 novembre 2021 apr\u00e8s le Conseil des ministres, pour la France o\u00f9 il prendra part, \u00e0 l\u2019invitation du pr\u00e9sident Fran\u00e7ais, Emmanuel Macron, \u00e0 la 4\u00e8 \u00e9dition du Forum de Paris sur la Paix qui se tiendra du 11 au 13 novembre 2021.<\/p>\n<p>Pour la quatri\u00e8me ann\u00e9e cons\u00e9cutive, le Forum de Paris sur la Paix ressemble les acteurs les plus importants de l\u2019intelligence collective. Des Chefs d\u2019Etat et de gouvernement et PDG de grandes multinationales ainsi que plusieurs acteurs de la soci\u00e9t\u00e9 civile, se r\u00e9uniront pour une \u00e9dition hybride unique du 11 au 13 novembre pour trouver des solutions concr\u00e8tes aux \u00e9normes d\u00e9fis pos\u00e9s par la pand\u00e9mie de Covid-19 et d\u00e9finir la voie d\u2019une meilleure gouvernance en temps de Covid-19.<\/p>\n<p>L\u2019urgence d\u2019am\u00e9liorer la coordination internationale n\u2019aurait pas pu \u00eatre d\u00e9montr\u00e9e de mani\u00e8re plus \u00e9vidente que par les ravages caus\u00e9s par la Covid-19, avec des millions de morts et des \u00e9conomies d\u00e9vast\u00e9es dans le monde entier.<\/p>\n<p>\u00ab\u00a0Nous devons \u00e0 pr\u00e9sent reconstruire en mieux, mais cela ne sera possible que si nous parvenons \u00e0 r\u00e9duire les fractures, \u00e0 combler les d\u00e9ficits qui menacent la reconstruction : le d\u00e9ficit d\u2019action en r\u00e9ponse \u00e0 la pand\u00e9mie et \u00e0 la crise \u00e9conomique ; le d\u00e9ficit d\u2019ambition concernant les biens communs mondiaux tels que le climat ; le d\u00e9ficit de solidarit\u00e9 Nord-Sud qui met en p\u00e9ril la r\u00e9solution conjointe des probl\u00e8mes mondiaux ; et le d\u00e9ficit d\u2019inclusion (fracture entre \u00e9lites et peuple ; in\u00e9galit\u00e9s hommes-femmes) qui menace de diviser davantage nos soci\u00e9t\u00e9s\u00a0\u00bb, explique le Comit\u00e9 d&rsquo;Organisation.<\/p>\n<p>En novembre 2020, le Forum de Paris sur la Paix a contribu\u00e9 \u00e0 la lutte contre la pand\u00e9mie en stimulant le financement et la distribution de vaccins, en r\u00e9unissant les banques publiques de d\u00e9veloppement pour une reprise plus verte et en mettant en avant des solutions de la soci\u00e9t\u00e9 civile.<\/p>\n<p>En novembre 2021, la 4e \u00e9dition s\u2019attachera \u00e0 stimuler une reprise plus solide et plus inclusive en s\u2019attaquant aux fractures qui minent la gouvernance mondiale, en proposant des initiatives pour mieux g\u00e9rer les biens communs mondiaux et en mettant en avant de nouveaux principes d\u2019action pour le monde post-Covid.<\/p>\n<p>Au cours de son s\u00e9jour en France, le Chef de l\u2019Etat va participer, le 12 novembre 2021 \u00e0 la c\u00e9l\u00e9bration du 75\u1d49 anniversaire de l&rsquo;Organisation des Nations unies pour l&rsquo;\u00e9ducation, la science et la culture (UNESCO).<\/p>\n<p>En marge de ces rencontres, le pr\u00e9sident ivoirien aura des entretiens avec plusieurs de ses homologues et de nombreuses personnalit\u00e9s.<\/p>\n<p>&nbsp;<\/p>\n<p><strong>Pour plus d&rsquo;informations et d&rsquo;analyses sur la <a href=\"https:\/\/www.africa-press.net\/cotedivoire\">C\u00f4te d&rsquo;Ivoire<\/a>, suivez <a href=\"https:\/\/www.africa-press.net\/\">Africa-Press<\/a><\/strong><\/p>\n","protected":false},"excerpt":{"rendered":"<p>Africa-Press &#8211; C\u00f4te d&rsquo;Ivoire.\u00a0 Le pr\u00e9sident de la R\u00e9publique, Alassane Ouattara, a quitt\u00e9 Abidjan, ce mercredi 10 novembre 2021 apr\u00e8s le Conseil des ministres, pour la France o\u00f9 il prendra part, \u00e0 l\u2019invitation du pr\u00e9sident Fran\u00e7ais, Emmanuel Macron, \u00e0 la 4\u00e8 \u00e9dition du Forum de Paris sur la Paix qui se tiendra du 11 au [&hellip;]<\/p>\n","protected":false},"author":82,"featured_media":19579,"comment_status":"open","ping_status":"closed","sticky":false,"template":"","format":"standard","meta":{"footnotes":""},"categories":[11,2,20,10],"tags":[56,63,38,29,2486,2487,600,1448,1993],"class_list":["post-19580","post","type-post","status-publish","format-standard","has-post-thumbnail","hentry","category-homepage-french","category-politique","category-top-nouvelles","category-toutes-les-actualites","tag-africa-press","tag-africa-press-cote-divoire","tag-alassane-ouattara","tag-cote-divoire","tag-forum","tag-macron","tag-paix","tag-paris","tag-unesco"],"yoast_head":"<!-- This site is optimized with the Yoast SEO Premium plugin v26.1 (Yoast SEO v27.0) - https:\/\/yoast.com\/product\/yoast-seo-premium-wordpress\/ -->\n<title>France : Alassane Ouattara cl\u00f4t le conseil des ministres et s&#039;envole pour Paris - C\u00f4te d&#039;Ivoire<\/title>\n<meta name=\"robots\" content=\"index, follow, max-snippet:-1, max-image-preview:large, max-video-preview:-1\" \/>\n<link rel=\"canonical\" href=\"https:\/\/www.africa-press.net\/cotedivoire\/politique\/cote-divoire-france-alassane-ouattara-clot-le-conseil-des-ministres-et-senvole-pour-paris\" \/>\n<meta property=\"og:locale\" content=\"fr_FR\" \/>\n<meta property=\"og:type\" content=\"article\" \/>\n<meta property=\"og:title\" content=\"France : Alassane Ouattara cl\u00f4t le conseil des ministres et s&#039;envole pour Paris\" \/>\n<meta property=\"og:description\" content=\"Africa-Press &#8211; C\u00f4te d&rsquo;Ivoire.\u00a0 Le pr\u00e9sident de la R\u00e9publique, Alassane Ouattara, a quitt\u00e9 Abidjan, ce mercredi 10 novembre 2021 apr\u00e8s le Conseil des ministres, pour la France o\u00f9 il prendra part, \u00e0 l\u2019invitation du pr\u00e9sident Fran\u00e7ais, Emmanuel Macron, \u00e0 la 4\u00e8 \u00e9dition du Forum de Paris sur la Paix qui se tiendra du 11 au [&hellip;]\" \/>\n<meta property=\"og:url\" content=\"https:\/\/www.africa-press.net\/cotedivoire\/politique\/cote-divoire-france-alassane-ouattara-clot-le-conseil-des-ministres-et-senvole-pour-paris\" \/>\n<meta property=\"og:site_name\" content=\"C\u00f4te d&#039;Ivoire\" \/>\n<meta property=\"article:published_time\" content=\"2021-11-10T20:51:23+00:00\" \/>\n<meta property=\"article:modified_time\" content=\"2021-11-10T23:27:11+00:00\" \/>\n<meta property=\"og:image\" content=\"https:\/\/static.africa-press.net\/cote\/sites\/43\/2021\/11\/img-618bfb8328863.jpg\" \/>\n\t<meta property=\"og:image:width\" content=\"720\" \/>\n\t<meta property=\"og:image:height\" content=\"382\" \/>\n\t<meta property=\"og:image:type\" content=\"image\/jpeg\" \/>\n<meta name=\"author\" content=\"cfeditorfr\" \/>\n<meta name=\"twitter:card\" content=\"summary_large_image\" \/>\n<meta name=\"twitter:label1\" content=\"\u00c9crit par\" \/>\n\t<meta name=\"twitter:data1\" content=\"cfeditorfr\" \/>\n\t<meta name=\"twitter:label2\" content=\"Dur\u00e9e de lecture estim\u00e9e\" \/>\n\t<meta name=\"twitter:data2\" content=\"2 minutes\" \/>\n<script type=\"application\/ld+json\" class=\"yoast-schema-graph\">{\"@context\":\"https:\/\/schema.org\",\"@graph\":[{\"@type\":\"Article\",\"@id\":\"https:\/\/www.africa-press.net\/cotedivoire\/politique\/cote-divoire-france-alassane-ouattara-clot-le-conseil-des-ministres-et-senvole-pour-paris#article\",\"isPartOf\":{\"@id\":\"https:\/\/www.africa-press.net\/cotedivoire\/politique\/cote-divoire-france-alassane-ouattara-clot-le-conseil-des-ministres-et-senvole-pour-paris\"},\"author\":{\"name\":\"cfeditorfr\",\"@id\":\"https:\/\/www.africa-press.net\/cotedivoire\/#\/schema\/person\/2b1cf3cd81a31e3cd26889ca66d677f1\"},\"headline\":\"France : Alassane Ouattara cl\u00f4t le conseil des ministres et s&rsquo;envole pour Paris\",\"datePublished\":\"2021-11-10T20:51:23+00:00\",\"dateModified\":\"2021-11-10T23:27:11+00:00\",\"mainEntityOfPage\":{\"@id\":\"https:\/\/www.africa-press.net\/cotedivoire\/politique\/cote-divoire-france-alassane-ouattara-clot-le-conseil-des-ministres-et-senvole-pour-paris\"},\"wordCount\":489,\"commentCount\":0,\"image\":{\"@id\":\"https:\/\/www.africa-press.net\/cotedivoire\/politique\/cote-divoire-france-alassane-ouattara-clot-le-conseil-des-ministres-et-senvole-pour-paris#primaryimage\"},\"thumbnailUrl\":\"https:\/\/static.africa-press.net\/cote\/sites\/43\/2021\/11\/img-618bfb8328863.jpg\",\"keywords\":[\"Africa Press\",\"Africa Press-C\u00f4te d'Ivoire\",\"Alassane Ouattara\",\"C\u00d4TE D'IVOIRE\",\"Forum\",\"Macron\",\"paix\",\"Paris\",\"UNESCO\"],\"articleSection\":[\"homepage-french\",\"Politique\",\"Top Nouvelles\",\"Toutes les actualit\u00e9s\"],\"inLanguage\":\"fr-FR\",\"potentialAction\":[{\"@type\":\"CommentAction\",\"name\":\"Comment\",\"target\":[\"https:\/\/www.africa-press.net\/cotedivoire\/politique\/cote-divoire-france-alassane-ouattara-clot-le-conseil-des-ministres-et-senvole-pour-paris#respond\"]}]},{\"@type\":\"WebPage\",\"@id\":\"https:\/\/www.africa-press.net\/cotedivoire\/politique\/cote-divoire-france-alassane-ouattara-clot-le-conseil-des-ministres-et-senvole-pour-paris\",\"url\":\"https:\/\/www.africa-press.net\/cotedivoire\/politique\/cote-divoire-france-alassane-ouattara-clot-le-conseil-des-ministres-et-senvole-pour-paris\",\"name\":\"France : Alassane Ouattara cl\u00f4t le conseil des ministres et s'envole pour Paris - C\u00f4te d&#039;Ivoire\",\"isPartOf\":{\"@id\":\"https:\/\/www.africa-press.net\/cotedivoire\/#website\"},\"primaryImageOfPage\":{\"@id\":\"https:\/\/www.africa-press.net\/cotedivoire\/politique\/cote-divoire-france-alassane-ouattara-clot-le-conseil-des-ministres-et-senvole-pour-paris#primaryimage\"},\"image\":{\"@id\":\"https:\/\/www.africa-press.net\/cotedivoire\/politique\/cote-divoire-france-alassane-ouattara-clot-le-conseil-des-ministres-et-senvole-pour-paris#primaryimage\"},\"thumbnailUrl\":\"https:\/\/static.africa-press.net\/cote\/sites\/43\/2021\/11\/img-618bfb8328863.jpg\",\"datePublished\":\"2021-11-10T20:51:23+00:00\",\"dateModified\":\"2021-11-10T23:27:11+00:00\",\"author\":{\"@id\":\"https:\/\/www.africa-press.net\/cotedivoire\/#\/schema\/person\/2b1cf3cd81a31e3cd26889ca66d677f1\"},\"breadcrumb\":{\"@id\":\"https:\/\/www.africa-press.net\/cotedivoire\/politique\/cote-divoire-france-alassane-ouattara-clot-le-conseil-des-ministres-et-senvole-pour-paris#breadcrumb\"},\"inLanguage\":\"fr-FR\",\"potentialAction\":[{\"@type\":\"ReadAction\",\"target\":[\"https:\/\/www.africa-press.net\/cotedivoire\/politique\/cote-divoire-france-alassane-ouattara-clot-le-conseil-des-ministres-et-senvole-pour-paris\"]}]},{\"@type\":\"ImageObject\",\"inLanguage\":\"fr-FR\",\"@id\":\"https:\/\/www.africa-press.net\/cotedivoire\/politique\/cote-divoire-france-alassane-ouattara-clot-le-conseil-des-ministres-et-senvole-pour-paris#primaryimage\",\"url\":\"https:\/\/static.africa-press.net\/cote\/sites\/43\/2021\/11\/img-618bfb8328863.jpg\",\"contentUrl\":\"https:\/\/static.africa-press.net\/cote\/sites\/43\/2021\/11\/img-618bfb8328863.jpg\",\"width\":720,\"height\":382,\"caption\":\"C\u00f4te d'Ivoire-France : Alassane Ouattara cl\u00f4t le conseil des ministres et s'envole pour Paris\"},{\"@type\":\"BreadcrumbList\",\"@id\":\"https:\/\/www.africa-press.net\/cotedivoire\/politique\/cote-divoire-france-alassane-ouattara-clot-le-conseil-des-ministres-et-senvole-pour-paris#breadcrumb\",\"itemListElement\":[{\"@type\":\"ListItem\",\"position\":1,\"name\":\"Accueil\",\"item\":\"https:\/\/www.africa-press.net\/cotedivoire\/\"},{\"@type\":\"ListItem\",\"position\":2,\"name\":\"France : Alassane Ouattara cl\u00f4t le conseil des ministres et s&#8217;envole pour Paris\"}]},{\"@type\":\"WebSite\",\"@id\":\"https:\/\/www.africa-press.net\/cotedivoire\/#website\",\"url\":\"https:\/\/www.africa-press.net\/cotedivoire\/\",\"name\":\"C\u00f4te d&#039;Ivoire\",\"description\":\"Just another Africa News Agency Sites site\",\"potentialAction\":[{\"@type\":\"SearchAction\",\"target\":{\"@type\":\"EntryPoint\",\"urlTemplate\":\"https:\/\/www.africa-press.net\/cotedivoire\/?s={search_term_string}\"},\"query-input\":{\"@type\":\"PropertyValueSpecification\",\"valueRequired\":true,\"valueName\":\"search_term_string\"}}],\"inLanguage\":\"fr-FR\"},{\"@type\":\"Person\",\"@id\":\"https:\/\/www.africa-press.net\/cotedivoire\/#\/schema\/person\/2b1cf3cd81a31e3cd26889ca66d677f1\",\"name\":\"cfeditorfr\"}]}<\/script>\n<!-- \/ Yoast SEO Premium plugin. -->","yoast_head_json":{"title":"France : Alassane Ouattara cl\u00f4t le conseil des ministres et s'envole pour Paris - C\u00f4te d&#039;Ivoire","robots":{"index":"index","follow":"follow","max-snippet":"max-snippet:-1","max-image-preview":"max-image-preview:large","max-video-preview":"max-video-preview:-1"},"canonical":"https:\/\/www.africa-press.net\/cotedivoire\/politique\/cote-divoire-france-alassane-ouattara-clot-le-conseil-des-ministres-et-senvole-pour-paris","og_locale":"fr_FR","og_type":"article","og_title":"France : Alassane Ouattara cl\u00f4t le conseil des ministres et s'envole pour Paris","og_description":"Africa-Press &#8211; C\u00f4te d&rsquo;Ivoire.\u00a0 Le pr\u00e9sident de la R\u00e9publique, Alassane Ouattara, a quitt\u00e9 Abidjan, ce mercredi 10 novembre 2021 apr\u00e8s le Conseil des ministres, pour la France o\u00f9 il prendra part, \u00e0 l\u2019invitation du pr\u00e9sident Fran\u00e7ais, Emmanuel Macron, \u00e0 la 4\u00e8 \u00e9dition du Forum de Paris sur la Paix qui se tiendra du 11 au [&hellip;]","og_url":"https:\/\/www.africa-press.net\/cotedivoire\/politique\/cote-divoire-france-alassane-ouattara-clot-le-conseil-des-ministres-et-senvole-pour-paris","og_site_name":"C\u00f4te d&#039;Ivoire","article_published_time":"2021-11-10T20:51:23+00:00","article_modified_time":"2021-11-10T23:27:11+00:00","og_image":[{"width":720,"height":382,"url":"https:\/\/static.africa-press.net\/cote\/sites\/43\/2021\/11\/img-618bfb8328863.jpg","type":"image\/jpeg"}],"author":"cfeditorfr","twitter_card":"summary_large_image","twitter_misc":{"\u00c9crit par":"cfeditorfr","Dur\u00e9e de lecture estim\u00e9e":"2 minutes"},"schema":{"@context":"https:\/\/schema.org","@graph":[{"@type":"Article","@id":"https:\/\/www.africa-press.net\/cotedivoire\/politique\/cote-divoire-france-alassane-ouattara-clot-le-conseil-des-ministres-et-senvole-pour-paris#article","isPartOf":{"@id":"https:\/\/www.africa-press.net\/cotedivoire\/politique\/cote-divoire-france-alassane-ouattara-clot-le-conseil-des-ministres-et-senvole-pour-paris"},"author":{"name":"cfeditorfr","@id":"https:\/\/www.africa-press.net\/cotedivoire\/#\/schema\/person\/2b1cf3cd81a31e3cd26889ca66d677f1"},"headline":"France : Alassane Ouattara cl\u00f4t le conseil des ministres et s&rsquo;envole pour Paris","datePublished":"2021-11-10T20:51:23+00:00","dateModified":"2021-11-10T23:27:11+00:00","mainEntityOfPage":{"@id":"https:\/\/www.africa-press.net\/cotedivoire\/politique\/cote-divoire-france-alassane-ouattara-clot-le-conseil-des-ministres-et-senvole-pour-paris"},"wordCount":489,"commentCount":0,"image":{"@id":"https:\/\/www.africa-press.net\/cotedivoire\/politique\/cote-divoire-france-alassane-ouattara-clot-le-conseil-des-ministres-et-senvole-pour-paris#primaryimage"},"thumbnailUrl":"https:\/\/static.africa-press.net\/cote\/sites\/43\/2021\/11\/img-618bfb8328863.jpg","keywords":["Africa Press","Africa Press-C\u00f4te d'Ivoire","Alassane Ouattara","C\u00d4TE D'IVOIRE","Forum","Macron","paix","Paris","UNESCO"],"articleSection":["homepage-french","Politique","Top Nouvelles","Toutes les actualit\u00e9s"],"inLanguage":"fr-FR","potentialAction":[{"@type":"CommentAction","name":"Comment","target":["https:\/\/www.africa-press.net\/cotedivoire\/politique\/cote-divoire-france-alassane-ouattara-clot-le-conseil-des-ministres-et-senvole-pour-paris#respond"]}]},{"@type":"WebPage","@id":"https:\/\/www.africa-press.net\/cotedivoire\/politique\/cote-divoire-france-alassane-ouattara-clot-le-conseil-des-ministres-et-senvole-pour-paris","url":"https:\/\/www.africa-press.net\/cotedivoire\/politique\/cote-divoire-france-alassane-ouattara-clot-le-conseil-des-ministres-et-senvole-pour-paris","name":"France : Alassane Ouattara cl\u00f4t le conseil des ministres et s'envole pour Paris - C\u00f4te d&#039;Ivoire","isPartOf":{"@id":"https:\/\/www.africa-press.net\/cotedivoire\/#website"},"primaryImageOfPage":{"@id":"https:\/\/www.africa-press.net\/cotedivoire\/politique\/cote-divoire-france-alassane-ouattara-clot-le-conseil-des-ministres-et-senvole-pour-paris#primaryimage"},"image":{"@id":"https:\/\/www.africa-press.net\/cotedivoire\/politique\/cote-divoire-france-alassane-ouattara-clot-le-conseil-des-ministres-et-senvole-pour-paris#primaryimage"},"thumbnailUrl":"https:\/\/static.africa-press.net\/cote\/sites\/43\/2021\/11\/img-618bfb8328863.jpg","datePublished":"2021-11-10T20:51:23+00:00","dateModified":"2021-11-10T23:27:11+00:00","author":{"@id":"https:\/\/www.africa-press.net\/cotedivoire\/#\/schema\/person\/2b1cf3cd81a31e3cd26889ca66d677f1"},"breadcrumb":{"@id":"https:\/\/www.africa-press.net\/cotedivoire\/politique\/cote-divoire-france-alassane-ouattara-clot-le-conseil-des-ministres-et-senvole-pour-paris#breadcrumb"},"inLanguage":"fr-FR","potentialAction":[{"@type":"ReadAction","target":["https:\/\/www.africa-press.net\/cotedivoire\/politique\/cote-divoire-france-alassane-ouattara-clot-le-conseil-des-ministres-et-senvole-pour-paris"]}]},{"@type":"ImageObject","inLanguage":"fr-FR","@id":"https:\/\/www.africa-press.net\/cotedivoire\/politique\/cote-divoire-france-alassane-ouattara-clot-le-conseil-des-ministres-et-senvole-pour-paris#primaryimage","url":"https:\/\/static.africa-press.net\/cote\/sites\/43\/2021\/11\/img-618bfb8328863.jpg","contentUrl":"https:\/\/static.africa-press.net\/cote\/sites\/43\/2021\/11\/img-618bfb8328863.jpg","width":720,"height":382,"caption":"C\u00f4te d'Ivoire-France : Alassane Ouattara cl\u00f4t le conseil des ministres et s'envole pour Paris"},{"@type":"BreadcrumbList","@id":"https:\/\/www.africa-press.net\/cotedivoire\/politique\/cote-divoire-france-alassane-ouattara-clot-le-conseil-des-ministres-et-senvole-pour-paris#breadcrumb","itemListElement":[{"@type":"ListItem","position":1,"name":"Accueil","item":"https:\/\/www.africa-press.net\/cotedivoire\/"},{"@type":"ListItem","position":2,"name":"France : Alassane Ouattara cl\u00f4t le conseil des ministres et s&#8217;envole pour Paris"}]},{"@type":"WebSite","@id":"https:\/\/www.africa-press.net\/cotedivoire\/#website","url":"https:\/\/www.africa-press.net\/cotedivoire\/","name":"C\u00f4te d&#039;Ivoire","description":"Just another Africa News Agency Sites site","potentialAction":[{"@type":"SearchAction","target":{"@type":"EntryPoint","urlTemplate":"https:\/\/www.africa-press.net\/cotedivoire\/?s={search_term_string}"},"query-input":{"@type":"PropertyValueSpecification","valueRequired":true,"valueName":"search_term_string"}}],"inLanguage":"fr-FR"},{"@type":"Person","@id":"https:\/\/www.africa-press.net\/cotedivoire\/#\/schema\/person\/2b1cf3cd81a31e3cd26889ca66d677f1","name":"cfeditorfr"}]}},"_links":{"self":[{"href":"https:\/\/www.africa-press.net\/cotedivoire\/wp-json\/wp\/v2\/posts\/19580","targetHints":{"allow":["GET"]}}],"collection":[{"href":"https:\/\/www.africa-press.net\/cotedivoire\/wp-json\/wp\/v2\/posts"}],"about":[{"href":"https:\/\/www.africa-press.net\/cotedivoire\/wp-json\/wp\/v2\/types\/post"}],"author":[{"embeddable":true,"href":"https:\/\/www.africa-press.net\/cotedivoire\/wp-json\/wp\/v2\/users\/82"}],"replies":[{"embeddable":true,"href":"https:\/\/www.africa-press.net\/cotedivoire\/wp-json\/wp\/v2\/comments?post=19580"}],"version-history":[{"count":0,"href":"https:\/\/www.africa-press.net\/cotedivoire\/wp-json\/wp\/v2\/posts\/19580\/revisions"}],"wp:featuredmedia":[{"embeddable":true,"href":"https:\/\/www.africa-press.net\/cotedivoire\/wp-json\/wp\/v2\/media\/19579"}],"wp:attachment":[{"href":"https:\/\/www.africa-press.net\/cotedivoire\/wp-json\/wp\/v2\/media?parent=19580"}],"wp:term":[{"taxonomy":"category","embeddable":true,"href":"https:\/\/www.africa-press.net\/cotedivoire\/wp-json\/wp\/v2\/categories?post=19580"},{"taxonomy":"post_tag","embeddable":true,"href":"https:\/\/www.africa-press.net\/cotedivoire\/wp-json\/wp\/v2\/tags?post=19580"}],"curies":[{"name":"wp","href":"https:\/\/api.w.org\/{rel}","templated":true}]}}