{"id":19789,"date":"2021-11-12T16:19:40","date_gmt":"2021-11-12T16:19:40","guid":{"rendered":"https:\/\/www.africa-press.net\/cotedivoire\/?p=19789"},"modified":"2021-11-12T15:33:50","modified_gmt":"2021-11-12T15:33:50","slug":"cote-divoire-le-6e-congres-du-fpi-daffi-nguessan-sous-le-sceau-du-renforcement-de-lassise-de-son-parti-sur-le-terrain-et-dalliance-avec-le-rhdp","status":"publish","type":"post","link":"https:\/\/www.africa-press.net\/cotedivoire\/parties\/cote-divoire-le-6e-congres-du-fpi-daffi-nguessan-sous-le-sceau-du-renforcement-de-lassise-de-son-parti-sur-le-terrain-et-dalliance-avec-le-rhdp","title":{"rendered":"C\u00f4te d&rsquo;Ivoire : Le 6\u00e8 congr\u00e8s du FPI d&rsquo;Affi N&rsquo;Guessan sous le sceau du renforcement de l&rsquo;assise de son parti sur le terrain et d&rsquo;alliance avec le RHDP"},"content":{"rendered":"<p><span style=\"color: #ff6600\"><strong>Africa-Press &#8211; C\u00f4te d&rsquo;Ivoire. <\/strong><\/span><b>Affi (Ph)<\/b><\/p>\n<p>Le Front Populaire Ivoirien (FPI) organise le samedi 13 novembre 2021 son 6\u1d49 congr\u00e8s au Palais des sports de Treichville \u00e0 Abidjan.<\/p>\n<p>\u00c0 24 heures de l\u2019\u00e9v\u00e8nement, le secr\u00e9taire g\u00e9n\u00e9ral du parti et pr\u00e9sident du congr\u00e8s, Issiaka Sangar\u00e9, a livr\u00e9 un message \u00e0 ses militants.<\/p>\n<p>Selon le porte-parole du mouvement qui \u00e9choit aujourd\u2019hui \u00e0 Pascal Affi N\u2019Guessan, l\u2019un des objectifs de ce Congr\u00e8s est d&rsquo;accro\u00eetre leur \u00ab capacit\u00e9 op\u00e9rationnelle en am\u00e9liorant le processus de communication interne \u00bb entre les structures du parti pour \u00ab renforcer leur assise sur le terrain \u00bb, de d\u00e9velopper une communication dynamique qui offre davantage de visibilit\u00e9 \u00e0 nos actions en mettant en avant le num\u00e9rique.<\/p>\n<p>\u00ab Il est bien entendu que les changements \u00e0 venir n\u00e9cessitent de notre part une adaptation certaine qui nous invite \u00e0 \u00eatre plus proactifs, \u00e0 consacrer plus de temps \u00e0 la promotion des activit\u00e9s du parti au quotidien \u00bb, poursuit-il et de lancer.<\/p>\n<p>\u00ab Le Pr\u00e9sident du parti vous invite \u00e0 r\u00e9pondre massivement par une d\u00e9ferlante humaine \u00e0 l&rsquo;appel du 6\u1d49 Congr\u00e8s Extraordinaire du FPI, notre parti. Que nul ne vous conte cet \u00e9v\u00e9nement dans l&rsquo;articulation des temps forts de l&rsquo;histoire du parti. Souscrivez \u00e0 une action en participant \u00e0 l&rsquo;action ! \u00bb.<\/p>\n<p>Celui qui a r\u00e9ussi \u00e0 arracher le FPI \u00e0 Laurent Gbagbo et qui pourrait s&rsquo;allier avec le RHDP et entrer dans le gouvernement, devrait recevoir le soutien de cadres du parti au pouvoir, en non des moindres. Adama Bictogo ou Evariste M\u00e9ambly, selon les informations, pourraient \u00eatre demain pr\u00e9sents au palais des sports de Treichville.<\/p>\n<p>Donatien Kautcha, Abidjan<\/p>\n<p><strong>Pour plus d&rsquo;informations et d&rsquo;analyses sur la <a href=\"https:\/\/www.africa-press.net\/cotedivoire\">C\u00f4te d&rsquo;Ivoire<\/a>, suivez <a href=\"https:\/\/www.africa-press.net\/\">Africa-Press<\/a><\/strong><\/p>\n","protected":false},"excerpt":{"rendered":"<p>Africa-Press &#8211; C\u00f4te d&rsquo;Ivoire. Affi (Ph) Le Front Populaire Ivoirien (FPI) organise le samedi 13 novembre 2021 son 6\u1d49 congr\u00e8s au Palais des sports de Treichville \u00e0 Abidjan. \u00c0 24 heures de l\u2019\u00e9v\u00e8nement, le secr\u00e9taire g\u00e9n\u00e9ral du parti et pr\u00e9sident du congr\u00e8s, Issiaka Sangar\u00e9, a livr\u00e9 un message \u00e0 ses militants. Selon le porte-parole du [&hellip;]<\/p>\n","protected":false},"author":82,"featured_media":19788,"comment_status":"open","ping_status":"closed","sticky":false,"template":"","format":"standard","meta":{"footnotes":""},"categories":[11,4,10],"tags":[1265,56,63,663,29,2453,360,2541,50,39,371,398],"class_list":["post-19789","post","type-post","status-publish","format-standard","has-post-thumbnail","hentry","category-homepage-french","category-parties","category-toutes-les-actualites","tag-adama-bictogo","tag-africa-press","tag-africa-press-cote-divoire","tag-congres","tag-cote-divoire","tag-evariste-meambly","tag-fpi","tag-issiaka-sangare","tag-laurent-gbagbo","tag-pascal-affi-nguessan","tag-rhdp","tag-treichville"],"yoast_head":"<!-- This site is optimized with the Yoast SEO Premium plugin v26.1 (Yoast SEO v27.0) - https:\/\/yoast.com\/product\/yoast-seo-premium-wordpress\/ -->\n<title>C\u00f4te d&#039;Ivoire : Le 6\u00e8 congr\u00e8s du FPI d&#039;Affi N&#039;Guessan sous le sceau du renforcement de l&#039;assise de son parti sur le terrain et d&#039;alliance avec le RHDP - C\u00f4te d&#039;Ivoire<\/title>\n<meta name=\"description\" content=\"Affi (Ph) Le Front Populaire Ivoirien (FPI) organise le samedi 13 novembre 2021 son 6\u1d49 congr\u00e8s au Palais des spo ...\" \/>\n<meta name=\"robots\" content=\"index, follow, max-snippet:-1, max-image-preview:large, max-video-preview:-1\" \/>\n<link rel=\"canonical\" href=\"https:\/\/www.africa-press.net\/cotedivoire\/parties\/cote-divoire-le-6e-congres-du-fpi-daffi-nguessan-sous-le-sceau-du-renforcement-de-lassise-de-son-parti-sur-le-terrain-et-dalliance-avec-le-rhdp\" \/>\n<meta property=\"og:locale\" content=\"fr_FR\" \/>\n<meta property=\"og:type\" content=\"article\" \/>\n<meta property=\"og:title\" content=\"C\u00f4te d&#039;Ivoire : Le 6\u00e8 congr\u00e8s du FPI d&#039;Affi N&#039;Guessan sous le sceau du renforcement de l&#039;assise de son parti sur le terrain et d&#039;alliance avec le RHDP\" \/>\n<meta property=\"og:description\" content=\"Affi (Ph) Le Front Populaire Ivoirien (FPI) organise le samedi 13 novembre 2021 son 6\u1d49 congr\u00e8s au Palais des spo ...\" \/>\n<meta property=\"og:url\" content=\"https:\/\/www.africa-press.net\/cotedivoire\/parties\/cote-divoire-le-6e-congres-du-fpi-daffi-nguessan-sous-le-sceau-du-renforcement-de-lassise-de-son-parti-sur-le-terrain-et-dalliance-avec-le-rhdp\" \/>\n<meta property=\"og:site_name\" content=\"C\u00f4te d&#039;Ivoire\" \/>\n<meta property=\"article:published_time\" content=\"2021-11-12T16:19:40+00:00\" \/>\n<meta property=\"og:image\" content=\"https:\/\/static.africa-press.net\/cote\/sites\/43\/2021\/11\/img-618e893bca465.jpg\" \/>\n\t<meta property=\"og:image:width\" content=\"720\" \/>\n\t<meta property=\"og:image:height\" content=\"327\" \/>\n\t<meta property=\"og:image:type\" content=\"image\/jpeg\" \/>\n<meta name=\"author\" content=\"cfeditorfr\" \/>\n<meta name=\"twitter:card\" content=\"summary_large_image\" \/>\n<meta name=\"twitter:label1\" content=\"\u00c9crit par\" \/>\n\t<meta name=\"twitter:data1\" content=\"cfeditorfr\" \/>\n\t<meta name=\"twitter:label2\" content=\"Dur\u00e9e de lecture estim\u00e9e\" \/>\n\t<meta name=\"twitter:data2\" content=\"1 minute\" \/>\n<script type=\"application\/ld+json\" class=\"yoast-schema-graph\">{\"@context\":\"https:\/\/schema.org\",\"@graph\":[{\"@type\":\"Article\",\"@id\":\"https:\/\/www.africa-press.net\/cotedivoire\/parties\/cote-divoire-le-6e-congres-du-fpi-daffi-nguessan-sous-le-sceau-du-renforcement-de-lassise-de-son-parti-sur-le-terrain-et-dalliance-avec-le-rhdp#article\",\"isPartOf\":{\"@id\":\"https:\/\/www.africa-press.net\/cotedivoire\/parties\/cote-divoire-le-6e-congres-du-fpi-daffi-nguessan-sous-le-sceau-du-renforcement-de-lassise-de-son-parti-sur-le-terrain-et-dalliance-avec-le-rhdp\"},\"author\":{\"name\":\"cfeditorfr\",\"@id\":\"https:\/\/www.africa-press.net\/cotedivoire\/#\/schema\/person\/2b1cf3cd81a31e3cd26889ca66d677f1\"},\"headline\":\"C\u00f4te d&rsquo;Ivoire : Le 6\u00e8 congr\u00e8s du FPI d&rsquo;Affi N&rsquo;Guessan sous le sceau du renforcement de l&rsquo;assise de son parti sur le terrain et d&rsquo;alliance avec le RHDP\",\"datePublished\":\"2021-11-12T16:19:40+00:00\",\"mainEntityOfPage\":{\"@id\":\"https:\/\/www.africa-press.net\/cotedivoire\/parties\/cote-divoire-le-6e-congres-du-fpi-daffi-nguessan-sous-le-sceau-du-renforcement-de-lassise-de-son-parti-sur-le-terrain-et-dalliance-avec-le-rhdp\"},\"wordCount\":321,\"commentCount\":0,\"image\":{\"@id\":\"https:\/\/www.africa-press.net\/cotedivoire\/parties\/cote-divoire-le-6e-congres-du-fpi-daffi-nguessan-sous-le-sceau-du-renforcement-de-lassise-de-son-parti-sur-le-terrain-et-dalliance-avec-le-rhdp#primaryimage\"},\"thumbnailUrl\":\"https:\/\/static.africa-press.net\/cote\/sites\/43\/2021\/11\/img-618e893bca465.jpg\",\"keywords\":[\"Adama Bictogo\",\"Africa Press\",\"Africa Press-C\u00f4te d'Ivoire\",\"congr\u00e8s\",\"C\u00d4TE D'IVOIRE\",\"Evariste M\u00e9ambly\",\"FPI\",\"Issiaka Sangar\u00e9\",\"Laurent Gbagbo\",\"Pascal Affi N'Guessan\",\"RHDP\",\"Treichville\"],\"articleSection\":[\"homepage-french\",\"Parties\",\"Toutes les actualit\u00e9s\"],\"inLanguage\":\"fr-FR\",\"potentialAction\":[{\"@type\":\"CommentAction\",\"name\":\"Comment\",\"target\":[\"https:\/\/www.africa-press.net\/cotedivoire\/parties\/cote-divoire-le-6e-congres-du-fpi-daffi-nguessan-sous-le-sceau-du-renforcement-de-lassise-de-son-parti-sur-le-terrain-et-dalliance-avec-le-rhdp#respond\"]}]},{\"@type\":\"WebPage\",\"@id\":\"https:\/\/www.africa-press.net\/cotedivoire\/parties\/cote-divoire-le-6e-congres-du-fpi-daffi-nguessan-sous-le-sceau-du-renforcement-de-lassise-de-son-parti-sur-le-terrain-et-dalliance-avec-le-rhdp\",\"url\":\"https:\/\/www.africa-press.net\/cotedivoire\/parties\/cote-divoire-le-6e-congres-du-fpi-daffi-nguessan-sous-le-sceau-du-renforcement-de-lassise-de-son-parti-sur-le-terrain-et-dalliance-avec-le-rhdp\",\"name\":\"C\u00f4te d'Ivoire : Le 6\u00e8 congr\u00e8s du FPI d'Affi N'Guessan sous le sceau du renforcement de l'assise de son parti sur le terrain et d'alliance avec le RHDP - C\u00f4te d&#039;Ivoire\",\"isPartOf\":{\"@id\":\"https:\/\/www.africa-press.net\/cotedivoire\/#website\"},\"primaryImageOfPage\":{\"@id\":\"https:\/\/www.africa-press.net\/cotedivoire\/parties\/cote-divoire-le-6e-congres-du-fpi-daffi-nguessan-sous-le-sceau-du-renforcement-de-lassise-de-son-parti-sur-le-terrain-et-dalliance-avec-le-rhdp#primaryimage\"},\"image\":{\"@id\":\"https:\/\/www.africa-press.net\/cotedivoire\/parties\/cote-divoire-le-6e-congres-du-fpi-daffi-nguessan-sous-le-sceau-du-renforcement-de-lassise-de-son-parti-sur-le-terrain-et-dalliance-avec-le-rhdp#primaryimage\"},\"thumbnailUrl\":\"https:\/\/static.africa-press.net\/cote\/sites\/43\/2021\/11\/img-618e893bca465.jpg\",\"datePublished\":\"2021-11-12T16:19:40+00:00\",\"author\":{\"@id\":\"https:\/\/www.africa-press.net\/cotedivoire\/#\/schema\/person\/2b1cf3cd81a31e3cd26889ca66d677f1\"},\"description\":\"Affi (Ph) Le Front Populaire Ivoirien (FPI) organise le samedi 13 novembre 2021 son 6\u1d49 congr\u00e8s au Palais des spo ...\",\"breadcrumb\":{\"@id\":\"https:\/\/www.africa-press.net\/cotedivoire\/parties\/cote-divoire-le-6e-congres-du-fpi-daffi-nguessan-sous-le-sceau-du-renforcement-de-lassise-de-son-parti-sur-le-terrain-et-dalliance-avec-le-rhdp#breadcrumb\"},\"inLanguage\":\"fr-FR\",\"potentialAction\":[{\"@type\":\"ReadAction\",\"target\":[\"https:\/\/www.africa-press.net\/cotedivoire\/parties\/cote-divoire-le-6e-congres-du-fpi-daffi-nguessan-sous-le-sceau-du-renforcement-de-lassise-de-son-parti-sur-le-terrain-et-dalliance-avec-le-rhdp\"]}]},{\"@type\":\"ImageObject\",\"inLanguage\":\"fr-FR\",\"@id\":\"https:\/\/www.africa-press.net\/cotedivoire\/parties\/cote-divoire-le-6e-congres-du-fpi-daffi-nguessan-sous-le-sceau-du-renforcement-de-lassise-de-son-parti-sur-le-terrain-et-dalliance-avec-le-rhdp#primaryimage\",\"url\":\"https:\/\/static.africa-press.net\/cote\/sites\/43\/2021\/11\/img-618e893bca465.jpg\",\"contentUrl\":\"https:\/\/static.africa-press.net\/cote\/sites\/43\/2021\/11\/img-618e893bca465.jpg\",\"width\":720,\"height\":327,\"caption\":\"C\u00f4te d'Ivoire : Le 6\u00e8 congr\u00e8s du FPI d'Affi N'Guessan sous le sceau du renforcement de l'assise de son parti sur le terrain et d'alliance avec le RHDP\"},{\"@type\":\"BreadcrumbList\",\"@id\":\"https:\/\/www.africa-press.net\/cotedivoire\/parties\/cote-divoire-le-6e-congres-du-fpi-daffi-nguessan-sous-le-sceau-du-renforcement-de-lassise-de-son-parti-sur-le-terrain-et-dalliance-avec-le-rhdp#breadcrumb\",\"itemListElement\":[{\"@type\":\"ListItem\",\"position\":1,\"name\":\"Accueil\",\"item\":\"https:\/\/www.africa-press.net\/cotedivoire\/\"},{\"@type\":\"ListItem\",\"position\":2,\"name\":\"C\u00f4te d&#8217;Ivoire : Le 6\u00e8 congr\u00e8s du FPI d&#8217;Affi N&#8217;Guessan sous le sceau du renforcement de l&#8217;assise de son parti sur le terrain et d&#8217;alliance avec le RHDP\"}]},{\"@type\":\"WebSite\",\"@id\":\"https:\/\/www.africa-press.net\/cotedivoire\/#website\",\"url\":\"https:\/\/www.africa-press.net\/cotedivoire\/\",\"name\":\"C\u00f4te d&#039;Ivoire\",\"description\":\"Just another Africa News Agency Sites site\",\"potentialAction\":[{\"@type\":\"SearchAction\",\"target\":{\"@type\":\"EntryPoint\",\"urlTemplate\":\"https:\/\/www.africa-press.net\/cotedivoire\/?s={search_term_string}\"},\"query-input\":{\"@type\":\"PropertyValueSpecification\",\"valueRequired\":true,\"valueName\":\"search_term_string\"}}],\"inLanguage\":\"fr-FR\"},{\"@type\":\"Person\",\"@id\":\"https:\/\/www.africa-press.net\/cotedivoire\/#\/schema\/person\/2b1cf3cd81a31e3cd26889ca66d677f1\",\"name\":\"cfeditorfr\"}]}<\/script>\n<!-- \/ Yoast SEO Premium plugin. -->","yoast_head_json":{"title":"C\u00f4te d'Ivoire : Le 6\u00e8 congr\u00e8s du FPI d'Affi N'Guessan sous le sceau du renforcement de l'assise de son parti sur le terrain et d'alliance avec le RHDP - C\u00f4te d&#039;Ivoire","description":"Affi (Ph) Le Front Populaire Ivoirien (FPI) organise le samedi 13 novembre 2021 son 6\u1d49 congr\u00e8s au Palais des spo ...","robots":{"index":"index","follow":"follow","max-snippet":"max-snippet:-1","max-image-preview":"max-image-preview:large","max-video-preview":"max-video-preview:-1"},"canonical":"https:\/\/www.africa-press.net\/cotedivoire\/parties\/cote-divoire-le-6e-congres-du-fpi-daffi-nguessan-sous-le-sceau-du-renforcement-de-lassise-de-son-parti-sur-le-terrain-et-dalliance-avec-le-rhdp","og_locale":"fr_FR","og_type":"article","og_title":"C\u00f4te d'Ivoire : Le 6\u00e8 congr\u00e8s du FPI d'Affi N'Guessan sous le sceau du renforcement de l'assise de son parti sur le terrain et d'alliance avec le RHDP","og_description":"Affi (Ph) Le Front Populaire Ivoirien (FPI) organise le samedi 13 novembre 2021 son 6\u1d49 congr\u00e8s au Palais des spo ...","og_url":"https:\/\/www.africa-press.net\/cotedivoire\/parties\/cote-divoire-le-6e-congres-du-fpi-daffi-nguessan-sous-le-sceau-du-renforcement-de-lassise-de-son-parti-sur-le-terrain-et-dalliance-avec-le-rhdp","og_site_name":"C\u00f4te d&#039;Ivoire","article_published_time":"2021-11-12T16:19:40+00:00","og_image":[{"width":720,"height":327,"url":"https:\/\/static.africa-press.net\/cote\/sites\/43\/2021\/11\/img-618e893bca465.jpg","type":"image\/jpeg"}],"author":"cfeditorfr","twitter_card":"summary_large_image","twitter_misc":{"\u00c9crit par":"cfeditorfr","Dur\u00e9e de lecture estim\u00e9e":"1 minute"},"schema":{"@context":"https:\/\/schema.org","@graph":[{"@type":"Article","@id":"https:\/\/www.africa-press.net\/cotedivoire\/parties\/cote-divoire-le-6e-congres-du-fpi-daffi-nguessan-sous-le-sceau-du-renforcement-de-lassise-de-son-parti-sur-le-terrain-et-dalliance-avec-le-rhdp#article","isPartOf":{"@id":"https:\/\/www.africa-press.net\/cotedivoire\/parties\/cote-divoire-le-6e-congres-du-fpi-daffi-nguessan-sous-le-sceau-du-renforcement-de-lassise-de-son-parti-sur-le-terrain-et-dalliance-avec-le-rhdp"},"author":{"name":"cfeditorfr","@id":"https:\/\/www.africa-press.net\/cotedivoire\/#\/schema\/person\/2b1cf3cd81a31e3cd26889ca66d677f1"},"headline":"C\u00f4te d&rsquo;Ivoire : Le 6\u00e8 congr\u00e8s du FPI d&rsquo;Affi N&rsquo;Guessan sous le sceau du renforcement de l&rsquo;assise de son parti sur le terrain et d&rsquo;alliance avec le RHDP","datePublished":"2021-11-12T16:19:40+00:00","mainEntityOfPage":{"@id":"https:\/\/www.africa-press.net\/cotedivoire\/parties\/cote-divoire-le-6e-congres-du-fpi-daffi-nguessan-sous-le-sceau-du-renforcement-de-lassise-de-son-parti-sur-le-terrain-et-dalliance-avec-le-rhdp"},"wordCount":321,"commentCount":0,"image":{"@id":"https:\/\/www.africa-press.net\/cotedivoire\/parties\/cote-divoire-le-6e-congres-du-fpi-daffi-nguessan-sous-le-sceau-du-renforcement-de-lassise-de-son-parti-sur-le-terrain-et-dalliance-avec-le-rhdp#primaryimage"},"thumbnailUrl":"https:\/\/static.africa-press.net\/cote\/sites\/43\/2021\/11\/img-618e893bca465.jpg","keywords":["Adama Bictogo","Africa Press","Africa Press-C\u00f4te d'Ivoire","congr\u00e8s","C\u00d4TE D'IVOIRE","Evariste M\u00e9ambly","FPI","Issiaka Sangar\u00e9","Laurent Gbagbo","Pascal Affi N'Guessan","RHDP","Treichville"],"articleSection":["homepage-french","Parties","Toutes les actualit\u00e9s"],"inLanguage":"fr-FR","potentialAction":[{"@type":"CommentAction","name":"Comment","target":["https:\/\/www.africa-press.net\/cotedivoire\/parties\/cote-divoire-le-6e-congres-du-fpi-daffi-nguessan-sous-le-sceau-du-renforcement-de-lassise-de-son-parti-sur-le-terrain-et-dalliance-avec-le-rhdp#respond"]}]},{"@type":"WebPage","@id":"https:\/\/www.africa-press.net\/cotedivoire\/parties\/cote-divoire-le-6e-congres-du-fpi-daffi-nguessan-sous-le-sceau-du-renforcement-de-lassise-de-son-parti-sur-le-terrain-et-dalliance-avec-le-rhdp","url":"https:\/\/www.africa-press.net\/cotedivoire\/parties\/cote-divoire-le-6e-congres-du-fpi-daffi-nguessan-sous-le-sceau-du-renforcement-de-lassise-de-son-parti-sur-le-terrain-et-dalliance-avec-le-rhdp","name":"C\u00f4te d'Ivoire : Le 6\u00e8 congr\u00e8s du FPI d'Affi N'Guessan sous le sceau du renforcement de l'assise de son parti sur le terrain et d'alliance avec le RHDP - C\u00f4te d&#039;Ivoire","isPartOf":{"@id":"https:\/\/www.africa-press.net\/cotedivoire\/#website"},"primaryImageOfPage":{"@id":"https:\/\/www.africa-press.net\/cotedivoire\/parties\/cote-divoire-le-6e-congres-du-fpi-daffi-nguessan-sous-le-sceau-du-renforcement-de-lassise-de-son-parti-sur-le-terrain-et-dalliance-avec-le-rhdp#primaryimage"},"image":{"@id":"https:\/\/www.africa-press.net\/cotedivoire\/parties\/cote-divoire-le-6e-congres-du-fpi-daffi-nguessan-sous-le-sceau-du-renforcement-de-lassise-de-son-parti-sur-le-terrain-et-dalliance-avec-le-rhdp#primaryimage"},"thumbnailUrl":"https:\/\/static.africa-press.net\/cote\/sites\/43\/2021\/11\/img-618e893bca465.jpg","datePublished":"2021-11-12T16:19:40+00:00","author":{"@id":"https:\/\/www.africa-press.net\/cotedivoire\/#\/schema\/person\/2b1cf3cd81a31e3cd26889ca66d677f1"},"description":"Affi (Ph) Le Front Populaire Ivoirien (FPI) organise le samedi 13 novembre 2021 son 6\u1d49 congr\u00e8s au Palais des spo ...","breadcrumb":{"@id":"https:\/\/www.africa-press.net\/cotedivoire\/parties\/cote-divoire-le-6e-congres-du-fpi-daffi-nguessan-sous-le-sceau-du-renforcement-de-lassise-de-son-parti-sur-le-terrain-et-dalliance-avec-le-rhdp#breadcrumb"},"inLanguage":"fr-FR","potentialAction":[{"@type":"ReadAction","target":["https:\/\/www.africa-press.net\/cotedivoire\/parties\/cote-divoire-le-6e-congres-du-fpi-daffi-nguessan-sous-le-sceau-du-renforcement-de-lassise-de-son-parti-sur-le-terrain-et-dalliance-avec-le-rhdp"]}]},{"@type":"ImageObject","inLanguage":"fr-FR","@id":"https:\/\/www.africa-press.net\/cotedivoire\/parties\/cote-divoire-le-6e-congres-du-fpi-daffi-nguessan-sous-le-sceau-du-renforcement-de-lassise-de-son-parti-sur-le-terrain-et-dalliance-avec-le-rhdp#primaryimage","url":"https:\/\/static.africa-press.net\/cote\/sites\/43\/2021\/11\/img-618e893bca465.jpg","contentUrl":"https:\/\/static.africa-press.net\/cote\/sites\/43\/2021\/11\/img-618e893bca465.jpg","width":720,"height":327,"caption":"C\u00f4te d'Ivoire : Le 6\u00e8 congr\u00e8s du FPI d'Affi N'Guessan sous le sceau du renforcement de l'assise de son parti sur le terrain et d'alliance avec le RHDP"},{"@type":"BreadcrumbList","@id":"https:\/\/www.africa-press.net\/cotedivoire\/parties\/cote-divoire-le-6e-congres-du-fpi-daffi-nguessan-sous-le-sceau-du-renforcement-de-lassise-de-son-parti-sur-le-terrain-et-dalliance-avec-le-rhdp#breadcrumb","itemListElement":[{"@type":"ListItem","position":1,"name":"Accueil","item":"https:\/\/www.africa-press.net\/cotedivoire\/"},{"@type":"ListItem","position":2,"name":"C\u00f4te d&#8217;Ivoire : Le 6\u00e8 congr\u00e8s du FPI d&#8217;Affi N&#8217;Guessan sous le sceau du renforcement de l&#8217;assise de son parti sur le terrain et d&#8217;alliance avec le RHDP"}]},{"@type":"WebSite","@id":"https:\/\/www.africa-press.net\/cotedivoire\/#website","url":"https:\/\/www.africa-press.net\/cotedivoire\/","name":"C\u00f4te d&#039;Ivoire","description":"Just another Africa News Agency Sites site","potentialAction":[{"@type":"SearchAction","target":{"@type":"EntryPoint","urlTemplate":"https:\/\/www.africa-press.net\/cotedivoire\/?s={search_term_string}"},"query-input":{"@type":"PropertyValueSpecification","valueRequired":true,"valueName":"search_term_string"}}],"inLanguage":"fr-FR"},{"@type":"Person","@id":"https:\/\/www.africa-press.net\/cotedivoire\/#\/schema\/person\/2b1cf3cd81a31e3cd26889ca66d677f1","name":"cfeditorfr"}]}},"_links":{"self":[{"href":"https:\/\/www.africa-press.net\/cotedivoire\/wp-json\/wp\/v2\/posts\/19789","targetHints":{"allow":["GET"]}}],"collection":[{"href":"https:\/\/www.africa-press.net\/cotedivoire\/wp-json\/wp\/v2\/posts"}],"about":[{"href":"https:\/\/www.africa-press.net\/cotedivoire\/wp-json\/wp\/v2\/types\/post"}],"author":[{"embeddable":true,"href":"https:\/\/www.africa-press.net\/cotedivoire\/wp-json\/wp\/v2\/users\/82"}],"replies":[{"embeddable":true,"href":"https:\/\/www.africa-press.net\/cotedivoire\/wp-json\/wp\/v2\/comments?post=19789"}],"version-history":[{"count":0,"href":"https:\/\/www.africa-press.net\/cotedivoire\/wp-json\/wp\/v2\/posts\/19789\/revisions"}],"wp:featuredmedia":[{"embeddable":true,"href":"https:\/\/www.africa-press.net\/cotedivoire\/wp-json\/wp\/v2\/media\/19788"}],"wp:attachment":[{"href":"https:\/\/www.africa-press.net\/cotedivoire\/wp-json\/wp\/v2\/media?parent=19789"}],"wp:term":[{"taxonomy":"category","embeddable":true,"href":"https:\/\/www.africa-press.net\/cotedivoire\/wp-json\/wp\/v2\/categories?post=19789"},{"taxonomy":"post_tag","embeddable":true,"href":"https:\/\/www.africa-press.net\/cotedivoire\/wp-json\/wp\/v2\/tags?post=19789"}],"curies":[{"name":"wp","href":"https:\/\/api.w.org\/{rel}","templated":true}]}}