{"id":20840,"date":"2021-11-22T19:06:06","date_gmt":"2021-11-22T19:06:06","guid":{"rendered":"https:\/\/www.africa-press.net\/cotedivoire\/?p=20840"},"modified":"2021-11-22T16:43:24","modified_gmt":"2021-11-22T16:43:24","slug":"cote-divoire-hommage-a-sidy-diallo-didier-drogba-et-sory-diabate-ensemble-pour-la-reussite-de-la-fete","status":"publish","type":"post","link":"https:\/\/www.africa-press.net\/cotedivoire\/sports\/cote-divoire-hommage-a-sidy-diallo-didier-drogba-et-sory-diabate-ensemble-pour-la-reussite-de-la-fete","title":{"rendered":"C\u00f4te d&rsquo;Ivoire : Hommage \u00e0 Sidy Diallo, Didier Drogba et Sory Diabat\u00e9 ensemble pour la r\u00e9ussite de la f\u00eate"},"content":{"rendered":"<p><span style=\"color: #ff6600\"><strong>Africa-Press &#8211; C\u00f4te d&rsquo;Ivoire. <\/strong><\/span>Drogba et Sory samedi dernier \u00e0 Abidjan (Ph)<\/p>\n<p>Le sportifs ont rendu un vibrant hommage le samedi dernier \u00e0 feu Augustin Sidy Diallo au stade de l&rsquo;Universit\u00e9 F\u00e9lix Houphou\u00ebt-Boigny d&rsquo;Abidjan Cocody.<\/p>\n<p>Une occasion pour tous les amoureux du ballon rond de se retrouver pour se rappeler l\u2019homme qui a permis \u00e0 la C\u00f4te d\u2019Ivoire de remporter sa deuxi\u00e8me Coupe d\u2019Afrique des Nations (CAN) en 2015 \u00e0 Malabo en Guin\u00e9e \u00c9quatoriale.<\/p>\n<p>Les trois potentiels candidats \u00e0 la pr\u00e9sidence de la F\u00e9d\u00e9ration Ivoirienne de Football (FIF), Idriss Diallo, Sory Diabat\u00e9 et Didier Drogba ont pris part \u00e0 cet hommage du 1er anniversaire \u00e0 l\u2019enfant de Djekanou.<\/p>\n<p>Quatre \u00e9quipes y ont pris part. Il s\u2019agit de, l\u2019Amicale des Anciens Footballeurs de Yopougon (AAFY), l\u2019\u00c9quipe de la Presse Sportive de C\u00f4te d&rsquo;Ivoire (EDPSCI), l\u2019Association des Anciens Footballeurs de C\u00f4te d&rsquo;Ivoire (AAFCI) et Les Amis de Sidy Diallo.<\/p>\n<p>Les matches ont \u00e9t\u00e9 offici\u00e9s par des ex-internationaux Dou\u00e9 Noumandiez D\u00e9sir\u00e9, Kambou Tangba, Yeo Songuifolo&#8230;<\/p>\n<p>La premi\u00e8re demi-finale a oppos\u00e9 AAFY de Yopougon \u00e0 EDPSCI par 2-0 et la seconde demi-finale les Anciens Footballeurs de C\u00f4te d&rsquo;Ivoire et les Amis de Sidy Diallo par 3-0.<\/p>\n<p>Le match de classement s\u2019est sold\u00e9 par la victoire de EDPSCI contre les Amis de Sidy Diallo par 2-1<\/p>\n<p>Quant \u00e0 la finale, elle a \u00e9t\u00e9 remport\u00e9e par les Anciens Footballeurs de C\u00f4te d&rsquo;Ivoire devant l\u2019Amicale des Anciens Footballeurs de Yopougon par 4 tirs au but \u00e0 2 (temps r\u00e9glementaire 0-0)<\/p>\n<p>Quelques messages forts des nombreux intervenants \u00e0 la c\u00e9r\u00e9monie : Sidy Diallo est certes morts, mais il est toujours vivant dans nos c\u0153urs ; Sidy Diallo m\u00e9rite cet hommage parce qu&rsquo;il a tout donn\u00e9 au football ivoirien ; L&rsquo;\u0153uvre de l&rsquo;homme restera \u00e9ternelle ; La pr\u00e9sence du monde du sport doit \u00eatre une occasion de rassemblement et de r\u00e9conciliation des acteurs du football ivoirien ; Sidy Diallo \u00e9tait un homme de rigueur, mais \u00e9galement un bon p\u00e8re pour les joueurs ; Il a \u00e9crit de belles pages du football ivoirien ; Son bilan est largement positif en 9 ans&#8230; Il a consacr\u00e9 35 ans de sa vie au football. Il a gagn\u00e9 presque tous les troph\u00e9es africains.<\/p>\n<p>Le p\u00e8re du d\u00e9funt : Abdoulaye Diallo, la veuve : Brigitte Diallo ; tous les enfants et de nombreux membres de la famille Diallo, plusieurs personnalit\u00e9s ; la ministre-gouverneur Raymonde Goudou Koffi Souleymane Diarrassouba (ministre du Commerce) , Jean-Marc Yac\u00e9, maire de Cocody et nouveau pr\u00e9sident de la F\u00e9d\u00e9ration Ivoirienne de Taekwondo&#8230; Les anciens joueurs : Didier Drogba, Tizi\u00e9 Jean-Jacques, Kader Keita, Youssouf Fofana, Soro Jean, Gouamen\u00e9 Maxime, Aruna Dindane, Traor\u00e9 Kandia, Zezeto, Cyrille Domoraud, Dago Charles, Ti\u00e9n\u00e9 Siaka (Chico) &#8230; Les sportifs connus et anonymes : Diallo Ousseine, plusieurs pr\u00e9sidents de clubs de Ligue 1, Ligue 2, 3\u00e8me Division, Division R\u00e9gionale, Districts, des centres de formations ont assist\u00e9 \u00e0 l\u2019\u00e9v\u00e8nement au stade de l\u2019universit\u00e9 de Cocody.<\/p>\n<p>Donatien Kautcha, Abidjan<\/p>\n<p><strong>Pour plus d&rsquo;informations et d&rsquo;analyses sur la <a href=\"https:\/\/www.africa-press.net\/cotedivoire\">C\u00f4te d&rsquo;Ivoire<\/a>, suivez <a href=\"https:\/\/www.africa-press.net\/\">Africa-Press<\/a><\/strong><\/p>\n","protected":false},"excerpt":{"rendered":"<p>Africa-Press &#8211; C\u00f4te d&rsquo;Ivoire. Drogba et Sory samedi dernier \u00e0 Abidjan (Ph) Le sportifs ont rendu un vibrant hommage le samedi dernier \u00e0 feu Augustin Sidy Diallo au stade de l&rsquo;Universit\u00e9 F\u00e9lix Houphou\u00ebt-Boigny d&rsquo;Abidjan Cocody. Une occasion pour tous les amoureux du ballon rond de se retrouver pour se rappeler l\u2019homme qui a permis \u00e0 [&hellip;]<\/p>\n","protected":false},"author":82,"featured_media":20839,"comment_status":"open","ping_status":"closed","sticky":false,"template":"","format":"standard","meta":{"footnotes":""},"categories":[11,6,10],"tags":[56,63,29,2010,859,676,2782,1884],"class_list":["post-20840","post","type-post","status-publish","format-standard","has-post-thumbnail","hentry","category-homepage-french","category-sports","category-toutes-les-actualites","tag-africa-press","tag-africa-press-cote-divoire","tag-cote-divoire","tag-didier-drogba","tag-fif","tag-hommage","tag-sidy-diallo","tag-sory-diabate"],"yoast_head":"<!-- This site is optimized with the Yoast SEO Premium plugin v26.1 (Yoast SEO v27.0) - https:\/\/yoast.com\/product\/yoast-seo-premium-wordpress\/ -->\n<title>C\u00f4te d&#039;Ivoire : Hommage \u00e0 Sidy Diallo, Didier Drogba et Sory Diabat\u00e9 ensemble pour la r\u00e9ussite de la f\u00eate - C\u00f4te d&#039;Ivoire<\/title>\n<meta name=\"description\" content=\"Drogba et Sory samedi dernier \u00e0 Abidjan (Ph) Le sportifs ont rendu un vibrant hommage le samedi dernier \u00e0 feu Augustin ...\" \/>\n<meta name=\"robots\" content=\"index, follow, max-snippet:-1, max-image-preview:large, max-video-preview:-1\" \/>\n<link rel=\"canonical\" href=\"https:\/\/www.africa-press.net\/cotedivoire\/sports\/cote-divoire-hommage-a-sidy-diallo-didier-drogba-et-sory-diabate-ensemble-pour-la-reussite-de-la-fete\" \/>\n<meta property=\"og:locale\" content=\"fr_FR\" \/>\n<meta property=\"og:type\" content=\"article\" \/>\n<meta property=\"og:title\" content=\"C\u00f4te d&#039;Ivoire : Hommage \u00e0 Sidy Diallo, Didier Drogba et Sory Diabat\u00e9 ensemble pour la r\u00e9ussite de la f\u00eate\" \/>\n<meta property=\"og:description\" content=\"Drogba et Sory samedi dernier \u00e0 Abidjan (Ph) Le sportifs ont rendu un vibrant hommage le samedi dernier \u00e0 feu Augustin ...\" \/>\n<meta property=\"og:url\" content=\"https:\/\/www.africa-press.net\/cotedivoire\/sports\/cote-divoire-hommage-a-sidy-diallo-didier-drogba-et-sory-diabate-ensemble-pour-la-reussite-de-la-fete\" \/>\n<meta property=\"og:site_name\" content=\"C\u00f4te d&#039;Ivoire\" \/>\n<meta property=\"article:published_time\" content=\"2021-11-22T19:06:06+00:00\" \/>\n<meta property=\"og:image\" content=\"https:\/\/static.africa-press.net\/cote\/sites\/43\/2021\/11\/img-619bc88966a1f.jpg\" \/>\n\t<meta property=\"og:image:width\" content=\"720\" \/>\n\t<meta property=\"og:image:height\" content=\"483\" \/>\n\t<meta property=\"og:image:type\" content=\"image\/jpeg\" \/>\n<meta name=\"author\" content=\"cfeditorfr\" \/>\n<meta name=\"twitter:card\" content=\"summary_large_image\" \/>\n<meta name=\"twitter:label1\" content=\"\u00c9crit par\" \/>\n\t<meta name=\"twitter:data1\" content=\"cfeditorfr\" \/>\n\t<meta name=\"twitter:label2\" content=\"Dur\u00e9e de lecture estim\u00e9e\" \/>\n\t<meta name=\"twitter:data2\" content=\"3 minutes\" \/>\n<script type=\"application\/ld+json\" class=\"yoast-schema-graph\">{\"@context\":\"https:\/\/schema.org\",\"@graph\":[{\"@type\":\"Article\",\"@id\":\"https:\/\/www.africa-press.net\/cotedivoire\/sports\/cote-divoire-hommage-a-sidy-diallo-didier-drogba-et-sory-diabate-ensemble-pour-la-reussite-de-la-fete#article\",\"isPartOf\":{\"@id\":\"https:\/\/www.africa-press.net\/cotedivoire\/sports\/cote-divoire-hommage-a-sidy-diallo-didier-drogba-et-sory-diabate-ensemble-pour-la-reussite-de-la-fete\"},\"author\":{\"name\":\"cfeditorfr\",\"@id\":\"https:\/\/www.africa-press.net\/cotedivoire\/#\/schema\/person\/2b1cf3cd81a31e3cd26889ca66d677f1\"},\"headline\":\"C\u00f4te d&rsquo;Ivoire : Hommage \u00e0 Sidy Diallo, Didier Drogba et Sory Diabat\u00e9 ensemble pour la r\u00e9ussite de la f\u00eate\",\"datePublished\":\"2021-11-22T19:06:06+00:00\",\"mainEntityOfPage\":{\"@id\":\"https:\/\/www.africa-press.net\/cotedivoire\/sports\/cote-divoire-hommage-a-sidy-diallo-didier-drogba-et-sory-diabate-ensemble-pour-la-reussite-de-la-fete\"},\"wordCount\":540,\"commentCount\":0,\"image\":{\"@id\":\"https:\/\/www.africa-press.net\/cotedivoire\/sports\/cote-divoire-hommage-a-sidy-diallo-didier-drogba-et-sory-diabate-ensemble-pour-la-reussite-de-la-fete#primaryimage\"},\"thumbnailUrl\":\"https:\/\/static.africa-press.net\/cote\/sites\/43\/2021\/11\/img-619bc88966a1f.jpg\",\"keywords\":[\"Africa Press\",\"Africa Press-C\u00f4te d'Ivoire\",\"C\u00d4TE D'IVOIRE\",\"Didier Drogba\",\"FIF\",\"hommage\",\"Sidy Diallo\",\"Sory Diabat\u00e9\"],\"articleSection\":[\"homepage-french\",\"Sports\",\"Toutes les actualit\u00e9s\"],\"inLanguage\":\"fr-FR\",\"potentialAction\":[{\"@type\":\"CommentAction\",\"name\":\"Comment\",\"target\":[\"https:\/\/www.africa-press.net\/cotedivoire\/sports\/cote-divoire-hommage-a-sidy-diallo-didier-drogba-et-sory-diabate-ensemble-pour-la-reussite-de-la-fete#respond\"]}]},{\"@type\":\"WebPage\",\"@id\":\"https:\/\/www.africa-press.net\/cotedivoire\/sports\/cote-divoire-hommage-a-sidy-diallo-didier-drogba-et-sory-diabate-ensemble-pour-la-reussite-de-la-fete\",\"url\":\"https:\/\/www.africa-press.net\/cotedivoire\/sports\/cote-divoire-hommage-a-sidy-diallo-didier-drogba-et-sory-diabate-ensemble-pour-la-reussite-de-la-fete\",\"name\":\"C\u00f4te d'Ivoire : Hommage \u00e0 Sidy Diallo, Didier Drogba et Sory Diabat\u00e9 ensemble pour la r\u00e9ussite de la f\u00eate - C\u00f4te d&#039;Ivoire\",\"isPartOf\":{\"@id\":\"https:\/\/www.africa-press.net\/cotedivoire\/#website\"},\"primaryImageOfPage\":{\"@id\":\"https:\/\/www.africa-press.net\/cotedivoire\/sports\/cote-divoire-hommage-a-sidy-diallo-didier-drogba-et-sory-diabate-ensemble-pour-la-reussite-de-la-fete#primaryimage\"},\"image\":{\"@id\":\"https:\/\/www.africa-press.net\/cotedivoire\/sports\/cote-divoire-hommage-a-sidy-diallo-didier-drogba-et-sory-diabate-ensemble-pour-la-reussite-de-la-fete#primaryimage\"},\"thumbnailUrl\":\"https:\/\/static.africa-press.net\/cote\/sites\/43\/2021\/11\/img-619bc88966a1f.jpg\",\"datePublished\":\"2021-11-22T19:06:06+00:00\",\"author\":{\"@id\":\"https:\/\/www.africa-press.net\/cotedivoire\/#\/schema\/person\/2b1cf3cd81a31e3cd26889ca66d677f1\"},\"description\":\"Drogba et Sory samedi dernier \u00e0 Abidjan (Ph) Le sportifs ont rendu un vibrant hommage le samedi dernier \u00e0 feu Augustin ...\",\"breadcrumb\":{\"@id\":\"https:\/\/www.africa-press.net\/cotedivoire\/sports\/cote-divoire-hommage-a-sidy-diallo-didier-drogba-et-sory-diabate-ensemble-pour-la-reussite-de-la-fete#breadcrumb\"},\"inLanguage\":\"fr-FR\",\"potentialAction\":[{\"@type\":\"ReadAction\",\"target\":[\"https:\/\/www.africa-press.net\/cotedivoire\/sports\/cote-divoire-hommage-a-sidy-diallo-didier-drogba-et-sory-diabate-ensemble-pour-la-reussite-de-la-fete\"]}]},{\"@type\":\"ImageObject\",\"inLanguage\":\"fr-FR\",\"@id\":\"https:\/\/www.africa-press.net\/cotedivoire\/sports\/cote-divoire-hommage-a-sidy-diallo-didier-drogba-et-sory-diabate-ensemble-pour-la-reussite-de-la-fete#primaryimage\",\"url\":\"https:\/\/static.africa-press.net\/cote\/sites\/43\/2021\/11\/img-619bc88966a1f.jpg\",\"contentUrl\":\"https:\/\/static.africa-press.net\/cote\/sites\/43\/2021\/11\/img-619bc88966a1f.jpg\",\"width\":720,\"height\":483,\"caption\":\"C\u00f4te d'Ivoire : Hommage \u00e0 Sidy Diallo, Didier Drogba et Sory Diabat\u00e9 ensemble pour la r\u00e9ussite de la f\u00eate\"},{\"@type\":\"BreadcrumbList\",\"@id\":\"https:\/\/www.africa-press.net\/cotedivoire\/sports\/cote-divoire-hommage-a-sidy-diallo-didier-drogba-et-sory-diabate-ensemble-pour-la-reussite-de-la-fete#breadcrumb\",\"itemListElement\":[{\"@type\":\"ListItem\",\"position\":1,\"name\":\"Accueil\",\"item\":\"https:\/\/www.africa-press.net\/cotedivoire\/\"},{\"@type\":\"ListItem\",\"position\":2,\"name\":\"C\u00f4te d&#8217;Ivoire : Hommage \u00e0 Sidy Diallo, Didier Drogba et Sory Diabat\u00e9 ensemble pour la r\u00e9ussite de la f\u00eate\"}]},{\"@type\":\"WebSite\",\"@id\":\"https:\/\/www.africa-press.net\/cotedivoire\/#website\",\"url\":\"https:\/\/www.africa-press.net\/cotedivoire\/\",\"name\":\"C\u00f4te d&#039;Ivoire\",\"description\":\"Just another Africa News Agency Sites site\",\"potentialAction\":[{\"@type\":\"SearchAction\",\"target\":{\"@type\":\"EntryPoint\",\"urlTemplate\":\"https:\/\/www.africa-press.net\/cotedivoire\/?s={search_term_string}\"},\"query-input\":{\"@type\":\"PropertyValueSpecification\",\"valueRequired\":true,\"valueName\":\"search_term_string\"}}],\"inLanguage\":\"fr-FR\"},{\"@type\":\"Person\",\"@id\":\"https:\/\/www.africa-press.net\/cotedivoire\/#\/schema\/person\/2b1cf3cd81a31e3cd26889ca66d677f1\",\"name\":\"cfeditorfr\"}]}<\/script>\n<!-- \/ Yoast SEO Premium plugin. -->","yoast_head_json":{"title":"C\u00f4te d'Ivoire : Hommage \u00e0 Sidy Diallo, Didier Drogba et Sory Diabat\u00e9 ensemble pour la r\u00e9ussite de la f\u00eate - C\u00f4te d&#039;Ivoire","description":"Drogba et Sory samedi dernier \u00e0 Abidjan (Ph) Le sportifs ont rendu un vibrant hommage le samedi dernier \u00e0 feu Augustin ...","robots":{"index":"index","follow":"follow","max-snippet":"max-snippet:-1","max-image-preview":"max-image-preview:large","max-video-preview":"max-video-preview:-1"},"canonical":"https:\/\/www.africa-press.net\/cotedivoire\/sports\/cote-divoire-hommage-a-sidy-diallo-didier-drogba-et-sory-diabate-ensemble-pour-la-reussite-de-la-fete","og_locale":"fr_FR","og_type":"article","og_title":"C\u00f4te d'Ivoire : Hommage \u00e0 Sidy Diallo, Didier Drogba et Sory Diabat\u00e9 ensemble pour la r\u00e9ussite de la f\u00eate","og_description":"Drogba et Sory samedi dernier \u00e0 Abidjan (Ph) Le sportifs ont rendu un vibrant hommage le samedi dernier \u00e0 feu Augustin ...","og_url":"https:\/\/www.africa-press.net\/cotedivoire\/sports\/cote-divoire-hommage-a-sidy-diallo-didier-drogba-et-sory-diabate-ensemble-pour-la-reussite-de-la-fete","og_site_name":"C\u00f4te d&#039;Ivoire","article_published_time":"2021-11-22T19:06:06+00:00","og_image":[{"width":720,"height":483,"url":"https:\/\/static.africa-press.net\/cote\/sites\/43\/2021\/11\/img-619bc88966a1f.jpg","type":"image\/jpeg"}],"author":"cfeditorfr","twitter_card":"summary_large_image","twitter_misc":{"\u00c9crit par":"cfeditorfr","Dur\u00e9e de lecture estim\u00e9e":"3 minutes"},"schema":{"@context":"https:\/\/schema.org","@graph":[{"@type":"Article","@id":"https:\/\/www.africa-press.net\/cotedivoire\/sports\/cote-divoire-hommage-a-sidy-diallo-didier-drogba-et-sory-diabate-ensemble-pour-la-reussite-de-la-fete#article","isPartOf":{"@id":"https:\/\/www.africa-press.net\/cotedivoire\/sports\/cote-divoire-hommage-a-sidy-diallo-didier-drogba-et-sory-diabate-ensemble-pour-la-reussite-de-la-fete"},"author":{"name":"cfeditorfr","@id":"https:\/\/www.africa-press.net\/cotedivoire\/#\/schema\/person\/2b1cf3cd81a31e3cd26889ca66d677f1"},"headline":"C\u00f4te d&rsquo;Ivoire : Hommage \u00e0 Sidy Diallo, Didier Drogba et Sory Diabat\u00e9 ensemble pour la r\u00e9ussite de la f\u00eate","datePublished":"2021-11-22T19:06:06+00:00","mainEntityOfPage":{"@id":"https:\/\/www.africa-press.net\/cotedivoire\/sports\/cote-divoire-hommage-a-sidy-diallo-didier-drogba-et-sory-diabate-ensemble-pour-la-reussite-de-la-fete"},"wordCount":540,"commentCount":0,"image":{"@id":"https:\/\/www.africa-press.net\/cotedivoire\/sports\/cote-divoire-hommage-a-sidy-diallo-didier-drogba-et-sory-diabate-ensemble-pour-la-reussite-de-la-fete#primaryimage"},"thumbnailUrl":"https:\/\/static.africa-press.net\/cote\/sites\/43\/2021\/11\/img-619bc88966a1f.jpg","keywords":["Africa Press","Africa Press-C\u00f4te d'Ivoire","C\u00d4TE D'IVOIRE","Didier Drogba","FIF","hommage","Sidy Diallo","Sory Diabat\u00e9"],"articleSection":["homepage-french","Sports","Toutes les actualit\u00e9s"],"inLanguage":"fr-FR","potentialAction":[{"@type":"CommentAction","name":"Comment","target":["https:\/\/www.africa-press.net\/cotedivoire\/sports\/cote-divoire-hommage-a-sidy-diallo-didier-drogba-et-sory-diabate-ensemble-pour-la-reussite-de-la-fete#respond"]}]},{"@type":"WebPage","@id":"https:\/\/www.africa-press.net\/cotedivoire\/sports\/cote-divoire-hommage-a-sidy-diallo-didier-drogba-et-sory-diabate-ensemble-pour-la-reussite-de-la-fete","url":"https:\/\/www.africa-press.net\/cotedivoire\/sports\/cote-divoire-hommage-a-sidy-diallo-didier-drogba-et-sory-diabate-ensemble-pour-la-reussite-de-la-fete","name":"C\u00f4te d'Ivoire : Hommage \u00e0 Sidy Diallo, Didier Drogba et Sory Diabat\u00e9 ensemble pour la r\u00e9ussite de la f\u00eate - C\u00f4te d&#039;Ivoire","isPartOf":{"@id":"https:\/\/www.africa-press.net\/cotedivoire\/#website"},"primaryImageOfPage":{"@id":"https:\/\/www.africa-press.net\/cotedivoire\/sports\/cote-divoire-hommage-a-sidy-diallo-didier-drogba-et-sory-diabate-ensemble-pour-la-reussite-de-la-fete#primaryimage"},"image":{"@id":"https:\/\/www.africa-press.net\/cotedivoire\/sports\/cote-divoire-hommage-a-sidy-diallo-didier-drogba-et-sory-diabate-ensemble-pour-la-reussite-de-la-fete#primaryimage"},"thumbnailUrl":"https:\/\/static.africa-press.net\/cote\/sites\/43\/2021\/11\/img-619bc88966a1f.jpg","datePublished":"2021-11-22T19:06:06+00:00","author":{"@id":"https:\/\/www.africa-press.net\/cotedivoire\/#\/schema\/person\/2b1cf3cd81a31e3cd26889ca66d677f1"},"description":"Drogba et Sory samedi dernier \u00e0 Abidjan (Ph) Le sportifs ont rendu un vibrant hommage le samedi dernier \u00e0 feu Augustin ...","breadcrumb":{"@id":"https:\/\/www.africa-press.net\/cotedivoire\/sports\/cote-divoire-hommage-a-sidy-diallo-didier-drogba-et-sory-diabate-ensemble-pour-la-reussite-de-la-fete#breadcrumb"},"inLanguage":"fr-FR","potentialAction":[{"@type":"ReadAction","target":["https:\/\/www.africa-press.net\/cotedivoire\/sports\/cote-divoire-hommage-a-sidy-diallo-didier-drogba-et-sory-diabate-ensemble-pour-la-reussite-de-la-fete"]}]},{"@type":"ImageObject","inLanguage":"fr-FR","@id":"https:\/\/www.africa-press.net\/cotedivoire\/sports\/cote-divoire-hommage-a-sidy-diallo-didier-drogba-et-sory-diabate-ensemble-pour-la-reussite-de-la-fete#primaryimage","url":"https:\/\/static.africa-press.net\/cote\/sites\/43\/2021\/11\/img-619bc88966a1f.jpg","contentUrl":"https:\/\/static.africa-press.net\/cote\/sites\/43\/2021\/11\/img-619bc88966a1f.jpg","width":720,"height":483,"caption":"C\u00f4te d'Ivoire : Hommage \u00e0 Sidy Diallo, Didier Drogba et Sory Diabat\u00e9 ensemble pour la r\u00e9ussite de la f\u00eate"},{"@type":"BreadcrumbList","@id":"https:\/\/www.africa-press.net\/cotedivoire\/sports\/cote-divoire-hommage-a-sidy-diallo-didier-drogba-et-sory-diabate-ensemble-pour-la-reussite-de-la-fete#breadcrumb","itemListElement":[{"@type":"ListItem","position":1,"name":"Accueil","item":"https:\/\/www.africa-press.net\/cotedivoire\/"},{"@type":"ListItem","position":2,"name":"C\u00f4te d&#8217;Ivoire : Hommage \u00e0 Sidy Diallo, Didier Drogba et Sory Diabat\u00e9 ensemble pour la r\u00e9ussite de la f\u00eate"}]},{"@type":"WebSite","@id":"https:\/\/www.africa-press.net\/cotedivoire\/#website","url":"https:\/\/www.africa-press.net\/cotedivoire\/","name":"C\u00f4te d&#039;Ivoire","description":"Just another Africa News Agency Sites site","potentialAction":[{"@type":"SearchAction","target":{"@type":"EntryPoint","urlTemplate":"https:\/\/www.africa-press.net\/cotedivoire\/?s={search_term_string}"},"query-input":{"@type":"PropertyValueSpecification","valueRequired":true,"valueName":"search_term_string"}}],"inLanguage":"fr-FR"},{"@type":"Person","@id":"https:\/\/www.africa-press.net\/cotedivoire\/#\/schema\/person\/2b1cf3cd81a31e3cd26889ca66d677f1","name":"cfeditorfr"}]}},"_links":{"self":[{"href":"https:\/\/www.africa-press.net\/cotedivoire\/wp-json\/wp\/v2\/posts\/20840","targetHints":{"allow":["GET"]}}],"collection":[{"href":"https:\/\/www.africa-press.net\/cotedivoire\/wp-json\/wp\/v2\/posts"}],"about":[{"href":"https:\/\/www.africa-press.net\/cotedivoire\/wp-json\/wp\/v2\/types\/post"}],"author":[{"embeddable":true,"href":"https:\/\/www.africa-press.net\/cotedivoire\/wp-json\/wp\/v2\/users\/82"}],"replies":[{"embeddable":true,"href":"https:\/\/www.africa-press.net\/cotedivoire\/wp-json\/wp\/v2\/comments?post=20840"}],"version-history":[{"count":0,"href":"https:\/\/www.africa-press.net\/cotedivoire\/wp-json\/wp\/v2\/posts\/20840\/revisions"}],"wp:featuredmedia":[{"embeddable":true,"href":"https:\/\/www.africa-press.net\/cotedivoire\/wp-json\/wp\/v2\/media\/20839"}],"wp:attachment":[{"href":"https:\/\/www.africa-press.net\/cotedivoire\/wp-json\/wp\/v2\/media?parent=20840"}],"wp:term":[{"taxonomy":"category","embeddable":true,"href":"https:\/\/www.africa-press.net\/cotedivoire\/wp-json\/wp\/v2\/categories?post=20840"},{"taxonomy":"post_tag","embeddable":true,"href":"https:\/\/www.africa-press.net\/cotedivoire\/wp-json\/wp\/v2\/tags?post=20840"}],"curies":[{"name":"wp","href":"https:\/\/api.w.org\/{rel}","templated":true}]}}