{"id":20908,"date":"2021-11-23T17:51:53","date_gmt":"2021-11-23T17:51:53","guid":{"rendered":"https:\/\/www.africa-press.net\/cotedivoire\/?p=20908"},"modified":"2021-11-23T17:29:11","modified_gmt":"2021-11-23T17:29:11","slug":"cote-divoire-la-france-fait-veronique-tadjo-commandeur-des-arts-et-des-lettres","status":"publish","type":"post","link":"https:\/\/www.africa-press.net\/cotedivoire\/culture-et-art\/cote-divoire-la-france-fait-veronique-tadjo-commandeur-des-arts-et-des-lettres","title":{"rendered":"C\u00f4te d&rsquo;Ivoire : La France fait V\u00e9ronique Tadjo, Commandeur des Arts et des lettres"},"content":{"rendered":"<p><span style=\"color: #ff6600\"><strong>Africa-Press &#8211; C\u00f4te d&rsquo;Ivoire. <\/strong><\/span><b>Tadjo et Belliard ce lundi soir \u00e0 Abidjan<\/b><\/p>\n<p>V\u00e9ronique Tadjo, \u00e9crivaine franco-ivoirienne a \u00e9t\u00e9 faite Commandeur des Arts et des lettres par la ministre fran\u00e7aise de la culture. Jean-Christophe Belliard, Ambassadeur de France en C\u00f4te d&rsquo;Ivoire, lui a remis son insigne dans la soir\u00e9e d&rsquo;hier \u00e0 l&rsquo;occasion d&rsquo;une c\u00e9r\u00e9monie organis\u00e9e \u00e0 la R\u00e9sidence de France \u00e0 Abidjan.<\/p>\n<p>L&rsquo;\u00e9crivaine n\u00e9e \u00e0 Pars d&rsquo;une m\u00e8re fran\u00e7aise et d&rsquo;un p\u00e8re ivoirien, a re\u00e7u son insigne et son dipl\u00f4me en pr\u00e9sence de sa famille de ses amis et de ses connaissances qui ont fait le d\u00e9placement, comme constat\u00e9 sur place par KOACI, convi\u00e9 pour l&rsquo;occasion.<\/p>\n<p>Cette distinction traduit d&rsquo;\u00e9vidence, la volont\u00e9 de la France de rendre hommage au travail, \u00e0 l&rsquo;\u00e9criture, aux combats de V\u00e9ronique Tadjo, a expliqu\u00e9 le diplomate fran\u00e7ais.<\/p>\n<p>\u00abVotre \u0153uvre est universelle dans le sens o\u00f9 elle touche aux grandes interrogations de notre temps. Je l&rsquo;ai senti en lisant votre consacr\u00e9 au g\u00e9nocide rwandais. Vous y parlez du Rwanda bien s\u00fbr, vous avez cherch\u00e9 \u00e0 comprendre comment l&rsquo;innommable a pu se produire. Et j&rsquo;ai trouv\u00e9 la phrase suivante. \u00ab J&rsquo;ai peur quand j&rsquo;entends parler chez moi, d&rsquo;appartenance et de non-appartenance \u00bb.<\/p>\n<p>Quand j&rsquo;ai lu le livre, je ne savais pas que vous alliez recevoir les arts et lettres. Mais j&rsquo;avais not\u00e9 sur un papier en distant que \u00e7a en est fort. Et bien s\u00fbr, il s&rsquo;agit l\u00e0 de la C\u00f4te d&rsquo;Ivoire, mais cela pourrait concerner tant d&rsquo;autres situations politiques \u00e0 commencer par la France \u00bb.<\/p>\n<p>Il a avou\u00e9 qu&rsquo;il a mentionn\u00e9 l&rsquo;universalit\u00e9 des livres de V\u00e9ronique Tadjo destin\u00e9s aux enfants, sur Senghor, sur cette grande dame qui est Gra\u00e7a Machel, sur l&rsquo;environnement qui touche \u00e0 ces sujets majeurs, universels.<\/p>\n<p>\u00abJ&rsquo;ai \u00e0 ce sujet en t\u00eate une conversation que j&rsquo;ai eu un jour avec Nuruddine Farah, nous parlions de litt\u00e9rature africaine, j&rsquo;ai interrog\u00e9 Nuruddine sur la litt\u00e9rature de l&rsquo;Afrique francophone et sans h\u00e9siter, elle vous a mentionn\u00e9, c&rsquo;\u00e9tait \u00e0 Cape Town. Une autre fois, c&rsquo;\u00e9tait avec Breten Bart et il vous a aussi mentionn\u00e9. Peut-\u00eatre que vos all\u00e9es \u00e0 venues y ont contribu\u00e9, c&rsquo;est bien ce regard d&rsquo;autres africains, un Somalien, un Sud-Africain sur un \u00e9crivain ivoirien \u00bb, a ajout\u00e9, Jean-Christophe Belliard.<\/p>\n<p>Autre indice de l&rsquo;universalit\u00e9, l&rsquo;Ambassadeur a affirm\u00e9 que le dernier livre de l&rsquo;\u00e9crivaine ivoirienne en compagnie des hommes a abord\u00e9 avec un temps d&rsquo;avance les grandes pand\u00e9mies en l&rsquo;espace Ebola et leurs cons\u00e9quences pour l&rsquo;humanit\u00e9. Selon lui, V\u00e9ronique a eu du fait quand on sait ce qui se passe actuellement.<\/p>\n<p>\u00abC&rsquo;est le propre des grands \u00e9crivains que de dire les choses avant les autres et de tenter de les expliciter. Enfin je vous l&rsquo;indique j&rsquo;ai \u00e9t\u00e9 boulevers\u00e9 par votre livre loin de mon p\u00e8re. Il m&rsquo;a rappel\u00e9 cette lithographie de Breten Bretenbark o\u00f9 l&rsquo;on voit l&rsquo;homme blanc avec un masque africain saluant un homme noir avec un masque blanc. Cela repr\u00e9sente Breten Bark, les rendez-vous manqu\u00e9s de l&rsquo;Afrique du Sud postapartheid. Dans le cadre de loin de mon p\u00e8re, il y a de mani\u00e8re crescendo presque traumatique, la d\u00e9couverte par une jeune femme m\u00e9tisse, de la v\u00e9ritable personnalit\u00e9 de la v\u00e9ritable vie de son p\u00e8re \u00bb, a mentionn\u00e9, Jean-Christophe Belliard.<\/p>\n<p>Il avoue avoir \u00e9t\u00e9 boulevers\u00e9 pour deux raisons, d&rsquo;une part, il s&rsquo;est mis dans la peau de ses enfants m\u00e9tis qui peut-\u00eatre un jour vivraient la m\u00eame chose. D&rsquo;autre part parce que l&rsquo;\u00e9crivaine \u00e0 la gentillesse de nouvelles fortes de sa maison non loin d&rsquo;ici. Et c&rsquo;est l\u00e0 o\u00f9 cette histoire a eu lieu o\u00f9 pu avoir lieu.<\/p>\n<p>\u00abJe suis sans doute trop personnel et trop \u00e9motif et je crois que remettre le Palm acad\u00e9mique \u00e0 un \u00e9crivain n&rsquo;est pas la m\u00eame chose que la l\u00e9gion d&rsquo;honneur \u00e0 un homme d&rsquo;affaires ou \u00e0 un officier g\u00e9n\u00e9ral. C&rsquo;est comme \u00e7a que je ressens \u00bb, a conclu, l&rsquo;Ambassadeur de France en C\u00f4te d&rsquo;Ivoire.<\/p>\n<p>Le nouveau Commandeur des Arts et des lettres distingu\u00e9 par la France a exprim\u00e9 sa gratitude \u00e0 la ministre fran\u00e7aise de la culture.<\/p>\n<p>\u00abJe suis extr\u00eamement \u00e9mue et alors je voudrais vous dire que je suis tr\u00e8s honor\u00e9e aussi et vous remerciez \u00e9norm\u00e9ment, Excellence, Jean-Christophe Belliard et remercier la ministre de la Culture qui a bien voulu me distinguer et je voudrais dire bonjour \u00e0 monsieur Bono que j&rsquo;ai d\u00e9j\u00e0 rencontrer au Niger, \u00e0 tous mes amis qui sont venus et aux membres de ma famille et \u00e0 tous ceux qui ont bien voulu bien faire le d\u00e9placement, un grand merci \u00bb, a d\u00e9clar\u00e9, V\u00e9ronique Tadjo.<\/p>\n<p>Elle s&rsquo;est interrog\u00e9e sur ce que la litt\u00e9rature et les arts peuvent faire en cette p\u00e9riode de crise profonde au niveau collectif, personnel, environnemental et sanitaire.<\/p>\n<p>\u00abJe dirais d&rsquo;abord pas grande chose, si l&rsquo;on ne leur accorde pas la place qu&rsquo;ils m\u00e9ritent dans la soci\u00e9t\u00e9. La litt\u00e9rature et les arts sont impliqu\u00e9s dans l&rsquo;\u00e9panouissement de la nation et la recherche d&rsquo;un meilleur avenir. C&rsquo;est \u00e0 travers la lecture, la litt\u00e9rature que les lecteurs se d\u00e9couvrent eux-m\u00eames \u00bb, a r\u00e9pondu, V\u00e9ronique Tadjo.<\/p>\n<p>Pour elle, la litt\u00e9rature est aussi le reflet de la soci\u00e9t\u00e9, c&rsquo;est comme un miroir qu&rsquo;on montre \u00e0 la soci\u00e9t\u00e9, et voil\u00e0 ses r\u00e9alit\u00e9s, ses d\u00e9fauts, ses qualit\u00e9s tous ces diff\u00e9rents points de vue. C&rsquo;est ce que la litt\u00e9rature essaie de faire.<\/p>\n<p>\u00abJe pense qu&rsquo;elle permet de mieux comprendre qui nous sommes et c&rsquo;est pourquoi, les \u00e9crivains sont de grands lecteurs, parce que eux-m\u00eames cherchent des r\u00e9ponses \u00e0 leurs questions \u00bb, a-t-elle insist\u00e9.<\/p>\n<p>Si les arts doivent s&rsquo;attacher au beau en premier, il leur arrive aussi, c&rsquo;est connu de d\u00e9noncer les travers de la soci\u00e9t\u00e9 et des individus qui la peuple.<\/p>\n<p>L&rsquo;\u00e9crivaine estime que c&rsquo;est dans ce sens qu&rsquo;elle est d\u00e9rangeante, c&rsquo;est dans ce sens que les arts d&rsquo;une mani\u00e8re g\u00e9n\u00e9rale, la litt\u00e9rature sont d\u00e9rangeants et souvent on trouve qu&rsquo;un \u00e9crivain, une \u00e9crivaine, c&rsquo;est quelqu&rsquo;un qui emp\u00eache de tourner en rond, mais heureusement on sait que cet art est fait pour centrer dans l&rsquo;\u00e9poque.<\/p>\n<p>\u00abIl est difficile de nous reprocher de parler d&rsquo;une \u00e9poque si elle est bouleversante, si elle a besoin de r\u00e9ponse, et si nous recherchons ces r\u00e9ponses. Ce que je veux dire c&rsquo;est un grand merci encore. Parce que ce que nous cherchons, nous ne mettons pas de cloisonnement entre les \u00e9crivains et les artistes \u00bb, a soutenu, V\u00e9ronique Tadjo.<\/p>\n<p>Enfin pour elle, il y a certaines briques et une fusion entre la litt\u00e9rature et les arts, et encourage tous ceux qui luttent pour mettre fin \u00e0 ces crises multiformes que nous connaissons mondialement et \u00e0 des niveaux diff\u00e9rents.<\/p>\n<p>\u00abEt tous ces gens-l\u00e0 on voudrait les accompagner et on voudrait \u00eatre reconnu comme un facteur de changement aussi. Regarder \u00e9crire, communiquer. Merci \u00e0 vous pour la reconnaissance que vous faites \u00e0 la litt\u00e9rature et les arts et pour l&rsquo;honneur que vous m&rsquo;accordez \u00bb, a conclu, V\u00e9ronique Tadjo.<\/p>\n<p>Wassimagnon<\/p>\n<p><strong>Pour plus d&rsquo;informations et d&rsquo;analyses sur la <a href=\"https:\/\/www.africa-press.net\/cotedivoire\">C\u00f4te d&rsquo;Ivoire<\/a>, suivez <a href=\"https:\/\/www.africa-press.net\/\">Africa-Press<\/a><\/strong><\/p>\n","protected":false},"excerpt":{"rendered":"<p>Africa-Press &#8211; C\u00f4te d&rsquo;Ivoire. Tadjo et Belliard ce lundi soir \u00e0 Abidjan V\u00e9ronique Tadjo, \u00e9crivaine franco-ivoirienne a \u00e9t\u00e9 faite Commandeur des Arts et des lettres par la ministre fran\u00e7aise de la culture. Jean-Christophe Belliard, Ambassadeur de France en C\u00f4te d&rsquo;Ivoire, lui a remis son insigne dans la soir\u00e9e d&rsquo;hier \u00e0 l&rsquo;occasion d&rsquo;une c\u00e9r\u00e9monie organis\u00e9e \u00e0 [&hellip;]<\/p>\n","protected":false},"author":82,"featured_media":20907,"comment_status":"open","ping_status":"closed","sticky":false,"template":"","format":"standard","meta":{"footnotes":""},"categories":[5,11,10],"tags":[56,63,2814,29,2816,2813,2815],"class_list":["post-20908","post","type-post","status-publish","format-standard","has-post-thumbnail","hentry","category-culture-et-art","category-homepage-french","category-toutes-les-actualites","tag-africa-press","tag-africa-press-cote-divoire","tag-commandeur-des-arts-et-des-lettres","tag-cote-divoire","tag-ecrivain","tag-jean-christophe-belliard","tag-veronique-tadjo"],"yoast_head":"<!-- This site is optimized with the Yoast SEO Premium plugin v26.1 (Yoast SEO v27.0) - https:\/\/yoast.com\/product\/yoast-seo-premium-wordpress\/ -->\n<title>C\u00f4te d&#039;Ivoire : La France fait V\u00e9ronique Tadjo, Commandeur des Arts et des lettres - C\u00f4te d&#039;Ivoire<\/title>\n<meta name=\"description\" content=\"Tadjo et Belliard ce lundi soir \u00e0 Abidjan V\u00e9ronique Tadjo, \u00e9crivaine franco-ivoirienne a \u00e9t\u00e9 faite Commandeur de ...\" \/>\n<meta name=\"robots\" content=\"index, follow, max-snippet:-1, max-image-preview:large, max-video-preview:-1\" \/>\n<link rel=\"canonical\" href=\"https:\/\/www.africa-press.net\/cotedivoire\/culture-et-art\/cote-divoire-la-france-fait-veronique-tadjo-commandeur-des-arts-et-des-lettres\" \/>\n<meta property=\"og:locale\" content=\"fr_FR\" \/>\n<meta property=\"og:type\" content=\"article\" \/>\n<meta property=\"og:title\" content=\"C\u00f4te d&#039;Ivoire : La France fait V\u00e9ronique Tadjo, Commandeur des Arts et des lettres\" \/>\n<meta property=\"og:description\" content=\"Tadjo et Belliard ce lundi soir \u00e0 Abidjan V\u00e9ronique Tadjo, \u00e9crivaine franco-ivoirienne a \u00e9t\u00e9 faite Commandeur de ...\" \/>\n<meta property=\"og:url\" content=\"https:\/\/www.africa-press.net\/cotedivoire\/culture-et-art\/cote-divoire-la-france-fait-veronique-tadjo-commandeur-des-arts-et-des-lettres\" \/>\n<meta property=\"og:site_name\" content=\"C\u00f4te d&#039;Ivoire\" \/>\n<meta property=\"article:published_time\" content=\"2021-11-23T17:51:53+00:00\" \/>\n<meta property=\"og:image\" content=\"https:\/\/static.africa-press.net\/cote\/sites\/43\/2021\/11\/img-619d24c35c3ae.jpg\" \/>\n\t<meta property=\"og:image:width\" content=\"720\" \/>\n\t<meta property=\"og:image:height\" content=\"344\" \/>\n\t<meta property=\"og:image:type\" content=\"image\/jpeg\" \/>\n<meta name=\"author\" content=\"cfeditorfr\" \/>\n<meta name=\"twitter:card\" content=\"summary_large_image\" \/>\n<meta name=\"twitter:label1\" content=\"\u00c9crit par\" \/>\n\t<meta name=\"twitter:data1\" content=\"cfeditorfr\" \/>\n\t<meta name=\"twitter:label2\" content=\"Dur\u00e9e de lecture estim\u00e9e\" \/>\n\t<meta name=\"twitter:data2\" content=\"6 minutes\" \/>\n<script type=\"application\/ld+json\" class=\"yoast-schema-graph\">{\"@context\":\"https:\/\/schema.org\",\"@graph\":[{\"@type\":\"Article\",\"@id\":\"https:\/\/www.africa-press.net\/cotedivoire\/culture-et-art\/cote-divoire-la-france-fait-veronique-tadjo-commandeur-des-arts-et-des-lettres#article\",\"isPartOf\":{\"@id\":\"https:\/\/www.africa-press.net\/cotedivoire\/culture-et-art\/cote-divoire-la-france-fait-veronique-tadjo-commandeur-des-arts-et-des-lettres\"},\"author\":{\"name\":\"cfeditorfr\",\"@id\":\"https:\/\/www.africa-press.net\/cotedivoire\/#\/schema\/person\/2b1cf3cd81a31e3cd26889ca66d677f1\"},\"headline\":\"C\u00f4te d&rsquo;Ivoire : La France fait V\u00e9ronique Tadjo, Commandeur des Arts et des lettres\",\"datePublished\":\"2021-11-23T17:51:53+00:00\",\"mainEntityOfPage\":{\"@id\":\"https:\/\/www.africa-press.net\/cotedivoire\/culture-et-art\/cote-divoire-la-france-fait-veronique-tadjo-commandeur-des-arts-et-des-lettres\"},\"wordCount\":1304,\"commentCount\":0,\"image\":{\"@id\":\"https:\/\/www.africa-press.net\/cotedivoire\/culture-et-art\/cote-divoire-la-france-fait-veronique-tadjo-commandeur-des-arts-et-des-lettres#primaryimage\"},\"thumbnailUrl\":\"https:\/\/static.africa-press.net\/cote\/sites\/43\/2021\/11\/img-619d24c35c3ae.jpg\",\"keywords\":[\"Africa Press\",\"Africa Press-C\u00f4te d'Ivoire\",\"Commandeur des Arts et des lettres\",\"C\u00d4TE D'IVOIRE\",\"\u00e9crivain\",\"Jean-Christophe Belliard\",\"V\u00e9ronique Tadjo\"],\"articleSection\":[\"Culture et Art\",\"homepage-french\",\"Toutes les actualit\u00e9s\"],\"inLanguage\":\"fr-FR\",\"potentialAction\":[{\"@type\":\"CommentAction\",\"name\":\"Comment\",\"target\":[\"https:\/\/www.africa-press.net\/cotedivoire\/culture-et-art\/cote-divoire-la-france-fait-veronique-tadjo-commandeur-des-arts-et-des-lettres#respond\"]}]},{\"@type\":\"WebPage\",\"@id\":\"https:\/\/www.africa-press.net\/cotedivoire\/culture-et-art\/cote-divoire-la-france-fait-veronique-tadjo-commandeur-des-arts-et-des-lettres\",\"url\":\"https:\/\/www.africa-press.net\/cotedivoire\/culture-et-art\/cote-divoire-la-france-fait-veronique-tadjo-commandeur-des-arts-et-des-lettres\",\"name\":\"C\u00f4te d'Ivoire : La France fait V\u00e9ronique Tadjo, Commandeur des Arts et des lettres - C\u00f4te d&#039;Ivoire\",\"isPartOf\":{\"@id\":\"https:\/\/www.africa-press.net\/cotedivoire\/#website\"},\"primaryImageOfPage\":{\"@id\":\"https:\/\/www.africa-press.net\/cotedivoire\/culture-et-art\/cote-divoire-la-france-fait-veronique-tadjo-commandeur-des-arts-et-des-lettres#primaryimage\"},\"image\":{\"@id\":\"https:\/\/www.africa-press.net\/cotedivoire\/culture-et-art\/cote-divoire-la-france-fait-veronique-tadjo-commandeur-des-arts-et-des-lettres#primaryimage\"},\"thumbnailUrl\":\"https:\/\/static.africa-press.net\/cote\/sites\/43\/2021\/11\/img-619d24c35c3ae.jpg\",\"datePublished\":\"2021-11-23T17:51:53+00:00\",\"author\":{\"@id\":\"https:\/\/www.africa-press.net\/cotedivoire\/#\/schema\/person\/2b1cf3cd81a31e3cd26889ca66d677f1\"},\"description\":\"Tadjo et Belliard ce lundi soir \u00e0 Abidjan V\u00e9ronique Tadjo, \u00e9crivaine franco-ivoirienne a \u00e9t\u00e9 faite Commandeur de ...\",\"breadcrumb\":{\"@id\":\"https:\/\/www.africa-press.net\/cotedivoire\/culture-et-art\/cote-divoire-la-france-fait-veronique-tadjo-commandeur-des-arts-et-des-lettres#breadcrumb\"},\"inLanguage\":\"fr-FR\",\"potentialAction\":[{\"@type\":\"ReadAction\",\"target\":[\"https:\/\/www.africa-press.net\/cotedivoire\/culture-et-art\/cote-divoire-la-france-fait-veronique-tadjo-commandeur-des-arts-et-des-lettres\"]}]},{\"@type\":\"ImageObject\",\"inLanguage\":\"fr-FR\",\"@id\":\"https:\/\/www.africa-press.net\/cotedivoire\/culture-et-art\/cote-divoire-la-france-fait-veronique-tadjo-commandeur-des-arts-et-des-lettres#primaryimage\",\"url\":\"https:\/\/static.africa-press.net\/cote\/sites\/43\/2021\/11\/img-619d24c35c3ae.jpg\",\"contentUrl\":\"https:\/\/static.africa-press.net\/cote\/sites\/43\/2021\/11\/img-619d24c35c3ae.jpg\",\"width\":720,\"height\":344,\"caption\":\"C\u00f4te d'Ivoire : La France fait V\u00e9ronique Tadjo, Commandeur des Arts et des lettres\"},{\"@type\":\"BreadcrumbList\",\"@id\":\"https:\/\/www.africa-press.net\/cotedivoire\/culture-et-art\/cote-divoire-la-france-fait-veronique-tadjo-commandeur-des-arts-et-des-lettres#breadcrumb\",\"itemListElement\":[{\"@type\":\"ListItem\",\"position\":1,\"name\":\"Accueil\",\"item\":\"https:\/\/www.africa-press.net\/cotedivoire\/\"},{\"@type\":\"ListItem\",\"position\":2,\"name\":\"C\u00f4te d&#8217;Ivoire : La France fait V\u00e9ronique Tadjo, Commandeur des Arts et des lettres\"}]},{\"@type\":\"WebSite\",\"@id\":\"https:\/\/www.africa-press.net\/cotedivoire\/#website\",\"url\":\"https:\/\/www.africa-press.net\/cotedivoire\/\",\"name\":\"C\u00f4te d&#039;Ivoire\",\"description\":\"Just another Africa News Agency Sites site\",\"potentialAction\":[{\"@type\":\"SearchAction\",\"target\":{\"@type\":\"EntryPoint\",\"urlTemplate\":\"https:\/\/www.africa-press.net\/cotedivoire\/?s={search_term_string}\"},\"query-input\":{\"@type\":\"PropertyValueSpecification\",\"valueRequired\":true,\"valueName\":\"search_term_string\"}}],\"inLanguage\":\"fr-FR\"},{\"@type\":\"Person\",\"@id\":\"https:\/\/www.africa-press.net\/cotedivoire\/#\/schema\/person\/2b1cf3cd81a31e3cd26889ca66d677f1\",\"name\":\"cfeditorfr\"}]}<\/script>\n<!-- \/ Yoast SEO Premium plugin. -->","yoast_head_json":{"title":"C\u00f4te d'Ivoire : La France fait V\u00e9ronique Tadjo, Commandeur des Arts et des lettres - C\u00f4te d&#039;Ivoire","description":"Tadjo et Belliard ce lundi soir \u00e0 Abidjan V\u00e9ronique Tadjo, \u00e9crivaine franco-ivoirienne a \u00e9t\u00e9 faite Commandeur de ...","robots":{"index":"index","follow":"follow","max-snippet":"max-snippet:-1","max-image-preview":"max-image-preview:large","max-video-preview":"max-video-preview:-1"},"canonical":"https:\/\/www.africa-press.net\/cotedivoire\/culture-et-art\/cote-divoire-la-france-fait-veronique-tadjo-commandeur-des-arts-et-des-lettres","og_locale":"fr_FR","og_type":"article","og_title":"C\u00f4te d'Ivoire : La France fait V\u00e9ronique Tadjo, Commandeur des Arts et des lettres","og_description":"Tadjo et Belliard ce lundi soir \u00e0 Abidjan V\u00e9ronique Tadjo, \u00e9crivaine franco-ivoirienne a \u00e9t\u00e9 faite Commandeur de ...","og_url":"https:\/\/www.africa-press.net\/cotedivoire\/culture-et-art\/cote-divoire-la-france-fait-veronique-tadjo-commandeur-des-arts-et-des-lettres","og_site_name":"C\u00f4te d&#039;Ivoire","article_published_time":"2021-11-23T17:51:53+00:00","og_image":[{"width":720,"height":344,"url":"https:\/\/static.africa-press.net\/cote\/sites\/43\/2021\/11\/img-619d24c35c3ae.jpg","type":"image\/jpeg"}],"author":"cfeditorfr","twitter_card":"summary_large_image","twitter_misc":{"\u00c9crit par":"cfeditorfr","Dur\u00e9e de lecture estim\u00e9e":"6 minutes"},"schema":{"@context":"https:\/\/schema.org","@graph":[{"@type":"Article","@id":"https:\/\/www.africa-press.net\/cotedivoire\/culture-et-art\/cote-divoire-la-france-fait-veronique-tadjo-commandeur-des-arts-et-des-lettres#article","isPartOf":{"@id":"https:\/\/www.africa-press.net\/cotedivoire\/culture-et-art\/cote-divoire-la-france-fait-veronique-tadjo-commandeur-des-arts-et-des-lettres"},"author":{"name":"cfeditorfr","@id":"https:\/\/www.africa-press.net\/cotedivoire\/#\/schema\/person\/2b1cf3cd81a31e3cd26889ca66d677f1"},"headline":"C\u00f4te d&rsquo;Ivoire : La France fait V\u00e9ronique Tadjo, Commandeur des Arts et des lettres","datePublished":"2021-11-23T17:51:53+00:00","mainEntityOfPage":{"@id":"https:\/\/www.africa-press.net\/cotedivoire\/culture-et-art\/cote-divoire-la-france-fait-veronique-tadjo-commandeur-des-arts-et-des-lettres"},"wordCount":1304,"commentCount":0,"image":{"@id":"https:\/\/www.africa-press.net\/cotedivoire\/culture-et-art\/cote-divoire-la-france-fait-veronique-tadjo-commandeur-des-arts-et-des-lettres#primaryimage"},"thumbnailUrl":"https:\/\/static.africa-press.net\/cote\/sites\/43\/2021\/11\/img-619d24c35c3ae.jpg","keywords":["Africa Press","Africa Press-C\u00f4te d'Ivoire","Commandeur des Arts et des lettres","C\u00d4TE D'IVOIRE","\u00e9crivain","Jean-Christophe Belliard","V\u00e9ronique Tadjo"],"articleSection":["Culture et Art","homepage-french","Toutes les actualit\u00e9s"],"inLanguage":"fr-FR","potentialAction":[{"@type":"CommentAction","name":"Comment","target":["https:\/\/www.africa-press.net\/cotedivoire\/culture-et-art\/cote-divoire-la-france-fait-veronique-tadjo-commandeur-des-arts-et-des-lettres#respond"]}]},{"@type":"WebPage","@id":"https:\/\/www.africa-press.net\/cotedivoire\/culture-et-art\/cote-divoire-la-france-fait-veronique-tadjo-commandeur-des-arts-et-des-lettres","url":"https:\/\/www.africa-press.net\/cotedivoire\/culture-et-art\/cote-divoire-la-france-fait-veronique-tadjo-commandeur-des-arts-et-des-lettres","name":"C\u00f4te d'Ivoire : La France fait V\u00e9ronique Tadjo, Commandeur des Arts et des lettres - C\u00f4te d&#039;Ivoire","isPartOf":{"@id":"https:\/\/www.africa-press.net\/cotedivoire\/#website"},"primaryImageOfPage":{"@id":"https:\/\/www.africa-press.net\/cotedivoire\/culture-et-art\/cote-divoire-la-france-fait-veronique-tadjo-commandeur-des-arts-et-des-lettres#primaryimage"},"image":{"@id":"https:\/\/www.africa-press.net\/cotedivoire\/culture-et-art\/cote-divoire-la-france-fait-veronique-tadjo-commandeur-des-arts-et-des-lettres#primaryimage"},"thumbnailUrl":"https:\/\/static.africa-press.net\/cote\/sites\/43\/2021\/11\/img-619d24c35c3ae.jpg","datePublished":"2021-11-23T17:51:53+00:00","author":{"@id":"https:\/\/www.africa-press.net\/cotedivoire\/#\/schema\/person\/2b1cf3cd81a31e3cd26889ca66d677f1"},"description":"Tadjo et Belliard ce lundi soir \u00e0 Abidjan V\u00e9ronique Tadjo, \u00e9crivaine franco-ivoirienne a \u00e9t\u00e9 faite Commandeur de ...","breadcrumb":{"@id":"https:\/\/www.africa-press.net\/cotedivoire\/culture-et-art\/cote-divoire-la-france-fait-veronique-tadjo-commandeur-des-arts-et-des-lettres#breadcrumb"},"inLanguage":"fr-FR","potentialAction":[{"@type":"ReadAction","target":["https:\/\/www.africa-press.net\/cotedivoire\/culture-et-art\/cote-divoire-la-france-fait-veronique-tadjo-commandeur-des-arts-et-des-lettres"]}]},{"@type":"ImageObject","inLanguage":"fr-FR","@id":"https:\/\/www.africa-press.net\/cotedivoire\/culture-et-art\/cote-divoire-la-france-fait-veronique-tadjo-commandeur-des-arts-et-des-lettres#primaryimage","url":"https:\/\/static.africa-press.net\/cote\/sites\/43\/2021\/11\/img-619d24c35c3ae.jpg","contentUrl":"https:\/\/static.africa-press.net\/cote\/sites\/43\/2021\/11\/img-619d24c35c3ae.jpg","width":720,"height":344,"caption":"C\u00f4te d'Ivoire : La France fait V\u00e9ronique Tadjo, Commandeur des Arts et des lettres"},{"@type":"BreadcrumbList","@id":"https:\/\/www.africa-press.net\/cotedivoire\/culture-et-art\/cote-divoire-la-france-fait-veronique-tadjo-commandeur-des-arts-et-des-lettres#breadcrumb","itemListElement":[{"@type":"ListItem","position":1,"name":"Accueil","item":"https:\/\/www.africa-press.net\/cotedivoire\/"},{"@type":"ListItem","position":2,"name":"C\u00f4te d&#8217;Ivoire : La France fait V\u00e9ronique Tadjo, Commandeur des Arts et des lettres"}]},{"@type":"WebSite","@id":"https:\/\/www.africa-press.net\/cotedivoire\/#website","url":"https:\/\/www.africa-press.net\/cotedivoire\/","name":"C\u00f4te d&#039;Ivoire","description":"Just another Africa News Agency Sites site","potentialAction":[{"@type":"SearchAction","target":{"@type":"EntryPoint","urlTemplate":"https:\/\/www.africa-press.net\/cotedivoire\/?s={search_term_string}"},"query-input":{"@type":"PropertyValueSpecification","valueRequired":true,"valueName":"search_term_string"}}],"inLanguage":"fr-FR"},{"@type":"Person","@id":"https:\/\/www.africa-press.net\/cotedivoire\/#\/schema\/person\/2b1cf3cd81a31e3cd26889ca66d677f1","name":"cfeditorfr"}]}},"_links":{"self":[{"href":"https:\/\/www.africa-press.net\/cotedivoire\/wp-json\/wp\/v2\/posts\/20908","targetHints":{"allow":["GET"]}}],"collection":[{"href":"https:\/\/www.africa-press.net\/cotedivoire\/wp-json\/wp\/v2\/posts"}],"about":[{"href":"https:\/\/www.africa-press.net\/cotedivoire\/wp-json\/wp\/v2\/types\/post"}],"author":[{"embeddable":true,"href":"https:\/\/www.africa-press.net\/cotedivoire\/wp-json\/wp\/v2\/users\/82"}],"replies":[{"embeddable":true,"href":"https:\/\/www.africa-press.net\/cotedivoire\/wp-json\/wp\/v2\/comments?post=20908"}],"version-history":[{"count":0,"href":"https:\/\/www.africa-press.net\/cotedivoire\/wp-json\/wp\/v2\/posts\/20908\/revisions"}],"wp:featuredmedia":[{"embeddable":true,"href":"https:\/\/www.africa-press.net\/cotedivoire\/wp-json\/wp\/v2\/media\/20907"}],"wp:attachment":[{"href":"https:\/\/www.africa-press.net\/cotedivoire\/wp-json\/wp\/v2\/media?parent=20908"}],"wp:term":[{"taxonomy":"category","embeddable":true,"href":"https:\/\/www.africa-press.net\/cotedivoire\/wp-json\/wp\/v2\/categories?post=20908"},{"taxonomy":"post_tag","embeddable":true,"href":"https:\/\/www.africa-press.net\/cotedivoire\/wp-json\/wp\/v2\/tags?post=20908"}],"curies":[{"name":"wp","href":"https:\/\/api.w.org\/{rel}","templated":true}]}}