{"id":20935,"date":"2021-11-23T19:01:26","date_gmt":"2021-11-23T19:01:26","guid":{"rendered":"https:\/\/www.africa-press.net\/cotedivoire\/?p=20935"},"modified":"2021-11-23T17:36:37","modified_gmt":"2021-11-23T17:36:37","slug":"cote-divoire-pour-le-president-de-la-cei-la-paix-sociale-ne-releve-pas-de-la-terminologie-juridique-mais-plutot-de-la-sociologie-et-de-la-science-politique","status":"publish","type":"post","link":"https:\/\/www.africa-press.net\/cotedivoire\/politique\/cote-divoire-pour-le-president-de-la-cei-la-paix-sociale-ne-releve-pas-de-la-terminologie-juridique-mais-plutot-de-la-sociologie-et-de-la-science-politique","title":{"rendered":"C\u00f4te d&rsquo;Ivoire  Pour le pr\u00e9sident de la CEI, la  paix sociale ne rel\u00e8ve pas de la terminologie juridique, mais plut\u00f4t de la sociologie et de la science politique"},"content":{"rendered":"<p><span style=\"color: #ff6600\"><strong>Africa-Press &#8211; C\u00f4te d&rsquo;Ivoire. <\/strong><\/span><b>Ibrahime Coulibaly-Kuibiert ce mardi \u00e0 Abidjan (DR)<\/b><\/p>\n<p>Le Pr\u00e9sident de la Commission Electorale Ind\u00e9pendante (CEI), Ibrahime Coulibaly-Kuibiert a lanc\u00e9 ce mardi 23 novembre 2021, \u00e0 l\u2019Ecole de Gendarmerie d\u2019Abidjan, une campagne de sensibilisation et de l\u2019\u00c9ducation \u00c9lectorale.<\/p>\n<p>Le th\u00e8me de la rencontre est : \u00ab L\u2019\u00c9lection, Instrument de Renforcement de la Paix Sociale \u00bb.<\/p>\n<p>Le pr\u00e9sident de l\u2019Institution a relev\u00e9 la paix sociale ne rel\u00e8ve pas de la terminologie juridique, mais plut\u00f4t de la sociologie et de la science politique.<\/p>\n<p>\u00ab (&#8230;) la \u00ab paix sociale \u00bb ne rel\u00e8ve pas de la terminologie juridique, mais plut\u00f4t de la sociologie et de la science politique \u00bb, a-t-il relev\u00e9 comme rapport\u00e9 par ses services et d\u2019ajouter.<\/p>\n<p>\u00ab Elle d\u00e9signe un \u00e9tat de calme ou de tranquillit\u00e9 ainsi que l&rsquo;absence de perturbation, de trouble social, de guerre et de conflit. Elle correspond aussi \u00e0 un id\u00e9al social et politique, sans lequel la libert\u00e9, la vie en soci\u00e9t\u00e9 seraient impossibles. \u00bb<\/p>\n<p>Pour rappel, les principales missions de la CEI sont : \u00c9tablir et r\u00e9viser la liste \u00e9lectorale ; Organiser les diff\u00e9rentes \u00e9lections sur le territoire ; Garantir le bon d\u00e9roulement des campagnes \u00e9lectorales, des scrutins \u00e0 la proclamation des r\u00e9sultats ; Veiller \u00e0 la stricte application du code \u00e9lectoral et des textes subs\u00e9quents.<\/p>\n<p>Les prochaines \u00e9lections locales (Ndrl, Municipales et R\u00e9gionales) sont sauf changement de calendrier politique, pr\u00e9vues pour se tenir en 2023 soit deux ans avant les pr\u00e9sidentielles.<\/p>\n<p>Donatien Kautcha, Abidjan<\/p>\n<p><strong>Pour plus d&rsquo;informations et d&rsquo;analyses sur la <a href=\"https:\/\/www.africa-press.net\/cotedivoire\">C\u00f4te d&rsquo;Ivoire<\/a>, suivez <a href=\"https:\/\/www.africa-press.net\/\">Africa-Press<\/a><\/strong><\/p>\n","protected":false},"excerpt":{"rendered":"<p>Africa-Press &#8211; C\u00f4te d&rsquo;Ivoire. Ibrahime Coulibaly-Kuibiert ce mardi \u00e0 Abidjan (DR) Le Pr\u00e9sident de la Commission Electorale Ind\u00e9pendante (CEI), Ibrahime Coulibaly-Kuibiert a lanc\u00e9 ce mardi 23 novembre 2021, \u00e0 l\u2019Ecole de Gendarmerie d\u2019Abidjan, une campagne de sensibilisation et de l\u2019\u00c9ducation \u00c9lectorale. Le th\u00e8me de la rencontre est : \u00ab L\u2019\u00c9lection, Instrument de Renforcement de la [&hellip;]<\/p>\n","protected":false},"author":82,"featured_media":20934,"comment_status":"open","ping_status":"closed","sticky":false,"template":"","format":"standard","meta":{"footnotes":""},"categories":[11,2,10],"tags":[56,63,2711,1316,29,41,2845,600,766,2846],"class_list":["post-20935","post","type-post","status-publish","format-standard","has-post-thumbnail","hentry","category-homepage-french","category-politique","category-toutes-les-actualites","tag-africa-press","tag-africa-press-cote-divoire","tag-campagne","tag-cei","tag-cote-divoire","tag-elections","tag-ibrahime-coulibaly-kuibiert","tag-paix","tag-sensibilisation","tag-sociale"],"yoast_head":"<!-- This site is optimized with the Yoast SEO Premium plugin v26.1 (Yoast SEO v27.0) - https:\/\/yoast.com\/product\/yoast-seo-premium-wordpress\/ -->\n<title>C\u00f4te d&#039;Ivoire Pour le pr\u00e9sident de la CEI, la paix sociale ne rel\u00e8ve pas de la terminologie juridique, mais plut\u00f4t de la sociologie et de la science politique - C\u00f4te d&#039;Ivoire<\/title>\n<meta name=\"description\" content=\"Ibrahime Coulibaly-Kuibiert ce mardi \u00e0 Abidjan (DR) Le Pr\u00e9sident de la Commission Electorale Ind\u00e9pendante (CEI), ...\" \/>\n<meta name=\"robots\" content=\"index, follow, max-snippet:-1, max-image-preview:large, max-video-preview:-1\" \/>\n<link rel=\"canonical\" href=\"https:\/\/www.africa-press.net\/cotedivoire\/politique\/cote-divoire-pour-le-president-de-la-cei-la-paix-sociale-ne-releve-pas-de-la-terminologie-juridique-mais-plutot-de-la-sociologie-et-de-la-science-politique\" \/>\n<meta property=\"og:locale\" content=\"fr_FR\" \/>\n<meta property=\"og:type\" content=\"article\" \/>\n<meta property=\"og:title\" content=\"C\u00f4te d&#039;Ivoire Pour le pr\u00e9sident de la CEI, la paix sociale ne rel\u00e8ve pas de la terminologie juridique, mais plut\u00f4t de la sociologie et de la science politique\" \/>\n<meta property=\"og:description\" content=\"Ibrahime Coulibaly-Kuibiert ce mardi \u00e0 Abidjan (DR) Le Pr\u00e9sident de la Commission Electorale Ind\u00e9pendante (CEI), ...\" \/>\n<meta property=\"og:url\" content=\"https:\/\/www.africa-press.net\/cotedivoire\/politique\/cote-divoire-pour-le-president-de-la-cei-la-paix-sociale-ne-releve-pas-de-la-terminologie-juridique-mais-plutot-de-la-sociologie-et-de-la-science-politique\" \/>\n<meta property=\"og:site_name\" content=\"C\u00f4te d&#039;Ivoire\" \/>\n<meta property=\"article:published_time\" content=\"2021-11-23T19:01:26+00:00\" \/>\n<meta property=\"og:image\" content=\"https:\/\/static.africa-press.net\/cote\/sites\/43\/2021\/11\/img-619d2680ea686.jpg\" \/>\n\t<meta property=\"og:image:width\" content=\"720\" \/>\n\t<meta property=\"og:image:height\" content=\"382\" \/>\n\t<meta property=\"og:image:type\" content=\"image\/jpeg\" \/>\n<meta name=\"author\" content=\"cfeditorfr\" \/>\n<meta name=\"twitter:card\" content=\"summary_large_image\" \/>\n<meta name=\"twitter:label1\" content=\"\u00c9crit par\" \/>\n\t<meta name=\"twitter:data1\" content=\"cfeditorfr\" \/>\n\t<meta name=\"twitter:label2\" content=\"Dur\u00e9e de lecture estim\u00e9e\" \/>\n\t<meta name=\"twitter:data2\" content=\"1 minute\" \/>\n<script type=\"application\/ld+json\" class=\"yoast-schema-graph\">{\"@context\":\"https:\/\/schema.org\",\"@graph\":[{\"@type\":\"Article\",\"@id\":\"https:\/\/www.africa-press.net\/cotedivoire\/politique\/cote-divoire-pour-le-president-de-la-cei-la-paix-sociale-ne-releve-pas-de-la-terminologie-juridique-mais-plutot-de-la-sociologie-et-de-la-science-politique#article\",\"isPartOf\":{\"@id\":\"https:\/\/www.africa-press.net\/cotedivoire\/politique\/cote-divoire-pour-le-president-de-la-cei-la-paix-sociale-ne-releve-pas-de-la-terminologie-juridique-mais-plutot-de-la-sociologie-et-de-la-science-politique\"},\"author\":{\"name\":\"cfeditorfr\",\"@id\":\"https:\/\/www.africa-press.net\/cotedivoire\/#\/schema\/person\/2b1cf3cd81a31e3cd26889ca66d677f1\"},\"headline\":\"C\u00f4te d&rsquo;Ivoire Pour le pr\u00e9sident de la CEI, la paix sociale ne rel\u00e8ve pas de la terminologie juridique, mais plut\u00f4t de la sociologie et de la science politique\",\"datePublished\":\"2021-11-23T19:01:26+00:00\",\"mainEntityOfPage\":{\"@id\":\"https:\/\/www.africa-press.net\/cotedivoire\/politique\/cote-divoire-pour-le-president-de-la-cei-la-paix-sociale-ne-releve-pas-de-la-terminologie-juridique-mais-plutot-de-la-sociologie-et-de-la-science-politique\"},\"wordCount\":296,\"commentCount\":0,\"image\":{\"@id\":\"https:\/\/www.africa-press.net\/cotedivoire\/politique\/cote-divoire-pour-le-president-de-la-cei-la-paix-sociale-ne-releve-pas-de-la-terminologie-juridique-mais-plutot-de-la-sociologie-et-de-la-science-politique#primaryimage\"},\"thumbnailUrl\":\"https:\/\/static.africa-press.net\/cote\/sites\/43\/2021\/11\/img-619d2680ea686.jpg\",\"keywords\":[\"Africa Press\",\"Africa Press-C\u00f4te d'Ivoire\",\"campagne\",\"Cei\",\"C\u00d4TE D'IVOIRE\",\"\u00c9lections\",\"Ibrahime Coulibaly-Kuibiert\",\"paix\",\"sensibilisation\",\"sociale\"],\"articleSection\":[\"homepage-french\",\"Politique\",\"Toutes les actualit\u00e9s\"],\"inLanguage\":\"fr-FR\",\"potentialAction\":[{\"@type\":\"CommentAction\",\"name\":\"Comment\",\"target\":[\"https:\/\/www.africa-press.net\/cotedivoire\/politique\/cote-divoire-pour-le-president-de-la-cei-la-paix-sociale-ne-releve-pas-de-la-terminologie-juridique-mais-plutot-de-la-sociologie-et-de-la-science-politique#respond\"]}]},{\"@type\":\"WebPage\",\"@id\":\"https:\/\/www.africa-press.net\/cotedivoire\/politique\/cote-divoire-pour-le-president-de-la-cei-la-paix-sociale-ne-releve-pas-de-la-terminologie-juridique-mais-plutot-de-la-sociologie-et-de-la-science-politique\",\"url\":\"https:\/\/www.africa-press.net\/cotedivoire\/politique\/cote-divoire-pour-le-president-de-la-cei-la-paix-sociale-ne-releve-pas-de-la-terminologie-juridique-mais-plutot-de-la-sociologie-et-de-la-science-politique\",\"name\":\"C\u00f4te d'Ivoire Pour le pr\u00e9sident de la CEI, la paix sociale ne rel\u00e8ve pas de la terminologie juridique, mais plut\u00f4t de la sociologie et de la science politique - C\u00f4te d&#039;Ivoire\",\"isPartOf\":{\"@id\":\"https:\/\/www.africa-press.net\/cotedivoire\/#website\"},\"primaryImageOfPage\":{\"@id\":\"https:\/\/www.africa-press.net\/cotedivoire\/politique\/cote-divoire-pour-le-president-de-la-cei-la-paix-sociale-ne-releve-pas-de-la-terminologie-juridique-mais-plutot-de-la-sociologie-et-de-la-science-politique#primaryimage\"},\"image\":{\"@id\":\"https:\/\/www.africa-press.net\/cotedivoire\/politique\/cote-divoire-pour-le-president-de-la-cei-la-paix-sociale-ne-releve-pas-de-la-terminologie-juridique-mais-plutot-de-la-sociologie-et-de-la-science-politique#primaryimage\"},\"thumbnailUrl\":\"https:\/\/static.africa-press.net\/cote\/sites\/43\/2021\/11\/img-619d2680ea686.jpg\",\"datePublished\":\"2021-11-23T19:01:26+00:00\",\"author\":{\"@id\":\"https:\/\/www.africa-press.net\/cotedivoire\/#\/schema\/person\/2b1cf3cd81a31e3cd26889ca66d677f1\"},\"description\":\"Ibrahime Coulibaly-Kuibiert ce mardi \u00e0 Abidjan (DR) Le Pr\u00e9sident de la Commission Electorale Ind\u00e9pendante (CEI), ...\",\"breadcrumb\":{\"@id\":\"https:\/\/www.africa-press.net\/cotedivoire\/politique\/cote-divoire-pour-le-president-de-la-cei-la-paix-sociale-ne-releve-pas-de-la-terminologie-juridique-mais-plutot-de-la-sociologie-et-de-la-science-politique#breadcrumb\"},\"inLanguage\":\"fr-FR\",\"potentialAction\":[{\"@type\":\"ReadAction\",\"target\":[\"https:\/\/www.africa-press.net\/cotedivoire\/politique\/cote-divoire-pour-le-president-de-la-cei-la-paix-sociale-ne-releve-pas-de-la-terminologie-juridique-mais-plutot-de-la-sociologie-et-de-la-science-politique\"]}]},{\"@type\":\"ImageObject\",\"inLanguage\":\"fr-FR\",\"@id\":\"https:\/\/www.africa-press.net\/cotedivoire\/politique\/cote-divoire-pour-le-president-de-la-cei-la-paix-sociale-ne-releve-pas-de-la-terminologie-juridique-mais-plutot-de-la-sociologie-et-de-la-science-politique#primaryimage\",\"url\":\"https:\/\/static.africa-press.net\/cote\/sites\/43\/2021\/11\/img-619d2680ea686.jpg\",\"contentUrl\":\"https:\/\/static.africa-press.net\/cote\/sites\/43\/2021\/11\/img-619d2680ea686.jpg\",\"width\":720,\"height\":382,\"caption\":\"C\u00f4te d'Ivoire Pour le pr\u00e9sident de la CEI, la paix sociale ne rel\u00e8ve pas de la terminologie juridique, mais plut\u00f4t de la sociologie et de la science politique\"},{\"@type\":\"BreadcrumbList\",\"@id\":\"https:\/\/www.africa-press.net\/cotedivoire\/politique\/cote-divoire-pour-le-president-de-la-cei-la-paix-sociale-ne-releve-pas-de-la-terminologie-juridique-mais-plutot-de-la-sociologie-et-de-la-science-politique#breadcrumb\",\"itemListElement\":[{\"@type\":\"ListItem\",\"position\":1,\"name\":\"Accueil\",\"item\":\"https:\/\/www.africa-press.net\/cotedivoire\/\"},{\"@type\":\"ListItem\",\"position\":2,\"name\":\"C\u00f4te d&#8217;Ivoire Pour le pr\u00e9sident de la CEI, la paix sociale ne rel\u00e8ve pas de la terminologie juridique, mais plut\u00f4t de la sociologie et de la science politique\"}]},{\"@type\":\"WebSite\",\"@id\":\"https:\/\/www.africa-press.net\/cotedivoire\/#website\",\"url\":\"https:\/\/www.africa-press.net\/cotedivoire\/\",\"name\":\"C\u00f4te d&#039;Ivoire\",\"description\":\"Just another Africa News Agency Sites site\",\"potentialAction\":[{\"@type\":\"SearchAction\",\"target\":{\"@type\":\"EntryPoint\",\"urlTemplate\":\"https:\/\/www.africa-press.net\/cotedivoire\/?s={search_term_string}\"},\"query-input\":{\"@type\":\"PropertyValueSpecification\",\"valueRequired\":true,\"valueName\":\"search_term_string\"}}],\"inLanguage\":\"fr-FR\"},{\"@type\":\"Person\",\"@id\":\"https:\/\/www.africa-press.net\/cotedivoire\/#\/schema\/person\/2b1cf3cd81a31e3cd26889ca66d677f1\",\"name\":\"cfeditorfr\"}]}<\/script>\n<!-- \/ Yoast SEO Premium plugin. -->","yoast_head_json":{"title":"C\u00f4te d'Ivoire Pour le pr\u00e9sident de la CEI, la paix sociale ne rel\u00e8ve pas de la terminologie juridique, mais plut\u00f4t de la sociologie et de la science politique - C\u00f4te d&#039;Ivoire","description":"Ibrahime Coulibaly-Kuibiert ce mardi \u00e0 Abidjan (DR) Le Pr\u00e9sident de la Commission Electorale Ind\u00e9pendante (CEI), ...","robots":{"index":"index","follow":"follow","max-snippet":"max-snippet:-1","max-image-preview":"max-image-preview:large","max-video-preview":"max-video-preview:-1"},"canonical":"https:\/\/www.africa-press.net\/cotedivoire\/politique\/cote-divoire-pour-le-president-de-la-cei-la-paix-sociale-ne-releve-pas-de-la-terminologie-juridique-mais-plutot-de-la-sociologie-et-de-la-science-politique","og_locale":"fr_FR","og_type":"article","og_title":"C\u00f4te d'Ivoire Pour le pr\u00e9sident de la CEI, la paix sociale ne rel\u00e8ve pas de la terminologie juridique, mais plut\u00f4t de la sociologie et de la science politique","og_description":"Ibrahime Coulibaly-Kuibiert ce mardi \u00e0 Abidjan (DR) Le Pr\u00e9sident de la Commission Electorale Ind\u00e9pendante (CEI), ...","og_url":"https:\/\/www.africa-press.net\/cotedivoire\/politique\/cote-divoire-pour-le-president-de-la-cei-la-paix-sociale-ne-releve-pas-de-la-terminologie-juridique-mais-plutot-de-la-sociologie-et-de-la-science-politique","og_site_name":"C\u00f4te d&#039;Ivoire","article_published_time":"2021-11-23T19:01:26+00:00","og_image":[{"width":720,"height":382,"url":"https:\/\/static.africa-press.net\/cote\/sites\/43\/2021\/11\/img-619d2680ea686.jpg","type":"image\/jpeg"}],"author":"cfeditorfr","twitter_card":"summary_large_image","twitter_misc":{"\u00c9crit par":"cfeditorfr","Dur\u00e9e de lecture estim\u00e9e":"1 minute"},"schema":{"@context":"https:\/\/schema.org","@graph":[{"@type":"Article","@id":"https:\/\/www.africa-press.net\/cotedivoire\/politique\/cote-divoire-pour-le-president-de-la-cei-la-paix-sociale-ne-releve-pas-de-la-terminologie-juridique-mais-plutot-de-la-sociologie-et-de-la-science-politique#article","isPartOf":{"@id":"https:\/\/www.africa-press.net\/cotedivoire\/politique\/cote-divoire-pour-le-president-de-la-cei-la-paix-sociale-ne-releve-pas-de-la-terminologie-juridique-mais-plutot-de-la-sociologie-et-de-la-science-politique"},"author":{"name":"cfeditorfr","@id":"https:\/\/www.africa-press.net\/cotedivoire\/#\/schema\/person\/2b1cf3cd81a31e3cd26889ca66d677f1"},"headline":"C\u00f4te d&rsquo;Ivoire Pour le pr\u00e9sident de la CEI, la paix sociale ne rel\u00e8ve pas de la terminologie juridique, mais plut\u00f4t de la sociologie et de la science politique","datePublished":"2021-11-23T19:01:26+00:00","mainEntityOfPage":{"@id":"https:\/\/www.africa-press.net\/cotedivoire\/politique\/cote-divoire-pour-le-president-de-la-cei-la-paix-sociale-ne-releve-pas-de-la-terminologie-juridique-mais-plutot-de-la-sociologie-et-de-la-science-politique"},"wordCount":296,"commentCount":0,"image":{"@id":"https:\/\/www.africa-press.net\/cotedivoire\/politique\/cote-divoire-pour-le-president-de-la-cei-la-paix-sociale-ne-releve-pas-de-la-terminologie-juridique-mais-plutot-de-la-sociologie-et-de-la-science-politique#primaryimage"},"thumbnailUrl":"https:\/\/static.africa-press.net\/cote\/sites\/43\/2021\/11\/img-619d2680ea686.jpg","keywords":["Africa Press","Africa Press-C\u00f4te d'Ivoire","campagne","Cei","C\u00d4TE D'IVOIRE","\u00c9lections","Ibrahime Coulibaly-Kuibiert","paix","sensibilisation","sociale"],"articleSection":["homepage-french","Politique","Toutes les actualit\u00e9s"],"inLanguage":"fr-FR","potentialAction":[{"@type":"CommentAction","name":"Comment","target":["https:\/\/www.africa-press.net\/cotedivoire\/politique\/cote-divoire-pour-le-president-de-la-cei-la-paix-sociale-ne-releve-pas-de-la-terminologie-juridique-mais-plutot-de-la-sociologie-et-de-la-science-politique#respond"]}]},{"@type":"WebPage","@id":"https:\/\/www.africa-press.net\/cotedivoire\/politique\/cote-divoire-pour-le-president-de-la-cei-la-paix-sociale-ne-releve-pas-de-la-terminologie-juridique-mais-plutot-de-la-sociologie-et-de-la-science-politique","url":"https:\/\/www.africa-press.net\/cotedivoire\/politique\/cote-divoire-pour-le-president-de-la-cei-la-paix-sociale-ne-releve-pas-de-la-terminologie-juridique-mais-plutot-de-la-sociologie-et-de-la-science-politique","name":"C\u00f4te d'Ivoire Pour le pr\u00e9sident de la CEI, la paix sociale ne rel\u00e8ve pas de la terminologie juridique, mais plut\u00f4t de la sociologie et de la science politique - C\u00f4te d&#039;Ivoire","isPartOf":{"@id":"https:\/\/www.africa-press.net\/cotedivoire\/#website"},"primaryImageOfPage":{"@id":"https:\/\/www.africa-press.net\/cotedivoire\/politique\/cote-divoire-pour-le-president-de-la-cei-la-paix-sociale-ne-releve-pas-de-la-terminologie-juridique-mais-plutot-de-la-sociologie-et-de-la-science-politique#primaryimage"},"image":{"@id":"https:\/\/www.africa-press.net\/cotedivoire\/politique\/cote-divoire-pour-le-president-de-la-cei-la-paix-sociale-ne-releve-pas-de-la-terminologie-juridique-mais-plutot-de-la-sociologie-et-de-la-science-politique#primaryimage"},"thumbnailUrl":"https:\/\/static.africa-press.net\/cote\/sites\/43\/2021\/11\/img-619d2680ea686.jpg","datePublished":"2021-11-23T19:01:26+00:00","author":{"@id":"https:\/\/www.africa-press.net\/cotedivoire\/#\/schema\/person\/2b1cf3cd81a31e3cd26889ca66d677f1"},"description":"Ibrahime Coulibaly-Kuibiert ce mardi \u00e0 Abidjan (DR) Le Pr\u00e9sident de la Commission Electorale Ind\u00e9pendante (CEI), ...","breadcrumb":{"@id":"https:\/\/www.africa-press.net\/cotedivoire\/politique\/cote-divoire-pour-le-president-de-la-cei-la-paix-sociale-ne-releve-pas-de-la-terminologie-juridique-mais-plutot-de-la-sociologie-et-de-la-science-politique#breadcrumb"},"inLanguage":"fr-FR","potentialAction":[{"@type":"ReadAction","target":["https:\/\/www.africa-press.net\/cotedivoire\/politique\/cote-divoire-pour-le-president-de-la-cei-la-paix-sociale-ne-releve-pas-de-la-terminologie-juridique-mais-plutot-de-la-sociologie-et-de-la-science-politique"]}]},{"@type":"ImageObject","inLanguage":"fr-FR","@id":"https:\/\/www.africa-press.net\/cotedivoire\/politique\/cote-divoire-pour-le-president-de-la-cei-la-paix-sociale-ne-releve-pas-de-la-terminologie-juridique-mais-plutot-de-la-sociologie-et-de-la-science-politique#primaryimage","url":"https:\/\/static.africa-press.net\/cote\/sites\/43\/2021\/11\/img-619d2680ea686.jpg","contentUrl":"https:\/\/static.africa-press.net\/cote\/sites\/43\/2021\/11\/img-619d2680ea686.jpg","width":720,"height":382,"caption":"C\u00f4te d'Ivoire Pour le pr\u00e9sident de la CEI, la paix sociale ne rel\u00e8ve pas de la terminologie juridique, mais plut\u00f4t de la sociologie et de la science politique"},{"@type":"BreadcrumbList","@id":"https:\/\/www.africa-press.net\/cotedivoire\/politique\/cote-divoire-pour-le-president-de-la-cei-la-paix-sociale-ne-releve-pas-de-la-terminologie-juridique-mais-plutot-de-la-sociologie-et-de-la-science-politique#breadcrumb","itemListElement":[{"@type":"ListItem","position":1,"name":"Accueil","item":"https:\/\/www.africa-press.net\/cotedivoire\/"},{"@type":"ListItem","position":2,"name":"C\u00f4te d&#8217;Ivoire Pour le pr\u00e9sident de la CEI, la paix sociale ne rel\u00e8ve pas de la terminologie juridique, mais plut\u00f4t de la sociologie et de la science politique"}]},{"@type":"WebSite","@id":"https:\/\/www.africa-press.net\/cotedivoire\/#website","url":"https:\/\/www.africa-press.net\/cotedivoire\/","name":"C\u00f4te d&#039;Ivoire","description":"Just another Africa News Agency Sites site","potentialAction":[{"@type":"SearchAction","target":{"@type":"EntryPoint","urlTemplate":"https:\/\/www.africa-press.net\/cotedivoire\/?s={search_term_string}"},"query-input":{"@type":"PropertyValueSpecification","valueRequired":true,"valueName":"search_term_string"}}],"inLanguage":"fr-FR"},{"@type":"Person","@id":"https:\/\/www.africa-press.net\/cotedivoire\/#\/schema\/person\/2b1cf3cd81a31e3cd26889ca66d677f1","name":"cfeditorfr"}]}},"_links":{"self":[{"href":"https:\/\/www.africa-press.net\/cotedivoire\/wp-json\/wp\/v2\/posts\/20935","targetHints":{"allow":["GET"]}}],"collection":[{"href":"https:\/\/www.africa-press.net\/cotedivoire\/wp-json\/wp\/v2\/posts"}],"about":[{"href":"https:\/\/www.africa-press.net\/cotedivoire\/wp-json\/wp\/v2\/types\/post"}],"author":[{"embeddable":true,"href":"https:\/\/www.africa-press.net\/cotedivoire\/wp-json\/wp\/v2\/users\/82"}],"replies":[{"embeddable":true,"href":"https:\/\/www.africa-press.net\/cotedivoire\/wp-json\/wp\/v2\/comments?post=20935"}],"version-history":[{"count":0,"href":"https:\/\/www.africa-press.net\/cotedivoire\/wp-json\/wp\/v2\/posts\/20935\/revisions"}],"wp:featuredmedia":[{"embeddable":true,"href":"https:\/\/www.africa-press.net\/cotedivoire\/wp-json\/wp\/v2\/media\/20934"}],"wp:attachment":[{"href":"https:\/\/www.africa-press.net\/cotedivoire\/wp-json\/wp\/v2\/media?parent=20935"}],"wp:term":[{"taxonomy":"category","embeddable":true,"href":"https:\/\/www.africa-press.net\/cotedivoire\/wp-json\/wp\/v2\/categories?post=20935"},{"taxonomy":"post_tag","embeddable":true,"href":"https:\/\/www.africa-press.net\/cotedivoire\/wp-json\/wp\/v2\/tags?post=20935"}],"curies":[{"name":"wp","href":"https:\/\/api.w.org\/{rel}","templated":true}]}}