{"id":20989,"date":"2021-11-24T15:14:16","date_gmt":"2021-11-24T15:14:16","guid":{"rendered":"https:\/\/www.africa-press.net\/cotedivoire\/?p=20989"},"modified":"2021-11-24T15:02:27","modified_gmt":"2021-11-24T15:02:27","slug":"cote-divoire-conor-fif-dao-gabala-ne-veut-pas-partir-car-tout-indique-que-les-elections-pourront-se-tenir-apres-la-can-2021","status":"publish","type":"post","link":"https:\/\/www.africa-press.net\/cotedivoire\/sports\/cote-divoire-conor-fif-dao-gabala-ne-veut-pas-partir-car-tout-indique-que-les-elections-pourront-se-tenir-apres-la-can-2021","title":{"rendered":"C\u00f4te d&rsquo;Ivoire : CONOR-FIF, Dao Gabala ne veut pas partir  car tout indique que les \u00e9lections pourront se tenir apr\u00e8s la CAN 2021"},"content":{"rendered":"<p><span style=\"color: #ff6600\"><strong>Africa-Press &#8211; C\u00f4te d&rsquo;Ivoire. <\/strong><\/span><b>Dao Gabala ce mardi (Ph KOACI)<\/b><\/p>\n<p>C\u2019\u00e9tait pr\u00e9visible, et \u00e0 moins d\u2019un changement de calendrier de derni\u00e8re minute, il est d\u00e9sormais clair que, les \u00e9lections \u00e0 la Pr\u00e9sidence de la F\u00e9d\u00e9ration Ivoirienne de Football (FIF) ne se tiendront pas avant fin d\u00e9cembre 2021.<\/p>\n<p>Les signes ont \u00e9t\u00e9 donn\u00e9s ce mardi 23 novembre 2021 par la pr\u00e9sidente du Comit\u00e9 de Normalisation de la FIF, Mme Dao Mariam Gabala, lors d\u2019une conf\u00e9rence de presse.<\/p>\n<p>A plus d\u2019un mois de la fin de leur mission, la S\u00e9natrice et son \u00e9quipe ne sont pas pr\u00eates et ne le seront pas, jusqu\u2019\u00e0 la date indiqu\u00e9e pour permettre \u00e0 l\u2019ensemble des clubs de d\u00e9signer le successeur de feu Augustin Sidy Diallo.<\/p>\n<p>\u00ab Les \u00e9lections pourront avoir lieu si les textes sont approuv\u00e9s. Nous sommes partis pour trois Assembl\u00e9es G\u00e9n\u00e9rales. Celle pour les textes, les comptes de la FIF et celle des \u00e9lections. Nous sommes un comit\u00e9 de Normalisation de mission et tout sera fait \u00bb, a-t-elle confi\u00e9.<\/p>\n<p>C\u2019est aux clubs de prendre d\u00e9sormais leurs responsabilit\u00e9s au risque de voir le comit\u00e9 de Normalisation perdurer m\u00eame apr\u00e8s la CAN 2021 au Cameroun jusqu\u2019\u00e0 celle qu&rsquo;organisera la C\u00f4te d\u2019Ivoire en 2023.<\/p>\n<p>Donatien Kautcha, Abidjan<\/p>\n<p><strong>Pour plus d&rsquo;informations et d&rsquo;analyses sur la <a href=\"https:\/\/www.africa-press.net\/cotedivoire\">C\u00f4te d&rsquo;Ivoire<\/a>, suivez <a href=\"https:\/\/www.africa-press.net\/\">Africa-Press<\/a><\/strong><\/p>\n","protected":false},"excerpt":{"rendered":"<p>Africa-Press &#8211; C\u00f4te d&rsquo;Ivoire. Dao Gabala ce mardi (Ph KOACI) C\u2019\u00e9tait pr\u00e9visible, et \u00e0 moins d\u2019un changement de calendrier de derni\u00e8re minute, il est d\u00e9sormais clair que, les \u00e9lections \u00e0 la Pr\u00e9sidence de la F\u00e9d\u00e9ration Ivoirienne de Football (FIF) ne se tiendront pas avant fin d\u00e9cembre 2021. Les signes ont \u00e9t\u00e9 donn\u00e9s ce mardi 23 [&hellip;]<\/p>\n","protected":false},"author":82,"featured_media":20988,"comment_status":"open","ping_status":"closed","sticky":false,"template":"","format":"standard","meta":{"footnotes":""},"categories":[11,6,10],"tags":[56,63,525,1354,2851,29,1355,859,2782,1890],"class_list":["post-20989","post","type-post","status-publish","format-standard","has-post-thumbnail","hentry","category-homepage-french","category-sports","category-toutes-les-actualites","tag-africa-press","tag-africa-press-cote-divoire","tag-can-2021","tag-clubs","tag-conor","tag-cote-divoire","tag-dao-gabala","tag-fif","tag-sidy-diallo","tag-textes"],"yoast_head":"<!-- This site is optimized with the Yoast SEO Premium plugin v26.1 (Yoast SEO v27.0) - https:\/\/yoast.com\/product\/yoast-seo-premium-wordpress\/ -->\n<title>C\u00f4te d&#039;Ivoire : CONOR-FIF, Dao Gabala ne veut pas partir car tout indique que les \u00e9lections pourront se tenir apr\u00e8s la CAN 2021 - C\u00f4te d&#039;Ivoire<\/title>\n<meta name=\"description\" content=\"Dao Gabala ce mardi (Ph KOACI) C\u2019\u00e9tait pr\u00e9visible, et \u00e0 moins d\u2019un changement de calendrier de derni\u00e8re minute, ...\" \/>\n<meta name=\"robots\" content=\"index, follow, max-snippet:-1, max-image-preview:large, max-video-preview:-1\" \/>\n<link rel=\"canonical\" href=\"https:\/\/www.africa-press.net\/cotedivoire\/sports\/cote-divoire-conor-fif-dao-gabala-ne-veut-pas-partir-car-tout-indique-que-les-elections-pourront-se-tenir-apres-la-can-2021\" \/>\n<meta property=\"og:locale\" content=\"fr_FR\" \/>\n<meta property=\"og:type\" content=\"article\" \/>\n<meta property=\"og:title\" content=\"C\u00f4te d&#039;Ivoire : CONOR-FIF, Dao Gabala ne veut pas partir car tout indique que les \u00e9lections pourront se tenir apr\u00e8s la CAN 2021\" \/>\n<meta property=\"og:description\" content=\"Dao Gabala ce mardi (Ph KOACI) C\u2019\u00e9tait pr\u00e9visible, et \u00e0 moins d\u2019un changement de calendrier de derni\u00e8re minute, ...\" \/>\n<meta property=\"og:url\" content=\"https:\/\/www.africa-press.net\/cotedivoire\/sports\/cote-divoire-conor-fif-dao-gabala-ne-veut-pas-partir-car-tout-indique-que-les-elections-pourront-se-tenir-apres-la-can-2021\" \/>\n<meta property=\"og:site_name\" content=\"C\u00f4te d&#039;Ivoire\" \/>\n<meta property=\"article:published_time\" content=\"2021-11-24T15:14:16+00:00\" \/>\n<meta property=\"og:image\" content=\"https:\/\/static.africa-press.net\/cote\/sites\/43\/2021\/11\/img-619e53e485840.jpg\" \/>\n\t<meta property=\"og:image:width\" content=\"720\" \/>\n\t<meta property=\"og:image:height\" content=\"440\" \/>\n\t<meta property=\"og:image:type\" content=\"image\/jpeg\" \/>\n<meta name=\"author\" content=\"cfeditorfr\" \/>\n<meta name=\"twitter:card\" content=\"summary_large_image\" \/>\n<meta name=\"twitter:label1\" content=\"\u00c9crit par\" \/>\n\t<meta name=\"twitter:data1\" content=\"cfeditorfr\" \/>\n\t<meta name=\"twitter:label2\" content=\"Dur\u00e9e de lecture estim\u00e9e\" \/>\n\t<meta name=\"twitter:data2\" content=\"1 minute\" \/>\n<script type=\"application\/ld+json\" class=\"yoast-schema-graph\">{\"@context\":\"https:\/\/schema.org\",\"@graph\":[{\"@type\":\"Article\",\"@id\":\"https:\/\/www.africa-press.net\/cotedivoire\/sports\/cote-divoire-conor-fif-dao-gabala-ne-veut-pas-partir-car-tout-indique-que-les-elections-pourront-se-tenir-apres-la-can-2021#article\",\"isPartOf\":{\"@id\":\"https:\/\/www.africa-press.net\/cotedivoire\/sports\/cote-divoire-conor-fif-dao-gabala-ne-veut-pas-partir-car-tout-indique-que-les-elections-pourront-se-tenir-apres-la-can-2021\"},\"author\":{\"name\":\"cfeditorfr\",\"@id\":\"https:\/\/www.africa-press.net\/cotedivoire\/#\/schema\/person\/2b1cf3cd81a31e3cd26889ca66d677f1\"},\"headline\":\"C\u00f4te d&rsquo;Ivoire : CONOR-FIF, Dao Gabala ne veut pas partir car tout indique que les \u00e9lections pourront se tenir apr\u00e8s la CAN 2021\",\"datePublished\":\"2021-11-24T15:14:16+00:00\",\"mainEntityOfPage\":{\"@id\":\"https:\/\/www.africa-press.net\/cotedivoire\/sports\/cote-divoire-conor-fif-dao-gabala-ne-veut-pas-partir-car-tout-indique-que-les-elections-pourront-se-tenir-apres-la-can-2021\"},\"wordCount\":262,\"commentCount\":0,\"image\":{\"@id\":\"https:\/\/www.africa-press.net\/cotedivoire\/sports\/cote-divoire-conor-fif-dao-gabala-ne-veut-pas-partir-car-tout-indique-que-les-elections-pourront-se-tenir-apres-la-can-2021#primaryimage\"},\"thumbnailUrl\":\"https:\/\/static.africa-press.net\/cote\/sites\/43\/2021\/11\/img-619e53e485840.jpg\",\"keywords\":[\"Africa Press\",\"Africa Press-C\u00f4te d'Ivoire\",\"CAN 2021\",\"clubs\",\"CONOR\",\"C\u00d4TE D'IVOIRE\",\"Dao Gabala\",\"FIF\",\"Sidy Diallo\",\"textes\"],\"articleSection\":[\"homepage-french\",\"Sports\",\"Toutes les actualit\u00e9s\"],\"inLanguage\":\"fr-FR\",\"potentialAction\":[{\"@type\":\"CommentAction\",\"name\":\"Comment\",\"target\":[\"https:\/\/www.africa-press.net\/cotedivoire\/sports\/cote-divoire-conor-fif-dao-gabala-ne-veut-pas-partir-car-tout-indique-que-les-elections-pourront-se-tenir-apres-la-can-2021#respond\"]}]},{\"@type\":\"WebPage\",\"@id\":\"https:\/\/www.africa-press.net\/cotedivoire\/sports\/cote-divoire-conor-fif-dao-gabala-ne-veut-pas-partir-car-tout-indique-que-les-elections-pourront-se-tenir-apres-la-can-2021\",\"url\":\"https:\/\/www.africa-press.net\/cotedivoire\/sports\/cote-divoire-conor-fif-dao-gabala-ne-veut-pas-partir-car-tout-indique-que-les-elections-pourront-se-tenir-apres-la-can-2021\",\"name\":\"C\u00f4te d'Ivoire : CONOR-FIF, Dao Gabala ne veut pas partir car tout indique que les \u00e9lections pourront se tenir apr\u00e8s la CAN 2021 - C\u00f4te d&#039;Ivoire\",\"isPartOf\":{\"@id\":\"https:\/\/www.africa-press.net\/cotedivoire\/#website\"},\"primaryImageOfPage\":{\"@id\":\"https:\/\/www.africa-press.net\/cotedivoire\/sports\/cote-divoire-conor-fif-dao-gabala-ne-veut-pas-partir-car-tout-indique-que-les-elections-pourront-se-tenir-apres-la-can-2021#primaryimage\"},\"image\":{\"@id\":\"https:\/\/www.africa-press.net\/cotedivoire\/sports\/cote-divoire-conor-fif-dao-gabala-ne-veut-pas-partir-car-tout-indique-que-les-elections-pourront-se-tenir-apres-la-can-2021#primaryimage\"},\"thumbnailUrl\":\"https:\/\/static.africa-press.net\/cote\/sites\/43\/2021\/11\/img-619e53e485840.jpg\",\"datePublished\":\"2021-11-24T15:14:16+00:00\",\"author\":{\"@id\":\"https:\/\/www.africa-press.net\/cotedivoire\/#\/schema\/person\/2b1cf3cd81a31e3cd26889ca66d677f1\"},\"description\":\"Dao Gabala ce mardi (Ph KOACI) C\u2019\u00e9tait pr\u00e9visible, et \u00e0 moins d\u2019un changement de calendrier de derni\u00e8re minute, ...\",\"breadcrumb\":{\"@id\":\"https:\/\/www.africa-press.net\/cotedivoire\/sports\/cote-divoire-conor-fif-dao-gabala-ne-veut-pas-partir-car-tout-indique-que-les-elections-pourront-se-tenir-apres-la-can-2021#breadcrumb\"},\"inLanguage\":\"fr-FR\",\"potentialAction\":[{\"@type\":\"ReadAction\",\"target\":[\"https:\/\/www.africa-press.net\/cotedivoire\/sports\/cote-divoire-conor-fif-dao-gabala-ne-veut-pas-partir-car-tout-indique-que-les-elections-pourront-se-tenir-apres-la-can-2021\"]}]},{\"@type\":\"ImageObject\",\"inLanguage\":\"fr-FR\",\"@id\":\"https:\/\/www.africa-press.net\/cotedivoire\/sports\/cote-divoire-conor-fif-dao-gabala-ne-veut-pas-partir-car-tout-indique-que-les-elections-pourront-se-tenir-apres-la-can-2021#primaryimage\",\"url\":\"https:\/\/static.africa-press.net\/cote\/sites\/43\/2021\/11\/img-619e53e485840.jpg\",\"contentUrl\":\"https:\/\/static.africa-press.net\/cote\/sites\/43\/2021\/11\/img-619e53e485840.jpg\",\"width\":720,\"height\":440,\"caption\":\"C\u00f4te d'Ivoire : CONOR-FIF, Dao Gabala ne veut pas partir car tout indique que les \u00e9lections pourront se tenir apr\u00e8s la CAN 2021\"},{\"@type\":\"BreadcrumbList\",\"@id\":\"https:\/\/www.africa-press.net\/cotedivoire\/sports\/cote-divoire-conor-fif-dao-gabala-ne-veut-pas-partir-car-tout-indique-que-les-elections-pourront-se-tenir-apres-la-can-2021#breadcrumb\",\"itemListElement\":[{\"@type\":\"ListItem\",\"position\":1,\"name\":\"Accueil\",\"item\":\"https:\/\/www.africa-press.net\/cotedivoire\/\"},{\"@type\":\"ListItem\",\"position\":2,\"name\":\"C\u00f4te d&#8217;Ivoire : CONOR-FIF, Dao Gabala ne veut pas partir car tout indique que les \u00e9lections pourront se tenir apr\u00e8s la CAN 2021\"}]},{\"@type\":\"WebSite\",\"@id\":\"https:\/\/www.africa-press.net\/cotedivoire\/#website\",\"url\":\"https:\/\/www.africa-press.net\/cotedivoire\/\",\"name\":\"C\u00f4te d&#039;Ivoire\",\"description\":\"Just another Africa News Agency Sites site\",\"potentialAction\":[{\"@type\":\"SearchAction\",\"target\":{\"@type\":\"EntryPoint\",\"urlTemplate\":\"https:\/\/www.africa-press.net\/cotedivoire\/?s={search_term_string}\"},\"query-input\":{\"@type\":\"PropertyValueSpecification\",\"valueRequired\":true,\"valueName\":\"search_term_string\"}}],\"inLanguage\":\"fr-FR\"},{\"@type\":\"Person\",\"@id\":\"https:\/\/www.africa-press.net\/cotedivoire\/#\/schema\/person\/2b1cf3cd81a31e3cd26889ca66d677f1\",\"name\":\"cfeditorfr\"}]}<\/script>\n<!-- \/ Yoast SEO Premium plugin. -->","yoast_head_json":{"title":"C\u00f4te d'Ivoire : CONOR-FIF, Dao Gabala ne veut pas partir car tout indique que les \u00e9lections pourront se tenir apr\u00e8s la CAN 2021 - C\u00f4te d&#039;Ivoire","description":"Dao Gabala ce mardi (Ph KOACI) C\u2019\u00e9tait pr\u00e9visible, et \u00e0 moins d\u2019un changement de calendrier de derni\u00e8re minute, ...","robots":{"index":"index","follow":"follow","max-snippet":"max-snippet:-1","max-image-preview":"max-image-preview:large","max-video-preview":"max-video-preview:-1"},"canonical":"https:\/\/www.africa-press.net\/cotedivoire\/sports\/cote-divoire-conor-fif-dao-gabala-ne-veut-pas-partir-car-tout-indique-que-les-elections-pourront-se-tenir-apres-la-can-2021","og_locale":"fr_FR","og_type":"article","og_title":"C\u00f4te d'Ivoire : CONOR-FIF, Dao Gabala ne veut pas partir car tout indique que les \u00e9lections pourront se tenir apr\u00e8s la CAN 2021","og_description":"Dao Gabala ce mardi (Ph KOACI) C\u2019\u00e9tait pr\u00e9visible, et \u00e0 moins d\u2019un changement de calendrier de derni\u00e8re minute, ...","og_url":"https:\/\/www.africa-press.net\/cotedivoire\/sports\/cote-divoire-conor-fif-dao-gabala-ne-veut-pas-partir-car-tout-indique-que-les-elections-pourront-se-tenir-apres-la-can-2021","og_site_name":"C\u00f4te d&#039;Ivoire","article_published_time":"2021-11-24T15:14:16+00:00","og_image":[{"width":720,"height":440,"url":"https:\/\/static.africa-press.net\/cote\/sites\/43\/2021\/11\/img-619e53e485840.jpg","type":"image\/jpeg"}],"author":"cfeditorfr","twitter_card":"summary_large_image","twitter_misc":{"\u00c9crit par":"cfeditorfr","Dur\u00e9e de lecture estim\u00e9e":"1 minute"},"schema":{"@context":"https:\/\/schema.org","@graph":[{"@type":"Article","@id":"https:\/\/www.africa-press.net\/cotedivoire\/sports\/cote-divoire-conor-fif-dao-gabala-ne-veut-pas-partir-car-tout-indique-que-les-elections-pourront-se-tenir-apres-la-can-2021#article","isPartOf":{"@id":"https:\/\/www.africa-press.net\/cotedivoire\/sports\/cote-divoire-conor-fif-dao-gabala-ne-veut-pas-partir-car-tout-indique-que-les-elections-pourront-se-tenir-apres-la-can-2021"},"author":{"name":"cfeditorfr","@id":"https:\/\/www.africa-press.net\/cotedivoire\/#\/schema\/person\/2b1cf3cd81a31e3cd26889ca66d677f1"},"headline":"C\u00f4te d&rsquo;Ivoire : CONOR-FIF, Dao Gabala ne veut pas partir car tout indique que les \u00e9lections pourront se tenir apr\u00e8s la CAN 2021","datePublished":"2021-11-24T15:14:16+00:00","mainEntityOfPage":{"@id":"https:\/\/www.africa-press.net\/cotedivoire\/sports\/cote-divoire-conor-fif-dao-gabala-ne-veut-pas-partir-car-tout-indique-que-les-elections-pourront-se-tenir-apres-la-can-2021"},"wordCount":262,"commentCount":0,"image":{"@id":"https:\/\/www.africa-press.net\/cotedivoire\/sports\/cote-divoire-conor-fif-dao-gabala-ne-veut-pas-partir-car-tout-indique-que-les-elections-pourront-se-tenir-apres-la-can-2021#primaryimage"},"thumbnailUrl":"https:\/\/static.africa-press.net\/cote\/sites\/43\/2021\/11\/img-619e53e485840.jpg","keywords":["Africa Press","Africa Press-C\u00f4te d'Ivoire","CAN 2021","clubs","CONOR","C\u00d4TE D'IVOIRE","Dao Gabala","FIF","Sidy Diallo","textes"],"articleSection":["homepage-french","Sports","Toutes les actualit\u00e9s"],"inLanguage":"fr-FR","potentialAction":[{"@type":"CommentAction","name":"Comment","target":["https:\/\/www.africa-press.net\/cotedivoire\/sports\/cote-divoire-conor-fif-dao-gabala-ne-veut-pas-partir-car-tout-indique-que-les-elections-pourront-se-tenir-apres-la-can-2021#respond"]}]},{"@type":"WebPage","@id":"https:\/\/www.africa-press.net\/cotedivoire\/sports\/cote-divoire-conor-fif-dao-gabala-ne-veut-pas-partir-car-tout-indique-que-les-elections-pourront-se-tenir-apres-la-can-2021","url":"https:\/\/www.africa-press.net\/cotedivoire\/sports\/cote-divoire-conor-fif-dao-gabala-ne-veut-pas-partir-car-tout-indique-que-les-elections-pourront-se-tenir-apres-la-can-2021","name":"C\u00f4te d'Ivoire : CONOR-FIF, Dao Gabala ne veut pas partir car tout indique que les \u00e9lections pourront se tenir apr\u00e8s la CAN 2021 - C\u00f4te d&#039;Ivoire","isPartOf":{"@id":"https:\/\/www.africa-press.net\/cotedivoire\/#website"},"primaryImageOfPage":{"@id":"https:\/\/www.africa-press.net\/cotedivoire\/sports\/cote-divoire-conor-fif-dao-gabala-ne-veut-pas-partir-car-tout-indique-que-les-elections-pourront-se-tenir-apres-la-can-2021#primaryimage"},"image":{"@id":"https:\/\/www.africa-press.net\/cotedivoire\/sports\/cote-divoire-conor-fif-dao-gabala-ne-veut-pas-partir-car-tout-indique-que-les-elections-pourront-se-tenir-apres-la-can-2021#primaryimage"},"thumbnailUrl":"https:\/\/static.africa-press.net\/cote\/sites\/43\/2021\/11\/img-619e53e485840.jpg","datePublished":"2021-11-24T15:14:16+00:00","author":{"@id":"https:\/\/www.africa-press.net\/cotedivoire\/#\/schema\/person\/2b1cf3cd81a31e3cd26889ca66d677f1"},"description":"Dao Gabala ce mardi (Ph KOACI) C\u2019\u00e9tait pr\u00e9visible, et \u00e0 moins d\u2019un changement de calendrier de derni\u00e8re minute, ...","breadcrumb":{"@id":"https:\/\/www.africa-press.net\/cotedivoire\/sports\/cote-divoire-conor-fif-dao-gabala-ne-veut-pas-partir-car-tout-indique-que-les-elections-pourront-se-tenir-apres-la-can-2021#breadcrumb"},"inLanguage":"fr-FR","potentialAction":[{"@type":"ReadAction","target":["https:\/\/www.africa-press.net\/cotedivoire\/sports\/cote-divoire-conor-fif-dao-gabala-ne-veut-pas-partir-car-tout-indique-que-les-elections-pourront-se-tenir-apres-la-can-2021"]}]},{"@type":"ImageObject","inLanguage":"fr-FR","@id":"https:\/\/www.africa-press.net\/cotedivoire\/sports\/cote-divoire-conor-fif-dao-gabala-ne-veut-pas-partir-car-tout-indique-que-les-elections-pourront-se-tenir-apres-la-can-2021#primaryimage","url":"https:\/\/static.africa-press.net\/cote\/sites\/43\/2021\/11\/img-619e53e485840.jpg","contentUrl":"https:\/\/static.africa-press.net\/cote\/sites\/43\/2021\/11\/img-619e53e485840.jpg","width":720,"height":440,"caption":"C\u00f4te d'Ivoire : CONOR-FIF, Dao Gabala ne veut pas partir car tout indique que les \u00e9lections pourront se tenir apr\u00e8s la CAN 2021"},{"@type":"BreadcrumbList","@id":"https:\/\/www.africa-press.net\/cotedivoire\/sports\/cote-divoire-conor-fif-dao-gabala-ne-veut-pas-partir-car-tout-indique-que-les-elections-pourront-se-tenir-apres-la-can-2021#breadcrumb","itemListElement":[{"@type":"ListItem","position":1,"name":"Accueil","item":"https:\/\/www.africa-press.net\/cotedivoire\/"},{"@type":"ListItem","position":2,"name":"C\u00f4te d&#8217;Ivoire : CONOR-FIF, Dao Gabala ne veut pas partir car tout indique que les \u00e9lections pourront se tenir apr\u00e8s la CAN 2021"}]},{"@type":"WebSite","@id":"https:\/\/www.africa-press.net\/cotedivoire\/#website","url":"https:\/\/www.africa-press.net\/cotedivoire\/","name":"C\u00f4te d&#039;Ivoire","description":"Just another Africa News Agency Sites site","potentialAction":[{"@type":"SearchAction","target":{"@type":"EntryPoint","urlTemplate":"https:\/\/www.africa-press.net\/cotedivoire\/?s={search_term_string}"},"query-input":{"@type":"PropertyValueSpecification","valueRequired":true,"valueName":"search_term_string"}}],"inLanguage":"fr-FR"},{"@type":"Person","@id":"https:\/\/www.africa-press.net\/cotedivoire\/#\/schema\/person\/2b1cf3cd81a31e3cd26889ca66d677f1","name":"cfeditorfr"}]}},"_links":{"self":[{"href":"https:\/\/www.africa-press.net\/cotedivoire\/wp-json\/wp\/v2\/posts\/20989","targetHints":{"allow":["GET"]}}],"collection":[{"href":"https:\/\/www.africa-press.net\/cotedivoire\/wp-json\/wp\/v2\/posts"}],"about":[{"href":"https:\/\/www.africa-press.net\/cotedivoire\/wp-json\/wp\/v2\/types\/post"}],"author":[{"embeddable":true,"href":"https:\/\/www.africa-press.net\/cotedivoire\/wp-json\/wp\/v2\/users\/82"}],"replies":[{"embeddable":true,"href":"https:\/\/www.africa-press.net\/cotedivoire\/wp-json\/wp\/v2\/comments?post=20989"}],"version-history":[{"count":0,"href":"https:\/\/www.africa-press.net\/cotedivoire\/wp-json\/wp\/v2\/posts\/20989\/revisions"}],"wp:featuredmedia":[{"embeddable":true,"href":"https:\/\/www.africa-press.net\/cotedivoire\/wp-json\/wp\/v2\/media\/20988"}],"wp:attachment":[{"href":"https:\/\/www.africa-press.net\/cotedivoire\/wp-json\/wp\/v2\/media?parent=20989"}],"wp:term":[{"taxonomy":"category","embeddable":true,"href":"https:\/\/www.africa-press.net\/cotedivoire\/wp-json\/wp\/v2\/categories?post=20989"},{"taxonomy":"post_tag","embeddable":true,"href":"https:\/\/www.africa-press.net\/cotedivoire\/wp-json\/wp\/v2\/tags?post=20989"}],"curies":[{"name":"wp","href":"https:\/\/api.w.org\/{rel}","templated":true}]}}