{"id":21871,"date":"2021-12-01T20:17:56","date_gmt":"2021-12-01T20:17:56","guid":{"rendered":"https:\/\/www.africa-press.net\/cotedivoire\/?p=21871"},"modified":"2021-12-01T17:46:33","modified_gmt":"2021-12-01T17:46:33","slug":"cooperation-sino-africaine-depuis-dakar-kandia-evoque-les-prets-concessionnels-a-letude-dont-lautoroute-dabou-san-pedro-le-projet-de-la-douane-intelligente","status":"publish","type":"post","link":"https:\/\/www.africa-press.net\/cotedivoire\/economie\/cooperation-sino-africaine-depuis-dakar-kandia-evoque-les-prets-concessionnels-a-letude-dont-lautoroute-dabou-san-pedro-le-projet-de-la-douane-intelligente","title":{"rendered":"Coop\u00e9ration Sino africaine, depuis Dakar, Kandia \u00e9voque les pr\u00eats concessionnels \u00e0 l&rsquo;\u00e9tude dont l&rsquo;autoroute Dabou-San-Pedro, le projet de la Douane intelligente"},"content":{"rendered":"<p><span style=\"color: #ff6600\"><strong>Africa-Press &#8211; C\u00f4te d&rsquo;Ivoire. <\/strong><\/span>Kandia Camara, ministre des Affaires Etrang\u00e8res de C\u00f4te d\u2019Ivoire prend part \u00e0 la 8\u1d49 \u00e9dition du Forum sur la Coop\u00e9ration Sino Africaine (FOCAC ou FCSA) qui se tient cette ann\u00e9e \u00e0 Dakar. Elle a \u00e0 l&rsquo;occasion pr\u00e9sent\u00e9 les projets ivoiriens d\u2019investissements.<\/p>\n<p>Au nombre de ces projets figurent, la construction d\u2019infrastructures, et de routes, l\u2019octroi de lignes de cr\u00e9dits et la construction tr\u00e8s prochaine d\u2019un h\u00f4pital de r\u00e9f\u00e9rence de niveau tertiaire.<\/p>\n<p>La ministre d\u2019\u00c9tat, ministre des Affaires \u00c9trang\u00e8res de C\u00f4te d\u2019Ivoire, a d\u00e9fendu ces diff\u00e9rents projets au Forum Chine-Afrique qui se tient actuellement \u00e0 Dakar cr\u00e9\u00e9 depuis 2000.<\/p>\n<p>Le Forum de coop\u00e9ration Sino-africaine a pour objectif de renforcer la coop\u00e9ration amicale et de relever les d\u00e9fis de la mondialisation, des africains et des chinois.<\/p>\n<p>De 2000 \u00e0 2021, ce sont sept (07) \u00e9ditions du Forum qui se sont tenues et la Chine a nou\u00e9 des relations diplomatiques avec 53 pays africains, dont la C\u00f4te d\u2019Ivoire ainsi que la Commission de l\u2019Union Africaine. Le Forum sur la Coop\u00e9ration Sino Africaine a jou\u00e9 un r\u00f4le primordial dans le renforcement des relations d\u2019amiti\u00e9 et de coop\u00e9ration entre les pays africains et la Chine.<\/p>\n<p>A ce jour, dans le cadre du FOCAC pour la p\u00e9riode 2018-2021 ce sont 60 milliards de dollars qui ont \u00e9t\u00e9 promis \u00e0 53 pays africains. La C\u00f4te d\u2019Ivoire a b\u00e9n\u00e9fici\u00e9 de pr\u00e8s de 3 milliards de dollars.<\/p>\n<p>A la t\u00eate d\u2019une forte d\u00e9l\u00e9gation ivoirienne, la ministre Kandia Camara a \u00e9voqu\u00e9, le cas des trois pr\u00eats concessionnels qui \u00e9taient \u00e0 l\u2019\u00e9tude, concernant, l\u2019autoroute Dabou-San-Pedro, d\u2019un montant de 272 177 965 euros, l\u2019institut pour la m\u00e9decine et la pharmacop\u00e9e traditionnelle, d\u2019un montant de 40 447 035 USD et le projet de la Douane intelligente, d\u2019un montant de 98 620 995 euros.<\/p>\n<p>Elle a affirm\u00e9 que le Gouvernement ivoirien tire une profonde satisfaction de cette dynamique et gr\u00e2ce au Forum sur la Coop\u00e9ration Sino-africaine, les investissements chinois en Afrique se sont fortement accrus.<\/p>\n<p>Le Forum de Coop\u00e9ration Sino-Africaine, avait pour objectif \u00ab de mener des consultations sur un pied d\u2019\u00e9galit\u00e9, d\u2019approfondir la connaissance mutuelle, d\u2019\u00e9largir les terrains d\u2019entente, de renforcer l\u2019amiti\u00e9 et de promouvoir la coop\u00e9ration.<\/p>\n<p>Le Forum sur la Coop\u00e9ration Sino-Africaine est devenu une tribune incontournable de la sc\u00e8ne internationale. La Chine et les pays africains ont d\u00e9cid\u00e9 de cr\u00e9er un m\u00e9canisme de suivi charg\u00e9 d\u2019\u00e9valuer r\u00e9guli\u00e8rement la mise en \u0153uvre des actions.<\/p>\n<p>Ce m\u00e9canisme de suivi repose sur trois instances, la Conf\u00e9rence minist\u00e9rielle qui se tient tous les trois (03) ans, alternativement en Chine et dans le pays africain qui en assure la co-pr\u00e9sidence. Elle est en principe r\u00e9serv\u00e9e aux Ministres des Affaires Etrang\u00e8res et de celui charg\u00e9 de la coop\u00e9ration \u00e9conomique internationale.<\/p>\n<p>Toutefois, compte tenu de certaines circonstances particuli\u00e8res et dans le but de renforcer leur coop\u00e9ration, les deux parties peuvent d\u00e9cider d\u2019\u00e9lever la Conf\u00e9rence minist\u00e9rielle au niveau d\u2019un Sommet. La Conf\u00e9rence minist\u00e9rielle a \u00e9t\u00e9 \u00e9lev\u00e9e au niveau d\u2019un Sommet \u00e0 trois reprises (Beijing 2006, Johannesburg 2015, Beijing 2018).<\/p>\n<p>La pr\u00e9sidence de la Conf\u00e9rence minist\u00e9rielle est actuellement assur\u00e9e par la Chine et le S\u00e9n\u00e9gal. La seconde instance \u00e9tant la R\u00e9union de suivi des Hauts Fonctionnaires qui se tient habituellement une fois par an et avant la R\u00e9union minist\u00e9rielle, elle rassemble les experts ainsi que les fonctionnaires en charge de la coop\u00e9ration sino-africaine, g\u00e9n\u00e9ralement du rang de Directeur G\u00e9n\u00e9ral d\u2019Administration centrale.<\/p>\n<p>Cliquez pour agrandir l&rsquo;image<\/p>\n<p>Et enfin la R\u00e9union des Ambassadeurs africains accr\u00e9dit\u00e9s en Chine et le Comit\u00e9 de suivi chinois du FOCAC qui se tient deux fois par an permet aux deux parties de faire le bilan des actions men\u00e9es et recueillir les \u00e9ventuelles observations et correctifs \u00e0 apporter.<\/p>\n<p>Wassimagnon<\/p>\n<p><strong>Pour plus d&rsquo;informations et d&rsquo;analyses sur la <a href=\"https:\/\/www.africa-press.net\/cotedivoire\">C\u00f4te d&rsquo;Ivoire<\/a>, suivez <a href=\"https:\/\/www.africa-press.net\/\">Africa-Press<\/a><\/strong><\/p>\n","protected":false},"excerpt":{"rendered":"<p>Africa-Press &#8211; C\u00f4te d&rsquo;Ivoire. Kandia Camara, ministre des Affaires Etrang\u00e8res de C\u00f4te d\u2019Ivoire prend part \u00e0 la 8\u1d49 \u00e9dition du Forum sur la Coop\u00e9ration Sino Africaine (FOCAC ou FCSA) qui se tient cette ann\u00e9e \u00e0 Dakar. Elle a \u00e0 l&rsquo;occasion pr\u00e9sent\u00e9 les projets ivoiriens d\u2019investissements. Au nombre de ces projets figurent, la construction d\u2019infrastructures, et [&hellip;]<\/p>\n","protected":false},"author":82,"featured_media":21870,"comment_status":"open","ping_status":"closed","sticky":false,"template":"","format":"standard","meta":{"footnotes":""},"categories":[3,11,10],"tags":[56,63,3042,29,1366,1083,3041],"class_list":["post-21871","post","type-post","status-publish","format-standard","has-post-thumbnail","hentry","category-economie","category-homepage-french","category-toutes-les-actualites","tag-africa-press","tag-africa-press-cote-divoire","tag-cooperation","tag-cote-divoire","tag-investissements","tag-kandia-camara","tag-sino-africaine"],"yoast_head":"<!-- This site is optimized with the Yoast SEO Premium plugin v26.1 (Yoast SEO v27.0) - https:\/\/yoast.com\/product\/yoast-seo-premium-wordpress\/ -->\n<title>Coop\u00e9ration Sino africaine, depuis Dakar, Kandia \u00e9voque les pr\u00eats concessionnels \u00e0 l&#039;\u00e9tude dont l&#039;autoroute Dabou-San-Pedro, le projet de la Douane intelligente - C\u00f4te d&#039;Ivoire<\/title>\n<meta name=\"description\" content=\"Kandia Camara, ministre des Affaires Etrang\u00e8res de C\u00f4te d\u2019Ivoire prend part \u00e0 la 8\u1d49 \u00e9dition du Forum sur la Coop\u00e9ration ...\" \/>\n<meta name=\"robots\" content=\"index, follow, max-snippet:-1, max-image-preview:large, max-video-preview:-1\" \/>\n<link rel=\"canonical\" href=\"https:\/\/www.africa-press.net\/cotedivoire\/economie\/cooperation-sino-africaine-depuis-dakar-kandia-evoque-les-prets-concessionnels-a-letude-dont-lautoroute-dabou-san-pedro-le-projet-de-la-douane-intelligente\" \/>\n<meta property=\"og:locale\" content=\"fr_FR\" \/>\n<meta property=\"og:type\" content=\"article\" \/>\n<meta property=\"og:title\" content=\"Coop\u00e9ration Sino africaine, depuis Dakar, Kandia \u00e9voque les pr\u00eats concessionnels \u00e0 l&#039;\u00e9tude dont l&#039;autoroute Dabou-San-Pedro, le projet de la Douane intelligente\" \/>\n<meta property=\"og:description\" content=\"Kandia Camara, ministre des Affaires Etrang\u00e8res de C\u00f4te d\u2019Ivoire prend part \u00e0 la 8\u1d49 \u00e9dition du Forum sur la Coop\u00e9ration ...\" \/>\n<meta property=\"og:url\" content=\"https:\/\/www.africa-press.net\/cotedivoire\/economie\/cooperation-sino-africaine-depuis-dakar-kandia-evoque-les-prets-concessionnels-a-letude-dont-lautoroute-dabou-san-pedro-le-projet-de-la-douane-intelligente\" \/>\n<meta property=\"og:site_name\" content=\"C\u00f4te d&#039;Ivoire\" \/>\n<meta property=\"article:published_time\" content=\"2021-12-01T20:17:56+00:00\" \/>\n<meta property=\"og:image\" content=\"https:\/\/static.africa-press.net\/cote\/sites\/43\/2021\/12\/img-61a7b4be13367.jpg\" \/>\n\t<meta property=\"og:image:width\" content=\"720\" \/>\n\t<meta property=\"og:image:height\" content=\"548\" \/>\n\t<meta property=\"og:image:type\" content=\"image\/jpeg\" \/>\n<meta name=\"author\" content=\"cfeditorfr\" \/>\n<meta name=\"twitter:card\" content=\"summary_large_image\" \/>\n<meta name=\"twitter:label1\" content=\"\u00c9crit par\" \/>\n\t<meta name=\"twitter:data1\" content=\"cfeditorfr\" \/>\n\t<meta name=\"twitter:label2\" content=\"Dur\u00e9e de lecture estim\u00e9e\" \/>\n\t<meta name=\"twitter:data2\" content=\"3 minutes\" \/>\n<script type=\"application\/ld+json\" class=\"yoast-schema-graph\">{\"@context\":\"https:\/\/schema.org\",\"@graph\":[{\"@type\":\"Article\",\"@id\":\"https:\/\/www.africa-press.net\/cotedivoire\/economie\/cooperation-sino-africaine-depuis-dakar-kandia-evoque-les-prets-concessionnels-a-letude-dont-lautoroute-dabou-san-pedro-le-projet-de-la-douane-intelligente#article\",\"isPartOf\":{\"@id\":\"https:\/\/www.africa-press.net\/cotedivoire\/economie\/cooperation-sino-africaine-depuis-dakar-kandia-evoque-les-prets-concessionnels-a-letude-dont-lautoroute-dabou-san-pedro-le-projet-de-la-douane-intelligente\"},\"author\":{\"name\":\"cfeditorfr\",\"@id\":\"https:\/\/www.africa-press.net\/cotedivoire\/#\/schema\/person\/2b1cf3cd81a31e3cd26889ca66d677f1\"},\"headline\":\"Coop\u00e9ration Sino africaine, depuis Dakar, Kandia \u00e9voque les pr\u00eats concessionnels \u00e0 l&rsquo;\u00e9tude dont l&rsquo;autoroute Dabou-San-Pedro, le projet de la Douane intelligente\",\"datePublished\":\"2021-12-01T20:17:56+00:00\",\"mainEntityOfPage\":{\"@id\":\"https:\/\/www.africa-press.net\/cotedivoire\/economie\/cooperation-sino-africaine-depuis-dakar-kandia-evoque-les-prets-concessionnels-a-letude-dont-lautoroute-dabou-san-pedro-le-projet-de-la-douane-intelligente\"},\"wordCount\":720,\"commentCount\":0,\"image\":{\"@id\":\"https:\/\/www.africa-press.net\/cotedivoire\/economie\/cooperation-sino-africaine-depuis-dakar-kandia-evoque-les-prets-concessionnels-a-letude-dont-lautoroute-dabou-san-pedro-le-projet-de-la-douane-intelligente#primaryimage\"},\"thumbnailUrl\":\"https:\/\/static.africa-press.net\/cote\/sites\/43\/2021\/12\/img-61a7b4be13367.jpg\",\"keywords\":[\"Africa Press\",\"Africa Press-C\u00f4te d'Ivoire\",\"Coop\u00e9ration\",\"C\u00d4TE D'IVOIRE\",\"investissements\",\"Kandia Camara\",\"Sino-Africaine\"],\"articleSection\":[\"\u00c9conomie\",\"homepage-french\",\"Toutes les actualit\u00e9s\"],\"inLanguage\":\"fr-FR\",\"potentialAction\":[{\"@type\":\"CommentAction\",\"name\":\"Comment\",\"target\":[\"https:\/\/www.africa-press.net\/cotedivoire\/economie\/cooperation-sino-africaine-depuis-dakar-kandia-evoque-les-prets-concessionnels-a-letude-dont-lautoroute-dabou-san-pedro-le-projet-de-la-douane-intelligente#respond\"]}]},{\"@type\":\"WebPage\",\"@id\":\"https:\/\/www.africa-press.net\/cotedivoire\/economie\/cooperation-sino-africaine-depuis-dakar-kandia-evoque-les-prets-concessionnels-a-letude-dont-lautoroute-dabou-san-pedro-le-projet-de-la-douane-intelligente\",\"url\":\"https:\/\/www.africa-press.net\/cotedivoire\/economie\/cooperation-sino-africaine-depuis-dakar-kandia-evoque-les-prets-concessionnels-a-letude-dont-lautoroute-dabou-san-pedro-le-projet-de-la-douane-intelligente\",\"name\":\"Coop\u00e9ration Sino africaine, depuis Dakar, Kandia \u00e9voque les pr\u00eats concessionnels \u00e0 l'\u00e9tude dont l'autoroute Dabou-San-Pedro, le projet de la Douane intelligente - C\u00f4te d&#039;Ivoire\",\"isPartOf\":{\"@id\":\"https:\/\/www.africa-press.net\/cotedivoire\/#website\"},\"primaryImageOfPage\":{\"@id\":\"https:\/\/www.africa-press.net\/cotedivoire\/economie\/cooperation-sino-africaine-depuis-dakar-kandia-evoque-les-prets-concessionnels-a-letude-dont-lautoroute-dabou-san-pedro-le-projet-de-la-douane-intelligente#primaryimage\"},\"image\":{\"@id\":\"https:\/\/www.africa-press.net\/cotedivoire\/economie\/cooperation-sino-africaine-depuis-dakar-kandia-evoque-les-prets-concessionnels-a-letude-dont-lautoroute-dabou-san-pedro-le-projet-de-la-douane-intelligente#primaryimage\"},\"thumbnailUrl\":\"https:\/\/static.africa-press.net\/cote\/sites\/43\/2021\/12\/img-61a7b4be13367.jpg\",\"datePublished\":\"2021-12-01T20:17:56+00:00\",\"author\":{\"@id\":\"https:\/\/www.africa-press.net\/cotedivoire\/#\/schema\/person\/2b1cf3cd81a31e3cd26889ca66d677f1\"},\"description\":\"Kandia Camara, ministre des Affaires Etrang\u00e8res de C\u00f4te d\u2019Ivoire prend part \u00e0 la 8\u1d49 \u00e9dition du Forum sur la Coop\u00e9ration ...\",\"breadcrumb\":{\"@id\":\"https:\/\/www.africa-press.net\/cotedivoire\/economie\/cooperation-sino-africaine-depuis-dakar-kandia-evoque-les-prets-concessionnels-a-letude-dont-lautoroute-dabou-san-pedro-le-projet-de-la-douane-intelligente#breadcrumb\"},\"inLanguage\":\"fr-FR\",\"potentialAction\":[{\"@type\":\"ReadAction\",\"target\":[\"https:\/\/www.africa-press.net\/cotedivoire\/economie\/cooperation-sino-africaine-depuis-dakar-kandia-evoque-les-prets-concessionnels-a-letude-dont-lautoroute-dabou-san-pedro-le-projet-de-la-douane-intelligente\"]}]},{\"@type\":\"ImageObject\",\"inLanguage\":\"fr-FR\",\"@id\":\"https:\/\/www.africa-press.net\/cotedivoire\/economie\/cooperation-sino-africaine-depuis-dakar-kandia-evoque-les-prets-concessionnels-a-letude-dont-lautoroute-dabou-san-pedro-le-projet-de-la-douane-intelligente#primaryimage\",\"url\":\"https:\/\/static.africa-press.net\/cote\/sites\/43\/2021\/12\/img-61a7b4be13367.jpg\",\"contentUrl\":\"https:\/\/static.africa-press.net\/cote\/sites\/43\/2021\/12\/img-61a7b4be13367.jpg\",\"width\":720,\"height\":548,\"caption\":\"Coop\u00e9ration Sino africaine, depuis Dakar, Kandia \u00e9voque les pr\u00eats concessionnels \u00e0 l'\u00e9tude dont l'autoroute Dabou-San-Pedro, le projet de la Douane intelligente\"},{\"@type\":\"BreadcrumbList\",\"@id\":\"https:\/\/www.africa-press.net\/cotedivoire\/economie\/cooperation-sino-africaine-depuis-dakar-kandia-evoque-les-prets-concessionnels-a-letude-dont-lautoroute-dabou-san-pedro-le-projet-de-la-douane-intelligente#breadcrumb\",\"itemListElement\":[{\"@type\":\"ListItem\",\"position\":1,\"name\":\"Accueil\",\"item\":\"https:\/\/www.africa-press.net\/cotedivoire\/\"},{\"@type\":\"ListItem\",\"position\":2,\"name\":\"Coop\u00e9ration Sino africaine, depuis Dakar, Kandia \u00e9voque les pr\u00eats concessionnels \u00e0 l&#8217;\u00e9tude dont l&#8217;autoroute Dabou-San-Pedro, le projet de la Douane intelligente\"}]},{\"@type\":\"WebSite\",\"@id\":\"https:\/\/www.africa-press.net\/cotedivoire\/#website\",\"url\":\"https:\/\/www.africa-press.net\/cotedivoire\/\",\"name\":\"C\u00f4te d&#039;Ivoire\",\"description\":\"Just another Africa News Agency Sites site\",\"potentialAction\":[{\"@type\":\"SearchAction\",\"target\":{\"@type\":\"EntryPoint\",\"urlTemplate\":\"https:\/\/www.africa-press.net\/cotedivoire\/?s={search_term_string}\"},\"query-input\":{\"@type\":\"PropertyValueSpecification\",\"valueRequired\":true,\"valueName\":\"search_term_string\"}}],\"inLanguage\":\"fr-FR\"},{\"@type\":\"Person\",\"@id\":\"https:\/\/www.africa-press.net\/cotedivoire\/#\/schema\/person\/2b1cf3cd81a31e3cd26889ca66d677f1\",\"name\":\"cfeditorfr\"}]}<\/script>\n<!-- \/ Yoast SEO Premium plugin. -->","yoast_head_json":{"title":"Coop\u00e9ration Sino africaine, depuis Dakar, Kandia \u00e9voque les pr\u00eats concessionnels \u00e0 l'\u00e9tude dont l'autoroute Dabou-San-Pedro, le projet de la Douane intelligente - C\u00f4te d&#039;Ivoire","description":"Kandia Camara, ministre des Affaires Etrang\u00e8res de C\u00f4te d\u2019Ivoire prend part \u00e0 la 8\u1d49 \u00e9dition du Forum sur la Coop\u00e9ration ...","robots":{"index":"index","follow":"follow","max-snippet":"max-snippet:-1","max-image-preview":"max-image-preview:large","max-video-preview":"max-video-preview:-1"},"canonical":"https:\/\/www.africa-press.net\/cotedivoire\/economie\/cooperation-sino-africaine-depuis-dakar-kandia-evoque-les-prets-concessionnels-a-letude-dont-lautoroute-dabou-san-pedro-le-projet-de-la-douane-intelligente","og_locale":"fr_FR","og_type":"article","og_title":"Coop\u00e9ration Sino africaine, depuis Dakar, Kandia \u00e9voque les pr\u00eats concessionnels \u00e0 l'\u00e9tude dont l'autoroute Dabou-San-Pedro, le projet de la Douane intelligente","og_description":"Kandia Camara, ministre des Affaires Etrang\u00e8res de C\u00f4te d\u2019Ivoire prend part \u00e0 la 8\u1d49 \u00e9dition du Forum sur la Coop\u00e9ration ...","og_url":"https:\/\/www.africa-press.net\/cotedivoire\/economie\/cooperation-sino-africaine-depuis-dakar-kandia-evoque-les-prets-concessionnels-a-letude-dont-lautoroute-dabou-san-pedro-le-projet-de-la-douane-intelligente","og_site_name":"C\u00f4te d&#039;Ivoire","article_published_time":"2021-12-01T20:17:56+00:00","og_image":[{"width":720,"height":548,"url":"https:\/\/static.africa-press.net\/cote\/sites\/43\/2021\/12\/img-61a7b4be13367.jpg","type":"image\/jpeg"}],"author":"cfeditorfr","twitter_card":"summary_large_image","twitter_misc":{"\u00c9crit par":"cfeditorfr","Dur\u00e9e de lecture estim\u00e9e":"3 minutes"},"schema":{"@context":"https:\/\/schema.org","@graph":[{"@type":"Article","@id":"https:\/\/www.africa-press.net\/cotedivoire\/economie\/cooperation-sino-africaine-depuis-dakar-kandia-evoque-les-prets-concessionnels-a-letude-dont-lautoroute-dabou-san-pedro-le-projet-de-la-douane-intelligente#article","isPartOf":{"@id":"https:\/\/www.africa-press.net\/cotedivoire\/economie\/cooperation-sino-africaine-depuis-dakar-kandia-evoque-les-prets-concessionnels-a-letude-dont-lautoroute-dabou-san-pedro-le-projet-de-la-douane-intelligente"},"author":{"name":"cfeditorfr","@id":"https:\/\/www.africa-press.net\/cotedivoire\/#\/schema\/person\/2b1cf3cd81a31e3cd26889ca66d677f1"},"headline":"Coop\u00e9ration Sino africaine, depuis Dakar, Kandia \u00e9voque les pr\u00eats concessionnels \u00e0 l&rsquo;\u00e9tude dont l&rsquo;autoroute Dabou-San-Pedro, le projet de la Douane intelligente","datePublished":"2021-12-01T20:17:56+00:00","mainEntityOfPage":{"@id":"https:\/\/www.africa-press.net\/cotedivoire\/economie\/cooperation-sino-africaine-depuis-dakar-kandia-evoque-les-prets-concessionnels-a-letude-dont-lautoroute-dabou-san-pedro-le-projet-de-la-douane-intelligente"},"wordCount":720,"commentCount":0,"image":{"@id":"https:\/\/www.africa-press.net\/cotedivoire\/economie\/cooperation-sino-africaine-depuis-dakar-kandia-evoque-les-prets-concessionnels-a-letude-dont-lautoroute-dabou-san-pedro-le-projet-de-la-douane-intelligente#primaryimage"},"thumbnailUrl":"https:\/\/static.africa-press.net\/cote\/sites\/43\/2021\/12\/img-61a7b4be13367.jpg","keywords":["Africa Press","Africa Press-C\u00f4te d'Ivoire","Coop\u00e9ration","C\u00d4TE D'IVOIRE","investissements","Kandia Camara","Sino-Africaine"],"articleSection":["\u00c9conomie","homepage-french","Toutes les actualit\u00e9s"],"inLanguage":"fr-FR","potentialAction":[{"@type":"CommentAction","name":"Comment","target":["https:\/\/www.africa-press.net\/cotedivoire\/economie\/cooperation-sino-africaine-depuis-dakar-kandia-evoque-les-prets-concessionnels-a-letude-dont-lautoroute-dabou-san-pedro-le-projet-de-la-douane-intelligente#respond"]}]},{"@type":"WebPage","@id":"https:\/\/www.africa-press.net\/cotedivoire\/economie\/cooperation-sino-africaine-depuis-dakar-kandia-evoque-les-prets-concessionnels-a-letude-dont-lautoroute-dabou-san-pedro-le-projet-de-la-douane-intelligente","url":"https:\/\/www.africa-press.net\/cotedivoire\/economie\/cooperation-sino-africaine-depuis-dakar-kandia-evoque-les-prets-concessionnels-a-letude-dont-lautoroute-dabou-san-pedro-le-projet-de-la-douane-intelligente","name":"Coop\u00e9ration Sino africaine, depuis Dakar, Kandia \u00e9voque les pr\u00eats concessionnels \u00e0 l'\u00e9tude dont l'autoroute Dabou-San-Pedro, le projet de la Douane intelligente - C\u00f4te d&#039;Ivoire","isPartOf":{"@id":"https:\/\/www.africa-press.net\/cotedivoire\/#website"},"primaryImageOfPage":{"@id":"https:\/\/www.africa-press.net\/cotedivoire\/economie\/cooperation-sino-africaine-depuis-dakar-kandia-evoque-les-prets-concessionnels-a-letude-dont-lautoroute-dabou-san-pedro-le-projet-de-la-douane-intelligente#primaryimage"},"image":{"@id":"https:\/\/www.africa-press.net\/cotedivoire\/economie\/cooperation-sino-africaine-depuis-dakar-kandia-evoque-les-prets-concessionnels-a-letude-dont-lautoroute-dabou-san-pedro-le-projet-de-la-douane-intelligente#primaryimage"},"thumbnailUrl":"https:\/\/static.africa-press.net\/cote\/sites\/43\/2021\/12\/img-61a7b4be13367.jpg","datePublished":"2021-12-01T20:17:56+00:00","author":{"@id":"https:\/\/www.africa-press.net\/cotedivoire\/#\/schema\/person\/2b1cf3cd81a31e3cd26889ca66d677f1"},"description":"Kandia Camara, ministre des Affaires Etrang\u00e8res de C\u00f4te d\u2019Ivoire prend part \u00e0 la 8\u1d49 \u00e9dition du Forum sur la Coop\u00e9ration ...","breadcrumb":{"@id":"https:\/\/www.africa-press.net\/cotedivoire\/economie\/cooperation-sino-africaine-depuis-dakar-kandia-evoque-les-prets-concessionnels-a-letude-dont-lautoroute-dabou-san-pedro-le-projet-de-la-douane-intelligente#breadcrumb"},"inLanguage":"fr-FR","potentialAction":[{"@type":"ReadAction","target":["https:\/\/www.africa-press.net\/cotedivoire\/economie\/cooperation-sino-africaine-depuis-dakar-kandia-evoque-les-prets-concessionnels-a-letude-dont-lautoroute-dabou-san-pedro-le-projet-de-la-douane-intelligente"]}]},{"@type":"ImageObject","inLanguage":"fr-FR","@id":"https:\/\/www.africa-press.net\/cotedivoire\/economie\/cooperation-sino-africaine-depuis-dakar-kandia-evoque-les-prets-concessionnels-a-letude-dont-lautoroute-dabou-san-pedro-le-projet-de-la-douane-intelligente#primaryimage","url":"https:\/\/static.africa-press.net\/cote\/sites\/43\/2021\/12\/img-61a7b4be13367.jpg","contentUrl":"https:\/\/static.africa-press.net\/cote\/sites\/43\/2021\/12\/img-61a7b4be13367.jpg","width":720,"height":548,"caption":"Coop\u00e9ration Sino africaine, depuis Dakar, Kandia \u00e9voque les pr\u00eats concessionnels \u00e0 l'\u00e9tude dont l'autoroute Dabou-San-Pedro, le projet de la Douane intelligente"},{"@type":"BreadcrumbList","@id":"https:\/\/www.africa-press.net\/cotedivoire\/economie\/cooperation-sino-africaine-depuis-dakar-kandia-evoque-les-prets-concessionnels-a-letude-dont-lautoroute-dabou-san-pedro-le-projet-de-la-douane-intelligente#breadcrumb","itemListElement":[{"@type":"ListItem","position":1,"name":"Accueil","item":"https:\/\/www.africa-press.net\/cotedivoire\/"},{"@type":"ListItem","position":2,"name":"Coop\u00e9ration Sino africaine, depuis Dakar, Kandia \u00e9voque les pr\u00eats concessionnels \u00e0 l&#8217;\u00e9tude dont l&#8217;autoroute Dabou-San-Pedro, le projet de la Douane intelligente"}]},{"@type":"WebSite","@id":"https:\/\/www.africa-press.net\/cotedivoire\/#website","url":"https:\/\/www.africa-press.net\/cotedivoire\/","name":"C\u00f4te d&#039;Ivoire","description":"Just another Africa News Agency Sites site","potentialAction":[{"@type":"SearchAction","target":{"@type":"EntryPoint","urlTemplate":"https:\/\/www.africa-press.net\/cotedivoire\/?s={search_term_string}"},"query-input":{"@type":"PropertyValueSpecification","valueRequired":true,"valueName":"search_term_string"}}],"inLanguage":"fr-FR"},{"@type":"Person","@id":"https:\/\/www.africa-press.net\/cotedivoire\/#\/schema\/person\/2b1cf3cd81a31e3cd26889ca66d677f1","name":"cfeditorfr"}]}},"_links":{"self":[{"href":"https:\/\/www.africa-press.net\/cotedivoire\/wp-json\/wp\/v2\/posts\/21871","targetHints":{"allow":["GET"]}}],"collection":[{"href":"https:\/\/www.africa-press.net\/cotedivoire\/wp-json\/wp\/v2\/posts"}],"about":[{"href":"https:\/\/www.africa-press.net\/cotedivoire\/wp-json\/wp\/v2\/types\/post"}],"author":[{"embeddable":true,"href":"https:\/\/www.africa-press.net\/cotedivoire\/wp-json\/wp\/v2\/users\/82"}],"replies":[{"embeddable":true,"href":"https:\/\/www.africa-press.net\/cotedivoire\/wp-json\/wp\/v2\/comments?post=21871"}],"version-history":[{"count":0,"href":"https:\/\/www.africa-press.net\/cotedivoire\/wp-json\/wp\/v2\/posts\/21871\/revisions"}],"wp:featuredmedia":[{"embeddable":true,"href":"https:\/\/www.africa-press.net\/cotedivoire\/wp-json\/wp\/v2\/media\/21870"}],"wp:attachment":[{"href":"https:\/\/www.africa-press.net\/cotedivoire\/wp-json\/wp\/v2\/media?parent=21871"}],"wp:term":[{"taxonomy":"category","embeddable":true,"href":"https:\/\/www.africa-press.net\/cotedivoire\/wp-json\/wp\/v2\/categories?post=21871"},{"taxonomy":"post_tag","embeddable":true,"href":"https:\/\/www.africa-press.net\/cotedivoire\/wp-json\/wp\/v2\/tags?post=21871"}],"curies":[{"name":"wp","href":"https:\/\/api.w.org\/{rel}","templated":true}]}}