{"id":21956,"date":"2021-12-02T19:35:18","date_gmt":"2021-12-02T19:35:18","guid":{"rendered":"https:\/\/www.africa-press.net\/cotedivoire\/?p=21956"},"modified":"2021-12-02T18:04:00","modified_gmt":"2021-12-02T18:04:00","slug":"apres-la-restructuration-operee-au-sein-du-pdci-par-bedie-maurice-kakou-guikahue-sur-le-declin","status":"publish","type":"post","link":"https:\/\/www.africa-press.net\/cotedivoire\/politique\/apres-la-restructuration-operee-au-sein-du-pdci-par-bedie-maurice-kakou-guikahue-sur-le-declin","title":{"rendered":"Apr\u00e8s la restructuration  op\u00e9r\u00e9e  au sein du PDCI par B\u00e9di\u00e9,  Maurice Kakou Guikahu\u00e9 sur le d\u00e9clin ?"},"content":{"rendered":"<p><span style=\"color: #ff6600\"><strong>Africa-Press &#8211; C\u00f4te d&rsquo;Ivoire. <\/strong><\/span><b>Guikahu\u00e9 et B\u00e9di\u00e9 serait en d\u00e9saccord<\/b><\/p>\n<p>Quel sort au PDCI-RDA pour Maurice Kakou Guikahu\u00e9 apr\u00e8s la restructuration du parti op\u00e9r\u00e9e par Henri Konan B\u00e9di\u00e9 ?<\/p>\n<p>Le constat fait dans la r\u00e9organisation du plus vieux mouvement politique du pays par l\u2019ancien chef de \u2018l\u2019Etat ivoirien (1993-1999) est que le d\u00e9put\u00e9 de Gagnoa sous-pr\u00e9fectures est que jamais isol\u00e9 et marginalis\u00e9, m\u00eame si, il est encore \u00e0 ce jour Secr\u00e9taire Ex\u00e9cutif du parti.<\/p>\n<p>Selon certaines informations relay\u00e9es par des m\u00e9dias proches du PDCI, l\u2019ancien Ministre de la Sant\u00e9, pourrait se voir offrir le poste de vice-pr\u00e9sident ce qui signifierait, qu\u2019il est rang\u00e9 au \u00ab placard \u00bb et surtout sa \u00ab mort \u00bb politique.<\/p>\n<p>\u00c0 en croire certaines sources, le d\u00e9samour \u00bb entre le sphinx de Daoukro et son num\u00e9ro deux, serait \u00e0 l\u2019origine du report sine die de la c\u00e9r\u00e9monie officielle d\u2019installation du nouveau Secr\u00e9tariat Ex\u00e9cutif, qui \u00e9tait pr\u00e9vue pour le mardi 30 novembre 2021, sans aucune explication officielle.<\/p>\n<p>Nous apprenons que, les deux hommes se sont parl\u00e9 \u00e0 maintes reprises pour aplanir leurs diff\u00e9rends, mais les \u00e9v\u00e8nements des derniers jours, confortent les observateurs de la vie politique ivoirienne que le feu couve au sein de la maison du parti de Cocody.<\/p>\n<p>Maurice Kakou Guikahu\u00e9 va-t-il conna\u00eetre le m\u00eame sort que Laurent Dona Fologo, Alphonse Dj\u00e9dj\u00e9 Mady, tous des ex-num\u00e9ros deux du PDCI-RDA et collaborateurs proches de B\u00e9di\u00e9 ? Les jours \u00e0 venir nous situeront&#8230;<\/p>\n<p>Donatien Kautcha, Abidjan<\/p>\n<p><strong>Pour plus d&rsquo;informations et d&rsquo;analyses sur la <a href=\"https:\/\/www.africa-press.net\/cotedivoire\">C\u00f4te d&rsquo;Ivoire<\/a>, suivez <a href=\"https:\/\/www.africa-press.net\/\">Africa-Press<\/a><\/strong><\/p>\n","protected":false},"excerpt":{"rendered":"<p>Africa-Press &#8211; C\u00f4te d&rsquo;Ivoire. Guikahu\u00e9 et B\u00e9di\u00e9 serait en d\u00e9saccord Quel sort au PDCI-RDA pour Maurice Kakou Guikahu\u00e9 apr\u00e8s la restructuration du parti op\u00e9r\u00e9e par Henri Konan B\u00e9di\u00e9 ? Le constat fait dans la r\u00e9organisation du plus vieux mouvement politique du pays par l\u2019ancien chef de \u2018l\u2019Etat ivoirien (1993-1999) est que le d\u00e9put\u00e9 de Gagnoa [&hellip;]<\/p>\n","protected":false},"author":82,"featured_media":21955,"comment_status":"open","ping_status":"closed","sticky":false,"template":"","format":"standard","meta":{"footnotes":""},"categories":[11,2,10],"tags":[56,63,29,3087,3088,2248,408,423],"class_list":["post-21956","post","type-post","status-publish","format-standard","has-post-thumbnail","hentry","category-homepage-french","category-politique","category-toutes-les-actualites","tag-africa-press","tag-africa-press-cote-divoire","tag-cote-divoire","tag-djedje-mady","tag-fologo","tag-kakou-guikahue","tag-konan-bedie","tag-pdci"],"yoast_head":"<!-- This site is optimized with the Yoast SEO Premium plugin v26.1 (Yoast SEO v27.0) - https:\/\/yoast.com\/product\/yoast-seo-premium-wordpress\/ -->\n<title>Apr\u00e8s la restructuration op\u00e9r\u00e9e au sein du PDCI par B\u00e9di\u00e9, Maurice Kakou Guikahu\u00e9 sur le d\u00e9clin ? - C\u00f4te d&#039;Ivoire<\/title>\n<meta name=\"description\" content=\"Guikahu\u00e9 et B\u00e9di\u00e9 serait en d\u00e9saccord Quel sort au PDCI-RDA pour Maurice Kakou Guikahu\u00e9 apr\u00e8s la restructuration ...\" \/>\n<meta name=\"robots\" content=\"index, follow, max-snippet:-1, max-image-preview:large, max-video-preview:-1\" \/>\n<link rel=\"canonical\" href=\"https:\/\/www.africa-press.net\/cotedivoire\/politique\/apres-la-restructuration-operee-au-sein-du-pdci-par-bedie-maurice-kakou-guikahue-sur-le-declin\" \/>\n<meta property=\"og:locale\" content=\"fr_FR\" \/>\n<meta property=\"og:type\" content=\"article\" \/>\n<meta property=\"og:title\" content=\"Apr\u00e8s la restructuration op\u00e9r\u00e9e au sein du PDCI par B\u00e9di\u00e9, Maurice Kakou Guikahu\u00e9 sur le d\u00e9clin ?\" \/>\n<meta property=\"og:description\" content=\"Guikahu\u00e9 et B\u00e9di\u00e9 serait en d\u00e9saccord Quel sort au PDCI-RDA pour Maurice Kakou Guikahu\u00e9 apr\u00e8s la restructuration ...\" \/>\n<meta property=\"og:url\" content=\"https:\/\/www.africa-press.net\/cotedivoire\/politique\/apres-la-restructuration-operee-au-sein-du-pdci-par-bedie-maurice-kakou-guikahue-sur-le-declin\" \/>\n<meta property=\"og:site_name\" content=\"C\u00f4te d&#039;Ivoire\" \/>\n<meta property=\"article:published_time\" content=\"2021-12-02T19:35:18+00:00\" \/>\n<meta property=\"og:image\" content=\"https:\/\/static.africa-press.net\/cote\/sites\/43\/2021\/12\/img-61a90a4df2ade.jpg\" \/>\n\t<meta property=\"og:image:width\" content=\"720\" \/>\n\t<meta property=\"og:image:height\" content=\"354\" \/>\n\t<meta property=\"og:image:type\" content=\"image\/jpeg\" \/>\n<meta name=\"author\" content=\"cfeditorfr\" \/>\n<meta name=\"twitter:card\" content=\"summary_large_image\" \/>\n<meta name=\"twitter:label1\" content=\"\u00c9crit par\" \/>\n\t<meta name=\"twitter:data1\" content=\"cfeditorfr\" \/>\n\t<meta name=\"twitter:label2\" content=\"Dur\u00e9e de lecture estim\u00e9e\" \/>\n\t<meta name=\"twitter:data2\" content=\"1 minute\" \/>\n<script type=\"application\/ld+json\" class=\"yoast-schema-graph\">{\"@context\":\"https:\/\/schema.org\",\"@graph\":[{\"@type\":\"Article\",\"@id\":\"https:\/\/www.africa-press.net\/cotedivoire\/politique\/apres-la-restructuration-operee-au-sein-du-pdci-par-bedie-maurice-kakou-guikahue-sur-le-declin#article\",\"isPartOf\":{\"@id\":\"https:\/\/www.africa-press.net\/cotedivoire\/politique\/apres-la-restructuration-operee-au-sein-du-pdci-par-bedie-maurice-kakou-guikahue-sur-le-declin\"},\"author\":{\"name\":\"cfeditorfr\",\"@id\":\"https:\/\/www.africa-press.net\/cotedivoire\/#\/schema\/person\/2b1cf3cd81a31e3cd26889ca66d677f1\"},\"headline\":\"Apr\u00e8s la restructuration op\u00e9r\u00e9e au sein du PDCI par B\u00e9di\u00e9, Maurice Kakou Guikahu\u00e9 sur le d\u00e9clin ?\",\"datePublished\":\"2021-12-02T19:35:18+00:00\",\"mainEntityOfPage\":{\"@id\":\"https:\/\/www.africa-press.net\/cotedivoire\/politique\/apres-la-restructuration-operee-au-sein-du-pdci-par-bedie-maurice-kakou-guikahue-sur-le-declin\"},\"wordCount\":298,\"commentCount\":0,\"image\":{\"@id\":\"https:\/\/www.africa-press.net\/cotedivoire\/politique\/apres-la-restructuration-operee-au-sein-du-pdci-par-bedie-maurice-kakou-guikahue-sur-le-declin#primaryimage\"},\"thumbnailUrl\":\"https:\/\/static.africa-press.net\/cote\/sites\/43\/2021\/12\/img-61a90a4df2ade.jpg\",\"keywords\":[\"Africa Press\",\"Africa Press-C\u00f4te d'Ivoire\",\"C\u00d4TE D'IVOIRE\",\"Dj\u00e9dj\u00e9 Mady\",\"Fologo\",\"Kakou Guikahu\u00e9\",\"Konan B\u00e9di\u00e9\",\"Pdci\"],\"articleSection\":[\"homepage-french\",\"Politique\",\"Toutes les actualit\u00e9s\"],\"inLanguage\":\"fr-FR\",\"potentialAction\":[{\"@type\":\"CommentAction\",\"name\":\"Comment\",\"target\":[\"https:\/\/www.africa-press.net\/cotedivoire\/politique\/apres-la-restructuration-operee-au-sein-du-pdci-par-bedie-maurice-kakou-guikahue-sur-le-declin#respond\"]}]},{\"@type\":\"WebPage\",\"@id\":\"https:\/\/www.africa-press.net\/cotedivoire\/politique\/apres-la-restructuration-operee-au-sein-du-pdci-par-bedie-maurice-kakou-guikahue-sur-le-declin\",\"url\":\"https:\/\/www.africa-press.net\/cotedivoire\/politique\/apres-la-restructuration-operee-au-sein-du-pdci-par-bedie-maurice-kakou-guikahue-sur-le-declin\",\"name\":\"Apr\u00e8s la restructuration op\u00e9r\u00e9e au sein du PDCI par B\u00e9di\u00e9, Maurice Kakou Guikahu\u00e9 sur le d\u00e9clin ? - C\u00f4te d&#039;Ivoire\",\"isPartOf\":{\"@id\":\"https:\/\/www.africa-press.net\/cotedivoire\/#website\"},\"primaryImageOfPage\":{\"@id\":\"https:\/\/www.africa-press.net\/cotedivoire\/politique\/apres-la-restructuration-operee-au-sein-du-pdci-par-bedie-maurice-kakou-guikahue-sur-le-declin#primaryimage\"},\"image\":{\"@id\":\"https:\/\/www.africa-press.net\/cotedivoire\/politique\/apres-la-restructuration-operee-au-sein-du-pdci-par-bedie-maurice-kakou-guikahue-sur-le-declin#primaryimage\"},\"thumbnailUrl\":\"https:\/\/static.africa-press.net\/cote\/sites\/43\/2021\/12\/img-61a90a4df2ade.jpg\",\"datePublished\":\"2021-12-02T19:35:18+00:00\",\"author\":{\"@id\":\"https:\/\/www.africa-press.net\/cotedivoire\/#\/schema\/person\/2b1cf3cd81a31e3cd26889ca66d677f1\"},\"description\":\"Guikahu\u00e9 et B\u00e9di\u00e9 serait en d\u00e9saccord Quel sort au PDCI-RDA pour Maurice Kakou Guikahu\u00e9 apr\u00e8s la restructuration ...\",\"breadcrumb\":{\"@id\":\"https:\/\/www.africa-press.net\/cotedivoire\/politique\/apres-la-restructuration-operee-au-sein-du-pdci-par-bedie-maurice-kakou-guikahue-sur-le-declin#breadcrumb\"},\"inLanguage\":\"fr-FR\",\"potentialAction\":[{\"@type\":\"ReadAction\",\"target\":[\"https:\/\/www.africa-press.net\/cotedivoire\/politique\/apres-la-restructuration-operee-au-sein-du-pdci-par-bedie-maurice-kakou-guikahue-sur-le-declin\"]}]},{\"@type\":\"ImageObject\",\"inLanguage\":\"fr-FR\",\"@id\":\"https:\/\/www.africa-press.net\/cotedivoire\/politique\/apres-la-restructuration-operee-au-sein-du-pdci-par-bedie-maurice-kakou-guikahue-sur-le-declin#primaryimage\",\"url\":\"https:\/\/static.africa-press.net\/cote\/sites\/43\/2021\/12\/img-61a90a4df2ade.jpg\",\"contentUrl\":\"https:\/\/static.africa-press.net\/cote\/sites\/43\/2021\/12\/img-61a90a4df2ade.jpg\",\"width\":720,\"height\":354,\"caption\":\"Apr\u00e8s la restructuration op\u00e9r\u00e9e au sein du PDCI par B\u00e9di\u00e9, Maurice Kakou Guikahu\u00e9 sur le d\u00e9clin ?\"},{\"@type\":\"BreadcrumbList\",\"@id\":\"https:\/\/www.africa-press.net\/cotedivoire\/politique\/apres-la-restructuration-operee-au-sein-du-pdci-par-bedie-maurice-kakou-guikahue-sur-le-declin#breadcrumb\",\"itemListElement\":[{\"@type\":\"ListItem\",\"position\":1,\"name\":\"Accueil\",\"item\":\"https:\/\/www.africa-press.net\/cotedivoire\/\"},{\"@type\":\"ListItem\",\"position\":2,\"name\":\"Apr\u00e8s la restructuration op\u00e9r\u00e9e au sein du PDCI par B\u00e9di\u00e9, Maurice Kakou Guikahu\u00e9 sur le d\u00e9clin ?\"}]},{\"@type\":\"WebSite\",\"@id\":\"https:\/\/www.africa-press.net\/cotedivoire\/#website\",\"url\":\"https:\/\/www.africa-press.net\/cotedivoire\/\",\"name\":\"C\u00f4te d&#039;Ivoire\",\"description\":\"Just another Africa News Agency Sites site\",\"potentialAction\":[{\"@type\":\"SearchAction\",\"target\":{\"@type\":\"EntryPoint\",\"urlTemplate\":\"https:\/\/www.africa-press.net\/cotedivoire\/?s={search_term_string}\"},\"query-input\":{\"@type\":\"PropertyValueSpecification\",\"valueRequired\":true,\"valueName\":\"search_term_string\"}}],\"inLanguage\":\"fr-FR\"},{\"@type\":\"Person\",\"@id\":\"https:\/\/www.africa-press.net\/cotedivoire\/#\/schema\/person\/2b1cf3cd81a31e3cd26889ca66d677f1\",\"name\":\"cfeditorfr\"}]}<\/script>\n<!-- \/ Yoast SEO Premium plugin. -->","yoast_head_json":{"title":"Apr\u00e8s la restructuration op\u00e9r\u00e9e au sein du PDCI par B\u00e9di\u00e9, Maurice Kakou Guikahu\u00e9 sur le d\u00e9clin ? - C\u00f4te d&#039;Ivoire","description":"Guikahu\u00e9 et B\u00e9di\u00e9 serait en d\u00e9saccord Quel sort au PDCI-RDA pour Maurice Kakou Guikahu\u00e9 apr\u00e8s la restructuration ...","robots":{"index":"index","follow":"follow","max-snippet":"max-snippet:-1","max-image-preview":"max-image-preview:large","max-video-preview":"max-video-preview:-1"},"canonical":"https:\/\/www.africa-press.net\/cotedivoire\/politique\/apres-la-restructuration-operee-au-sein-du-pdci-par-bedie-maurice-kakou-guikahue-sur-le-declin","og_locale":"fr_FR","og_type":"article","og_title":"Apr\u00e8s la restructuration op\u00e9r\u00e9e au sein du PDCI par B\u00e9di\u00e9, Maurice Kakou Guikahu\u00e9 sur le d\u00e9clin ?","og_description":"Guikahu\u00e9 et B\u00e9di\u00e9 serait en d\u00e9saccord Quel sort au PDCI-RDA pour Maurice Kakou Guikahu\u00e9 apr\u00e8s la restructuration ...","og_url":"https:\/\/www.africa-press.net\/cotedivoire\/politique\/apres-la-restructuration-operee-au-sein-du-pdci-par-bedie-maurice-kakou-guikahue-sur-le-declin","og_site_name":"C\u00f4te d&#039;Ivoire","article_published_time":"2021-12-02T19:35:18+00:00","og_image":[{"width":720,"height":354,"url":"https:\/\/static.africa-press.net\/cote\/sites\/43\/2021\/12\/img-61a90a4df2ade.jpg","type":"image\/jpeg"}],"author":"cfeditorfr","twitter_card":"summary_large_image","twitter_misc":{"\u00c9crit par":"cfeditorfr","Dur\u00e9e de lecture estim\u00e9e":"1 minute"},"schema":{"@context":"https:\/\/schema.org","@graph":[{"@type":"Article","@id":"https:\/\/www.africa-press.net\/cotedivoire\/politique\/apres-la-restructuration-operee-au-sein-du-pdci-par-bedie-maurice-kakou-guikahue-sur-le-declin#article","isPartOf":{"@id":"https:\/\/www.africa-press.net\/cotedivoire\/politique\/apres-la-restructuration-operee-au-sein-du-pdci-par-bedie-maurice-kakou-guikahue-sur-le-declin"},"author":{"name":"cfeditorfr","@id":"https:\/\/www.africa-press.net\/cotedivoire\/#\/schema\/person\/2b1cf3cd81a31e3cd26889ca66d677f1"},"headline":"Apr\u00e8s la restructuration op\u00e9r\u00e9e au sein du PDCI par B\u00e9di\u00e9, Maurice Kakou Guikahu\u00e9 sur le d\u00e9clin ?","datePublished":"2021-12-02T19:35:18+00:00","mainEntityOfPage":{"@id":"https:\/\/www.africa-press.net\/cotedivoire\/politique\/apres-la-restructuration-operee-au-sein-du-pdci-par-bedie-maurice-kakou-guikahue-sur-le-declin"},"wordCount":298,"commentCount":0,"image":{"@id":"https:\/\/www.africa-press.net\/cotedivoire\/politique\/apres-la-restructuration-operee-au-sein-du-pdci-par-bedie-maurice-kakou-guikahue-sur-le-declin#primaryimage"},"thumbnailUrl":"https:\/\/static.africa-press.net\/cote\/sites\/43\/2021\/12\/img-61a90a4df2ade.jpg","keywords":["Africa Press","Africa Press-C\u00f4te d'Ivoire","C\u00d4TE D'IVOIRE","Dj\u00e9dj\u00e9 Mady","Fologo","Kakou Guikahu\u00e9","Konan B\u00e9di\u00e9","Pdci"],"articleSection":["homepage-french","Politique","Toutes les actualit\u00e9s"],"inLanguage":"fr-FR","potentialAction":[{"@type":"CommentAction","name":"Comment","target":["https:\/\/www.africa-press.net\/cotedivoire\/politique\/apres-la-restructuration-operee-au-sein-du-pdci-par-bedie-maurice-kakou-guikahue-sur-le-declin#respond"]}]},{"@type":"WebPage","@id":"https:\/\/www.africa-press.net\/cotedivoire\/politique\/apres-la-restructuration-operee-au-sein-du-pdci-par-bedie-maurice-kakou-guikahue-sur-le-declin","url":"https:\/\/www.africa-press.net\/cotedivoire\/politique\/apres-la-restructuration-operee-au-sein-du-pdci-par-bedie-maurice-kakou-guikahue-sur-le-declin","name":"Apr\u00e8s la restructuration op\u00e9r\u00e9e au sein du PDCI par B\u00e9di\u00e9, Maurice Kakou Guikahu\u00e9 sur le d\u00e9clin ? - C\u00f4te d&#039;Ivoire","isPartOf":{"@id":"https:\/\/www.africa-press.net\/cotedivoire\/#website"},"primaryImageOfPage":{"@id":"https:\/\/www.africa-press.net\/cotedivoire\/politique\/apres-la-restructuration-operee-au-sein-du-pdci-par-bedie-maurice-kakou-guikahue-sur-le-declin#primaryimage"},"image":{"@id":"https:\/\/www.africa-press.net\/cotedivoire\/politique\/apres-la-restructuration-operee-au-sein-du-pdci-par-bedie-maurice-kakou-guikahue-sur-le-declin#primaryimage"},"thumbnailUrl":"https:\/\/static.africa-press.net\/cote\/sites\/43\/2021\/12\/img-61a90a4df2ade.jpg","datePublished":"2021-12-02T19:35:18+00:00","author":{"@id":"https:\/\/www.africa-press.net\/cotedivoire\/#\/schema\/person\/2b1cf3cd81a31e3cd26889ca66d677f1"},"description":"Guikahu\u00e9 et B\u00e9di\u00e9 serait en d\u00e9saccord Quel sort au PDCI-RDA pour Maurice Kakou Guikahu\u00e9 apr\u00e8s la restructuration ...","breadcrumb":{"@id":"https:\/\/www.africa-press.net\/cotedivoire\/politique\/apres-la-restructuration-operee-au-sein-du-pdci-par-bedie-maurice-kakou-guikahue-sur-le-declin#breadcrumb"},"inLanguage":"fr-FR","potentialAction":[{"@type":"ReadAction","target":["https:\/\/www.africa-press.net\/cotedivoire\/politique\/apres-la-restructuration-operee-au-sein-du-pdci-par-bedie-maurice-kakou-guikahue-sur-le-declin"]}]},{"@type":"ImageObject","inLanguage":"fr-FR","@id":"https:\/\/www.africa-press.net\/cotedivoire\/politique\/apres-la-restructuration-operee-au-sein-du-pdci-par-bedie-maurice-kakou-guikahue-sur-le-declin#primaryimage","url":"https:\/\/static.africa-press.net\/cote\/sites\/43\/2021\/12\/img-61a90a4df2ade.jpg","contentUrl":"https:\/\/static.africa-press.net\/cote\/sites\/43\/2021\/12\/img-61a90a4df2ade.jpg","width":720,"height":354,"caption":"Apr\u00e8s la restructuration op\u00e9r\u00e9e au sein du PDCI par B\u00e9di\u00e9, Maurice Kakou Guikahu\u00e9 sur le d\u00e9clin ?"},{"@type":"BreadcrumbList","@id":"https:\/\/www.africa-press.net\/cotedivoire\/politique\/apres-la-restructuration-operee-au-sein-du-pdci-par-bedie-maurice-kakou-guikahue-sur-le-declin#breadcrumb","itemListElement":[{"@type":"ListItem","position":1,"name":"Accueil","item":"https:\/\/www.africa-press.net\/cotedivoire\/"},{"@type":"ListItem","position":2,"name":"Apr\u00e8s la restructuration op\u00e9r\u00e9e au sein du PDCI par B\u00e9di\u00e9, Maurice Kakou Guikahu\u00e9 sur le d\u00e9clin ?"}]},{"@type":"WebSite","@id":"https:\/\/www.africa-press.net\/cotedivoire\/#website","url":"https:\/\/www.africa-press.net\/cotedivoire\/","name":"C\u00f4te d&#039;Ivoire","description":"Just another Africa News Agency Sites site","potentialAction":[{"@type":"SearchAction","target":{"@type":"EntryPoint","urlTemplate":"https:\/\/www.africa-press.net\/cotedivoire\/?s={search_term_string}"},"query-input":{"@type":"PropertyValueSpecification","valueRequired":true,"valueName":"search_term_string"}}],"inLanguage":"fr-FR"},{"@type":"Person","@id":"https:\/\/www.africa-press.net\/cotedivoire\/#\/schema\/person\/2b1cf3cd81a31e3cd26889ca66d677f1","name":"cfeditorfr"}]}},"_links":{"self":[{"href":"https:\/\/www.africa-press.net\/cotedivoire\/wp-json\/wp\/v2\/posts\/21956","targetHints":{"allow":["GET"]}}],"collection":[{"href":"https:\/\/www.africa-press.net\/cotedivoire\/wp-json\/wp\/v2\/posts"}],"about":[{"href":"https:\/\/www.africa-press.net\/cotedivoire\/wp-json\/wp\/v2\/types\/post"}],"author":[{"embeddable":true,"href":"https:\/\/www.africa-press.net\/cotedivoire\/wp-json\/wp\/v2\/users\/82"}],"replies":[{"embeddable":true,"href":"https:\/\/www.africa-press.net\/cotedivoire\/wp-json\/wp\/v2\/comments?post=21956"}],"version-history":[{"count":0,"href":"https:\/\/www.africa-press.net\/cotedivoire\/wp-json\/wp\/v2\/posts\/21956\/revisions"}],"wp:featuredmedia":[{"embeddable":true,"href":"https:\/\/www.africa-press.net\/cotedivoire\/wp-json\/wp\/v2\/media\/21955"}],"wp:attachment":[{"href":"https:\/\/www.africa-press.net\/cotedivoire\/wp-json\/wp\/v2\/media?parent=21956"}],"wp:term":[{"taxonomy":"category","embeddable":true,"href":"https:\/\/www.africa-press.net\/cotedivoire\/wp-json\/wp\/v2\/categories?post=21956"},{"taxonomy":"post_tag","embeddable":true,"href":"https:\/\/www.africa-press.net\/cotedivoire\/wp-json\/wp\/v2\/tags?post=21956"}],"curies":[{"name":"wp","href":"https:\/\/api.w.org\/{rel}","templated":true}]}}